{"id":306695,"date":"2023-06-11T08:44:36","date_gmt":"2023-06-11T11:44:36","guid":{"rendered":"https:\/\/www.notibras.com\/site\/?p=306695"},"modified":"2023-06-11T08:45:41","modified_gmt":"2023-06-11T11:45:41","slug":"mendigo-com-a-mao-de-deus-da-vida-longa-a-velho","status":"publish","type":"post","link":"https:\/\/www.notibras.com\/site\/mendigo-com-a-mao-de-deus-da-vida-longa-a-velho\/","title":{"rendered":"Mendigo com a m\u00e3o de Deus d\u00e1 vida longa a velho"},"content":{"rendered":"<p>O velho, cheio de dores, levantou mais cedo do que de costume. N\u00e3o que n\u00e3o preferisse continuar na cama entregue aos sonhos, j\u00e1 que os pesadelos que o acompanham nos \u00faltimos tempos eram demais at\u00e9 mesmo para algu\u00e9m que j\u00e1 passava dos 80. No entanto, a insistente dor nas costas n\u00e3o o permitia se manter deitado por mais que algumas horas.<\/p>\n<p>Acordou, olhou para o quarto vazio, o mesmo quarto onde dividira com Beatriz por mais de meio s\u00e9culo. Brigas, logicamente, tiveram, mas n\u00e3o que o velho se recordasse exatamente de alguma. Talvez, uma em que a falecida tenha insistido tanto para que os dois fossem ao batizado do primeiro bisneto. Justamente no mesmo dia em que o Vasco decidia uma final de campeonato.<\/p>\n<p>Foram e, durante a missa, o velho se mostrou extremamente ansioso para que tudo aquilo acabasse rapidamente para, ent\u00e3o, poder voltar para casa. Demorou muito mais que o previsto e, ao retornarem, percebeu v\u00e1rios torcedores com a camisa do Gigante da Colina festejando. Frustra\u00e7\u00e3o por n\u00e3o ter visto o jogo, mas um al\u00edvio pela conquista de mais um t\u00edtulo.<\/p>\n<p>O velho arrastou seu corpo at\u00e9 a cozinha, onde ainda dava para sentir o suave perfume de Beatriz. Respirou aquele aroma e, apesar da l\u00e1grima que escorreu pelo canto do olho, pegou o pote de caf\u00e9, ainda da mesma marca que a esposa apreciava. Ele nem sabia se aquela era a melhor, j\u00e1 que quase nunca havia experimentado outra. Na verdade, n\u00e3o se recordava ou, possivelmente, n\u00e3o queria trair a mem\u00f3ria da sua mulher.<\/p>\n<p>Frustrado, o velho constatou que o caf\u00e9 havia praticamente desaparecido do pote. Nem mesmo uma colherzinha, o que o obrigava a caminhar at\u00e9 o mercado da esquina para comprar mais. Com a roupa amarrotada, os cabelos desgrenhados, tratou apenas de cal\u00e7ar o chinelo e pegar o dinheiro sobre a mesinha de canto.<\/p>\n<p>J\u00e1 na rua, o velho praguejava silenciosamente, enquanto in\u00fameros transeuntes passavam quase esbarrando naquele corpo senil. Entrou e saiu do mercado sem se dar conta nem mesmo do pre\u00e7o, j\u00e1 que isso n\u00e3o importava, pois sempre levava a mesma marca. Pensou at\u00e9 em comprar dois pacotes, mas isso o faria cativo no apartamento pelo dobro do tempo. Levou apenas um, como sempre tinha feito por tantos e tantos anos.<\/p>\n<p>A sacola de pl\u00e1stico balan\u00e7ava conforme os passos capengas das fr\u00e1geis pernas. O velho observou um \u00f4nibus descendo pela W-3 Norte. Pensou em se jogar na frente e acabar com tudo aquilo, mas n\u00e3o teve coragem. Observou um mendigo com a m\u00e3o esticada e, talvez por impulso, despejou algumas pobres moedas. E, antes que pudesse se livrar daquela situa\u00e7\u00e3o, ouviu a voz do maltrapilho: &#8220;Pe\u00e7o a Deus que estique o tempo do senhor!&#8221;<\/p>\n","protected":false},"excerpt":{"rendered":"<p>O velho, cheio de dores, levantou mais cedo do que de costume. N\u00e3o que n\u00e3o preferisse continuar na cama entregue aos sonhos, j\u00e1 que os pesadelos que o acompanham nos \u00faltimos tempos eram demais at\u00e9 mesmo para algu\u00e9m que j\u00e1 passava dos 80. No entanto, a insistente dor nas costas n\u00e3o o permitia se manter [&hellip;]<\/p>\n","protected":false},"author":2,"featured_media":306698,"comment_status":"closed","ping_status":"closed","sticky":false,"template":"","format":"standard","meta":{"_acf_changed":false,"footnotes":""},"categories":[161],"tags":[],"class_list":["post-306695","post","type-post","status-publish","format-standard","has-post-thumbnail","hentry","category-quadradinho-em-foco"],"acf":[],"yoast_head":"<!-- This site is optimized with the Yoast SEO plugin v27.2 - https:\/\/yoast.com\/product\/yoast-seo-wordpress\/ -->\n<title>Mendigo com a m\u00e3o de Deus d\u00e1 vida longa a velho - Notibras<\/title>\n<meta name=\"robots\" content=\"index, follow, max-snippet:-1, max-image-preview:large, max-video-preview:-1\" \/>\n<link rel=\"canonical\" href=\"https:\/\/www.notibras.com\/site\/mendigo-com-a-mao-de-deus-da-vida-longa-a-velho\/\" \/>\n<meta property=\"og:locale\" content=\"pt_BR\" \/>\n<meta property=\"og:type\" content=\"article\" \/>\n<meta property=\"og:title\" content=\"Mendigo com a m\u00e3o de Deus d\u00e1 vida longa a velho - Notibras\" \/>\n<meta property=\"og:description\" content=\"O velho, cheio de dores, levantou mais cedo do que de costume. N\u00e3o que n\u00e3o preferisse continuar na cama entregue aos sonhos, j\u00e1 que os pesadelos que o acompanham nos \u00faltimos tempos eram demais at\u00e9 mesmo para algu\u00e9m que j\u00e1 passava dos 80. No entanto, a insistente dor nas costas n\u00e3o o permitia se manter [&hellip;]\" \/>\n<meta property=\"og:url\" content=\"https:\/\/www.notibras.com\/site\/mendigo-com-a-mao-de-deus-da-vida-longa-a-velho\/\" \/>\n<meta property=\"og:site_name\" content=\"Notibras\" \/>\n<meta property=\"article:publisher\" content=\"https:\/\/www.facebook.com\/notibras\/\" \/>\n<meta property=\"article:published_time\" content=\"2023-06-11T11:44:36+00:00\" \/>\n<meta property=\"article:modified_time\" content=\"2023-06-11T11:45:41+00:00\" \/>\n<meta property=\"og:image\" content=\"https:\/\/www.notibras.com\/site\/wp-content\/uploads\/2023\/06\/mdn.2.jpg\" \/>\n\t<meta property=\"og:image:width\" content=\"768\" \/>\n\t<meta property=\"og:image:height\" content=\"512\" \/>\n\t<meta property=\"og:image:type\" content=\"image\/jpeg\" \/>\n<meta name=\"author\" content=\"Reda\u00e7\u00e3o\" \/>\n<meta name=\"twitter:card\" content=\"summary_large_image\" \/>\n<meta name=\"twitter:creator\" content=\"@Notibras\" \/>\n<meta name=\"twitter:site\" content=\"@Notibras\" \/>\n<meta name=\"twitter:label1\" content=\"Escrito por\" \/>\n\t<meta name=\"twitter:data1\" content=\"Reda\u00e7\u00e3o\" \/>\n\t<meta name=\"twitter:label2\" content=\"Est. tempo de leitura\" \/>\n\t<meta name=\"twitter:data2\" content=\"3 minutos\" \/>\n<script type=\"application\/ld+json\" class=\"yoast-schema-graph\">{\"@context\":\"https:\/\/schema.org\",\"@graph\":[{\"@type\":\"Article\",\"@id\":\"https:\/\/www.notibras.com\/site\/mendigo-com-a-mao-de-deus-da-vida-longa-a-velho\/#article\",\"isPartOf\":{\"@id\":\"https:\/\/www.notibras.com\/site\/mendigo-com-a-mao-de-deus-da-vida-longa-a-velho\/\"},\"author\":{\"name\":\"Reda\u00e7\u00e3o\",\"@id\":\"https:\/\/www.notibras.com\/site\/#\/schema\/person\/36ab0979449956132d3e5b517ea76ac8\"},\"headline\":\"Mendigo com a m\u00e3o de Deus d\u00e1 vida longa a velho\",\"datePublished\":\"2023-06-11T11:44:36+00:00\",\"dateModified\":\"2023-06-11T11:45:41+00:00\",\"mainEntityOfPage\":{\"@id\":\"https:\/\/www.notibras.com\/site\/mendigo-com-a-mao-de-deus-da-vida-longa-a-velho\/\"},\"wordCount\":489,\"publisher\":{\"@id\":\"https:\/\/www.notibras.com\/site\/#organization\"},\"image\":{\"@id\":\"https:\/\/www.notibras.com\/site\/mendigo-com-a-mao-de-deus-da-vida-longa-a-velho\/#primaryimage\"},\"thumbnailUrl\":\"https:\/\/www.notibras.com\/site\/wp-content\/uploads\/2023\/06\/mdn.2.jpg\",\"articleSection\":[\"Quadradinho em Foco\"],\"inLanguage\":\"pt-BR\"},{\"@type\":\"WebPage\",\"@id\":\"https:\/\/www.notibras.com\/site\/mendigo-com-a-mao-de-deus-da-vida-longa-a-velho\/\",\"url\":\"https:\/\/www.notibras.com\/site\/mendigo-com-a-mao-de-deus-da-vida-longa-a-velho\/\",\"name\":\"Mendigo com a m\u00e3o de Deus d\u00e1 vida longa a velho - Notibras\",\"isPartOf\":{\"@id\":\"https:\/\/www.notibras.com\/site\/#website\"},\"primaryImageOfPage\":{\"@id\":\"https:\/\/www.notibras.com\/site\/mendigo-com-a-mao-de-deus-da-vida-longa-a-velho\/#primaryimage\"},\"image\":{\"@id\":\"https:\/\/www.notibras.com\/site\/mendigo-com-a-mao-de-deus-da-vida-longa-a-velho\/#primaryimage\"},\"thumbnailUrl\":\"https:\/\/www.notibras.com\/site\/wp-content\/uploads\/2023\/06\/mdn.2.jpg\",\"datePublished\":\"2023-06-11T11:44:36+00:00\",\"dateModified\":\"2023-06-11T11:45:41+00:00\",\"breadcrumb\":{\"@id\":\"https:\/\/www.notibras.com\/site\/mendigo-com-a-mao-de-deus-da-vida-longa-a-velho\/#breadcrumb\"},\"inLanguage\":\"pt-BR\",\"potentialAction\":[{\"@type\":\"ReadAction\",\"target\":[\"https:\/\/www.notibras.com\/site\/mendigo-com-a-mao-de-deus-da-vida-longa-a-velho\/\"]}]},{\"@type\":\"ImageObject\",\"inLanguage\":\"pt-BR\",\"@id\":\"https:\/\/www.notibras.com\/site\/mendigo-com-a-mao-de-deus-da-vida-longa-a-velho\/#primaryimage\",\"url\":\"https:\/\/www.notibras.com\/site\/wp-content\/uploads\/2023\/06\/mdn.2.jpg\",\"contentUrl\":\"https:\/\/www.notibras.com\/site\/wp-content\/uploads\/2023\/06\/mdn.2.jpg\",\"width\":768,\"height\":512},{\"@type\":\"BreadcrumbList\",\"@id\":\"https:\/\/www.notibras.com\/site\/mendigo-com-a-mao-de-deus-da-vida-longa-a-velho\/#breadcrumb\",\"itemListElement\":[{\"@type\":\"ListItem\",\"position\":1,\"name\":\"In\u00edcio\",\"item\":\"https:\/\/www.notibras.com\/site\/\"},{\"@type\":\"ListItem\",\"position\":2,\"name\":\"Mendigo com a m\u00e3o de Deus d\u00e1 vida longa a velho\"}]},{\"@type\":\"WebSite\",\"@id\":\"https:\/\/www.notibras.com\/site\/#website\",\"url\":\"https:\/\/www.notibras.com\/site\/\",\"name\":\"Notibras\",\"description\":\"Not\u00edcias de Bras\u00edlia, do Brasil e do Mundo\",\"publisher\":{\"@id\":\"https:\/\/www.notibras.com\/site\/#organization\"},\"potentialAction\":[{\"@type\":\"SearchAction\",\"target\":{\"@type\":\"EntryPoint\",\"urlTemplate\":\"https:\/\/www.notibras.com\/site\/?s={search_term_string}\"},\"query-input\":{\"@type\":\"PropertyValueSpecification\",\"valueRequired\":true,\"valueName\":\"search_term_string\"}}],\"inLanguage\":\"pt-BR\"},{\"@type\":\"Organization\",\"@id\":\"https:\/\/www.notibras.com\/site\/#organization\",\"name\":\"Grupo Notibras de Comunica\u00e7\u00e3o\",\"url\":\"https:\/\/www.notibras.com\/site\/\",\"logo\":{\"@type\":\"ImageObject\",\"inLanguage\":\"pt-BR\",\"@id\":\"https:\/\/www.notibras.com\/site\/#\/schema\/logo\/image\/\",\"url\":\"https:\/\/www.notibras.com\/site\/wp-content\/uploads\/2023\/01\/notibras23.png\",\"contentUrl\":\"https:\/\/www.notibras.com\/site\/wp-content\/uploads\/2023\/01\/notibras23.png\",\"width\":350,\"height\":87,\"caption\":\"Grupo Notibras de Comunica\u00e7\u00e3o\"},\"image\":{\"@id\":\"https:\/\/www.notibras.com\/site\/#\/schema\/logo\/image\/\"},\"sameAs\":[\"https:\/\/www.facebook.com\/notibras\/\",\"https:\/\/x.com\/Notibras\",\"https:\/\/www.instagram.com\/notibras\/\"]},{\"@type\":\"Person\",\"@id\":\"https:\/\/www.notibras.com\/site\/#\/schema\/person\/36ab0979449956132d3e5b517ea76ac8\",\"name\":\"Reda\u00e7\u00e3o\",\"image\":{\"@type\":\"ImageObject\",\"inLanguage\":\"pt-BR\",\"@id\":\"https:\/\/secure.gravatar.com\/avatar\/e0a867bdedb85fd243eadf09663511f96fc81e0720a4a42581f334ad4303aa6b?s=96&d=mm&r=g\",\"url\":\"https:\/\/secure.gravatar.com\/avatar\/e0a867bdedb85fd243eadf09663511f96fc81e0720a4a42581f334ad4303aa6b?s=96&d=mm&r=g\",\"contentUrl\":\"https:\/\/secure.gravatar.com\/avatar\/e0a867bdedb85fd243eadf09663511f96fc81e0720a4a42581f334ad4303aa6b?s=96&d=mm&r=g\",\"caption\":\"Reda\u00e7\u00e3o\"}}]}<\/script>\n<!-- \/ Yoast SEO plugin. -->","yoast_head_json":{"title":"Mendigo com a m\u00e3o de Deus d\u00e1 vida longa a velho - Notibras","robots":{"index":"index","follow":"follow","max-snippet":"max-snippet:-1","max-image-preview":"max-image-preview:large","max-video-preview":"max-video-preview:-1"},"canonical":"https:\/\/www.notibras.com\/site\/mendigo-com-a-mao-de-deus-da-vida-longa-a-velho\/","og_locale":"pt_BR","og_type":"article","og_title":"Mendigo com a m\u00e3o de Deus d\u00e1 vida longa a velho - Notibras","og_description":"O velho, cheio de dores, levantou mais cedo do que de costume. N\u00e3o que n\u00e3o preferisse continuar na cama entregue aos sonhos, j\u00e1 que os pesadelos que o acompanham nos \u00faltimos tempos eram demais at\u00e9 mesmo para algu\u00e9m que j\u00e1 passava dos 80. No entanto, a insistente dor nas costas n\u00e3o o permitia se manter [&hellip;]","og_url":"https:\/\/www.notibras.com\/site\/mendigo-com-a-mao-de-deus-da-vida-longa-a-velho\/","og_site_name":"Notibras","article_publisher":"https:\/\/www.facebook.com\/notibras\/","article_published_time":"2023-06-11T11:44:36+00:00","article_modified_time":"2023-06-11T11:45:41+00:00","og_image":[{"width":768,"height":512,"url":"https:\/\/www.notibras.com\/site\/wp-content\/uploads\/2023\/06\/mdn.2.jpg","type":"image\/jpeg"}],"author":"Reda\u00e7\u00e3o","twitter_card":"summary_large_image","twitter_creator":"@Notibras","twitter_site":"@Notibras","twitter_misc":{"Escrito por":"Reda\u00e7\u00e3o","Est. tempo de leitura":"3 minutos"},"schema":{"@context":"https:\/\/schema.org","@graph":[{"@type":"Article","@id":"https:\/\/www.notibras.com\/site\/mendigo-com-a-mao-de-deus-da-vida-longa-a-velho\/#article","isPartOf":{"@id":"https:\/\/www.notibras.com\/site\/mendigo-com-a-mao-de-deus-da-vida-longa-a-velho\/"},"author":{"name":"Reda\u00e7\u00e3o","@id":"https:\/\/www.notibras.com\/site\/#\/schema\/person\/36ab0979449956132d3e5b517ea76ac8"},"headline":"Mendigo com a m\u00e3o de Deus d\u00e1 vida longa a velho","datePublished":"2023-06-11T11:44:36+00:00","dateModified":"2023-06-11T11:45:41+00:00","mainEntityOfPage":{"@id":"https:\/\/www.notibras.com\/site\/mendigo-com-a-mao-de-deus-da-vida-longa-a-velho\/"},"wordCount":489,"publisher":{"@id":"https:\/\/www.notibras.com\/site\/#organization"},"image":{"@id":"https:\/\/www.notibras.com\/site\/mendigo-com-a-mao-de-deus-da-vida-longa-a-velho\/#primaryimage"},"thumbnailUrl":"https:\/\/www.notibras.com\/site\/wp-content\/uploads\/2023\/06\/mdn.2.jpg","articleSection":["Quadradinho em Foco"],"inLanguage":"pt-BR"},{"@type":"WebPage","@id":"https:\/\/www.notibras.com\/site\/mendigo-com-a-mao-de-deus-da-vida-longa-a-velho\/","url":"https:\/\/www.notibras.com\/site\/mendigo-com-a-mao-de-deus-da-vida-longa-a-velho\/","name":"Mendigo com a m\u00e3o de Deus d\u00e1 vida longa a velho - Notibras","isPartOf":{"@id":"https:\/\/www.notibras.com\/site\/#website"},"primaryImageOfPage":{"@id":"https:\/\/www.notibras.com\/site\/mendigo-com-a-mao-de-deus-da-vida-longa-a-velho\/#primaryimage"},"image":{"@id":"https:\/\/www.notibras.com\/site\/mendigo-com-a-mao-de-deus-da-vida-longa-a-velho\/#primaryimage"},"thumbnailUrl":"https:\/\/www.notibras.com\/site\/wp-content\/uploads\/2023\/06\/mdn.2.jpg","datePublished":"2023-06-11T11:44:36+00:00","dateModified":"2023-06-11T11:45:41+00:00","breadcrumb":{"@id":"https:\/\/www.notibras.com\/site\/mendigo-com-a-mao-de-deus-da-vida-longa-a-velho\/#breadcrumb"},"inLanguage":"pt-BR","potentialAction":[{"@type":"ReadAction","target":["https:\/\/www.notibras.com\/site\/mendigo-com-a-mao-de-deus-da-vida-longa-a-velho\/"]}]},{"@type":"ImageObject","inLanguage":"pt-BR","@id":"https:\/\/www.notibras.com\/site\/mendigo-com-a-mao-de-deus-da-vida-longa-a-velho\/#primaryimage","url":"https:\/\/www.notibras.com\/site\/wp-content\/uploads\/2023\/06\/mdn.2.jpg","contentUrl":"https:\/\/www.notibras.com\/site\/wp-content\/uploads\/2023\/06\/mdn.2.jpg","width":768,"height":512},{"@type":"BreadcrumbList","@id":"https:\/\/www.notibras.com\/site\/mendigo-com-a-mao-de-deus-da-vida-longa-a-velho\/#breadcrumb","itemListElement":[{"@type":"ListItem","position":1,"name":"In\u00edcio","item":"https:\/\/www.notibras.com\/site\/"},{"@type":"ListItem","position":2,"name":"Mendigo com a m\u00e3o de Deus d\u00e1 vida longa a velho"}]},{"@type":"WebSite","@id":"https:\/\/www.notibras.com\/site\/#website","url":"https:\/\/www.notibras.com\/site\/","name":"Notibras","description":"Not\u00edcias de Bras\u00edlia, do Brasil e do Mundo","publisher":{"@id":"https:\/\/www.notibras.com\/site\/#organization"},"potentialAction":[{"@type":"SearchAction","target":{"@type":"EntryPoint","urlTemplate":"https:\/\/www.notibras.com\/site\/?s={search_term_string}"},"query-input":{"@type":"PropertyValueSpecification","valueRequired":true,"valueName":"search_term_string"}}],"inLanguage":"pt-BR"},{"@type":"Organization","@id":"https:\/\/www.notibras.com\/site\/#organization","name":"Grupo Notibras de Comunica\u00e7\u00e3o","url":"https:\/\/www.notibras.com\/site\/","logo":{"@type":"ImageObject","inLanguage":"pt-BR","@id":"https:\/\/www.notibras.com\/site\/#\/schema\/logo\/image\/","url":"https:\/\/www.notibras.com\/site\/wp-content\/uploads\/2023\/01\/notibras23.png","contentUrl":"https:\/\/www.notibras.com\/site\/wp-content\/uploads\/2023\/01\/notibras23.png","width":350,"height":87,"caption":"Grupo Notibras de Comunica\u00e7\u00e3o"},"image":{"@id":"https:\/\/www.notibras.com\/site\/#\/schema\/logo\/image\/"},"sameAs":["https:\/\/www.facebook.com\/notibras\/","https:\/\/x.com\/Notibras","https:\/\/www.instagram.com\/notibras\/"]},{"@type":"Person","@id":"https:\/\/www.notibras.com\/site\/#\/schema\/person\/36ab0979449956132d3e5b517ea76ac8","name":"Reda\u00e7\u00e3o","image":{"@type":"ImageObject","inLanguage":"pt-BR","@id":"https:\/\/secure.gravatar.com\/avatar\/e0a867bdedb85fd243eadf09663511f96fc81e0720a4a42581f334ad4303aa6b?s=96&d=mm&r=g","url":"https:\/\/secure.gravatar.com\/avatar\/e0a867bdedb85fd243eadf09663511f96fc81e0720a4a42581f334ad4303aa6b?s=96&d=mm&r=g","contentUrl":"https:\/\/secure.gravatar.com\/avatar\/e0a867bdedb85fd243eadf09663511f96fc81e0720a4a42581f334ad4303aa6b?s=96&d=mm&r=g","caption":"Reda\u00e7\u00e3o"}}]}},"amp_enabled":true,"_links":{"self":[{"href":"https:\/\/www.notibras.com\/site\/wp-json\/wp\/v2\/posts\/306695","targetHints":{"allow":["GET"]}}],"collection":[{"href":"https:\/\/www.notibras.com\/site\/wp-json\/wp\/v2\/posts"}],"about":[{"href":"https:\/\/www.notibras.com\/site\/wp-json\/wp\/v2\/types\/post"}],"author":[{"embeddable":true,"href":"https:\/\/www.notibras.com\/site\/wp-json\/wp\/v2\/users\/2"}],"replies":[{"embeddable":true,"href":"https:\/\/www.notibras.com\/site\/wp-json\/wp\/v2\/comments?post=306695"}],"version-history":[{"count":2,"href":"https:\/\/www.notibras.com\/site\/wp-json\/wp\/v2\/posts\/306695\/revisions"}],"predecessor-version":[{"id":306700,"href":"https:\/\/www.notibras.com\/site\/wp-json\/wp\/v2\/posts\/306695\/revisions\/306700"}],"wp:featuredmedia":[{"embeddable":true,"href":"https:\/\/www.notibras.com\/site\/wp-json\/wp\/v2\/media\/306698"}],"wp:attachment":[{"href":"https:\/\/www.notibras.com\/site\/wp-json\/wp\/v2\/media?parent=306695"}],"wp:term":[{"taxonomy":"category","embeddable":true,"href":"https:\/\/www.notibras.com\/site\/wp-json\/wp\/v2\/categories?post=306695"},{"taxonomy":"post_tag","embeddable":true,"href":"https:\/\/www.notibras.com\/site\/wp-json\/wp\/v2\/tags?post=306695"}],"curies":[{"name":"wp","href":"https:\/\/api.w.org\/{rel}","templated":true}]}}