{"id":30676,"date":"2014-12-09T06:18:50","date_gmt":"2014-12-09T09:18:50","guid":{"rendered":"http:\/\/www.notibras.com\/site\/?p=30676"},"modified":"2014-12-09T06:34:37","modified_gmt":"2014-12-09T09:34:37","slug":"palmeiras-fica-na-elite-mas-dorival-jr-o-tecnico-fica-desempregado","status":"publish","type":"post","link":"https:\/\/www.notibras.com\/site\/palmeiras-fica-na-elite-mas-dorival-jr-o-tecnico-fica-desempregado\/","title":{"rendered":"Palmeiras fica na Elite, mas Dorival Jr fica desempregado"},"content":{"rendered":"<p>m dia ap\u00f3s se manter na elite do futebol brasileiro com o empate por 1 a 1 diante do Atl\u00e9tico-PR, no Allianz Parque, o Palmeiras j\u00e1 come\u00e7a a pensar na temporada 2015. Na noite de segunda-feira, o clube alviverde anunciou as sa\u00eddas do diretor-executivo\u00a0Jos\u00e9 Carlos Brunoro, do gerente Omar Feitosa e do treinador Dorival J\u00fanior.<\/p>\n<p>Tais altera\u00e7\u00f5es s\u00e3o parte da reestrutura\u00e7\u00e3o trilhada por Paulo Nobre no departamento de futebol. Na campanha de reelei\u00e7\u00e3o, onde batalhou com Wlademir Pescarmona, o mandat\u00e1rio ressaltou, por vezes, que faria reformula\u00e7\u00f5es n\u00e3o apenas no corpo t\u00e9cnico, mas tamb\u00e9m no setor executivo.<\/p>\n<p class=\"text\">Em 20 jogos no comando alviverde, Dorival conseguiu seis vit\u00f3rias, cinco empates e nove derrotas, conquistando 23 pontos em 60 poss\u00edveis (aproveitamento de 38,33%). Ele conviveu com cr\u00edticas por passar os \u00faltimos seis jogos sem vit\u00f3rias (foram cinco derrotas e um empate). A perman\u00eancia na S\u00e9rie A, que parecia perto, tornou-se uma grande preocupa\u00e7\u00e3o e foi decidida apenas na \u00faltima rodada.<\/p>\n<blockquote>\n<p class=\"text\">Omar Feitosa n\u00e3o tinha a confian\u00e7a do elenco e nem autonomia na diretoria, e tornou-se uma figura sem grande relev\u00e2ncia no clube. Era mais um que os aliados de Nobre pediam a cabe\u00e7a, assim como Brunoro, trazido para ser o diretor-executivo da primeira gest\u00e3o. Com ele, vieram v\u00e1rias decis\u00f5es question\u00e1veis na montagem do time, al\u00e9m do fato do dirigente n\u00e3o ter conseguido acertar com um patrocinador master nos dois anos.<\/p>\n<\/blockquote>\n<p class=\"text\">Nesta semana, o clube tem como primeiro foco acertar com o novo diretor de futebol. Alexandre Mattos, do Cruzeiro, \u00e9 o principal alvo. Depois disto, o clube acertar\u00e1 com um novo t\u00e9cnico. O presidente Paulo Nobre dar\u00e1 explica\u00e7\u00f5es sobre a decis\u00e3o em uma entrevista nesta ter\u00e7a-feira.<\/p>\n<p class=\"text\">Al\u00e9m do ex-volante Dorival, dirigiram a forma\u00e7\u00e3o palestrina na temporada 2014 os treinadores G\u00edlson Kleina, Alberto Valentim, atual auxiliar do clube, e o argentino Ricardo Gareca. O paulista de Araraquara tinha contrato com os paulistanos at\u00e9 junho de 2015.<\/p>\n","protected":false},"excerpt":{"rendered":"<p>m dia ap\u00f3s se manter na elite do futebol brasileiro com o empate por 1 a 1 diante do Atl\u00e9tico-PR, no Allianz Parque, o Palmeiras j\u00e1 come\u00e7a a pensar na temporada 2015. Na noite de segunda-feira, o clube alviverde anunciou as sa\u00eddas do diretor-executivo\u00a0Jos\u00e9 Carlos Brunoro, do gerente Omar Feitosa e do treinador Dorival J\u00fanior. [&hellip;]<\/p>\n","protected":false},"author":2,"featured_media":30677,"comment_status":"open","ping_status":"closed","sticky":false,"template":"","format":"standard","meta":{"_acf_changed":false,"footnotes":""},"categories":[19,29],"tags":[],"class_list":["post-30676","post","type-post","status-publish","format-standard","has-post-thumbnail","hentry","category-esportes","category-futebol"],"acf":[],"yoast_head":"<!-- This site is optimized with the Yoast SEO plugin v27.2 - https:\/\/yoast.com\/product\/yoast-seo-wordpress\/ -->\n<title>Palmeiras fica na Elite, mas Dorival Jr fica desempregado - Notibras<\/title>\n<meta name=\"robots\" content=\"index, follow, max-snippet:-1, max-image-preview:large, max-video-preview:-1\" \/>\n<link rel=\"canonical\" href=\"https:\/\/www.notibras.com\/site\/palmeiras-fica-na-elite-mas-dorival-jr-o-tecnico-fica-desempregado\/\" \/>\n<meta property=\"og:locale\" content=\"pt_BR\" \/>\n<meta property=\"og:type\" content=\"article\" \/>\n<meta property=\"og:title\" content=\"Palmeiras fica na Elite, mas Dorival Jr fica desempregado - Notibras\" \/>\n<meta property=\"og:description\" content=\"m dia ap\u00f3s se manter na elite do futebol brasileiro com o empate por 1 a 1 diante do Atl\u00e9tico-PR, no Allianz Parque, o Palmeiras j\u00e1 come\u00e7a a pensar na temporada 2015. Na noite de segunda-feira, o clube alviverde anunciou as sa\u00eddas do diretor-executivo\u00a0Jos\u00e9 Carlos Brunoro, do gerente Omar Feitosa e do treinador Dorival J\u00fanior. [&hellip;]\" \/>\n<meta property=\"og:url\" content=\"https:\/\/www.notibras.com\/site\/palmeiras-fica-na-elite-mas-dorival-jr-o-tecnico-fica-desempregado\/\" \/>\n<meta property=\"og:site_name\" content=\"Notibras\" \/>\n<meta property=\"article:publisher\" content=\"https:\/\/www.facebook.com\/notibras\/\" \/>\n<meta property=\"article:published_time\" content=\"2014-12-09T09:18:50+00:00\" \/>\n<meta property=\"article:modified_time\" content=\"2014-12-09T09:34:37+00:00\" \/>\n<meta property=\"og:image\" content=\"https:\/\/www.notibras.com\/site\/wp-content\/uploads\/2014\/12\/f_266836.jpg\" \/>\n\t<meta property=\"og:image:width\" content=\"900\" \/>\n\t<meta property=\"og:image:height\" content=\"600\" \/>\n\t<meta property=\"og:image:type\" content=\"image\/jpeg\" \/>\n<meta name=\"author\" content=\"Reda\u00e7\u00e3o\" \/>\n<meta name=\"twitter:card\" content=\"summary_large_image\" \/>\n<meta name=\"twitter:creator\" content=\"@Notibras\" \/>\n<meta name=\"twitter:site\" content=\"@Notibras\" \/>\n<meta name=\"twitter:label1\" content=\"Escrito por\" \/>\n\t<meta name=\"twitter:data1\" content=\"Reda\u00e7\u00e3o\" \/>\n\t<meta name=\"twitter:label2\" content=\"Est. tempo de leitura\" \/>\n\t<meta name=\"twitter:data2\" content=\"2 minutos\" \/>\n<script type=\"application\/ld+json\" class=\"yoast-schema-graph\">{\"@context\":\"https:\/\/schema.org\",\"@graph\":[{\"@type\":\"Article\",\"@id\":\"https:\/\/www.notibras.com\/site\/palmeiras-fica-na-elite-mas-dorival-jr-o-tecnico-fica-desempregado\/#article\",\"isPartOf\":{\"@id\":\"https:\/\/www.notibras.com\/site\/palmeiras-fica-na-elite-mas-dorival-jr-o-tecnico-fica-desempregado\/\"},\"author\":{\"name\":\"Reda\u00e7\u00e3o\",\"@id\":\"https:\/\/www.notibras.com\/site\/#\/schema\/person\/36ab0979449956132d3e5b517ea76ac8\"},\"headline\":\"Palmeiras fica na Elite, mas Dorival Jr fica desempregado\",\"datePublished\":\"2014-12-09T09:18:50+00:00\",\"dateModified\":\"2014-12-09T09:34:37+00:00\",\"mainEntityOfPage\":{\"@id\":\"https:\/\/www.notibras.com\/site\/palmeiras-fica-na-elite-mas-dorival-jr-o-tecnico-fica-desempregado\/\"},\"wordCount\":350,\"commentCount\":0,\"publisher\":{\"@id\":\"https:\/\/www.notibras.com\/site\/#organization\"},\"image\":{\"@id\":\"https:\/\/www.notibras.com\/site\/palmeiras-fica-na-elite-mas-dorival-jr-o-tecnico-fica-desempregado\/#primaryimage\"},\"thumbnailUrl\":\"https:\/\/www.notibras.com\/site\/wp-content\/uploads\/2014\/12\/f_266836.jpg\",\"articleSection\":[\"Esportes\",\"Futebol\"],\"inLanguage\":\"pt-BR\",\"potentialAction\":[{\"@type\":\"CommentAction\",\"name\":\"Comment\",\"target\":[\"https:\/\/www.notibras.com\/site\/palmeiras-fica-na-elite-mas-dorival-jr-o-tecnico-fica-desempregado\/#respond\"]}]},{\"@type\":\"WebPage\",\"@id\":\"https:\/\/www.notibras.com\/site\/palmeiras-fica-na-elite-mas-dorival-jr-o-tecnico-fica-desempregado\/\",\"url\":\"https:\/\/www.notibras.com\/site\/palmeiras-fica-na-elite-mas-dorival-jr-o-tecnico-fica-desempregado\/\",\"name\":\"Palmeiras fica na Elite, mas Dorival Jr fica desempregado - Notibras\",\"isPartOf\":{\"@id\":\"https:\/\/www.notibras.com\/site\/#website\"},\"primaryImageOfPage\":{\"@id\":\"https:\/\/www.notibras.com\/site\/palmeiras-fica-na-elite-mas-dorival-jr-o-tecnico-fica-desempregado\/#primaryimage\"},\"image\":{\"@id\":\"https:\/\/www.notibras.com\/site\/palmeiras-fica-na-elite-mas-dorival-jr-o-tecnico-fica-desempregado\/#primaryimage\"},\"thumbnailUrl\":\"https:\/\/www.notibras.com\/site\/wp-content\/uploads\/2014\/12\/f_266836.jpg\",\"datePublished\":\"2014-12-09T09:18:50+00:00\",\"dateModified\":\"2014-12-09T09:34:37+00:00\",\"breadcrumb\":{\"@id\":\"https:\/\/www.notibras.com\/site\/palmeiras-fica-na-elite-mas-dorival-jr-o-tecnico-fica-desempregado\/#breadcrumb\"},\"inLanguage\":\"pt-BR\",\"potentialAction\":[{\"@type\":\"ReadAction\",\"target\":[\"https:\/\/www.notibras.com\/site\/palmeiras-fica-na-elite-mas-dorival-jr-o-tecnico-fica-desempregado\/\"]}]},{\"@type\":\"ImageObject\",\"inLanguage\":\"pt-BR\",\"@id\":\"https:\/\/www.notibras.com\/site\/palmeiras-fica-na-elite-mas-dorival-jr-o-tecnico-fica-desempregado\/#primaryimage\",\"url\":\"https:\/\/www.notibras.com\/site\/wp-content\/uploads\/2014\/12\/f_266836.jpg\",\"contentUrl\":\"https:\/\/www.notibras.com\/site\/wp-content\/uploads\/2014\/12\/f_266836.jpg\",\"width\":900,\"height\":600},{\"@type\":\"BreadcrumbList\",\"@id\":\"https:\/\/www.notibras.com\/site\/palmeiras-fica-na-elite-mas-dorival-jr-o-tecnico-fica-desempregado\/#breadcrumb\",\"itemListElement\":[{\"@type\":\"ListItem\",\"position\":1,\"name\":\"In\u00edcio\",\"item\":\"https:\/\/www.notibras.com\/site\/\"},{\"@type\":\"ListItem\",\"position\":2,\"name\":\"Palmeiras fica na Elite, mas Dorival Jr fica desempregado\"}]},{\"@type\":\"WebSite\",\"@id\":\"https:\/\/www.notibras.com\/site\/#website\",\"url\":\"https:\/\/www.notibras.com\/site\/\",\"name\":\"Notibras\",\"description\":\"Not\u00edcias de Bras\u00edlia, do Brasil e do Mundo\",\"publisher\":{\"@id\":\"https:\/\/www.notibras.com\/site\/#organization\"},\"potentialAction\":[{\"@type\":\"SearchAction\",\"target\":{\"@type\":\"EntryPoint\",\"urlTemplate\":\"https:\/\/www.notibras.com\/site\/?s={search_term_string}\"},\"query-input\":{\"@type\":\"PropertyValueSpecification\",\"valueRequired\":true,\"valueName\":\"search_term_string\"}}],\"inLanguage\":\"pt-BR\"},{\"@type\":\"Organization\",\"@id\":\"https:\/\/www.notibras.com\/site\/#organization\",\"name\":\"Grupo Notibras de Comunica\u00e7\u00e3o\",\"url\":\"https:\/\/www.notibras.com\/site\/\",\"logo\":{\"@type\":\"ImageObject\",\"inLanguage\":\"pt-BR\",\"@id\":\"https:\/\/www.notibras.com\/site\/#\/schema\/logo\/image\/\",\"url\":\"https:\/\/www.notibras.com\/site\/wp-content\/uploads\/2023\/01\/notibras23.png\",\"contentUrl\":\"https:\/\/www.notibras.com\/site\/wp-content\/uploads\/2023\/01\/notibras23.png\",\"width\":350,\"height\":87,\"caption\":\"Grupo Notibras de Comunica\u00e7\u00e3o\"},\"image\":{\"@id\":\"https:\/\/www.notibras.com\/site\/#\/schema\/logo\/image\/\"},\"sameAs\":[\"https:\/\/www.facebook.com\/notibras\/\",\"https:\/\/x.com\/Notibras\",\"https:\/\/www.instagram.com\/notibras\/\"]},{\"@type\":\"Person\",\"@id\":\"https:\/\/www.notibras.com\/site\/#\/schema\/person\/36ab0979449956132d3e5b517ea76ac8\",\"name\":\"Reda\u00e7\u00e3o\",\"image\":{\"@type\":\"ImageObject\",\"inLanguage\":\"pt-BR\",\"@id\":\"https:\/\/secure.gravatar.com\/avatar\/e0a867bdedb85fd243eadf09663511f96fc81e0720a4a42581f334ad4303aa6b?s=96&d=mm&r=g\",\"url\":\"https:\/\/secure.gravatar.com\/avatar\/e0a867bdedb85fd243eadf09663511f96fc81e0720a4a42581f334ad4303aa6b?s=96&d=mm&r=g\",\"contentUrl\":\"https:\/\/secure.gravatar.com\/avatar\/e0a867bdedb85fd243eadf09663511f96fc81e0720a4a42581f334ad4303aa6b?s=96&d=mm&r=g\",\"caption\":\"Reda\u00e7\u00e3o\"}}]}<\/script>\n<!-- \/ Yoast SEO plugin. -->","yoast_head_json":{"title":"Palmeiras fica na Elite, mas Dorival Jr fica desempregado - Notibras","robots":{"index":"index","follow":"follow","max-snippet":"max-snippet:-1","max-image-preview":"max-image-preview:large","max-video-preview":"max-video-preview:-1"},"canonical":"https:\/\/www.notibras.com\/site\/palmeiras-fica-na-elite-mas-dorival-jr-o-tecnico-fica-desempregado\/","og_locale":"pt_BR","og_type":"article","og_title":"Palmeiras fica na Elite, mas Dorival Jr fica desempregado - Notibras","og_description":"m dia ap\u00f3s se manter na elite do futebol brasileiro com o empate por 1 a 1 diante do Atl\u00e9tico-PR, no Allianz Parque, o Palmeiras j\u00e1 come\u00e7a a pensar na temporada 2015. Na noite de segunda-feira, o clube alviverde anunciou as sa\u00eddas do diretor-executivo\u00a0Jos\u00e9 Carlos Brunoro, do gerente Omar Feitosa e do treinador Dorival J\u00fanior. [&hellip;]","og_url":"https:\/\/www.notibras.com\/site\/palmeiras-fica-na-elite-mas-dorival-jr-o-tecnico-fica-desempregado\/","og_site_name":"Notibras","article_publisher":"https:\/\/www.facebook.com\/notibras\/","article_published_time":"2014-12-09T09:18:50+00:00","article_modified_time":"2014-12-09T09:34:37+00:00","og_image":[{"width":900,"height":600,"url":"https:\/\/www.notibras.com\/site\/wp-content\/uploads\/2014\/12\/f_266836.jpg","type":"image\/jpeg"}],"author":"Reda\u00e7\u00e3o","twitter_card":"summary_large_image","twitter_creator":"@Notibras","twitter_site":"@Notibras","twitter_misc":{"Escrito por":"Reda\u00e7\u00e3o","Est. tempo de leitura":"2 minutos"},"schema":{"@context":"https:\/\/schema.org","@graph":[{"@type":"Article","@id":"https:\/\/www.notibras.com\/site\/palmeiras-fica-na-elite-mas-dorival-jr-o-tecnico-fica-desempregado\/#article","isPartOf":{"@id":"https:\/\/www.notibras.com\/site\/palmeiras-fica-na-elite-mas-dorival-jr-o-tecnico-fica-desempregado\/"},"author":{"name":"Reda\u00e7\u00e3o","@id":"https:\/\/www.notibras.com\/site\/#\/schema\/person\/36ab0979449956132d3e5b517ea76ac8"},"headline":"Palmeiras fica na Elite, mas Dorival Jr fica desempregado","datePublished":"2014-12-09T09:18:50+00:00","dateModified":"2014-12-09T09:34:37+00:00","mainEntityOfPage":{"@id":"https:\/\/www.notibras.com\/site\/palmeiras-fica-na-elite-mas-dorival-jr-o-tecnico-fica-desempregado\/"},"wordCount":350,"commentCount":0,"publisher":{"@id":"https:\/\/www.notibras.com\/site\/#organization"},"image":{"@id":"https:\/\/www.notibras.com\/site\/palmeiras-fica-na-elite-mas-dorival-jr-o-tecnico-fica-desempregado\/#primaryimage"},"thumbnailUrl":"https:\/\/www.notibras.com\/site\/wp-content\/uploads\/2014\/12\/f_266836.jpg","articleSection":["Esportes","Futebol"],"inLanguage":"pt-BR","potentialAction":[{"@type":"CommentAction","name":"Comment","target":["https:\/\/www.notibras.com\/site\/palmeiras-fica-na-elite-mas-dorival-jr-o-tecnico-fica-desempregado\/#respond"]}]},{"@type":"WebPage","@id":"https:\/\/www.notibras.com\/site\/palmeiras-fica-na-elite-mas-dorival-jr-o-tecnico-fica-desempregado\/","url":"https:\/\/www.notibras.com\/site\/palmeiras-fica-na-elite-mas-dorival-jr-o-tecnico-fica-desempregado\/","name":"Palmeiras fica na Elite, mas Dorival Jr fica desempregado - Notibras","isPartOf":{"@id":"https:\/\/www.notibras.com\/site\/#website"},"primaryImageOfPage":{"@id":"https:\/\/www.notibras.com\/site\/palmeiras-fica-na-elite-mas-dorival-jr-o-tecnico-fica-desempregado\/#primaryimage"},"image":{"@id":"https:\/\/www.notibras.com\/site\/palmeiras-fica-na-elite-mas-dorival-jr-o-tecnico-fica-desempregado\/#primaryimage"},"thumbnailUrl":"https:\/\/www.notibras.com\/site\/wp-content\/uploads\/2014\/12\/f_266836.jpg","datePublished":"2014-12-09T09:18:50+00:00","dateModified":"2014-12-09T09:34:37+00:00","breadcrumb":{"@id":"https:\/\/www.notibras.com\/site\/palmeiras-fica-na-elite-mas-dorival-jr-o-tecnico-fica-desempregado\/#breadcrumb"},"inLanguage":"pt-BR","potentialAction":[{"@type":"ReadAction","target":["https:\/\/www.notibras.com\/site\/palmeiras-fica-na-elite-mas-dorival-jr-o-tecnico-fica-desempregado\/"]}]},{"@type":"ImageObject","inLanguage":"pt-BR","@id":"https:\/\/www.notibras.com\/site\/palmeiras-fica-na-elite-mas-dorival-jr-o-tecnico-fica-desempregado\/#primaryimage","url":"https:\/\/www.notibras.com\/site\/wp-content\/uploads\/2014\/12\/f_266836.jpg","contentUrl":"https:\/\/www.notibras.com\/site\/wp-content\/uploads\/2014\/12\/f_266836.jpg","width":900,"height":600},{"@type":"BreadcrumbList","@id":"https:\/\/www.notibras.com\/site\/palmeiras-fica-na-elite-mas-dorival-jr-o-tecnico-fica-desempregado\/#breadcrumb","itemListElement":[{"@type":"ListItem","position":1,"name":"In\u00edcio","item":"https:\/\/www.notibras.com\/site\/"},{"@type":"ListItem","position":2,"name":"Palmeiras fica na Elite, mas Dorival Jr fica desempregado"}]},{"@type":"WebSite","@id":"https:\/\/www.notibras.com\/site\/#website","url":"https:\/\/www.notibras.com\/site\/","name":"Notibras","description":"Not\u00edcias de Bras\u00edlia, do Brasil e do Mundo","publisher":{"@id":"https:\/\/www.notibras.com\/site\/#organization"},"potentialAction":[{"@type":"SearchAction","target":{"@type":"EntryPoint","urlTemplate":"https:\/\/www.notibras.com\/site\/?s={search_term_string}"},"query-input":{"@type":"PropertyValueSpecification","valueRequired":true,"valueName":"search_term_string"}}],"inLanguage":"pt-BR"},{"@type":"Organization","@id":"https:\/\/www.notibras.com\/site\/#organization","name":"Grupo Notibras de Comunica\u00e7\u00e3o","url":"https:\/\/www.notibras.com\/site\/","logo":{"@type":"ImageObject","inLanguage":"pt-BR","@id":"https:\/\/www.notibras.com\/site\/#\/schema\/logo\/image\/","url":"https:\/\/www.notibras.com\/site\/wp-content\/uploads\/2023\/01\/notibras23.png","contentUrl":"https:\/\/www.notibras.com\/site\/wp-content\/uploads\/2023\/01\/notibras23.png","width":350,"height":87,"caption":"Grupo Notibras de Comunica\u00e7\u00e3o"},"image":{"@id":"https:\/\/www.notibras.com\/site\/#\/schema\/logo\/image\/"},"sameAs":["https:\/\/www.facebook.com\/notibras\/","https:\/\/x.com\/Notibras","https:\/\/www.instagram.com\/notibras\/"]},{"@type":"Person","@id":"https:\/\/www.notibras.com\/site\/#\/schema\/person\/36ab0979449956132d3e5b517ea76ac8","name":"Reda\u00e7\u00e3o","image":{"@type":"ImageObject","inLanguage":"pt-BR","@id":"https:\/\/secure.gravatar.com\/avatar\/e0a867bdedb85fd243eadf09663511f96fc81e0720a4a42581f334ad4303aa6b?s=96&d=mm&r=g","url":"https:\/\/secure.gravatar.com\/avatar\/e0a867bdedb85fd243eadf09663511f96fc81e0720a4a42581f334ad4303aa6b?s=96&d=mm&r=g","contentUrl":"https:\/\/secure.gravatar.com\/avatar\/e0a867bdedb85fd243eadf09663511f96fc81e0720a4a42581f334ad4303aa6b?s=96&d=mm&r=g","caption":"Reda\u00e7\u00e3o"}}]}},"amp_enabled":true,"_links":{"self":[{"href":"https:\/\/www.notibras.com\/site\/wp-json\/wp\/v2\/posts\/30676","targetHints":{"allow":["GET"]}}],"collection":[{"href":"https:\/\/www.notibras.com\/site\/wp-json\/wp\/v2\/posts"}],"about":[{"href":"https:\/\/www.notibras.com\/site\/wp-json\/wp\/v2\/types\/post"}],"author":[{"embeddable":true,"href":"https:\/\/www.notibras.com\/site\/wp-json\/wp\/v2\/users\/2"}],"replies":[{"embeddable":true,"href":"https:\/\/www.notibras.com\/site\/wp-json\/wp\/v2\/comments?post=30676"}],"version-history":[{"count":0,"href":"https:\/\/www.notibras.com\/site\/wp-json\/wp\/v2\/posts\/30676\/revisions"}],"wp:featuredmedia":[{"embeddable":true,"href":"https:\/\/www.notibras.com\/site\/wp-json\/wp\/v2\/media\/30677"}],"wp:attachment":[{"href":"https:\/\/www.notibras.com\/site\/wp-json\/wp\/v2\/media?parent=30676"}],"wp:term":[{"taxonomy":"category","embeddable":true,"href":"https:\/\/www.notibras.com\/site\/wp-json\/wp\/v2\/categories?post=30676"},{"taxonomy":"post_tag","embeddable":true,"href":"https:\/\/www.notibras.com\/site\/wp-json\/wp\/v2\/tags?post=30676"}],"curies":[{"name":"wp","href":"https:\/\/api.w.org\/{rel}","templated":true}]}}