{"id":306791,"date":"2023-06-12T11:54:25","date_gmt":"2023-06-12T14:54:25","guid":{"rendered":"https:\/\/www.notibras.com\/site\/?p=306791"},"modified":"2023-06-12T11:54:25","modified_gmt":"2023-06-12T14:54:25","slug":"bosque-dos-ipes-vive-e-as-flores-brotam","status":"publish","type":"post","link":"https:\/\/www.notibras.com\/site\/bosque-dos-ipes-vive-e-as-flores-brotam\/","title":{"rendered":"Bosque dos Ip\u00eas vive, e as flores brotam"},"content":{"rendered":"<p>O indesejado lix\u00e3o do Polo de Cinema, em Sobradinho, \u00e9 coisa do passado. \u00c1rea de descarte irregular conhecida e tamb\u00e9m combatida por muitos moradores, o espa\u00e7o abriga h\u00e1 um ano e meio o Bosque dos Ip\u00eas, que gera curiosidade por quem ali passa. \u00c1rvores t\u00edpicas do cerrado, como os belos ip\u00eas (de todas as cores), jacarand\u00e1-mimoso, cambu\u00ed e outras esp\u00e9cies v\u00e3o crescendo ali e d\u00e3o forma a um grande jardim para a regi\u00e3o.<\/p>\n<p>Localizado na conflu\u00eancia entre as rodovias DF-326 e DF-215, a 300 metros do Polo de Cinema Grande Otelo, o bosque ocupa uma \u00e1rea aberta de 15 mil metros quadrados. Ali, foram plantadas em torno de 800 mudas de \u00e1rvores t\u00edpicas do cerrado, e o per\u00edmetro foi isolado para evitar o acesso de ve\u00edculos. Alguns exemplares de ip\u00eas j\u00e1 atingem cerca de dois metros de altura. Mas, a expectativa \u00e9 que no anivers\u00e1rio de tr\u00eas anos o espa\u00e7o verde se consolide.<\/p>\n<p>\u201cAos tr\u00eas anos, j\u00e1 poderemos ver um pequeno bosque com esp\u00e9cies e floradas de cores diferentes no local\u201d, prev\u00ea o diretor do Departamento de Parques e Jardins (DPJ) da Novacap, Raimundo Silva. \u201cA Novacap faz o acompanhamento da \u00e1rea com o combate de pragas \u2013 como formiga e lagarta \u2013 e a ro\u00e7agem peri\u00f3dica para acompanhar o desenvolvimento.\u201d<\/p>\n<p>Uma planta invasora, chamada popularmente de margarid\u00e3o, tamb\u00e9m se espalhou no terreno \u2013 prova de que o solo est\u00e1 em dia. Morador de um assentamento pr\u00f3ximo, o agricultor Raimundo Caldeira, 60, conta que o local \u2018era horr\u00edvel\u2019: \u201cEra lixo por todo o terreno, at\u00e9 na beira do asfalto. Eu entendo um pouco de reflorestamento, e esses entulhos estavam acabando com o solo e pode contaminar o len\u00e7ol fre\u00e1tico\u201d, pontua. \u201cTodos n\u00f3s temos por obriga\u00e7\u00e3o sermos vigias desse lugar. Se encostar caminh\u00e3o com entulho, a gente j\u00e1 grita \u2018fiscaliza\u00e7\u00e3o\u2019!\u201d, diz, satisfeito.<\/p>\n<p><strong>Transforma\u00e7\u00e3o em jardim<\/strong><br \/>\nEm janeiro de 2022, uma for\u00e7a-tarefa do programa GDF Presente em parceria com a Novacap e a Administra\u00e7\u00e3o Regional de Sobradinho atuou na limpeza do local. O apurado, na ocasi\u00e3o, foram 3,5 mil toneladas de lixo retiradas. Os outros servi\u00e7os executados foram o cercamento, a prepara\u00e7\u00e3o do solo e plantio das mudas.<\/p>\n<p>Coordenador do Polo Norte do programa, Ronaldo Alves acompanhou cada detalhe da opera\u00e7\u00e3o e \u00e9 um entusiasta do Bosque dos Ip\u00eas. \u201cAvalio que foi a maior a\u00e7\u00e3o que o GDF Presente fez em rela\u00e7\u00e3o \u00e0 quest\u00e3o ambiental, ao recolhimento de res\u00edduos, que \u00e9 uma tarefa nossa\u201d, frisa.<\/p>\n<p>\u201cEra muito necess\u00e1rio que o lix\u00e3o do Polo de Cinema sumisse do mapa, assim como, no passado, foi fechado o Lix\u00e3o do Estrutural\u201d, diz. Com ajuda da administra\u00e7\u00e3o, os oper\u00e1rios do GDF Presente s\u00e3o outros a monitorarem o local. Olhos atentos quanto ao descarte irregular dentro e no per\u00edmetro do bosque, conforme o coordenador.<\/p>\n<p>Em visita recente ao jardim, o administrador de Sobradinho, Gutemberg Tosatte, elogia o local e lembra que a M\u00e3e Natureza \u00e9 \u2018generosa\u2019. \u201cS\u00f3 de pensar que depois de toneladas de entulhos, animais mortos retirados, ainda temos um solo que resistiu e veremos \u00e1rvores florirem\u201d, recorda. Tosatte refor\u00e7a o convite \u00e0 popula\u00e7\u00e3o para se conscientizar: \u201cTemos dois papa-entulhos do SLU em Sobradinho, um em Sobradinho II, al\u00e9m de v\u00e1rios papa-lixos. Tudo de uso gratuito. N\u00e3o h\u00e1 porqu\u00ea despejar lixo em \u00e1rea p\u00fablica\u201d.<\/p>\n","protected":false},"excerpt":{"rendered":"<p>O indesejado lix\u00e3o do Polo de Cinema, em Sobradinho, \u00e9 coisa do passado. \u00c1rea de descarte irregular conhecida e tamb\u00e9m combatida por muitos moradores, o espa\u00e7o abriga h\u00e1 um ano e meio o Bosque dos Ip\u00eas, que gera curiosidade por quem ali passa. \u00c1rvores t\u00edpicas do cerrado, como os belos ip\u00eas (de todas as cores), [&hellip;]<\/p>\n","protected":false},"author":2,"featured_media":306792,"comment_status":"closed","ping_status":"closed","sticky":false,"template":"","format":"standard","meta":{"_acf_changed":false,"footnotes":""},"categories":[161],"tags":[],"class_list":["post-306791","post","type-post","status-publish","format-standard","has-post-thumbnail","hentry","category-quadradinho-em-foco"],"acf":[],"yoast_head":"<!-- This site is optimized with the Yoast SEO plugin v27.2 - https:\/\/yoast.com\/product\/yoast-seo-wordpress\/ -->\n<title>Bosque dos Ip\u00eas vive, e as flores brotam - Notibras<\/title>\n<meta name=\"robots\" content=\"index, follow, max-snippet:-1, max-image-preview:large, max-video-preview:-1\" \/>\n<link rel=\"canonical\" href=\"https:\/\/www.notibras.com\/site\/bosque-dos-ipes-vive-e-as-flores-brotam\/\" \/>\n<meta property=\"og:locale\" content=\"pt_BR\" \/>\n<meta property=\"og:type\" content=\"article\" \/>\n<meta property=\"og:title\" content=\"Bosque dos Ip\u00eas vive, e as flores brotam - Notibras\" \/>\n<meta property=\"og:description\" content=\"O indesejado lix\u00e3o do Polo de Cinema, em Sobradinho, \u00e9 coisa do passado. \u00c1rea de descarte irregular conhecida e tamb\u00e9m combatida por muitos moradores, o espa\u00e7o abriga h\u00e1 um ano e meio o Bosque dos Ip\u00eas, que gera curiosidade por quem ali passa. \u00c1rvores t\u00edpicas do cerrado, como os belos ip\u00eas (de todas as cores), [&hellip;]\" \/>\n<meta property=\"og:url\" content=\"https:\/\/www.notibras.com\/site\/bosque-dos-ipes-vive-e-as-flores-brotam\/\" \/>\n<meta property=\"og:site_name\" content=\"Notibras\" \/>\n<meta property=\"article:publisher\" content=\"https:\/\/www.facebook.com\/notibras\/\" \/>\n<meta property=\"article:published_time\" content=\"2023-06-12T14:54:25+00:00\" \/>\n<meta property=\"og:image\" content=\"https:\/\/www.notibras.com\/site\/wp-content\/uploads\/2023\/06\/DENTRO-JRO_5878.jpg\" \/>\n\t<meta property=\"og:image:width\" content=\"1181\" \/>\n\t<meta property=\"og:image:height\" content=\"787\" \/>\n\t<meta property=\"og:image:type\" content=\"image\/jpeg\" \/>\n<meta name=\"author\" content=\"Reda\u00e7\u00e3o\" \/>\n<meta name=\"twitter:card\" content=\"summary_large_image\" \/>\n<meta name=\"twitter:creator\" content=\"@Notibras\" \/>\n<meta name=\"twitter:site\" content=\"@Notibras\" \/>\n<meta name=\"twitter:label1\" content=\"Escrito por\" \/>\n\t<meta name=\"twitter:data1\" content=\"Reda\u00e7\u00e3o\" \/>\n\t<meta name=\"twitter:label2\" content=\"Est. tempo de leitura\" \/>\n\t<meta name=\"twitter:data2\" content=\"3 minutos\" \/>\n<script type=\"application\/ld+json\" class=\"yoast-schema-graph\">{\"@context\":\"https:\/\/schema.org\",\"@graph\":[{\"@type\":\"Article\",\"@id\":\"https:\/\/www.notibras.com\/site\/bosque-dos-ipes-vive-e-as-flores-brotam\/#article\",\"isPartOf\":{\"@id\":\"https:\/\/www.notibras.com\/site\/bosque-dos-ipes-vive-e-as-flores-brotam\/\"},\"author\":{\"name\":\"Reda\u00e7\u00e3o\",\"@id\":\"https:\/\/www.notibras.com\/site\/#\/schema\/person\/36ab0979449956132d3e5b517ea76ac8\"},\"headline\":\"Bosque dos Ip\u00eas vive, e as flores brotam\",\"datePublished\":\"2023-06-12T14:54:25+00:00\",\"mainEntityOfPage\":{\"@id\":\"https:\/\/www.notibras.com\/site\/bosque-dos-ipes-vive-e-as-flores-brotam\/\"},\"wordCount\":590,\"publisher\":{\"@id\":\"https:\/\/www.notibras.com\/site\/#organization\"},\"image\":{\"@id\":\"https:\/\/www.notibras.com\/site\/bosque-dos-ipes-vive-e-as-flores-brotam\/#primaryimage\"},\"thumbnailUrl\":\"https:\/\/www.notibras.com\/site\/wp-content\/uploads\/2023\/06\/DENTRO-JRO_5878.jpg\",\"articleSection\":[\"Quadradinho em Foco\"],\"inLanguage\":\"pt-BR\"},{\"@type\":\"WebPage\",\"@id\":\"https:\/\/www.notibras.com\/site\/bosque-dos-ipes-vive-e-as-flores-brotam\/\",\"url\":\"https:\/\/www.notibras.com\/site\/bosque-dos-ipes-vive-e-as-flores-brotam\/\",\"name\":\"Bosque dos Ip\u00eas vive, e as flores brotam - Notibras\",\"isPartOf\":{\"@id\":\"https:\/\/www.notibras.com\/site\/#website\"},\"primaryImageOfPage\":{\"@id\":\"https:\/\/www.notibras.com\/site\/bosque-dos-ipes-vive-e-as-flores-brotam\/#primaryimage\"},\"image\":{\"@id\":\"https:\/\/www.notibras.com\/site\/bosque-dos-ipes-vive-e-as-flores-brotam\/#primaryimage\"},\"thumbnailUrl\":\"https:\/\/www.notibras.com\/site\/wp-content\/uploads\/2023\/06\/DENTRO-JRO_5878.jpg\",\"datePublished\":\"2023-06-12T14:54:25+00:00\",\"breadcrumb\":{\"@id\":\"https:\/\/www.notibras.com\/site\/bosque-dos-ipes-vive-e-as-flores-brotam\/#breadcrumb\"},\"inLanguage\":\"pt-BR\",\"potentialAction\":[{\"@type\":\"ReadAction\",\"target\":[\"https:\/\/www.notibras.com\/site\/bosque-dos-ipes-vive-e-as-flores-brotam\/\"]}]},{\"@type\":\"ImageObject\",\"inLanguage\":\"pt-BR\",\"@id\":\"https:\/\/www.notibras.com\/site\/bosque-dos-ipes-vive-e-as-flores-brotam\/#primaryimage\",\"url\":\"https:\/\/www.notibras.com\/site\/wp-content\/uploads\/2023\/06\/DENTRO-JRO_5878.jpg\",\"contentUrl\":\"https:\/\/www.notibras.com\/site\/wp-content\/uploads\/2023\/06\/DENTRO-JRO_5878.jpg\",\"width\":1181,\"height\":787},{\"@type\":\"BreadcrumbList\",\"@id\":\"https:\/\/www.notibras.com\/site\/bosque-dos-ipes-vive-e-as-flores-brotam\/#breadcrumb\",\"itemListElement\":[{\"@type\":\"ListItem\",\"position\":1,\"name\":\"In\u00edcio\",\"item\":\"https:\/\/www.notibras.com\/site\/\"},{\"@type\":\"ListItem\",\"position\":2,\"name\":\"Bosque dos Ip\u00eas vive, e as flores brotam\"}]},{\"@type\":\"WebSite\",\"@id\":\"https:\/\/www.notibras.com\/site\/#website\",\"url\":\"https:\/\/www.notibras.com\/site\/\",\"name\":\"Notibras\",\"description\":\"Not\u00edcias de Bras\u00edlia, do Brasil e do Mundo\",\"publisher\":{\"@id\":\"https:\/\/www.notibras.com\/site\/#organization\"},\"potentialAction\":[{\"@type\":\"SearchAction\",\"target\":{\"@type\":\"EntryPoint\",\"urlTemplate\":\"https:\/\/www.notibras.com\/site\/?s={search_term_string}\"},\"query-input\":{\"@type\":\"PropertyValueSpecification\",\"valueRequired\":true,\"valueName\":\"search_term_string\"}}],\"inLanguage\":\"pt-BR\"},{\"@type\":\"Organization\",\"@id\":\"https:\/\/www.notibras.com\/site\/#organization\",\"name\":\"Grupo Notibras de Comunica\u00e7\u00e3o\",\"url\":\"https:\/\/www.notibras.com\/site\/\",\"logo\":{\"@type\":\"ImageObject\",\"inLanguage\":\"pt-BR\",\"@id\":\"https:\/\/www.notibras.com\/site\/#\/schema\/logo\/image\/\",\"url\":\"https:\/\/www.notibras.com\/site\/wp-content\/uploads\/2023\/01\/notibras23.png\",\"contentUrl\":\"https:\/\/www.notibras.com\/site\/wp-content\/uploads\/2023\/01\/notibras23.png\",\"width\":350,\"height\":87,\"caption\":\"Grupo Notibras de Comunica\u00e7\u00e3o\"},\"image\":{\"@id\":\"https:\/\/www.notibras.com\/site\/#\/schema\/logo\/image\/\"},\"sameAs\":[\"https:\/\/www.facebook.com\/notibras\/\",\"https:\/\/x.com\/Notibras\",\"https:\/\/www.instagram.com\/notibras\/\"]},{\"@type\":\"Person\",\"@id\":\"https:\/\/www.notibras.com\/site\/#\/schema\/person\/36ab0979449956132d3e5b517ea76ac8\",\"name\":\"Reda\u00e7\u00e3o\",\"image\":{\"@type\":\"ImageObject\",\"inLanguage\":\"pt-BR\",\"@id\":\"https:\/\/secure.gravatar.com\/avatar\/e0a867bdedb85fd243eadf09663511f96fc81e0720a4a42581f334ad4303aa6b?s=96&d=mm&r=g\",\"url\":\"https:\/\/secure.gravatar.com\/avatar\/e0a867bdedb85fd243eadf09663511f96fc81e0720a4a42581f334ad4303aa6b?s=96&d=mm&r=g\",\"contentUrl\":\"https:\/\/secure.gravatar.com\/avatar\/e0a867bdedb85fd243eadf09663511f96fc81e0720a4a42581f334ad4303aa6b?s=96&d=mm&r=g\",\"caption\":\"Reda\u00e7\u00e3o\"}}]}<\/script>\n<!-- \/ Yoast SEO plugin. -->","yoast_head_json":{"title":"Bosque dos Ip\u00eas vive, e as flores brotam - Notibras","robots":{"index":"index","follow":"follow","max-snippet":"max-snippet:-1","max-image-preview":"max-image-preview:large","max-video-preview":"max-video-preview:-1"},"canonical":"https:\/\/www.notibras.com\/site\/bosque-dos-ipes-vive-e-as-flores-brotam\/","og_locale":"pt_BR","og_type":"article","og_title":"Bosque dos Ip\u00eas vive, e as flores brotam - Notibras","og_description":"O indesejado lix\u00e3o do Polo de Cinema, em Sobradinho, \u00e9 coisa do passado. \u00c1rea de descarte irregular conhecida e tamb\u00e9m combatida por muitos moradores, o espa\u00e7o abriga h\u00e1 um ano e meio o Bosque dos Ip\u00eas, que gera curiosidade por quem ali passa. \u00c1rvores t\u00edpicas do cerrado, como os belos ip\u00eas (de todas as cores), [&hellip;]","og_url":"https:\/\/www.notibras.com\/site\/bosque-dos-ipes-vive-e-as-flores-brotam\/","og_site_name":"Notibras","article_publisher":"https:\/\/www.facebook.com\/notibras\/","article_published_time":"2023-06-12T14:54:25+00:00","og_image":[{"width":1181,"height":787,"url":"https:\/\/www.notibras.com\/site\/wp-content\/uploads\/2023\/06\/DENTRO-JRO_5878.jpg","type":"image\/jpeg"}],"author":"Reda\u00e7\u00e3o","twitter_card":"summary_large_image","twitter_creator":"@Notibras","twitter_site":"@Notibras","twitter_misc":{"Escrito por":"Reda\u00e7\u00e3o","Est. tempo de leitura":"3 minutos"},"schema":{"@context":"https:\/\/schema.org","@graph":[{"@type":"Article","@id":"https:\/\/www.notibras.com\/site\/bosque-dos-ipes-vive-e-as-flores-brotam\/#article","isPartOf":{"@id":"https:\/\/www.notibras.com\/site\/bosque-dos-ipes-vive-e-as-flores-brotam\/"},"author":{"name":"Reda\u00e7\u00e3o","@id":"https:\/\/www.notibras.com\/site\/#\/schema\/person\/36ab0979449956132d3e5b517ea76ac8"},"headline":"Bosque dos Ip\u00eas vive, e as flores brotam","datePublished":"2023-06-12T14:54:25+00:00","mainEntityOfPage":{"@id":"https:\/\/www.notibras.com\/site\/bosque-dos-ipes-vive-e-as-flores-brotam\/"},"wordCount":590,"publisher":{"@id":"https:\/\/www.notibras.com\/site\/#organization"},"image":{"@id":"https:\/\/www.notibras.com\/site\/bosque-dos-ipes-vive-e-as-flores-brotam\/#primaryimage"},"thumbnailUrl":"https:\/\/www.notibras.com\/site\/wp-content\/uploads\/2023\/06\/DENTRO-JRO_5878.jpg","articleSection":["Quadradinho em Foco"],"inLanguage":"pt-BR"},{"@type":"WebPage","@id":"https:\/\/www.notibras.com\/site\/bosque-dos-ipes-vive-e-as-flores-brotam\/","url":"https:\/\/www.notibras.com\/site\/bosque-dos-ipes-vive-e-as-flores-brotam\/","name":"Bosque dos Ip\u00eas vive, e as flores brotam - Notibras","isPartOf":{"@id":"https:\/\/www.notibras.com\/site\/#website"},"primaryImageOfPage":{"@id":"https:\/\/www.notibras.com\/site\/bosque-dos-ipes-vive-e-as-flores-brotam\/#primaryimage"},"image":{"@id":"https:\/\/www.notibras.com\/site\/bosque-dos-ipes-vive-e-as-flores-brotam\/#primaryimage"},"thumbnailUrl":"https:\/\/www.notibras.com\/site\/wp-content\/uploads\/2023\/06\/DENTRO-JRO_5878.jpg","datePublished":"2023-06-12T14:54:25+00:00","breadcrumb":{"@id":"https:\/\/www.notibras.com\/site\/bosque-dos-ipes-vive-e-as-flores-brotam\/#breadcrumb"},"inLanguage":"pt-BR","potentialAction":[{"@type":"ReadAction","target":["https:\/\/www.notibras.com\/site\/bosque-dos-ipes-vive-e-as-flores-brotam\/"]}]},{"@type":"ImageObject","inLanguage":"pt-BR","@id":"https:\/\/www.notibras.com\/site\/bosque-dos-ipes-vive-e-as-flores-brotam\/#primaryimage","url":"https:\/\/www.notibras.com\/site\/wp-content\/uploads\/2023\/06\/DENTRO-JRO_5878.jpg","contentUrl":"https:\/\/www.notibras.com\/site\/wp-content\/uploads\/2023\/06\/DENTRO-JRO_5878.jpg","width":1181,"height":787},{"@type":"BreadcrumbList","@id":"https:\/\/www.notibras.com\/site\/bosque-dos-ipes-vive-e-as-flores-brotam\/#breadcrumb","itemListElement":[{"@type":"ListItem","position":1,"name":"In\u00edcio","item":"https:\/\/www.notibras.com\/site\/"},{"@type":"ListItem","position":2,"name":"Bosque dos Ip\u00eas vive, e as flores brotam"}]},{"@type":"WebSite","@id":"https:\/\/www.notibras.com\/site\/#website","url":"https:\/\/www.notibras.com\/site\/","name":"Notibras","description":"Not\u00edcias de Bras\u00edlia, do Brasil e do Mundo","publisher":{"@id":"https:\/\/www.notibras.com\/site\/#organization"},"potentialAction":[{"@type":"SearchAction","target":{"@type":"EntryPoint","urlTemplate":"https:\/\/www.notibras.com\/site\/?s={search_term_string}"},"query-input":{"@type":"PropertyValueSpecification","valueRequired":true,"valueName":"search_term_string"}}],"inLanguage":"pt-BR"},{"@type":"Organization","@id":"https:\/\/www.notibras.com\/site\/#organization","name":"Grupo Notibras de Comunica\u00e7\u00e3o","url":"https:\/\/www.notibras.com\/site\/","logo":{"@type":"ImageObject","inLanguage":"pt-BR","@id":"https:\/\/www.notibras.com\/site\/#\/schema\/logo\/image\/","url":"https:\/\/www.notibras.com\/site\/wp-content\/uploads\/2023\/01\/notibras23.png","contentUrl":"https:\/\/www.notibras.com\/site\/wp-content\/uploads\/2023\/01\/notibras23.png","width":350,"height":87,"caption":"Grupo Notibras de Comunica\u00e7\u00e3o"},"image":{"@id":"https:\/\/www.notibras.com\/site\/#\/schema\/logo\/image\/"},"sameAs":["https:\/\/www.facebook.com\/notibras\/","https:\/\/x.com\/Notibras","https:\/\/www.instagram.com\/notibras\/"]},{"@type":"Person","@id":"https:\/\/www.notibras.com\/site\/#\/schema\/person\/36ab0979449956132d3e5b517ea76ac8","name":"Reda\u00e7\u00e3o","image":{"@type":"ImageObject","inLanguage":"pt-BR","@id":"https:\/\/secure.gravatar.com\/avatar\/e0a867bdedb85fd243eadf09663511f96fc81e0720a4a42581f334ad4303aa6b?s=96&d=mm&r=g","url":"https:\/\/secure.gravatar.com\/avatar\/e0a867bdedb85fd243eadf09663511f96fc81e0720a4a42581f334ad4303aa6b?s=96&d=mm&r=g","contentUrl":"https:\/\/secure.gravatar.com\/avatar\/e0a867bdedb85fd243eadf09663511f96fc81e0720a4a42581f334ad4303aa6b?s=96&d=mm&r=g","caption":"Reda\u00e7\u00e3o"}}]}},"amp_enabled":true,"_links":{"self":[{"href":"https:\/\/www.notibras.com\/site\/wp-json\/wp\/v2\/posts\/306791","targetHints":{"allow":["GET"]}}],"collection":[{"href":"https:\/\/www.notibras.com\/site\/wp-json\/wp\/v2\/posts"}],"about":[{"href":"https:\/\/www.notibras.com\/site\/wp-json\/wp\/v2\/types\/post"}],"author":[{"embeddable":true,"href":"https:\/\/www.notibras.com\/site\/wp-json\/wp\/v2\/users\/2"}],"replies":[{"embeddable":true,"href":"https:\/\/www.notibras.com\/site\/wp-json\/wp\/v2\/comments?post=306791"}],"version-history":[{"count":1,"href":"https:\/\/www.notibras.com\/site\/wp-json\/wp\/v2\/posts\/306791\/revisions"}],"predecessor-version":[{"id":306793,"href":"https:\/\/www.notibras.com\/site\/wp-json\/wp\/v2\/posts\/306791\/revisions\/306793"}],"wp:featuredmedia":[{"embeddable":true,"href":"https:\/\/www.notibras.com\/site\/wp-json\/wp\/v2\/media\/306792"}],"wp:attachment":[{"href":"https:\/\/www.notibras.com\/site\/wp-json\/wp\/v2\/media?parent=306791"}],"wp:term":[{"taxonomy":"category","embeddable":true,"href":"https:\/\/www.notibras.com\/site\/wp-json\/wp\/v2\/categories?post=306791"},{"taxonomy":"post_tag","embeddable":true,"href":"https:\/\/www.notibras.com\/site\/wp-json\/wp\/v2\/tags?post=306791"}],"curies":[{"name":"wp","href":"https:\/\/api.w.org\/{rel}","templated":true}]}}