{"id":306794,"date":"2023-06-12T09:59:10","date_gmt":"2023-06-12T12:59:10","guid":{"rendered":"https:\/\/www.notibras.com\/site\/?p=306794"},"modified":"2023-06-12T12:02:31","modified_gmt":"2023-06-12T15:02:31","slug":"casos-de-acidentes-com-escorpioes-aumentam-45","status":"publish","type":"post","link":"https:\/\/www.notibras.com\/site\/casos-de-acidentes-com-escorpioes-aumentam-45\/","title":{"rendered":"Casos de acidentes com escorpi\u00f5es aumentam 45%"},"content":{"rendered":"<p>Em janeiro deste ano, o pequeno Thomas, de 2 anos, ficou cem dias internado na Unidade de Terapia Intensiva (UTI) ap\u00f3s ter sido picado por um escorpi\u00e3o na noite de ano-novo. Dados epidemiol\u00f3gicos da Ger\u00eancia de Vigil\u00e2ncia das Doen\u00e7as Imunopreven\u00edveis e de Transmiss\u00e3o H\u00eddrica e Alimentar (Gevitha) da Secretaria de Sa\u00fade (SES) apontam que casos como esse aumentaram em 45% neste ano. Entre janeiro e maio, houve 1.134 ocorr\u00eancias.<\/p>\n<p>No mesmo per\u00edodo de 2022, foram registrados 780 acidentes desse tipo. De acordo com a Diretoria de Vigil\u00e2ncia Ambiental (Dival) da SES, foram feitos 899 chamados para captura de escorpi\u00e3o entre janeiro e maio de 2022, enquanto no mesmo per\u00edodo deste ano o n\u00famero j\u00e1 chegou a 1.222, um aumento de 35%.<\/p>\n<p>\u201cDe modo geral, tem crescido bastante o n\u00famero de casos nos \u00faltimos anos n\u00e3o s\u00f3 no DF, mas no pa\u00eds inteiro\u201d, atenta o bi\u00f3logo Israel Moura, da Dival. \u201cSa\u00edmos de 400 ou 500 casos para mais de 2 mil\u201d. Pontos como a ocupa\u00e7\u00e3o irregular do solo e mudan\u00e7as clim\u00e1ticas contribuem para o surgimento de escorpi\u00f5es e, consequentemente, para o aumento no n\u00famero de acidentes.<\/p>\n<p>Escorpi\u00f5es costumam se esconder em ambientes escuros e \u00famidos durante o dia. \u00c0 noite, saem em busca de alimentos, principalmente baratas. Por isso, \u00e9 importante prestar aten\u00e7\u00e3o aos espa\u00e7os onde o animal se esconde \u2013 como entulhos, ralos, caixas de esgoto \u2013 e providenciar barreiras. Isso significa fechar ralos de banheiros, tanques e pias, vedar frestas em paredes, muros, rodap\u00e9s, janelas e portas, al\u00e9m de utilizar borracha de veda\u00e7\u00e3o ou rolos de areias nas portas.<\/p>\n<p>Uso de inseticidas \u00e9 desaconselh\u00e1vel, pois o produto, em vez de matar, pode apenas expulsar o animal do esconderijo<br \/>\nUm ponto essencial \u00e9 manter a moradia e os quintais sempre limpos e sem entulho, al\u00e9m de combater a prolifera\u00e7\u00e3o de baratas e fazer faxinas frequentes atr\u00e1s de m\u00f3veis e eletrodom\u00e9sticos, dando aten\u00e7\u00e3o especial a sof\u00e1s, camas, roupas e sapatos.<\/p>\n<p>Caso um escorpi\u00e3o seja encontrado na resid\u00eancia, \u00e9 necess\u00e1rio comunicar \u00e0 Vigil\u00e2ncia Ambiental por meio dos n\u00fameros 160 e (61) 2017-1344 ou ainda pelo e-mail gevapac.dival@gmail.com. Uma equipe ser\u00e1 enviada para capturar o animal.<\/p>\n<p>\u201cNos locais onde h\u00e1 pessoas mais vulner\u00e1veis, como escolas, asilos, unidades de sa\u00fade, fazemos visitas rotineiras; j\u00e1 nas resid\u00eancias, somos acionados pelo morador e uma equipe vai at\u00e9 o local na tentativa de coletar o escorpi\u00e3o ou explicar como as pessoas podem proceder\u201d, explica Israel Moura.<\/p>\n<p>O bi\u00f3logo lembra que o uso de inseticida n\u00e3o \u00e9 recomendado, uma vez que n\u00e3o h\u00e1 comprova\u00e7\u00f5es de que o produto funcione contra escorpi\u00f5es em ambientes urbanos. \u201cSeu uso pode, inclusive, facilitar o acidente, pois, em vez de matar, apenas expulsa o animal de seu esconderijo\u201d, alerta.<\/p>\n<p><strong>Como proceder<\/strong><br \/>\nNo DF, a SES disponibiliza os servi\u00e7os do Centro de Informa\u00e7\u00e3o e Assist\u00eancia Toxicol\u00f3gica (CIATox), por meio dos n\u00fameros 0800 644 6774 ou 0800 722 6001. As equipes auxiliam com informa\u00e7\u00f5es sobre os primeiros cuidados.<\/p>\n<p>Recomenda-se lavar o local da picada com \u00e1gua e sab\u00e3o e procurar um pronto-socorro para realizar avalia\u00e7\u00e3o m\u00e9dica. Se poss\u00edvel, capturar o animal ou tirar fotos para identifica\u00e7\u00e3o. O profissional da sa\u00fade vai observar se \u00e9 um caso leve ou se h\u00e1 a necessidade de utilizar um soro antiescorpi\u00f4nico.<\/p>\n","protected":false},"excerpt":{"rendered":"<p>Em janeiro deste ano, o pequeno Thomas, de 2 anos, ficou cem dias internado na Unidade de Terapia Intensiva (UTI) ap\u00f3s ter sido picado por um escorpi\u00e3o na noite de ano-novo. Dados epidemiol\u00f3gicos da Ger\u00eancia de Vigil\u00e2ncia das Doen\u00e7as Imunopreven\u00edveis e de Transmiss\u00e3o H\u00eddrica e Alimentar (Gevitha) da Secretaria de Sa\u00fade (SES) apontam que casos [&hellip;]<\/p>\n","protected":false},"author":2,"featured_media":306795,"comment_status":"closed","ping_status":"closed","sticky":false,"template":"","format":"standard","meta":{"_acf_changed":false,"footnotes":""},"categories":[161],"tags":[],"class_list":["post-306794","post","type-post","status-publish","format-standard","has-post-thumbnail","hentry","category-quadradinho-em-foco"],"acf":[],"yoast_head":"<!-- This site is optimized with the Yoast SEO plugin v27.2 - https:\/\/yoast.com\/product\/yoast-seo-wordpress\/ -->\n<title>Casos de acidentes com escorpi\u00f5es aumentam 45% - Notibras<\/title>\n<meta name=\"robots\" content=\"index, follow, max-snippet:-1, max-image-preview:large, max-video-preview:-1\" \/>\n<link rel=\"canonical\" href=\"https:\/\/www.notibras.com\/site\/casos-de-acidentes-com-escorpioes-aumentam-45\/\" \/>\n<meta property=\"og:locale\" content=\"pt_BR\" \/>\n<meta property=\"og:type\" content=\"article\" \/>\n<meta property=\"og:title\" content=\"Casos de acidentes com escorpi\u00f5es aumentam 45% - Notibras\" \/>\n<meta property=\"og:description\" content=\"Em janeiro deste ano, o pequeno Thomas, de 2 anos, ficou cem dias internado na Unidade de Terapia Intensiva (UTI) ap\u00f3s ter sido picado por um escorpi\u00e3o na noite de ano-novo. Dados epidemiol\u00f3gicos da Ger\u00eancia de Vigil\u00e2ncia das Doen\u00e7as Imunopreven\u00edveis e de Transmiss\u00e3o H\u00eddrica e Alimentar (Gevitha) da Secretaria de Sa\u00fade (SES) apontam que casos [&hellip;]\" \/>\n<meta property=\"og:url\" content=\"https:\/\/www.notibras.com\/site\/casos-de-acidentes-com-escorpioes-aumentam-45\/\" \/>\n<meta property=\"og:site_name\" content=\"Notibras\" \/>\n<meta property=\"article:publisher\" content=\"https:\/\/www.facebook.com\/notibras\/\" \/>\n<meta property=\"article:published_time\" content=\"2023-06-12T12:59:10+00:00\" \/>\n<meta property=\"article:modified_time\" content=\"2023-06-12T15:02:31+00:00\" \/>\n<meta property=\"og:image\" content=\"https:\/\/www.notibras.com\/site\/wp-content\/uploads\/2023\/06\/10.6.-Escorpioes.-Foto-Tony_Winston-Agencia-Saude4-1536x1025-1.jpeg\" \/>\n\t<meta property=\"og:image:width\" content=\"1536\" \/>\n\t<meta property=\"og:image:height\" content=\"1025\" \/>\n\t<meta property=\"og:image:type\" content=\"image\/jpeg\" \/>\n<meta name=\"author\" content=\"Reda\u00e7\u00e3o\" \/>\n<meta name=\"twitter:card\" content=\"summary_large_image\" \/>\n<meta name=\"twitter:creator\" content=\"@Notibras\" \/>\n<meta name=\"twitter:site\" content=\"@Notibras\" \/>\n<meta name=\"twitter:label1\" content=\"Escrito por\" \/>\n\t<meta name=\"twitter:data1\" content=\"Reda\u00e7\u00e3o\" \/>\n\t<meta name=\"twitter:label2\" content=\"Est. tempo de leitura\" \/>\n\t<meta name=\"twitter:data2\" content=\"3 minutos\" \/>\n<script type=\"application\/ld+json\" class=\"yoast-schema-graph\">{\"@context\":\"https:\/\/schema.org\",\"@graph\":[{\"@type\":\"Article\",\"@id\":\"https:\/\/www.notibras.com\/site\/casos-de-acidentes-com-escorpioes-aumentam-45\/#article\",\"isPartOf\":{\"@id\":\"https:\/\/www.notibras.com\/site\/casos-de-acidentes-com-escorpioes-aumentam-45\/\"},\"author\":{\"name\":\"Reda\u00e7\u00e3o\",\"@id\":\"https:\/\/www.notibras.com\/site\/#\/schema\/person\/36ab0979449956132d3e5b517ea76ac8\"},\"headline\":\"Casos de acidentes com escorpi\u00f5es aumentam 45%\",\"datePublished\":\"2023-06-12T12:59:10+00:00\",\"dateModified\":\"2023-06-12T15:02:31+00:00\",\"mainEntityOfPage\":{\"@id\":\"https:\/\/www.notibras.com\/site\/casos-de-acidentes-com-escorpioes-aumentam-45\/\"},\"wordCount\":579,\"publisher\":{\"@id\":\"https:\/\/www.notibras.com\/site\/#organization\"},\"image\":{\"@id\":\"https:\/\/www.notibras.com\/site\/casos-de-acidentes-com-escorpioes-aumentam-45\/#primaryimage\"},\"thumbnailUrl\":\"https:\/\/www.notibras.com\/site\/wp-content\/uploads\/2023\/06\/10.6.-Escorpioes.-Foto-Tony_Winston-Agencia-Saude4-1536x1025-1.jpeg\",\"articleSection\":[\"Quadradinho em Foco\"],\"inLanguage\":\"pt-BR\"},{\"@type\":\"WebPage\",\"@id\":\"https:\/\/www.notibras.com\/site\/casos-de-acidentes-com-escorpioes-aumentam-45\/\",\"url\":\"https:\/\/www.notibras.com\/site\/casos-de-acidentes-com-escorpioes-aumentam-45\/\",\"name\":\"Casos de acidentes com escorpi\u00f5es aumentam 45% - Notibras\",\"isPartOf\":{\"@id\":\"https:\/\/www.notibras.com\/site\/#website\"},\"primaryImageOfPage\":{\"@id\":\"https:\/\/www.notibras.com\/site\/casos-de-acidentes-com-escorpioes-aumentam-45\/#primaryimage\"},\"image\":{\"@id\":\"https:\/\/www.notibras.com\/site\/casos-de-acidentes-com-escorpioes-aumentam-45\/#primaryimage\"},\"thumbnailUrl\":\"https:\/\/www.notibras.com\/site\/wp-content\/uploads\/2023\/06\/10.6.-Escorpioes.-Foto-Tony_Winston-Agencia-Saude4-1536x1025-1.jpeg\",\"datePublished\":\"2023-06-12T12:59:10+00:00\",\"dateModified\":\"2023-06-12T15:02:31+00:00\",\"breadcrumb\":{\"@id\":\"https:\/\/www.notibras.com\/site\/casos-de-acidentes-com-escorpioes-aumentam-45\/#breadcrumb\"},\"inLanguage\":\"pt-BR\",\"potentialAction\":[{\"@type\":\"ReadAction\",\"target\":[\"https:\/\/www.notibras.com\/site\/casos-de-acidentes-com-escorpioes-aumentam-45\/\"]}]},{\"@type\":\"ImageObject\",\"inLanguage\":\"pt-BR\",\"@id\":\"https:\/\/www.notibras.com\/site\/casos-de-acidentes-com-escorpioes-aumentam-45\/#primaryimage\",\"url\":\"https:\/\/www.notibras.com\/site\/wp-content\/uploads\/2023\/06\/10.6.-Escorpioes.-Foto-Tony_Winston-Agencia-Saude4-1536x1025-1.jpeg\",\"contentUrl\":\"https:\/\/www.notibras.com\/site\/wp-content\/uploads\/2023\/06\/10.6.-Escorpioes.-Foto-Tony_Winston-Agencia-Saude4-1536x1025-1.jpeg\",\"width\":1536,\"height\":1025},{\"@type\":\"BreadcrumbList\",\"@id\":\"https:\/\/www.notibras.com\/site\/casos-de-acidentes-com-escorpioes-aumentam-45\/#breadcrumb\",\"itemListElement\":[{\"@type\":\"ListItem\",\"position\":1,\"name\":\"In\u00edcio\",\"item\":\"https:\/\/www.notibras.com\/site\/\"},{\"@type\":\"ListItem\",\"position\":2,\"name\":\"Casos de acidentes com escorpi\u00f5es aumentam 45%\"}]},{\"@type\":\"WebSite\",\"@id\":\"https:\/\/www.notibras.com\/site\/#website\",\"url\":\"https:\/\/www.notibras.com\/site\/\",\"name\":\"Notibras\",\"description\":\"Not\u00edcias de Bras\u00edlia, do Brasil e do Mundo\",\"publisher\":{\"@id\":\"https:\/\/www.notibras.com\/site\/#organization\"},\"potentialAction\":[{\"@type\":\"SearchAction\",\"target\":{\"@type\":\"EntryPoint\",\"urlTemplate\":\"https:\/\/www.notibras.com\/site\/?s={search_term_string}\"},\"query-input\":{\"@type\":\"PropertyValueSpecification\",\"valueRequired\":true,\"valueName\":\"search_term_string\"}}],\"inLanguage\":\"pt-BR\"},{\"@type\":\"Organization\",\"@id\":\"https:\/\/www.notibras.com\/site\/#organization\",\"name\":\"Grupo Notibras de Comunica\u00e7\u00e3o\",\"url\":\"https:\/\/www.notibras.com\/site\/\",\"logo\":{\"@type\":\"ImageObject\",\"inLanguage\":\"pt-BR\",\"@id\":\"https:\/\/www.notibras.com\/site\/#\/schema\/logo\/image\/\",\"url\":\"https:\/\/www.notibras.com\/site\/wp-content\/uploads\/2023\/01\/notibras23.png\",\"contentUrl\":\"https:\/\/www.notibras.com\/site\/wp-content\/uploads\/2023\/01\/notibras23.png\",\"width\":350,\"height\":87,\"caption\":\"Grupo Notibras de Comunica\u00e7\u00e3o\"},\"image\":{\"@id\":\"https:\/\/www.notibras.com\/site\/#\/schema\/logo\/image\/\"},\"sameAs\":[\"https:\/\/www.facebook.com\/notibras\/\",\"https:\/\/x.com\/Notibras\",\"https:\/\/www.instagram.com\/notibras\/\"]},{\"@type\":\"Person\",\"@id\":\"https:\/\/www.notibras.com\/site\/#\/schema\/person\/36ab0979449956132d3e5b517ea76ac8\",\"name\":\"Reda\u00e7\u00e3o\",\"image\":{\"@type\":\"ImageObject\",\"inLanguage\":\"pt-BR\",\"@id\":\"https:\/\/secure.gravatar.com\/avatar\/e0a867bdedb85fd243eadf09663511f96fc81e0720a4a42581f334ad4303aa6b?s=96&d=mm&r=g\",\"url\":\"https:\/\/secure.gravatar.com\/avatar\/e0a867bdedb85fd243eadf09663511f96fc81e0720a4a42581f334ad4303aa6b?s=96&d=mm&r=g\",\"contentUrl\":\"https:\/\/secure.gravatar.com\/avatar\/e0a867bdedb85fd243eadf09663511f96fc81e0720a4a42581f334ad4303aa6b?s=96&d=mm&r=g\",\"caption\":\"Reda\u00e7\u00e3o\"}}]}<\/script>\n<!-- \/ Yoast SEO plugin. -->","yoast_head_json":{"title":"Casos de acidentes com escorpi\u00f5es aumentam 45% - Notibras","robots":{"index":"index","follow":"follow","max-snippet":"max-snippet:-1","max-image-preview":"max-image-preview:large","max-video-preview":"max-video-preview:-1"},"canonical":"https:\/\/www.notibras.com\/site\/casos-de-acidentes-com-escorpioes-aumentam-45\/","og_locale":"pt_BR","og_type":"article","og_title":"Casos de acidentes com escorpi\u00f5es aumentam 45% - Notibras","og_description":"Em janeiro deste ano, o pequeno Thomas, de 2 anos, ficou cem dias internado na Unidade de Terapia Intensiva (UTI) ap\u00f3s ter sido picado por um escorpi\u00e3o na noite de ano-novo. Dados epidemiol\u00f3gicos da Ger\u00eancia de Vigil\u00e2ncia das Doen\u00e7as Imunopreven\u00edveis e de Transmiss\u00e3o H\u00eddrica e Alimentar (Gevitha) da Secretaria de Sa\u00fade (SES) apontam que casos [&hellip;]","og_url":"https:\/\/www.notibras.com\/site\/casos-de-acidentes-com-escorpioes-aumentam-45\/","og_site_name":"Notibras","article_publisher":"https:\/\/www.facebook.com\/notibras\/","article_published_time":"2023-06-12T12:59:10+00:00","article_modified_time":"2023-06-12T15:02:31+00:00","og_image":[{"width":1536,"height":1025,"url":"https:\/\/www.notibras.com\/site\/wp-content\/uploads\/2023\/06\/10.6.-Escorpioes.-Foto-Tony_Winston-Agencia-Saude4-1536x1025-1.jpeg","type":"image\/jpeg"}],"author":"Reda\u00e7\u00e3o","twitter_card":"summary_large_image","twitter_creator":"@Notibras","twitter_site":"@Notibras","twitter_misc":{"Escrito por":"Reda\u00e7\u00e3o","Est. tempo de leitura":"3 minutos"},"schema":{"@context":"https:\/\/schema.org","@graph":[{"@type":"Article","@id":"https:\/\/www.notibras.com\/site\/casos-de-acidentes-com-escorpioes-aumentam-45\/#article","isPartOf":{"@id":"https:\/\/www.notibras.com\/site\/casos-de-acidentes-com-escorpioes-aumentam-45\/"},"author":{"name":"Reda\u00e7\u00e3o","@id":"https:\/\/www.notibras.com\/site\/#\/schema\/person\/36ab0979449956132d3e5b517ea76ac8"},"headline":"Casos de acidentes com escorpi\u00f5es aumentam 45%","datePublished":"2023-06-12T12:59:10+00:00","dateModified":"2023-06-12T15:02:31+00:00","mainEntityOfPage":{"@id":"https:\/\/www.notibras.com\/site\/casos-de-acidentes-com-escorpioes-aumentam-45\/"},"wordCount":579,"publisher":{"@id":"https:\/\/www.notibras.com\/site\/#organization"},"image":{"@id":"https:\/\/www.notibras.com\/site\/casos-de-acidentes-com-escorpioes-aumentam-45\/#primaryimage"},"thumbnailUrl":"https:\/\/www.notibras.com\/site\/wp-content\/uploads\/2023\/06\/10.6.-Escorpioes.-Foto-Tony_Winston-Agencia-Saude4-1536x1025-1.jpeg","articleSection":["Quadradinho em Foco"],"inLanguage":"pt-BR"},{"@type":"WebPage","@id":"https:\/\/www.notibras.com\/site\/casos-de-acidentes-com-escorpioes-aumentam-45\/","url":"https:\/\/www.notibras.com\/site\/casos-de-acidentes-com-escorpioes-aumentam-45\/","name":"Casos de acidentes com escorpi\u00f5es aumentam 45% - Notibras","isPartOf":{"@id":"https:\/\/www.notibras.com\/site\/#website"},"primaryImageOfPage":{"@id":"https:\/\/www.notibras.com\/site\/casos-de-acidentes-com-escorpioes-aumentam-45\/#primaryimage"},"image":{"@id":"https:\/\/www.notibras.com\/site\/casos-de-acidentes-com-escorpioes-aumentam-45\/#primaryimage"},"thumbnailUrl":"https:\/\/www.notibras.com\/site\/wp-content\/uploads\/2023\/06\/10.6.-Escorpioes.-Foto-Tony_Winston-Agencia-Saude4-1536x1025-1.jpeg","datePublished":"2023-06-12T12:59:10+00:00","dateModified":"2023-06-12T15:02:31+00:00","breadcrumb":{"@id":"https:\/\/www.notibras.com\/site\/casos-de-acidentes-com-escorpioes-aumentam-45\/#breadcrumb"},"inLanguage":"pt-BR","potentialAction":[{"@type":"ReadAction","target":["https:\/\/www.notibras.com\/site\/casos-de-acidentes-com-escorpioes-aumentam-45\/"]}]},{"@type":"ImageObject","inLanguage":"pt-BR","@id":"https:\/\/www.notibras.com\/site\/casos-de-acidentes-com-escorpioes-aumentam-45\/#primaryimage","url":"https:\/\/www.notibras.com\/site\/wp-content\/uploads\/2023\/06\/10.6.-Escorpioes.-Foto-Tony_Winston-Agencia-Saude4-1536x1025-1.jpeg","contentUrl":"https:\/\/www.notibras.com\/site\/wp-content\/uploads\/2023\/06\/10.6.-Escorpioes.-Foto-Tony_Winston-Agencia-Saude4-1536x1025-1.jpeg","width":1536,"height":1025},{"@type":"BreadcrumbList","@id":"https:\/\/www.notibras.com\/site\/casos-de-acidentes-com-escorpioes-aumentam-45\/#breadcrumb","itemListElement":[{"@type":"ListItem","position":1,"name":"In\u00edcio","item":"https:\/\/www.notibras.com\/site\/"},{"@type":"ListItem","position":2,"name":"Casos de acidentes com escorpi\u00f5es aumentam 45%"}]},{"@type":"WebSite","@id":"https:\/\/www.notibras.com\/site\/#website","url":"https:\/\/www.notibras.com\/site\/","name":"Notibras","description":"Not\u00edcias de Bras\u00edlia, do Brasil e do Mundo","publisher":{"@id":"https:\/\/www.notibras.com\/site\/#organization"},"potentialAction":[{"@type":"SearchAction","target":{"@type":"EntryPoint","urlTemplate":"https:\/\/www.notibras.com\/site\/?s={search_term_string}"},"query-input":{"@type":"PropertyValueSpecification","valueRequired":true,"valueName":"search_term_string"}}],"inLanguage":"pt-BR"},{"@type":"Organization","@id":"https:\/\/www.notibras.com\/site\/#organization","name":"Grupo Notibras de Comunica\u00e7\u00e3o","url":"https:\/\/www.notibras.com\/site\/","logo":{"@type":"ImageObject","inLanguage":"pt-BR","@id":"https:\/\/www.notibras.com\/site\/#\/schema\/logo\/image\/","url":"https:\/\/www.notibras.com\/site\/wp-content\/uploads\/2023\/01\/notibras23.png","contentUrl":"https:\/\/www.notibras.com\/site\/wp-content\/uploads\/2023\/01\/notibras23.png","width":350,"height":87,"caption":"Grupo Notibras de Comunica\u00e7\u00e3o"},"image":{"@id":"https:\/\/www.notibras.com\/site\/#\/schema\/logo\/image\/"},"sameAs":["https:\/\/www.facebook.com\/notibras\/","https:\/\/x.com\/Notibras","https:\/\/www.instagram.com\/notibras\/"]},{"@type":"Person","@id":"https:\/\/www.notibras.com\/site\/#\/schema\/person\/36ab0979449956132d3e5b517ea76ac8","name":"Reda\u00e7\u00e3o","image":{"@type":"ImageObject","inLanguage":"pt-BR","@id":"https:\/\/secure.gravatar.com\/avatar\/e0a867bdedb85fd243eadf09663511f96fc81e0720a4a42581f334ad4303aa6b?s=96&d=mm&r=g","url":"https:\/\/secure.gravatar.com\/avatar\/e0a867bdedb85fd243eadf09663511f96fc81e0720a4a42581f334ad4303aa6b?s=96&d=mm&r=g","contentUrl":"https:\/\/secure.gravatar.com\/avatar\/e0a867bdedb85fd243eadf09663511f96fc81e0720a4a42581f334ad4303aa6b?s=96&d=mm&r=g","caption":"Reda\u00e7\u00e3o"}}]}},"amp_enabled":true,"_links":{"self":[{"href":"https:\/\/www.notibras.com\/site\/wp-json\/wp\/v2\/posts\/306794","targetHints":{"allow":["GET"]}}],"collection":[{"href":"https:\/\/www.notibras.com\/site\/wp-json\/wp\/v2\/posts"}],"about":[{"href":"https:\/\/www.notibras.com\/site\/wp-json\/wp\/v2\/types\/post"}],"author":[{"embeddable":true,"href":"https:\/\/www.notibras.com\/site\/wp-json\/wp\/v2\/users\/2"}],"replies":[{"embeddable":true,"href":"https:\/\/www.notibras.com\/site\/wp-json\/wp\/v2\/comments?post=306794"}],"version-history":[{"count":1,"href":"https:\/\/www.notibras.com\/site\/wp-json\/wp\/v2\/posts\/306794\/revisions"}],"predecessor-version":[{"id":306796,"href":"https:\/\/www.notibras.com\/site\/wp-json\/wp\/v2\/posts\/306794\/revisions\/306796"}],"wp:featuredmedia":[{"embeddable":true,"href":"https:\/\/www.notibras.com\/site\/wp-json\/wp\/v2\/media\/306795"}],"wp:attachment":[{"href":"https:\/\/www.notibras.com\/site\/wp-json\/wp\/v2\/media?parent=306794"}],"wp:term":[{"taxonomy":"category","embeddable":true,"href":"https:\/\/www.notibras.com\/site\/wp-json\/wp\/v2\/categories?post=306794"},{"taxonomy":"post_tag","embeddable":true,"href":"https:\/\/www.notibras.com\/site\/wp-json\/wp\/v2\/tags?post=306794"}],"curies":[{"name":"wp","href":"https:\/\/api.w.org\/{rel}","templated":true}]}}