{"id":30682,"date":"2014-12-09T06:33:42","date_gmt":"2014-12-09T09:33:42","guid":{"rendered":"http:\/\/www.notibras.com\/site\/?p=30682"},"modified":"2014-12-09T06:33:42","modified_gmt":"2014-12-09T09:33:42","slug":"ronaldinho-faz-escola-e-diego-chavarri-humilde-posa-com-duas","status":"publish","type":"post","link":"https:\/\/www.notibras.com\/site\/ronaldinho-faz-escola-e-diego-chavarri-humilde-posa-com-duas\/","title":{"rendered":"Ronaldinho faz escola. E Diego Ch\u00e1varri, humilde, posa com duas"},"content":{"rendered":"<p class=\"text\">Ronaldinho anda fazendo escola, mas n\u00e3o \u00e9 dentro de campo. O veterano meio-campista, que atualmente\u00a0joga pelo Quer\u00e9taro, do M\u00e9xico, viu aquela sua mundialmente famosa e pol\u00eamica foto na piscina posando com cinco mulheres ganhar uma nova vers\u00e3o fora do Brasil, vinda de um jogador muito mais modesto do que o milion\u00e1rio atleta nacional.<\/p>\n<p class=\"text\">No Peru, Diego Ch\u00e1varri, que joga pelo modesto San Sim\u00f3n, da primeira divis\u00e3o, repetiu a fotografia de Ronaldinho em uma piscina.<\/p>\n<blockquote>\n<p class=\"text\">O atleta sul-americano\u00a0tirou retrato de si posando em uma piscina, com duas morenas de costas e ajoelhadas para a c\u00e2mera. O peruano, contudo, foi mais humilde e contava s\u00f3 com duas garotas, ao contr\u00e1rio das cinco de Ronaldinho.<\/p>\n<\/blockquote>\n<p class=\"text\">Assim como a de Ronaldinho, que enviou a imagem para um amigo de brincadeira, a foto do peruano j\u00e1 ganhou a internet pelo mundo. Ch\u00e1varri fez a imagem especialmente para o brasileiro, a quem mandou uma mensagem: &#8220;Ronaldinho, l\u00e1 vamos n\u00f3s!&#8221;.<\/p>\n","protected":false},"excerpt":{"rendered":"<p>Ronaldinho anda fazendo escola, mas n\u00e3o \u00e9 dentro de campo. O veterano meio-campista, que atualmente\u00a0joga pelo Quer\u00e9taro, do M\u00e9xico, viu aquela sua mundialmente famosa e pol\u00eamica foto na piscina posando com cinco mulheres ganhar uma nova vers\u00e3o fora do Brasil, vinda de um jogador muito mais modesto do que o milion\u00e1rio atleta nacional. No Peru, [&hellip;]<\/p>\n","protected":false},"author":2,"featured_media":30683,"comment_status":"open","ping_status":"closed","sticky":false,"template":"","format":"standard","meta":{"_acf_changed":false,"footnotes":""},"categories":[19,29],"tags":[],"class_list":["post-30682","post","type-post","status-publish","format-standard","has-post-thumbnail","hentry","category-esportes","category-futebol"],"acf":[],"yoast_head":"<!-- This site is optimized with the Yoast SEO plugin v27.2 - https:\/\/yoast.com\/product\/yoast-seo-wordpress\/ -->\n<title>Ronaldinho faz escola. E Diego Ch\u00e1varri, humilde, posa com duas - Notibras<\/title>\n<meta name=\"robots\" content=\"index, follow, max-snippet:-1, max-image-preview:large, max-video-preview:-1\" \/>\n<link rel=\"canonical\" href=\"https:\/\/www.notibras.com\/site\/ronaldinho-faz-escola-e-diego-chavarri-humilde-posa-com-duas\/\" \/>\n<meta property=\"og:locale\" content=\"pt_BR\" \/>\n<meta property=\"og:type\" content=\"article\" \/>\n<meta property=\"og:title\" content=\"Ronaldinho faz escola. E Diego Ch\u00e1varri, humilde, posa com duas - Notibras\" \/>\n<meta property=\"og:description\" content=\"Ronaldinho anda fazendo escola, mas n\u00e3o \u00e9 dentro de campo. O veterano meio-campista, que atualmente\u00a0joga pelo Quer\u00e9taro, do M\u00e9xico, viu aquela sua mundialmente famosa e pol\u00eamica foto na piscina posando com cinco mulheres ganhar uma nova vers\u00e3o fora do Brasil, vinda de um jogador muito mais modesto do que o milion\u00e1rio atleta nacional. No Peru, [&hellip;]\" \/>\n<meta property=\"og:url\" content=\"https:\/\/www.notibras.com\/site\/ronaldinho-faz-escola-e-diego-chavarri-humilde-posa-com-duas\/\" \/>\n<meta property=\"og:site_name\" content=\"Notibras\" \/>\n<meta property=\"article:publisher\" content=\"https:\/\/www.facebook.com\/notibras\/\" \/>\n<meta property=\"article:published_time\" content=\"2014-12-09T09:33:42+00:00\" \/>\n<meta property=\"og:image\" content=\"https:\/\/www.notibras.com\/site\/wp-content\/uploads\/2014\/12\/peruanoronaldinhorep.jpg\" \/>\n\t<meta property=\"og:image:width\" content=\"610\" \/>\n\t<meta property=\"og:image:height\" content=\"340\" \/>\n\t<meta property=\"og:image:type\" content=\"image\/jpeg\" \/>\n<meta name=\"author\" content=\"Reda\u00e7\u00e3o\" \/>\n<meta name=\"twitter:card\" content=\"summary_large_image\" \/>\n<meta name=\"twitter:creator\" content=\"@Notibras\" \/>\n<meta name=\"twitter:site\" content=\"@Notibras\" \/>\n<meta name=\"twitter:label1\" content=\"Escrito por\" \/>\n\t<meta name=\"twitter:data1\" content=\"Reda\u00e7\u00e3o\" \/>\n\t<meta name=\"twitter:label2\" content=\"Est. tempo de leitura\" \/>\n\t<meta name=\"twitter:data2\" content=\"1 minuto\" \/>\n<script type=\"application\/ld+json\" class=\"yoast-schema-graph\">{\"@context\":\"https:\/\/schema.org\",\"@graph\":[{\"@type\":\"Article\",\"@id\":\"https:\/\/www.notibras.com\/site\/ronaldinho-faz-escola-e-diego-chavarri-humilde-posa-com-duas\/#article\",\"isPartOf\":{\"@id\":\"https:\/\/www.notibras.com\/site\/ronaldinho-faz-escola-e-diego-chavarri-humilde-posa-com-duas\/\"},\"author\":{\"name\":\"Reda\u00e7\u00e3o\",\"@id\":\"https:\/\/www.notibras.com\/site\/#\/schema\/person\/36ab0979449956132d3e5b517ea76ac8\"},\"headline\":\"Ronaldinho faz escola. E Diego Ch\u00e1varri, humilde, posa com duas\",\"datePublished\":\"2014-12-09T09:33:42+00:00\",\"mainEntityOfPage\":{\"@id\":\"https:\/\/www.notibras.com\/site\/ronaldinho-faz-escola-e-diego-chavarri-humilde-posa-com-duas\/\"},\"wordCount\":178,\"commentCount\":0,\"publisher\":{\"@id\":\"https:\/\/www.notibras.com\/site\/#organization\"},\"image\":{\"@id\":\"https:\/\/www.notibras.com\/site\/ronaldinho-faz-escola-e-diego-chavarri-humilde-posa-com-duas\/#primaryimage\"},\"thumbnailUrl\":\"https:\/\/www.notibras.com\/site\/wp-content\/uploads\/2014\/12\/peruanoronaldinhorep.jpg\",\"articleSection\":[\"Esportes\",\"Futebol\"],\"inLanguage\":\"pt-BR\",\"potentialAction\":[{\"@type\":\"CommentAction\",\"name\":\"Comment\",\"target\":[\"https:\/\/www.notibras.com\/site\/ronaldinho-faz-escola-e-diego-chavarri-humilde-posa-com-duas\/#respond\"]}]},{\"@type\":\"WebPage\",\"@id\":\"https:\/\/www.notibras.com\/site\/ronaldinho-faz-escola-e-diego-chavarri-humilde-posa-com-duas\/\",\"url\":\"https:\/\/www.notibras.com\/site\/ronaldinho-faz-escola-e-diego-chavarri-humilde-posa-com-duas\/\",\"name\":\"Ronaldinho faz escola. E Diego Ch\u00e1varri, humilde, posa com duas - Notibras\",\"isPartOf\":{\"@id\":\"https:\/\/www.notibras.com\/site\/#website\"},\"primaryImageOfPage\":{\"@id\":\"https:\/\/www.notibras.com\/site\/ronaldinho-faz-escola-e-diego-chavarri-humilde-posa-com-duas\/#primaryimage\"},\"image\":{\"@id\":\"https:\/\/www.notibras.com\/site\/ronaldinho-faz-escola-e-diego-chavarri-humilde-posa-com-duas\/#primaryimage\"},\"thumbnailUrl\":\"https:\/\/www.notibras.com\/site\/wp-content\/uploads\/2014\/12\/peruanoronaldinhorep.jpg\",\"datePublished\":\"2014-12-09T09:33:42+00:00\",\"breadcrumb\":{\"@id\":\"https:\/\/www.notibras.com\/site\/ronaldinho-faz-escola-e-diego-chavarri-humilde-posa-com-duas\/#breadcrumb\"},\"inLanguage\":\"pt-BR\",\"potentialAction\":[{\"@type\":\"ReadAction\",\"target\":[\"https:\/\/www.notibras.com\/site\/ronaldinho-faz-escola-e-diego-chavarri-humilde-posa-com-duas\/\"]}]},{\"@type\":\"ImageObject\",\"inLanguage\":\"pt-BR\",\"@id\":\"https:\/\/www.notibras.com\/site\/ronaldinho-faz-escola-e-diego-chavarri-humilde-posa-com-duas\/#primaryimage\",\"url\":\"https:\/\/www.notibras.com\/site\/wp-content\/uploads\/2014\/12\/peruanoronaldinhorep.jpg\",\"contentUrl\":\"https:\/\/www.notibras.com\/site\/wp-content\/uploads\/2014\/12\/peruanoronaldinhorep.jpg\",\"width\":610,\"height\":340},{\"@type\":\"BreadcrumbList\",\"@id\":\"https:\/\/www.notibras.com\/site\/ronaldinho-faz-escola-e-diego-chavarri-humilde-posa-com-duas\/#breadcrumb\",\"itemListElement\":[{\"@type\":\"ListItem\",\"position\":1,\"name\":\"In\u00edcio\",\"item\":\"https:\/\/www.notibras.com\/site\/\"},{\"@type\":\"ListItem\",\"position\":2,\"name\":\"Ronaldinho faz escola. E Diego Ch\u00e1varri, humilde, posa com duas\"}]},{\"@type\":\"WebSite\",\"@id\":\"https:\/\/www.notibras.com\/site\/#website\",\"url\":\"https:\/\/www.notibras.com\/site\/\",\"name\":\"Notibras\",\"description\":\"Not\u00edcias de Bras\u00edlia, do Brasil e do Mundo\",\"publisher\":{\"@id\":\"https:\/\/www.notibras.com\/site\/#organization\"},\"potentialAction\":[{\"@type\":\"SearchAction\",\"target\":{\"@type\":\"EntryPoint\",\"urlTemplate\":\"https:\/\/www.notibras.com\/site\/?s={search_term_string}\"},\"query-input\":{\"@type\":\"PropertyValueSpecification\",\"valueRequired\":true,\"valueName\":\"search_term_string\"}}],\"inLanguage\":\"pt-BR\"},{\"@type\":\"Organization\",\"@id\":\"https:\/\/www.notibras.com\/site\/#organization\",\"name\":\"Grupo Notibras de Comunica\u00e7\u00e3o\",\"url\":\"https:\/\/www.notibras.com\/site\/\",\"logo\":{\"@type\":\"ImageObject\",\"inLanguage\":\"pt-BR\",\"@id\":\"https:\/\/www.notibras.com\/site\/#\/schema\/logo\/image\/\",\"url\":\"https:\/\/www.notibras.com\/site\/wp-content\/uploads\/2023\/01\/notibras23.png\",\"contentUrl\":\"https:\/\/www.notibras.com\/site\/wp-content\/uploads\/2023\/01\/notibras23.png\",\"width\":350,\"height\":87,\"caption\":\"Grupo Notibras de Comunica\u00e7\u00e3o\"},\"image\":{\"@id\":\"https:\/\/www.notibras.com\/site\/#\/schema\/logo\/image\/\"},\"sameAs\":[\"https:\/\/www.facebook.com\/notibras\/\",\"https:\/\/x.com\/Notibras\",\"https:\/\/www.instagram.com\/notibras\/\"]},{\"@type\":\"Person\",\"@id\":\"https:\/\/www.notibras.com\/site\/#\/schema\/person\/36ab0979449956132d3e5b517ea76ac8\",\"name\":\"Reda\u00e7\u00e3o\",\"image\":{\"@type\":\"ImageObject\",\"inLanguage\":\"pt-BR\",\"@id\":\"https:\/\/secure.gravatar.com\/avatar\/e0a867bdedb85fd243eadf09663511f96fc81e0720a4a42581f334ad4303aa6b?s=96&d=mm&r=g\",\"url\":\"https:\/\/secure.gravatar.com\/avatar\/e0a867bdedb85fd243eadf09663511f96fc81e0720a4a42581f334ad4303aa6b?s=96&d=mm&r=g\",\"contentUrl\":\"https:\/\/secure.gravatar.com\/avatar\/e0a867bdedb85fd243eadf09663511f96fc81e0720a4a42581f334ad4303aa6b?s=96&d=mm&r=g\",\"caption\":\"Reda\u00e7\u00e3o\"}}]}<\/script>\n<!-- \/ Yoast SEO plugin. -->","yoast_head_json":{"title":"Ronaldinho faz escola. E Diego Ch\u00e1varri, humilde, posa com duas - Notibras","robots":{"index":"index","follow":"follow","max-snippet":"max-snippet:-1","max-image-preview":"max-image-preview:large","max-video-preview":"max-video-preview:-1"},"canonical":"https:\/\/www.notibras.com\/site\/ronaldinho-faz-escola-e-diego-chavarri-humilde-posa-com-duas\/","og_locale":"pt_BR","og_type":"article","og_title":"Ronaldinho faz escola. E Diego Ch\u00e1varri, humilde, posa com duas - Notibras","og_description":"Ronaldinho anda fazendo escola, mas n\u00e3o \u00e9 dentro de campo. O veterano meio-campista, que atualmente\u00a0joga pelo Quer\u00e9taro, do M\u00e9xico, viu aquela sua mundialmente famosa e pol\u00eamica foto na piscina posando com cinco mulheres ganhar uma nova vers\u00e3o fora do Brasil, vinda de um jogador muito mais modesto do que o milion\u00e1rio atleta nacional. No Peru, [&hellip;]","og_url":"https:\/\/www.notibras.com\/site\/ronaldinho-faz-escola-e-diego-chavarri-humilde-posa-com-duas\/","og_site_name":"Notibras","article_publisher":"https:\/\/www.facebook.com\/notibras\/","article_published_time":"2014-12-09T09:33:42+00:00","og_image":[{"width":610,"height":340,"url":"https:\/\/www.notibras.com\/site\/wp-content\/uploads\/2014\/12\/peruanoronaldinhorep.jpg","type":"image\/jpeg"}],"author":"Reda\u00e7\u00e3o","twitter_card":"summary_large_image","twitter_creator":"@Notibras","twitter_site":"@Notibras","twitter_misc":{"Escrito por":"Reda\u00e7\u00e3o","Est. tempo de leitura":"1 minuto"},"schema":{"@context":"https:\/\/schema.org","@graph":[{"@type":"Article","@id":"https:\/\/www.notibras.com\/site\/ronaldinho-faz-escola-e-diego-chavarri-humilde-posa-com-duas\/#article","isPartOf":{"@id":"https:\/\/www.notibras.com\/site\/ronaldinho-faz-escola-e-diego-chavarri-humilde-posa-com-duas\/"},"author":{"name":"Reda\u00e7\u00e3o","@id":"https:\/\/www.notibras.com\/site\/#\/schema\/person\/36ab0979449956132d3e5b517ea76ac8"},"headline":"Ronaldinho faz escola. E Diego Ch\u00e1varri, humilde, posa com duas","datePublished":"2014-12-09T09:33:42+00:00","mainEntityOfPage":{"@id":"https:\/\/www.notibras.com\/site\/ronaldinho-faz-escola-e-diego-chavarri-humilde-posa-com-duas\/"},"wordCount":178,"commentCount":0,"publisher":{"@id":"https:\/\/www.notibras.com\/site\/#organization"},"image":{"@id":"https:\/\/www.notibras.com\/site\/ronaldinho-faz-escola-e-diego-chavarri-humilde-posa-com-duas\/#primaryimage"},"thumbnailUrl":"https:\/\/www.notibras.com\/site\/wp-content\/uploads\/2014\/12\/peruanoronaldinhorep.jpg","articleSection":["Esportes","Futebol"],"inLanguage":"pt-BR","potentialAction":[{"@type":"CommentAction","name":"Comment","target":["https:\/\/www.notibras.com\/site\/ronaldinho-faz-escola-e-diego-chavarri-humilde-posa-com-duas\/#respond"]}]},{"@type":"WebPage","@id":"https:\/\/www.notibras.com\/site\/ronaldinho-faz-escola-e-diego-chavarri-humilde-posa-com-duas\/","url":"https:\/\/www.notibras.com\/site\/ronaldinho-faz-escola-e-diego-chavarri-humilde-posa-com-duas\/","name":"Ronaldinho faz escola. E Diego Ch\u00e1varri, humilde, posa com duas - Notibras","isPartOf":{"@id":"https:\/\/www.notibras.com\/site\/#website"},"primaryImageOfPage":{"@id":"https:\/\/www.notibras.com\/site\/ronaldinho-faz-escola-e-diego-chavarri-humilde-posa-com-duas\/#primaryimage"},"image":{"@id":"https:\/\/www.notibras.com\/site\/ronaldinho-faz-escola-e-diego-chavarri-humilde-posa-com-duas\/#primaryimage"},"thumbnailUrl":"https:\/\/www.notibras.com\/site\/wp-content\/uploads\/2014\/12\/peruanoronaldinhorep.jpg","datePublished":"2014-12-09T09:33:42+00:00","breadcrumb":{"@id":"https:\/\/www.notibras.com\/site\/ronaldinho-faz-escola-e-diego-chavarri-humilde-posa-com-duas\/#breadcrumb"},"inLanguage":"pt-BR","potentialAction":[{"@type":"ReadAction","target":["https:\/\/www.notibras.com\/site\/ronaldinho-faz-escola-e-diego-chavarri-humilde-posa-com-duas\/"]}]},{"@type":"ImageObject","inLanguage":"pt-BR","@id":"https:\/\/www.notibras.com\/site\/ronaldinho-faz-escola-e-diego-chavarri-humilde-posa-com-duas\/#primaryimage","url":"https:\/\/www.notibras.com\/site\/wp-content\/uploads\/2014\/12\/peruanoronaldinhorep.jpg","contentUrl":"https:\/\/www.notibras.com\/site\/wp-content\/uploads\/2014\/12\/peruanoronaldinhorep.jpg","width":610,"height":340},{"@type":"BreadcrumbList","@id":"https:\/\/www.notibras.com\/site\/ronaldinho-faz-escola-e-diego-chavarri-humilde-posa-com-duas\/#breadcrumb","itemListElement":[{"@type":"ListItem","position":1,"name":"In\u00edcio","item":"https:\/\/www.notibras.com\/site\/"},{"@type":"ListItem","position":2,"name":"Ronaldinho faz escola. E Diego Ch\u00e1varri, humilde, posa com duas"}]},{"@type":"WebSite","@id":"https:\/\/www.notibras.com\/site\/#website","url":"https:\/\/www.notibras.com\/site\/","name":"Notibras","description":"Not\u00edcias de Bras\u00edlia, do Brasil e do Mundo","publisher":{"@id":"https:\/\/www.notibras.com\/site\/#organization"},"potentialAction":[{"@type":"SearchAction","target":{"@type":"EntryPoint","urlTemplate":"https:\/\/www.notibras.com\/site\/?s={search_term_string}"},"query-input":{"@type":"PropertyValueSpecification","valueRequired":true,"valueName":"search_term_string"}}],"inLanguage":"pt-BR"},{"@type":"Organization","@id":"https:\/\/www.notibras.com\/site\/#organization","name":"Grupo Notibras de Comunica\u00e7\u00e3o","url":"https:\/\/www.notibras.com\/site\/","logo":{"@type":"ImageObject","inLanguage":"pt-BR","@id":"https:\/\/www.notibras.com\/site\/#\/schema\/logo\/image\/","url":"https:\/\/www.notibras.com\/site\/wp-content\/uploads\/2023\/01\/notibras23.png","contentUrl":"https:\/\/www.notibras.com\/site\/wp-content\/uploads\/2023\/01\/notibras23.png","width":350,"height":87,"caption":"Grupo Notibras de Comunica\u00e7\u00e3o"},"image":{"@id":"https:\/\/www.notibras.com\/site\/#\/schema\/logo\/image\/"},"sameAs":["https:\/\/www.facebook.com\/notibras\/","https:\/\/x.com\/Notibras","https:\/\/www.instagram.com\/notibras\/"]},{"@type":"Person","@id":"https:\/\/www.notibras.com\/site\/#\/schema\/person\/36ab0979449956132d3e5b517ea76ac8","name":"Reda\u00e7\u00e3o","image":{"@type":"ImageObject","inLanguage":"pt-BR","@id":"https:\/\/secure.gravatar.com\/avatar\/e0a867bdedb85fd243eadf09663511f96fc81e0720a4a42581f334ad4303aa6b?s=96&d=mm&r=g","url":"https:\/\/secure.gravatar.com\/avatar\/e0a867bdedb85fd243eadf09663511f96fc81e0720a4a42581f334ad4303aa6b?s=96&d=mm&r=g","contentUrl":"https:\/\/secure.gravatar.com\/avatar\/e0a867bdedb85fd243eadf09663511f96fc81e0720a4a42581f334ad4303aa6b?s=96&d=mm&r=g","caption":"Reda\u00e7\u00e3o"}}]}},"amp_enabled":true,"_links":{"self":[{"href":"https:\/\/www.notibras.com\/site\/wp-json\/wp\/v2\/posts\/30682","targetHints":{"allow":["GET"]}}],"collection":[{"href":"https:\/\/www.notibras.com\/site\/wp-json\/wp\/v2\/posts"}],"about":[{"href":"https:\/\/www.notibras.com\/site\/wp-json\/wp\/v2\/types\/post"}],"author":[{"embeddable":true,"href":"https:\/\/www.notibras.com\/site\/wp-json\/wp\/v2\/users\/2"}],"replies":[{"embeddable":true,"href":"https:\/\/www.notibras.com\/site\/wp-json\/wp\/v2\/comments?post=30682"}],"version-history":[{"count":0,"href":"https:\/\/www.notibras.com\/site\/wp-json\/wp\/v2\/posts\/30682\/revisions"}],"wp:featuredmedia":[{"embeddable":true,"href":"https:\/\/www.notibras.com\/site\/wp-json\/wp\/v2\/media\/30683"}],"wp:attachment":[{"href":"https:\/\/www.notibras.com\/site\/wp-json\/wp\/v2\/media?parent=30682"}],"wp:term":[{"taxonomy":"category","embeddable":true,"href":"https:\/\/www.notibras.com\/site\/wp-json\/wp\/v2\/categories?post=30682"},{"taxonomy":"post_tag","embeddable":true,"href":"https:\/\/www.notibras.com\/site\/wp-json\/wp\/v2\/tags?post=30682"}],"curies":[{"name":"wp","href":"https:\/\/api.w.org\/{rel}","templated":true}]}}