{"id":306905,"date":"2023-06-14T08:22:33","date_gmt":"2023-06-14T11:22:33","guid":{"rendered":"https:\/\/www.notibras.com\/site\/?p=306905"},"modified":"2023-06-14T08:59:26","modified_gmt":"2023-06-14T11:59:26","slug":"paulooctavio-e-poupex-firmam-parceria-para-novo-residencial","status":"publish","type":"post","link":"https:\/\/www.notibras.com\/site\/paulooctavio-e-poupex-firmam-parceria-para-novo-residencial\/","title":{"rendered":"PaulOOctavio e Poupex firmam parceria para novo residencial"},"content":{"rendered":"<p>Uma parceria de 25 anos erguer\u00e1 um novo empreendimento na Capital. A Construtora PaulOOctavio e Funda\u00e7\u00e3o Habitacional do Ex\u00e9rcito\/Associa\u00e7\u00e3o de Poupan\u00e7a e Empr\u00e9stimo (FHE\/Poupex) associaram-se para construir mais um residencial, agora em Samambaia, na quadra 201, conjunto 4. O projeto prev\u00ea apartamentos de 2 e 3 quartos e ter\u00e1 \u00e1rea de lazer com piscina na cobertura, sauna, academia, sal\u00e3o de jogos e os espa\u00e7os mulher, gourmet e pets.<\/p>\n<p>Este \u00e9 o 11\u00b0 empreendimento da parceria, que soma uma \u00e1rea total constru\u00edda de 969 mil metros quadrados, com destaque para o edif\u00edcio-sede da institui\u00e7\u00e3o, casas no Setor Militar Urbano (SMU) e o Pen\u00ednsula Resort Urbano, complexo que est\u00e1 sendo erguido em \u00c1guas Claras.<\/p>\n<p>Na solenidade de assinatura do contrato para construir o empreendimento, o empres\u00e1rio Paulo Oct\u00e1vio disse que os 25 anos de trabalho conjunto com a FHE\/Poupex s\u00e3o fruto de uma conviv\u00eancia harmoniosa, sem desgastes ou problemas.<\/p>\n<p>\u201cNo mundo de neg\u00f3cios, temos de respeitar prazos e contratos e estamos gratos por esta parceria. Vamos fazer em Samambaia, cidade que vi nascer em 1990, um residencial que vai marcar uma posi\u00e7\u00e3o extraordin\u00e1ria na cidade. Ser\u00e3o mais muitos anos de trabalho pela frente\u201d. Para o CEO da empresa, a nova etapa da conviv\u00eancia com a FHE\/Poupex confirma o sucesso. \u201cNo caso do Pen\u00ednsula, estamos h\u00e1 15 anos trabalhando juntos, e ainda vamos caminhar lado a lado, por mais alguns anos\u201d destacou.<\/p>\n<p>O presidente da FHE\/Poupex, general Val\u00e9rio Stumpf Trindade, destacou que a parceria \u00e9 importante para a institui\u00e7\u00e3o. \u201cA PaulOOctavio tem nos ajudado a entregar im\u00f3veis em bons locais com custo adequado \u00e0 fam\u00edlia militar. Os dois lados t\u00eam tido sucesso, pois o \u00eaxito deste arranjo institucional \u00e9 de ganhos para todos\u201d, destacou.<\/p>\n","protected":false},"excerpt":{"rendered":"<p>Uma parceria de 25 anos erguer\u00e1 um novo empreendimento na Capital. A Construtora PaulOOctavio e Funda\u00e7\u00e3o Habitacional do Ex\u00e9rcito\/Associa\u00e7\u00e3o de Poupan\u00e7a e Empr\u00e9stimo (FHE\/Poupex) associaram-se para construir mais um residencial, agora em Samambaia, na quadra 201, conjunto 4. O projeto prev\u00ea apartamentos de 2 e 3 quartos e ter\u00e1 \u00e1rea de lazer com piscina na [&hellip;]<\/p>\n","protected":false},"author":2,"featured_media":306906,"comment_status":"closed","ping_status":"closed","sticky":false,"template":"","format":"standard","meta":{"_acf_changed":false,"footnotes":""},"categories":[161],"tags":[],"class_list":["post-306905","post","type-post","status-publish","format-standard","has-post-thumbnail","hentry","category-quadradinho-em-foco"],"acf":[],"yoast_head":"<!-- This site is optimized with the Yoast SEO plugin v27.2 - https:\/\/yoast.com\/product\/yoast-seo-wordpress\/ -->\n<title>PaulOOctavio e Poupex firmam parceria para novo residencial - Notibras<\/title>\n<meta name=\"robots\" content=\"index, follow, max-snippet:-1, max-image-preview:large, max-video-preview:-1\" \/>\n<link rel=\"canonical\" href=\"https:\/\/www.notibras.com\/site\/paulooctavio-e-poupex-firmam-parceria-para-novo-residencial\/\" \/>\n<meta property=\"og:locale\" content=\"pt_BR\" \/>\n<meta property=\"og:type\" content=\"article\" \/>\n<meta property=\"og:title\" content=\"PaulOOctavio e Poupex firmam parceria para novo residencial - Notibras\" \/>\n<meta property=\"og:description\" content=\"Uma parceria de 25 anos erguer\u00e1 um novo empreendimento na Capital. A Construtora PaulOOctavio e Funda\u00e7\u00e3o Habitacional do Ex\u00e9rcito\/Associa\u00e7\u00e3o de Poupan\u00e7a e Empr\u00e9stimo (FHE\/Poupex) associaram-se para construir mais um residencial, agora em Samambaia, na quadra 201, conjunto 4. O projeto prev\u00ea apartamentos de 2 e 3 quartos e ter\u00e1 \u00e1rea de lazer com piscina na [&hellip;]\" \/>\n<meta property=\"og:url\" content=\"https:\/\/www.notibras.com\/site\/paulooctavio-e-poupex-firmam-parceria-para-novo-residencial\/\" \/>\n<meta property=\"og:site_name\" content=\"Notibras\" \/>\n<meta property=\"article:publisher\" content=\"https:\/\/www.facebook.com\/notibras\/\" \/>\n<meta property=\"article:published_time\" content=\"2023-06-14T11:22:33+00:00\" \/>\n<meta property=\"article:modified_time\" content=\"2023-06-14T11:59:26+00:00\" \/>\n<meta property=\"og:image\" content=\"https:\/\/www.notibras.com\/site\/wp-content\/uploads\/2023\/06\/31e1362d-0259-4f6b-955b-abc926412ac6.jpg\" \/>\n\t<meta property=\"og:image:width\" content=\"1600\" \/>\n\t<meta property=\"og:image:height\" content=\"1067\" \/>\n\t<meta property=\"og:image:type\" content=\"image\/jpeg\" \/>\n<meta name=\"author\" content=\"Reda\u00e7\u00e3o\" \/>\n<meta name=\"twitter:card\" content=\"summary_large_image\" \/>\n<meta name=\"twitter:creator\" content=\"@Notibras\" \/>\n<meta name=\"twitter:site\" content=\"@Notibras\" \/>\n<meta name=\"twitter:label1\" content=\"Escrito por\" \/>\n\t<meta name=\"twitter:data1\" content=\"Reda\u00e7\u00e3o\" \/>\n\t<meta name=\"twitter:label2\" content=\"Est. tempo de leitura\" \/>\n\t<meta name=\"twitter:data2\" content=\"2 minutos\" \/>\n<script type=\"application\/ld+json\" class=\"yoast-schema-graph\">{\"@context\":\"https:\/\/schema.org\",\"@graph\":[{\"@type\":\"Article\",\"@id\":\"https:\/\/www.notibras.com\/site\/paulooctavio-e-poupex-firmam-parceria-para-novo-residencial\/#article\",\"isPartOf\":{\"@id\":\"https:\/\/www.notibras.com\/site\/paulooctavio-e-poupex-firmam-parceria-para-novo-residencial\/\"},\"author\":{\"name\":\"Reda\u00e7\u00e3o\",\"@id\":\"https:\/\/www.notibras.com\/site\/#\/schema\/person\/36ab0979449956132d3e5b517ea76ac8\"},\"headline\":\"PaulOOctavio e Poupex firmam parceria para novo residencial\",\"datePublished\":\"2023-06-14T11:22:33+00:00\",\"dateModified\":\"2023-06-14T11:59:26+00:00\",\"mainEntityOfPage\":{\"@id\":\"https:\/\/www.notibras.com\/site\/paulooctavio-e-poupex-firmam-parceria-para-novo-residencial\/\"},\"wordCount\":306,\"publisher\":{\"@id\":\"https:\/\/www.notibras.com\/site\/#organization\"},\"image\":{\"@id\":\"https:\/\/www.notibras.com\/site\/paulooctavio-e-poupex-firmam-parceria-para-novo-residencial\/#primaryimage\"},\"thumbnailUrl\":\"https:\/\/www.notibras.com\/site\/wp-content\/uploads\/2023\/06\/31e1362d-0259-4f6b-955b-abc926412ac6.jpg\",\"articleSection\":[\"Quadradinho em Foco\"],\"inLanguage\":\"pt-BR\"},{\"@type\":\"WebPage\",\"@id\":\"https:\/\/www.notibras.com\/site\/paulooctavio-e-poupex-firmam-parceria-para-novo-residencial\/\",\"url\":\"https:\/\/www.notibras.com\/site\/paulooctavio-e-poupex-firmam-parceria-para-novo-residencial\/\",\"name\":\"PaulOOctavio e Poupex firmam parceria para novo residencial - Notibras\",\"isPartOf\":{\"@id\":\"https:\/\/www.notibras.com\/site\/#website\"},\"primaryImageOfPage\":{\"@id\":\"https:\/\/www.notibras.com\/site\/paulooctavio-e-poupex-firmam-parceria-para-novo-residencial\/#primaryimage\"},\"image\":{\"@id\":\"https:\/\/www.notibras.com\/site\/paulooctavio-e-poupex-firmam-parceria-para-novo-residencial\/#primaryimage\"},\"thumbnailUrl\":\"https:\/\/www.notibras.com\/site\/wp-content\/uploads\/2023\/06\/31e1362d-0259-4f6b-955b-abc926412ac6.jpg\",\"datePublished\":\"2023-06-14T11:22:33+00:00\",\"dateModified\":\"2023-06-14T11:59:26+00:00\",\"breadcrumb\":{\"@id\":\"https:\/\/www.notibras.com\/site\/paulooctavio-e-poupex-firmam-parceria-para-novo-residencial\/#breadcrumb\"},\"inLanguage\":\"pt-BR\",\"potentialAction\":[{\"@type\":\"ReadAction\",\"target\":[\"https:\/\/www.notibras.com\/site\/paulooctavio-e-poupex-firmam-parceria-para-novo-residencial\/\"]}]},{\"@type\":\"ImageObject\",\"inLanguage\":\"pt-BR\",\"@id\":\"https:\/\/www.notibras.com\/site\/paulooctavio-e-poupex-firmam-parceria-para-novo-residencial\/#primaryimage\",\"url\":\"https:\/\/www.notibras.com\/site\/wp-content\/uploads\/2023\/06\/31e1362d-0259-4f6b-955b-abc926412ac6.jpg\",\"contentUrl\":\"https:\/\/www.notibras.com\/site\/wp-content\/uploads\/2023\/06\/31e1362d-0259-4f6b-955b-abc926412ac6.jpg\",\"width\":1600,\"height\":1067},{\"@type\":\"BreadcrumbList\",\"@id\":\"https:\/\/www.notibras.com\/site\/paulooctavio-e-poupex-firmam-parceria-para-novo-residencial\/#breadcrumb\",\"itemListElement\":[{\"@type\":\"ListItem\",\"position\":1,\"name\":\"In\u00edcio\",\"item\":\"https:\/\/www.notibras.com\/site\/\"},{\"@type\":\"ListItem\",\"position\":2,\"name\":\"PaulOOctavio e Poupex firmam parceria para novo residencial\"}]},{\"@type\":\"WebSite\",\"@id\":\"https:\/\/www.notibras.com\/site\/#website\",\"url\":\"https:\/\/www.notibras.com\/site\/\",\"name\":\"Notibras\",\"description\":\"Not\u00edcias de Bras\u00edlia, do Brasil e do Mundo\",\"publisher\":{\"@id\":\"https:\/\/www.notibras.com\/site\/#organization\"},\"potentialAction\":[{\"@type\":\"SearchAction\",\"target\":{\"@type\":\"EntryPoint\",\"urlTemplate\":\"https:\/\/www.notibras.com\/site\/?s={search_term_string}\"},\"query-input\":{\"@type\":\"PropertyValueSpecification\",\"valueRequired\":true,\"valueName\":\"search_term_string\"}}],\"inLanguage\":\"pt-BR\"},{\"@type\":\"Organization\",\"@id\":\"https:\/\/www.notibras.com\/site\/#organization\",\"name\":\"Grupo Notibras de Comunica\u00e7\u00e3o\",\"url\":\"https:\/\/www.notibras.com\/site\/\",\"logo\":{\"@type\":\"ImageObject\",\"inLanguage\":\"pt-BR\",\"@id\":\"https:\/\/www.notibras.com\/site\/#\/schema\/logo\/image\/\",\"url\":\"https:\/\/www.notibras.com\/site\/wp-content\/uploads\/2023\/01\/notibras23.png\",\"contentUrl\":\"https:\/\/www.notibras.com\/site\/wp-content\/uploads\/2023\/01\/notibras23.png\",\"width\":350,\"height\":87,\"caption\":\"Grupo Notibras de Comunica\u00e7\u00e3o\"},\"image\":{\"@id\":\"https:\/\/www.notibras.com\/site\/#\/schema\/logo\/image\/\"},\"sameAs\":[\"https:\/\/www.facebook.com\/notibras\/\",\"https:\/\/x.com\/Notibras\",\"https:\/\/www.instagram.com\/notibras\/\"]},{\"@type\":\"Person\",\"@id\":\"https:\/\/www.notibras.com\/site\/#\/schema\/person\/36ab0979449956132d3e5b517ea76ac8\",\"name\":\"Reda\u00e7\u00e3o\",\"image\":{\"@type\":\"ImageObject\",\"inLanguage\":\"pt-BR\",\"@id\":\"https:\/\/secure.gravatar.com\/avatar\/e0a867bdedb85fd243eadf09663511f96fc81e0720a4a42581f334ad4303aa6b?s=96&d=mm&r=g\",\"url\":\"https:\/\/secure.gravatar.com\/avatar\/e0a867bdedb85fd243eadf09663511f96fc81e0720a4a42581f334ad4303aa6b?s=96&d=mm&r=g\",\"contentUrl\":\"https:\/\/secure.gravatar.com\/avatar\/e0a867bdedb85fd243eadf09663511f96fc81e0720a4a42581f334ad4303aa6b?s=96&d=mm&r=g\",\"caption\":\"Reda\u00e7\u00e3o\"}}]}<\/script>\n<!-- \/ Yoast SEO plugin. -->","yoast_head_json":{"title":"PaulOOctavio e Poupex firmam parceria para novo residencial - Notibras","robots":{"index":"index","follow":"follow","max-snippet":"max-snippet:-1","max-image-preview":"max-image-preview:large","max-video-preview":"max-video-preview:-1"},"canonical":"https:\/\/www.notibras.com\/site\/paulooctavio-e-poupex-firmam-parceria-para-novo-residencial\/","og_locale":"pt_BR","og_type":"article","og_title":"PaulOOctavio e Poupex firmam parceria para novo residencial - Notibras","og_description":"Uma parceria de 25 anos erguer\u00e1 um novo empreendimento na Capital. A Construtora PaulOOctavio e Funda\u00e7\u00e3o Habitacional do Ex\u00e9rcito\/Associa\u00e7\u00e3o de Poupan\u00e7a e Empr\u00e9stimo (FHE\/Poupex) associaram-se para construir mais um residencial, agora em Samambaia, na quadra 201, conjunto 4. O projeto prev\u00ea apartamentos de 2 e 3 quartos e ter\u00e1 \u00e1rea de lazer com piscina na [&hellip;]","og_url":"https:\/\/www.notibras.com\/site\/paulooctavio-e-poupex-firmam-parceria-para-novo-residencial\/","og_site_name":"Notibras","article_publisher":"https:\/\/www.facebook.com\/notibras\/","article_published_time":"2023-06-14T11:22:33+00:00","article_modified_time":"2023-06-14T11:59:26+00:00","og_image":[{"width":1600,"height":1067,"url":"https:\/\/www.notibras.com\/site\/wp-content\/uploads\/2023\/06\/31e1362d-0259-4f6b-955b-abc926412ac6.jpg","type":"image\/jpeg"}],"author":"Reda\u00e7\u00e3o","twitter_card":"summary_large_image","twitter_creator":"@Notibras","twitter_site":"@Notibras","twitter_misc":{"Escrito por":"Reda\u00e7\u00e3o","Est. tempo de leitura":"2 minutos"},"schema":{"@context":"https:\/\/schema.org","@graph":[{"@type":"Article","@id":"https:\/\/www.notibras.com\/site\/paulooctavio-e-poupex-firmam-parceria-para-novo-residencial\/#article","isPartOf":{"@id":"https:\/\/www.notibras.com\/site\/paulooctavio-e-poupex-firmam-parceria-para-novo-residencial\/"},"author":{"name":"Reda\u00e7\u00e3o","@id":"https:\/\/www.notibras.com\/site\/#\/schema\/person\/36ab0979449956132d3e5b517ea76ac8"},"headline":"PaulOOctavio e Poupex firmam parceria para novo residencial","datePublished":"2023-06-14T11:22:33+00:00","dateModified":"2023-06-14T11:59:26+00:00","mainEntityOfPage":{"@id":"https:\/\/www.notibras.com\/site\/paulooctavio-e-poupex-firmam-parceria-para-novo-residencial\/"},"wordCount":306,"publisher":{"@id":"https:\/\/www.notibras.com\/site\/#organization"},"image":{"@id":"https:\/\/www.notibras.com\/site\/paulooctavio-e-poupex-firmam-parceria-para-novo-residencial\/#primaryimage"},"thumbnailUrl":"https:\/\/www.notibras.com\/site\/wp-content\/uploads\/2023\/06\/31e1362d-0259-4f6b-955b-abc926412ac6.jpg","articleSection":["Quadradinho em Foco"],"inLanguage":"pt-BR"},{"@type":"WebPage","@id":"https:\/\/www.notibras.com\/site\/paulooctavio-e-poupex-firmam-parceria-para-novo-residencial\/","url":"https:\/\/www.notibras.com\/site\/paulooctavio-e-poupex-firmam-parceria-para-novo-residencial\/","name":"PaulOOctavio e Poupex firmam parceria para novo residencial - Notibras","isPartOf":{"@id":"https:\/\/www.notibras.com\/site\/#website"},"primaryImageOfPage":{"@id":"https:\/\/www.notibras.com\/site\/paulooctavio-e-poupex-firmam-parceria-para-novo-residencial\/#primaryimage"},"image":{"@id":"https:\/\/www.notibras.com\/site\/paulooctavio-e-poupex-firmam-parceria-para-novo-residencial\/#primaryimage"},"thumbnailUrl":"https:\/\/www.notibras.com\/site\/wp-content\/uploads\/2023\/06\/31e1362d-0259-4f6b-955b-abc926412ac6.jpg","datePublished":"2023-06-14T11:22:33+00:00","dateModified":"2023-06-14T11:59:26+00:00","breadcrumb":{"@id":"https:\/\/www.notibras.com\/site\/paulooctavio-e-poupex-firmam-parceria-para-novo-residencial\/#breadcrumb"},"inLanguage":"pt-BR","potentialAction":[{"@type":"ReadAction","target":["https:\/\/www.notibras.com\/site\/paulooctavio-e-poupex-firmam-parceria-para-novo-residencial\/"]}]},{"@type":"ImageObject","inLanguage":"pt-BR","@id":"https:\/\/www.notibras.com\/site\/paulooctavio-e-poupex-firmam-parceria-para-novo-residencial\/#primaryimage","url":"https:\/\/www.notibras.com\/site\/wp-content\/uploads\/2023\/06\/31e1362d-0259-4f6b-955b-abc926412ac6.jpg","contentUrl":"https:\/\/www.notibras.com\/site\/wp-content\/uploads\/2023\/06\/31e1362d-0259-4f6b-955b-abc926412ac6.jpg","width":1600,"height":1067},{"@type":"BreadcrumbList","@id":"https:\/\/www.notibras.com\/site\/paulooctavio-e-poupex-firmam-parceria-para-novo-residencial\/#breadcrumb","itemListElement":[{"@type":"ListItem","position":1,"name":"In\u00edcio","item":"https:\/\/www.notibras.com\/site\/"},{"@type":"ListItem","position":2,"name":"PaulOOctavio e Poupex firmam parceria para novo residencial"}]},{"@type":"WebSite","@id":"https:\/\/www.notibras.com\/site\/#website","url":"https:\/\/www.notibras.com\/site\/","name":"Notibras","description":"Not\u00edcias de Bras\u00edlia, do Brasil e do Mundo","publisher":{"@id":"https:\/\/www.notibras.com\/site\/#organization"},"potentialAction":[{"@type":"SearchAction","target":{"@type":"EntryPoint","urlTemplate":"https:\/\/www.notibras.com\/site\/?s={search_term_string}"},"query-input":{"@type":"PropertyValueSpecification","valueRequired":true,"valueName":"search_term_string"}}],"inLanguage":"pt-BR"},{"@type":"Organization","@id":"https:\/\/www.notibras.com\/site\/#organization","name":"Grupo Notibras de Comunica\u00e7\u00e3o","url":"https:\/\/www.notibras.com\/site\/","logo":{"@type":"ImageObject","inLanguage":"pt-BR","@id":"https:\/\/www.notibras.com\/site\/#\/schema\/logo\/image\/","url":"https:\/\/www.notibras.com\/site\/wp-content\/uploads\/2023\/01\/notibras23.png","contentUrl":"https:\/\/www.notibras.com\/site\/wp-content\/uploads\/2023\/01\/notibras23.png","width":350,"height":87,"caption":"Grupo Notibras de Comunica\u00e7\u00e3o"},"image":{"@id":"https:\/\/www.notibras.com\/site\/#\/schema\/logo\/image\/"},"sameAs":["https:\/\/www.facebook.com\/notibras\/","https:\/\/x.com\/Notibras","https:\/\/www.instagram.com\/notibras\/"]},{"@type":"Person","@id":"https:\/\/www.notibras.com\/site\/#\/schema\/person\/36ab0979449956132d3e5b517ea76ac8","name":"Reda\u00e7\u00e3o","image":{"@type":"ImageObject","inLanguage":"pt-BR","@id":"https:\/\/secure.gravatar.com\/avatar\/e0a867bdedb85fd243eadf09663511f96fc81e0720a4a42581f334ad4303aa6b?s=96&d=mm&r=g","url":"https:\/\/secure.gravatar.com\/avatar\/e0a867bdedb85fd243eadf09663511f96fc81e0720a4a42581f334ad4303aa6b?s=96&d=mm&r=g","contentUrl":"https:\/\/secure.gravatar.com\/avatar\/e0a867bdedb85fd243eadf09663511f96fc81e0720a4a42581f334ad4303aa6b?s=96&d=mm&r=g","caption":"Reda\u00e7\u00e3o"}}]}},"amp_enabled":true,"_links":{"self":[{"href":"https:\/\/www.notibras.com\/site\/wp-json\/wp\/v2\/posts\/306905","targetHints":{"allow":["GET"]}}],"collection":[{"href":"https:\/\/www.notibras.com\/site\/wp-json\/wp\/v2\/posts"}],"about":[{"href":"https:\/\/www.notibras.com\/site\/wp-json\/wp\/v2\/types\/post"}],"author":[{"embeddable":true,"href":"https:\/\/www.notibras.com\/site\/wp-json\/wp\/v2\/users\/2"}],"replies":[{"embeddable":true,"href":"https:\/\/www.notibras.com\/site\/wp-json\/wp\/v2\/comments?post=306905"}],"version-history":[{"count":1,"href":"https:\/\/www.notibras.com\/site\/wp-json\/wp\/v2\/posts\/306905\/revisions"}],"predecessor-version":[{"id":306907,"href":"https:\/\/www.notibras.com\/site\/wp-json\/wp\/v2\/posts\/306905\/revisions\/306907"}],"wp:featuredmedia":[{"embeddable":true,"href":"https:\/\/www.notibras.com\/site\/wp-json\/wp\/v2\/media\/306906"}],"wp:attachment":[{"href":"https:\/\/www.notibras.com\/site\/wp-json\/wp\/v2\/media?parent=306905"}],"wp:term":[{"taxonomy":"category","embeddable":true,"href":"https:\/\/www.notibras.com\/site\/wp-json\/wp\/v2\/categories?post=306905"},{"taxonomy":"post_tag","embeddable":true,"href":"https:\/\/www.notibras.com\/site\/wp-json\/wp\/v2\/tags?post=306905"}],"curies":[{"name":"wp","href":"https:\/\/api.w.org\/{rel}","templated":true}]}}