{"id":306937,"date":"2023-06-15T07:31:23","date_gmt":"2023-06-15T10:31:23","guid":{"rendered":"https:\/\/www.notibras.com\/site\/?p=306937"},"modified":"2023-06-15T14:23:30","modified_gmt":"2023-06-15T17:23:30","slug":"terror-entre-irmaos-resgata-a-velha-planaltina","status":"publish","type":"post","link":"https:\/\/www.notibras.com\/site\/terror-entre-irmaos-resgata-a-velha-planaltina\/","title":{"rendered":"Terror entre irm\u00e3os resgata a velha Planaltina"},"content":{"rendered":"<p>As crian\u00e7as adoravam as festas de fim de ano na casa da av\u00f3. Irm\u00e3os e primos, todos entre seis e doze anos, se divertiam adoidados. Enquanto isso, os adultos se fingiam mais vitoriosos do que eram. Na verdade, tirando dois ou tr\u00eas, o restante passara mais um ano de muito sufoco para pagar as contas. Algumas, ali\u00e1s, continuavam pendentes, sem que isso fosse empecilho para que a pompa continuasse verberando entre a parentada.<\/p>\n<p>Cora, a velha matriarca, estava prestes a completar 92 anos e, apesar da avan\u00e7ada idade, continuava recebendo filhos, noras, genros, netos, bisneto e agregados com o mesmo sorriso daquela dentadura de dentes perfeitamente desalinhados. Isso, ali\u00e1s, gerava d\u00favida em alguns, pois n\u00e3o entendiam como \u00e9 que uma mulher t\u00e3o velha ainda mantinha todos os dentes na boca. Mal sabiam que todos eles repousavam noite adentro em um copo cheio d&#8217;\u00e1gua na cabeceira ao lado da cama daquela senhora.<\/p>\n<p>A casa, apesar de antiga, era aconchegante. Fica na paradis\u00edaca Planaltina, nascida bem antes de Bras\u00edlia e incorporada ao quadradinho quando JK decidiu delimitar a regi\u00e3o da nova Capital. Seis quartos, com uma \u00fanica su\u00edte, justamente a que Cora repousava. Todos os aposentos eram dispostos em um longo corredor mal iluminado. Quando a casa estava cheia, n\u00e3o eram raros os sons de passos indo em dire\u00e7\u00e3o ao banheiro, que ficava no final do corredor. Isso, ali\u00e1s, era motivo para in\u00fameras hist\u00f3rias que as crian\u00e7as mais velhas contavam para as menores, enquanto a molecada se espremia num \u00fanico quarto, justamente o que ficava na ponta oposta ao banheiro.<\/p>\n<p>Naquela noite, j\u00e1 prestes a virar madrugada, Bernardo reuniu os mi\u00fados ao seu redor. Ele mantinha uma lanterna acesa sobre seu rosto, a \u00fanica luz naquele quarto escuro. Os mais novos se espremiam na v\u00e3 esperan\u00e7a de se manterem seguros, certos de que estavam prestes a mais uma hist\u00f3ria de terror contada pelo parente. At\u00e9 o pequenino Carlinhos, que morria de medo de tudo, n\u00e3o conseguia evitar manter os ouvidos bem abertos para captar cada palavra do mais velho.<\/p>\n<p>Bernardo, que n\u00e3o era t\u00e3o corajoso como os outros imaginavam, gostava de provocar arrepios na sua pequena plateia. Mal iniciava a hist\u00f3ria, fazia pausas estrat\u00e9gicas, ao mesmo tempo em que iluminava os caninos pontiagudos, o que lhe conferia, at\u00e9 certo ponto, um ar sombrio. Todos ficavam paralisados de medo, talvez at\u00e9 o pr\u00f3prio narrador.<\/p>\n<p>A hist\u00f3ria da vez era sobre uma velha muito mais velha que a matriarca da fam\u00edlia. Sim, isso mesmo! Muito mais velha! De t\u00e3o velha, contava com quase 180 anos. Para ser mais exato, 179. Seu nome? Bem, ningu\u00e9m sabia ao certo, mas todos a chamavam de Zuza.<\/p>\n<p>Ela teria nascido ali naquela casa, justamente naquele quarto, bem antes da chegada da fam\u00edlia real ao Brasil. Nascida escrava, morreu livre, mas ficou presa \u00e0quele lugar pelo resto da vida e, dizem, continuava por ali arrastando seus p\u00e9s calejados numa sand\u00e1lia de pano pu\u00eddo. Por isso, era poss\u00edvel, ainda hoje, ouvir os passos lentos da velha Zuza vindos do enorme corredor em frente.<\/p>\n<p>Enquanto Bernardo falava, eis que todos sentem um calafrio percorrendo a espinha. Passos no corredor. Arrastando-se. Depois de um breve momento, sil\u00eancio total. Em seguida, a crian\u00e7ada ouve algu\u00e9m se arrastando de volta, que, por um instante, parou diante da porta do quarto deles.<\/p>\n<p>Todos se espremeram ainda mais, como se fosse poss\u00edvel que cada um conseguisse sentir o pulsar do medo percorrendo aqueles pequenos corpos. Os passos prosseguem at\u00e9 a outra ponta do corredor. Os ouvidos atentos da meninada escutam o ranger de uma porta se fechando. Parece ser o fim daquilo. Parece.<\/p>\n<p>Ningu\u00e9m quer mais escutar a hist\u00f3ria do Bernardo. At\u00e9 este se sente dissuadido, n\u00e3o quer continu\u00e1-la. Espremidos ainda mais, aqueles corpinhos mi\u00fados adormecem um a um, at\u00e9 que todos se entregam aos pr\u00f3prios sonhos.<\/p>\n<p>A madrugada vai dando lugar ao dia. Um facho de luz vindo l\u00e1 de fora come\u00e7a a despertar aquelas crian\u00e7as. A primeira a acordar foi a Marina, uma das mais crescidinhas. Mal abriu os olhos, ela percebeu que seu irm\u00e3o mais novo, o Carlinhos, n\u00e3o estava ali. Teria sido carregado pela velha Zuzu?<\/p>\n<p>Assustada, ela come\u00e7ou a procurar pelo menino em todos os lugares. Debaixo das camas, atr\u00e1s do arm\u00e1rio. Nada! Carlinhos havia desaparecido. Como j\u00e1 era manh\u00e3, todos tomaram coragem para procurar pelo menino fora do quarto.<\/p>\n<p>Com os olhos cheios de l\u00e1grimas, Marina tomou a frente, enquanto os outros a seguiram. Olhou o corredor de um lado a outro. Nenhum sinal do Carlinhos. Ela observou que a porta do banheiro estava entreaberta. Tomou coragem e, a passos lentos e cautelosos, foi at\u00e9 l\u00e1.<\/p>\n<p>A menina, diante daquela porta, deu um leve toque, o suficiente para faz\u00ea-la ranger at\u00e9 se abrir por completo. Marina n\u00e3o conseguiu evitar um grito, que, de t\u00e3o agudo, despertou todos os adultos da casa. Ela estava diante do seu pequeno irm\u00e3o.<\/p>\n<p>O cheiro horr\u00edvel vindo do banheiro, no entanto, foi um al\u00edvio para Marina. Ela entendeu, naquele exato momento, que Carlinhos teve uma dor de barriga durante a madrugada e acabou adormecendo sentado na privada.<\/p>\n","protected":false},"excerpt":{"rendered":"<p>As crian\u00e7as adoravam as festas de fim de ano na casa da av\u00f3. Irm\u00e3os e primos, todos entre seis e doze anos, se divertiam adoidados. Enquanto isso, os adultos se fingiam mais vitoriosos do que eram. Na verdade, tirando dois ou tr\u00eas, o restante passara mais um ano de muito sufoco para pagar as contas. [&hellip;]<\/p>\n","protected":false},"author":2,"featured_media":306940,"comment_status":"closed","ping_status":"closed","sticky":false,"template":"","format":"standard","meta":{"_acf_changed":false,"footnotes":""},"categories":[161],"tags":[],"class_list":["post-306937","post","type-post","status-publish","format-standard","has-post-thumbnail","hentry","category-quadradinho-em-foco"],"acf":[],"yoast_head":"<!-- This site is optimized with the Yoast SEO plugin v27.2 - https:\/\/yoast.com\/product\/yoast-seo-wordpress\/ -->\n<title>Terror entre irm\u00e3os resgata a velha Planaltina - Notibras<\/title>\n<meta name=\"robots\" content=\"index, follow, max-snippet:-1, max-image-preview:large, max-video-preview:-1\" \/>\n<link rel=\"canonical\" href=\"https:\/\/www.notibras.com\/site\/terror-entre-irmaos-resgata-a-velha-planaltina\/\" \/>\n<meta property=\"og:locale\" content=\"pt_BR\" \/>\n<meta property=\"og:type\" content=\"article\" \/>\n<meta property=\"og:title\" content=\"Terror entre irm\u00e3os resgata a velha Planaltina - Notibras\" \/>\n<meta property=\"og:description\" content=\"As crian\u00e7as adoravam as festas de fim de ano na casa da av\u00f3. Irm\u00e3os e primos, todos entre seis e doze anos, se divertiam adoidados. Enquanto isso, os adultos se fingiam mais vitoriosos do que eram. Na verdade, tirando dois ou tr\u00eas, o restante passara mais um ano de muito sufoco para pagar as contas. [&hellip;]\" \/>\n<meta property=\"og:url\" content=\"https:\/\/www.notibras.com\/site\/terror-entre-irmaos-resgata-a-velha-planaltina\/\" \/>\n<meta property=\"og:site_name\" content=\"Notibras\" \/>\n<meta property=\"article:publisher\" content=\"https:\/\/www.facebook.com\/notibras\/\" \/>\n<meta property=\"article:published_time\" content=\"2023-06-15T10:31:23+00:00\" \/>\n<meta property=\"article:modified_time\" content=\"2023-06-15T17:23:30+00:00\" \/>\n<meta property=\"og:image\" content=\"https:\/\/www.notibras.com\/site\/wp-content\/uploads\/2023\/06\/RNA2030-768x510-1.jpg\" \/>\n\t<meta property=\"og:image:width\" content=\"768\" \/>\n\t<meta property=\"og:image:height\" content=\"510\" \/>\n\t<meta property=\"og:image:type\" content=\"image\/jpeg\" \/>\n<meta name=\"author\" content=\"Reda\u00e7\u00e3o\" \/>\n<meta name=\"twitter:card\" content=\"summary_large_image\" \/>\n<meta name=\"twitter:creator\" content=\"@Notibras\" \/>\n<meta name=\"twitter:site\" content=\"@Notibras\" \/>\n<meta name=\"twitter:label1\" content=\"Escrito por\" \/>\n\t<meta name=\"twitter:data1\" content=\"Reda\u00e7\u00e3o\" \/>\n\t<meta name=\"twitter:label2\" content=\"Est. tempo de leitura\" \/>\n\t<meta name=\"twitter:data2\" content=\"5 minutos\" \/>\n<script type=\"application\/ld+json\" class=\"yoast-schema-graph\">{\"@context\":\"https:\/\/schema.org\",\"@graph\":[{\"@type\":\"Article\",\"@id\":\"https:\/\/www.notibras.com\/site\/terror-entre-irmaos-resgata-a-velha-planaltina\/#article\",\"isPartOf\":{\"@id\":\"https:\/\/www.notibras.com\/site\/terror-entre-irmaos-resgata-a-velha-planaltina\/\"},\"author\":{\"name\":\"Reda\u00e7\u00e3o\",\"@id\":\"https:\/\/www.notibras.com\/site\/#\/schema\/person\/36ab0979449956132d3e5b517ea76ac8\"},\"headline\":\"Terror entre irm\u00e3os resgata a velha Planaltina\",\"datePublished\":\"2023-06-15T10:31:23+00:00\",\"dateModified\":\"2023-06-15T17:23:30+00:00\",\"mainEntityOfPage\":{\"@id\":\"https:\/\/www.notibras.com\/site\/terror-entre-irmaos-resgata-a-velha-planaltina\/\"},\"wordCount\":908,\"publisher\":{\"@id\":\"https:\/\/www.notibras.com\/site\/#organization\"},\"image\":{\"@id\":\"https:\/\/www.notibras.com\/site\/terror-entre-irmaos-resgata-a-velha-planaltina\/#primaryimage\"},\"thumbnailUrl\":\"https:\/\/www.notibras.com\/site\/wp-content\/uploads\/2023\/06\/RNA2030-768x510-1.jpg\",\"articleSection\":[\"Quadradinho em Foco\"],\"inLanguage\":\"pt-BR\"},{\"@type\":\"WebPage\",\"@id\":\"https:\/\/www.notibras.com\/site\/terror-entre-irmaos-resgata-a-velha-planaltina\/\",\"url\":\"https:\/\/www.notibras.com\/site\/terror-entre-irmaos-resgata-a-velha-planaltina\/\",\"name\":\"Terror entre irm\u00e3os resgata a velha Planaltina - Notibras\",\"isPartOf\":{\"@id\":\"https:\/\/www.notibras.com\/site\/#website\"},\"primaryImageOfPage\":{\"@id\":\"https:\/\/www.notibras.com\/site\/terror-entre-irmaos-resgata-a-velha-planaltina\/#primaryimage\"},\"image\":{\"@id\":\"https:\/\/www.notibras.com\/site\/terror-entre-irmaos-resgata-a-velha-planaltina\/#primaryimage\"},\"thumbnailUrl\":\"https:\/\/www.notibras.com\/site\/wp-content\/uploads\/2023\/06\/RNA2030-768x510-1.jpg\",\"datePublished\":\"2023-06-15T10:31:23+00:00\",\"dateModified\":\"2023-06-15T17:23:30+00:00\",\"breadcrumb\":{\"@id\":\"https:\/\/www.notibras.com\/site\/terror-entre-irmaos-resgata-a-velha-planaltina\/#breadcrumb\"},\"inLanguage\":\"pt-BR\",\"potentialAction\":[{\"@type\":\"ReadAction\",\"target\":[\"https:\/\/www.notibras.com\/site\/terror-entre-irmaos-resgata-a-velha-planaltina\/\"]}]},{\"@type\":\"ImageObject\",\"inLanguage\":\"pt-BR\",\"@id\":\"https:\/\/www.notibras.com\/site\/terror-entre-irmaos-resgata-a-velha-planaltina\/#primaryimage\",\"url\":\"https:\/\/www.notibras.com\/site\/wp-content\/uploads\/2023\/06\/RNA2030-768x510-1.jpg\",\"contentUrl\":\"https:\/\/www.notibras.com\/site\/wp-content\/uploads\/2023\/06\/RNA2030-768x510-1.jpg\",\"width\":768,\"height\":510},{\"@type\":\"BreadcrumbList\",\"@id\":\"https:\/\/www.notibras.com\/site\/terror-entre-irmaos-resgata-a-velha-planaltina\/#breadcrumb\",\"itemListElement\":[{\"@type\":\"ListItem\",\"position\":1,\"name\":\"In\u00edcio\",\"item\":\"https:\/\/www.notibras.com\/site\/\"},{\"@type\":\"ListItem\",\"position\":2,\"name\":\"Terror entre irm\u00e3os resgata a velha Planaltina\"}]},{\"@type\":\"WebSite\",\"@id\":\"https:\/\/www.notibras.com\/site\/#website\",\"url\":\"https:\/\/www.notibras.com\/site\/\",\"name\":\"Notibras\",\"description\":\"Not\u00edcias de Bras\u00edlia, do Brasil e do Mundo\",\"publisher\":{\"@id\":\"https:\/\/www.notibras.com\/site\/#organization\"},\"potentialAction\":[{\"@type\":\"SearchAction\",\"target\":{\"@type\":\"EntryPoint\",\"urlTemplate\":\"https:\/\/www.notibras.com\/site\/?s={search_term_string}\"},\"query-input\":{\"@type\":\"PropertyValueSpecification\",\"valueRequired\":true,\"valueName\":\"search_term_string\"}}],\"inLanguage\":\"pt-BR\"},{\"@type\":\"Organization\",\"@id\":\"https:\/\/www.notibras.com\/site\/#organization\",\"name\":\"Grupo Notibras de Comunica\u00e7\u00e3o\",\"url\":\"https:\/\/www.notibras.com\/site\/\",\"logo\":{\"@type\":\"ImageObject\",\"inLanguage\":\"pt-BR\",\"@id\":\"https:\/\/www.notibras.com\/site\/#\/schema\/logo\/image\/\",\"url\":\"https:\/\/www.notibras.com\/site\/wp-content\/uploads\/2023\/01\/notibras23.png\",\"contentUrl\":\"https:\/\/www.notibras.com\/site\/wp-content\/uploads\/2023\/01\/notibras23.png\",\"width\":350,\"height\":87,\"caption\":\"Grupo Notibras de Comunica\u00e7\u00e3o\"},\"image\":{\"@id\":\"https:\/\/www.notibras.com\/site\/#\/schema\/logo\/image\/\"},\"sameAs\":[\"https:\/\/www.facebook.com\/notibras\/\",\"https:\/\/x.com\/Notibras\",\"https:\/\/www.instagram.com\/notibras\/\"]},{\"@type\":\"Person\",\"@id\":\"https:\/\/www.notibras.com\/site\/#\/schema\/person\/36ab0979449956132d3e5b517ea76ac8\",\"name\":\"Reda\u00e7\u00e3o\",\"image\":{\"@type\":\"ImageObject\",\"inLanguage\":\"pt-BR\",\"@id\":\"https:\/\/secure.gravatar.com\/avatar\/e0a867bdedb85fd243eadf09663511f96fc81e0720a4a42581f334ad4303aa6b?s=96&d=mm&r=g\",\"url\":\"https:\/\/secure.gravatar.com\/avatar\/e0a867bdedb85fd243eadf09663511f96fc81e0720a4a42581f334ad4303aa6b?s=96&d=mm&r=g\",\"contentUrl\":\"https:\/\/secure.gravatar.com\/avatar\/e0a867bdedb85fd243eadf09663511f96fc81e0720a4a42581f334ad4303aa6b?s=96&d=mm&r=g\",\"caption\":\"Reda\u00e7\u00e3o\"}}]}<\/script>\n<!-- \/ Yoast SEO plugin. -->","yoast_head_json":{"title":"Terror entre irm\u00e3os resgata a velha Planaltina - Notibras","robots":{"index":"index","follow":"follow","max-snippet":"max-snippet:-1","max-image-preview":"max-image-preview:large","max-video-preview":"max-video-preview:-1"},"canonical":"https:\/\/www.notibras.com\/site\/terror-entre-irmaos-resgata-a-velha-planaltina\/","og_locale":"pt_BR","og_type":"article","og_title":"Terror entre irm\u00e3os resgata a velha Planaltina - Notibras","og_description":"As crian\u00e7as adoravam as festas de fim de ano na casa da av\u00f3. Irm\u00e3os e primos, todos entre seis e doze anos, se divertiam adoidados. Enquanto isso, os adultos se fingiam mais vitoriosos do que eram. Na verdade, tirando dois ou tr\u00eas, o restante passara mais um ano de muito sufoco para pagar as contas. [&hellip;]","og_url":"https:\/\/www.notibras.com\/site\/terror-entre-irmaos-resgata-a-velha-planaltina\/","og_site_name":"Notibras","article_publisher":"https:\/\/www.facebook.com\/notibras\/","article_published_time":"2023-06-15T10:31:23+00:00","article_modified_time":"2023-06-15T17:23:30+00:00","og_image":[{"width":768,"height":510,"url":"https:\/\/www.notibras.com\/site\/wp-content\/uploads\/2023\/06\/RNA2030-768x510-1.jpg","type":"image\/jpeg"}],"author":"Reda\u00e7\u00e3o","twitter_card":"summary_large_image","twitter_creator":"@Notibras","twitter_site":"@Notibras","twitter_misc":{"Escrito por":"Reda\u00e7\u00e3o","Est. tempo de leitura":"5 minutos"},"schema":{"@context":"https:\/\/schema.org","@graph":[{"@type":"Article","@id":"https:\/\/www.notibras.com\/site\/terror-entre-irmaos-resgata-a-velha-planaltina\/#article","isPartOf":{"@id":"https:\/\/www.notibras.com\/site\/terror-entre-irmaos-resgata-a-velha-planaltina\/"},"author":{"name":"Reda\u00e7\u00e3o","@id":"https:\/\/www.notibras.com\/site\/#\/schema\/person\/36ab0979449956132d3e5b517ea76ac8"},"headline":"Terror entre irm\u00e3os resgata a velha Planaltina","datePublished":"2023-06-15T10:31:23+00:00","dateModified":"2023-06-15T17:23:30+00:00","mainEntityOfPage":{"@id":"https:\/\/www.notibras.com\/site\/terror-entre-irmaos-resgata-a-velha-planaltina\/"},"wordCount":908,"publisher":{"@id":"https:\/\/www.notibras.com\/site\/#organization"},"image":{"@id":"https:\/\/www.notibras.com\/site\/terror-entre-irmaos-resgata-a-velha-planaltina\/#primaryimage"},"thumbnailUrl":"https:\/\/www.notibras.com\/site\/wp-content\/uploads\/2023\/06\/RNA2030-768x510-1.jpg","articleSection":["Quadradinho em Foco"],"inLanguage":"pt-BR"},{"@type":"WebPage","@id":"https:\/\/www.notibras.com\/site\/terror-entre-irmaos-resgata-a-velha-planaltina\/","url":"https:\/\/www.notibras.com\/site\/terror-entre-irmaos-resgata-a-velha-planaltina\/","name":"Terror entre irm\u00e3os resgata a velha Planaltina - Notibras","isPartOf":{"@id":"https:\/\/www.notibras.com\/site\/#website"},"primaryImageOfPage":{"@id":"https:\/\/www.notibras.com\/site\/terror-entre-irmaos-resgata-a-velha-planaltina\/#primaryimage"},"image":{"@id":"https:\/\/www.notibras.com\/site\/terror-entre-irmaos-resgata-a-velha-planaltina\/#primaryimage"},"thumbnailUrl":"https:\/\/www.notibras.com\/site\/wp-content\/uploads\/2023\/06\/RNA2030-768x510-1.jpg","datePublished":"2023-06-15T10:31:23+00:00","dateModified":"2023-06-15T17:23:30+00:00","breadcrumb":{"@id":"https:\/\/www.notibras.com\/site\/terror-entre-irmaos-resgata-a-velha-planaltina\/#breadcrumb"},"inLanguage":"pt-BR","potentialAction":[{"@type":"ReadAction","target":["https:\/\/www.notibras.com\/site\/terror-entre-irmaos-resgata-a-velha-planaltina\/"]}]},{"@type":"ImageObject","inLanguage":"pt-BR","@id":"https:\/\/www.notibras.com\/site\/terror-entre-irmaos-resgata-a-velha-planaltina\/#primaryimage","url":"https:\/\/www.notibras.com\/site\/wp-content\/uploads\/2023\/06\/RNA2030-768x510-1.jpg","contentUrl":"https:\/\/www.notibras.com\/site\/wp-content\/uploads\/2023\/06\/RNA2030-768x510-1.jpg","width":768,"height":510},{"@type":"BreadcrumbList","@id":"https:\/\/www.notibras.com\/site\/terror-entre-irmaos-resgata-a-velha-planaltina\/#breadcrumb","itemListElement":[{"@type":"ListItem","position":1,"name":"In\u00edcio","item":"https:\/\/www.notibras.com\/site\/"},{"@type":"ListItem","position":2,"name":"Terror entre irm\u00e3os resgata a velha Planaltina"}]},{"@type":"WebSite","@id":"https:\/\/www.notibras.com\/site\/#website","url":"https:\/\/www.notibras.com\/site\/","name":"Notibras","description":"Not\u00edcias de Bras\u00edlia, do Brasil e do Mundo","publisher":{"@id":"https:\/\/www.notibras.com\/site\/#organization"},"potentialAction":[{"@type":"SearchAction","target":{"@type":"EntryPoint","urlTemplate":"https:\/\/www.notibras.com\/site\/?s={search_term_string}"},"query-input":{"@type":"PropertyValueSpecification","valueRequired":true,"valueName":"search_term_string"}}],"inLanguage":"pt-BR"},{"@type":"Organization","@id":"https:\/\/www.notibras.com\/site\/#organization","name":"Grupo Notibras de Comunica\u00e7\u00e3o","url":"https:\/\/www.notibras.com\/site\/","logo":{"@type":"ImageObject","inLanguage":"pt-BR","@id":"https:\/\/www.notibras.com\/site\/#\/schema\/logo\/image\/","url":"https:\/\/www.notibras.com\/site\/wp-content\/uploads\/2023\/01\/notibras23.png","contentUrl":"https:\/\/www.notibras.com\/site\/wp-content\/uploads\/2023\/01\/notibras23.png","width":350,"height":87,"caption":"Grupo Notibras de Comunica\u00e7\u00e3o"},"image":{"@id":"https:\/\/www.notibras.com\/site\/#\/schema\/logo\/image\/"},"sameAs":["https:\/\/www.facebook.com\/notibras\/","https:\/\/x.com\/Notibras","https:\/\/www.instagram.com\/notibras\/"]},{"@type":"Person","@id":"https:\/\/www.notibras.com\/site\/#\/schema\/person\/36ab0979449956132d3e5b517ea76ac8","name":"Reda\u00e7\u00e3o","image":{"@type":"ImageObject","inLanguage":"pt-BR","@id":"https:\/\/secure.gravatar.com\/avatar\/e0a867bdedb85fd243eadf09663511f96fc81e0720a4a42581f334ad4303aa6b?s=96&d=mm&r=g","url":"https:\/\/secure.gravatar.com\/avatar\/e0a867bdedb85fd243eadf09663511f96fc81e0720a4a42581f334ad4303aa6b?s=96&d=mm&r=g","contentUrl":"https:\/\/secure.gravatar.com\/avatar\/e0a867bdedb85fd243eadf09663511f96fc81e0720a4a42581f334ad4303aa6b?s=96&d=mm&r=g","caption":"Reda\u00e7\u00e3o"}}]}},"amp_enabled":true,"_links":{"self":[{"href":"https:\/\/www.notibras.com\/site\/wp-json\/wp\/v2\/posts\/306937","targetHints":{"allow":["GET"]}}],"collection":[{"href":"https:\/\/www.notibras.com\/site\/wp-json\/wp\/v2\/posts"}],"about":[{"href":"https:\/\/www.notibras.com\/site\/wp-json\/wp\/v2\/types\/post"}],"author":[{"embeddable":true,"href":"https:\/\/www.notibras.com\/site\/wp-json\/wp\/v2\/users\/2"}],"replies":[{"embeddable":true,"href":"https:\/\/www.notibras.com\/site\/wp-json\/wp\/v2\/comments?post=306937"}],"version-history":[{"count":3,"href":"https:\/\/www.notibras.com\/site\/wp-json\/wp\/v2\/posts\/306937\/revisions"}],"predecessor-version":[{"id":306977,"href":"https:\/\/www.notibras.com\/site\/wp-json\/wp\/v2\/posts\/306937\/revisions\/306977"}],"wp:featuredmedia":[{"embeddable":true,"href":"https:\/\/www.notibras.com\/site\/wp-json\/wp\/v2\/media\/306940"}],"wp:attachment":[{"href":"https:\/\/www.notibras.com\/site\/wp-json\/wp\/v2\/media?parent=306937"}],"wp:term":[{"taxonomy":"category","embeddable":true,"href":"https:\/\/www.notibras.com\/site\/wp-json\/wp\/v2\/categories?post=306937"},{"taxonomy":"post_tag","embeddable":true,"href":"https:\/\/www.notibras.com\/site\/wp-json\/wp\/v2\/tags?post=306937"}],"curies":[{"name":"wp","href":"https:\/\/api.w.org\/{rel}","templated":true}]}}