{"id":307002,"date":"2023-06-16T06:15:20","date_gmt":"2023-06-16T09:15:20","guid":{"rendered":"https:\/\/www.notibras.com\/site\/?p=307002"},"modified":"2023-06-16T06:15:20","modified_gmt":"2023-06-16T09:15:20","slug":"sanfona-e-forro-criam-clima-para-a-festa-junina","status":"publish","type":"post","link":"https:\/\/www.notibras.com\/site\/sanfona-e-forro-criam-clima-para-a-festa-junina\/","title":{"rendered":"Sanfona e forr\u00f3 criam clima para a festa junina"},"content":{"rendered":"<p>Os projetos S\u00e1bado Cultural e o Almo\u00e7o Musical do Terra\u00e7o Shopping trar\u00e3o dois talentosos artistas ao palco da Pra\u00e7a Central, proporcionando aos visitantes momentos inesquec\u00edveis e de muita anima\u00e7\u00e3o com os ritmos de festa junina.<\/p>\n<p>No s\u00e1bado, dia 17 de junho, \u00e0s 19h30, o aclamado m\u00fasico e acordeonista Junior Ferreira ir\u00e1 encantar o p\u00fablico com sua habilidade \u00fanica, no projeto S\u00e1bado Cultural. Com sua sanfona, Junior apresentar\u00e1 trabalhos autorais de seu elogiado disco &#8220;Casa de Ferreira&#8221;, transportando os espectadores para uma viagem musical envolvente. Suas composi\u00e7\u00f5es refletem a riqueza da cultura brasileira, repletas de ritmos aut\u00eanticos e melodias dan\u00e7antes.<\/p>\n<p>J\u00e1 no domingo, dia 18, \u00e0s 13h, o Terra\u00e7o Shopping convida os visitantes a reviver momentos nost\u00e1lgicos ao som do ex-vocalista do renomado grupo Forr\u00f3 Lunar, Thiago Lunar, no projeto Almo\u00e7o Musical. O artista agitar\u00e1 o p\u00fablico com um show empolgante, repleto de cl\u00e1ssicos do forr\u00f3 p\u00e9 de serra. Com seu carisma e talento, trar\u00e1 \u00e0 tona can\u00e7\u00f5es marcantes do forr\u00f3 universit\u00e1rio do in\u00edcio dos anos 2000, al\u00e9m de vers\u00f5es contagiantes de sucessos da MPB e do pop nacional em ritmo de xote.<\/p>\n<p>S\u00e1bados Culturais, sempre \u00e0s 19h30<br \/>\nPra\u00e7a Central &#8211; Entrada gratuita<\/p>\n<p>Almo\u00e7o Musical (domingo), sempre \u00e0s 13h<br \/>\nPra\u00e7a Central &#8211; Entrada gratuita<\/p>\n<p><strong>&gt; Sobre o Terra\u00e7o Shopping<\/strong><br \/>\nO Terra\u00e7o Shopping \u00e9 um empreendimento das Organiza\u00e7\u00f5es PaulOOctavio, inaugurado em novembro de 1999. Com seu estilo \u00fanico de open mall, o shopping proporciona um ambiente agrad\u00e1vel, com vista para o lindo c\u00e9u de Bras\u00edlia. O empreendimento possui 160 lojas, 15 opera\u00e7\u00f5es na pra\u00e7a de alimenta\u00e7\u00e3o e 10 restaurantes no Gourmet Center, al\u00e9m de duas torres com 270 salas comerciais e um amplo estacionamento.<\/p>\n<p><strong>&gt; Servi\u00e7o do Terra\u00e7o Shopping:<\/strong><br \/>\nSite: www.terracoshopping.com.br<br \/>\nInstagram: @terracoshopping<br \/>\nFacebook: @shoppingterraco<\/p>\n","protected":false},"excerpt":{"rendered":"<p>Os projetos S\u00e1bado Cultural e o Almo\u00e7o Musical do Terra\u00e7o Shopping trar\u00e3o dois talentosos artistas ao palco da Pra\u00e7a Central, proporcionando aos visitantes momentos inesquec\u00edveis e de muita anima\u00e7\u00e3o com os ritmos de festa junina. No s\u00e1bado, dia 17 de junho, \u00e0s 19h30, o aclamado m\u00fasico e acordeonista Junior Ferreira ir\u00e1 encantar o p\u00fablico com [&hellip;]<\/p>\n","protected":false},"author":2,"featured_media":307003,"comment_status":"closed","ping_status":"closed","sticky":false,"template":"","format":"standard","meta":{"_acf_changed":false,"footnotes":""},"categories":[161],"tags":[],"class_list":["post-307002","post","type-post","status-publish","format-standard","has-post-thumbnail","hentry","category-quadradinho-em-foco"],"acf":[],"yoast_head":"<!-- This site is optimized with the Yoast SEO plugin v27.2 - https:\/\/yoast.com\/product\/yoast-seo-wordpress\/ -->\n<title>Sanfona e forr\u00f3 criam clima para a festa junina - Notibras<\/title>\n<meta name=\"robots\" content=\"index, follow, max-snippet:-1, max-image-preview:large, max-video-preview:-1\" \/>\n<link rel=\"canonical\" href=\"https:\/\/www.notibras.com\/site\/sanfona-e-forro-criam-clima-para-a-festa-junina\/\" \/>\n<meta property=\"og:locale\" content=\"pt_BR\" \/>\n<meta property=\"og:type\" content=\"article\" \/>\n<meta property=\"og:title\" content=\"Sanfona e forr\u00f3 criam clima para a festa junina - Notibras\" \/>\n<meta property=\"og:description\" content=\"Os projetos S\u00e1bado Cultural e o Almo\u00e7o Musical do Terra\u00e7o Shopping trar\u00e3o dois talentosos artistas ao palco da Pra\u00e7a Central, proporcionando aos visitantes momentos inesquec\u00edveis e de muita anima\u00e7\u00e3o com os ritmos de festa junina. No s\u00e1bado, dia 17 de junho, \u00e0s 19h30, o aclamado m\u00fasico e acordeonista Junior Ferreira ir\u00e1 encantar o p\u00fablico com [&hellip;]\" \/>\n<meta property=\"og:url\" content=\"https:\/\/www.notibras.com\/site\/sanfona-e-forro-criam-clima-para-a-festa-junina\/\" \/>\n<meta property=\"og:site_name\" content=\"Notibras\" \/>\n<meta property=\"article:publisher\" content=\"https:\/\/www.facebook.com\/notibras\/\" \/>\n<meta property=\"article:published_time\" content=\"2023-06-16T09:15:20+00:00\" \/>\n<meta property=\"og:image\" content=\"https:\/\/www.notibras.com\/site\/wp-content\/uploads\/2023\/06\/JUNIOR-FERREIRA.jpeg\" \/>\n\t<meta property=\"og:image:width\" content=\"1280\" \/>\n\t<meta property=\"og:image:height\" content=\"1280\" \/>\n\t<meta property=\"og:image:type\" content=\"image\/jpeg\" \/>\n<meta name=\"author\" content=\"Reda\u00e7\u00e3o\" \/>\n<meta name=\"twitter:card\" content=\"summary_large_image\" \/>\n<meta name=\"twitter:creator\" content=\"@Notibras\" \/>\n<meta name=\"twitter:site\" content=\"@Notibras\" \/>\n<meta name=\"twitter:label1\" content=\"Escrito por\" \/>\n\t<meta name=\"twitter:data1\" content=\"Reda\u00e7\u00e3o\" \/>\n\t<meta name=\"twitter:label2\" content=\"Est. tempo de leitura\" \/>\n\t<meta name=\"twitter:data2\" content=\"2 minutos\" \/>\n<script type=\"application\/ld+json\" class=\"yoast-schema-graph\">{\"@context\":\"https:\/\/schema.org\",\"@graph\":[{\"@type\":\"Article\",\"@id\":\"https:\/\/www.notibras.com\/site\/sanfona-e-forro-criam-clima-para-a-festa-junina\/#article\",\"isPartOf\":{\"@id\":\"https:\/\/www.notibras.com\/site\/sanfona-e-forro-criam-clima-para-a-festa-junina\/\"},\"author\":{\"name\":\"Reda\u00e7\u00e3o\",\"@id\":\"https:\/\/www.notibras.com\/site\/#\/schema\/person\/36ab0979449956132d3e5b517ea76ac8\"},\"headline\":\"Sanfona e forr\u00f3 criam clima para a festa junina\",\"datePublished\":\"2023-06-16T09:15:20+00:00\",\"mainEntityOfPage\":{\"@id\":\"https:\/\/www.notibras.com\/site\/sanfona-e-forro-criam-clima-para-a-festa-junina\/\"},\"wordCount\":325,\"publisher\":{\"@id\":\"https:\/\/www.notibras.com\/site\/#organization\"},\"image\":{\"@id\":\"https:\/\/www.notibras.com\/site\/sanfona-e-forro-criam-clima-para-a-festa-junina\/#primaryimage\"},\"thumbnailUrl\":\"https:\/\/www.notibras.com\/site\/wp-content\/uploads\/2023\/06\/JUNIOR-FERREIRA.jpeg\",\"articleSection\":[\"Quadradinho em Foco\"],\"inLanguage\":\"pt-BR\"},{\"@type\":\"WebPage\",\"@id\":\"https:\/\/www.notibras.com\/site\/sanfona-e-forro-criam-clima-para-a-festa-junina\/\",\"url\":\"https:\/\/www.notibras.com\/site\/sanfona-e-forro-criam-clima-para-a-festa-junina\/\",\"name\":\"Sanfona e forr\u00f3 criam clima para a festa junina - Notibras\",\"isPartOf\":{\"@id\":\"https:\/\/www.notibras.com\/site\/#website\"},\"primaryImageOfPage\":{\"@id\":\"https:\/\/www.notibras.com\/site\/sanfona-e-forro-criam-clima-para-a-festa-junina\/#primaryimage\"},\"image\":{\"@id\":\"https:\/\/www.notibras.com\/site\/sanfona-e-forro-criam-clima-para-a-festa-junina\/#primaryimage\"},\"thumbnailUrl\":\"https:\/\/www.notibras.com\/site\/wp-content\/uploads\/2023\/06\/JUNIOR-FERREIRA.jpeg\",\"datePublished\":\"2023-06-16T09:15:20+00:00\",\"breadcrumb\":{\"@id\":\"https:\/\/www.notibras.com\/site\/sanfona-e-forro-criam-clima-para-a-festa-junina\/#breadcrumb\"},\"inLanguage\":\"pt-BR\",\"potentialAction\":[{\"@type\":\"ReadAction\",\"target\":[\"https:\/\/www.notibras.com\/site\/sanfona-e-forro-criam-clima-para-a-festa-junina\/\"]}]},{\"@type\":\"ImageObject\",\"inLanguage\":\"pt-BR\",\"@id\":\"https:\/\/www.notibras.com\/site\/sanfona-e-forro-criam-clima-para-a-festa-junina\/#primaryimage\",\"url\":\"https:\/\/www.notibras.com\/site\/wp-content\/uploads\/2023\/06\/JUNIOR-FERREIRA.jpeg\",\"contentUrl\":\"https:\/\/www.notibras.com\/site\/wp-content\/uploads\/2023\/06\/JUNIOR-FERREIRA.jpeg\",\"width\":1280,\"height\":1280},{\"@type\":\"BreadcrumbList\",\"@id\":\"https:\/\/www.notibras.com\/site\/sanfona-e-forro-criam-clima-para-a-festa-junina\/#breadcrumb\",\"itemListElement\":[{\"@type\":\"ListItem\",\"position\":1,\"name\":\"In\u00edcio\",\"item\":\"https:\/\/www.notibras.com\/site\/\"},{\"@type\":\"ListItem\",\"position\":2,\"name\":\"Sanfona e forr\u00f3 criam clima para a festa junina\"}]},{\"@type\":\"WebSite\",\"@id\":\"https:\/\/www.notibras.com\/site\/#website\",\"url\":\"https:\/\/www.notibras.com\/site\/\",\"name\":\"Notibras\",\"description\":\"Not\u00edcias de Bras\u00edlia, do Brasil e do Mundo\",\"publisher\":{\"@id\":\"https:\/\/www.notibras.com\/site\/#organization\"},\"potentialAction\":[{\"@type\":\"SearchAction\",\"target\":{\"@type\":\"EntryPoint\",\"urlTemplate\":\"https:\/\/www.notibras.com\/site\/?s={search_term_string}\"},\"query-input\":{\"@type\":\"PropertyValueSpecification\",\"valueRequired\":true,\"valueName\":\"search_term_string\"}}],\"inLanguage\":\"pt-BR\"},{\"@type\":\"Organization\",\"@id\":\"https:\/\/www.notibras.com\/site\/#organization\",\"name\":\"Grupo Notibras de Comunica\u00e7\u00e3o\",\"url\":\"https:\/\/www.notibras.com\/site\/\",\"logo\":{\"@type\":\"ImageObject\",\"inLanguage\":\"pt-BR\",\"@id\":\"https:\/\/www.notibras.com\/site\/#\/schema\/logo\/image\/\",\"url\":\"https:\/\/www.notibras.com\/site\/wp-content\/uploads\/2023\/01\/notibras23.png\",\"contentUrl\":\"https:\/\/www.notibras.com\/site\/wp-content\/uploads\/2023\/01\/notibras23.png\",\"width\":350,\"height\":87,\"caption\":\"Grupo Notibras de Comunica\u00e7\u00e3o\"},\"image\":{\"@id\":\"https:\/\/www.notibras.com\/site\/#\/schema\/logo\/image\/\"},\"sameAs\":[\"https:\/\/www.facebook.com\/notibras\/\",\"https:\/\/x.com\/Notibras\",\"https:\/\/www.instagram.com\/notibras\/\"]},{\"@type\":\"Person\",\"@id\":\"https:\/\/www.notibras.com\/site\/#\/schema\/person\/36ab0979449956132d3e5b517ea76ac8\",\"name\":\"Reda\u00e7\u00e3o\",\"image\":{\"@type\":\"ImageObject\",\"inLanguage\":\"pt-BR\",\"@id\":\"https:\/\/secure.gravatar.com\/avatar\/e0a867bdedb85fd243eadf09663511f96fc81e0720a4a42581f334ad4303aa6b?s=96&d=mm&r=g\",\"url\":\"https:\/\/secure.gravatar.com\/avatar\/e0a867bdedb85fd243eadf09663511f96fc81e0720a4a42581f334ad4303aa6b?s=96&d=mm&r=g\",\"contentUrl\":\"https:\/\/secure.gravatar.com\/avatar\/e0a867bdedb85fd243eadf09663511f96fc81e0720a4a42581f334ad4303aa6b?s=96&d=mm&r=g\",\"caption\":\"Reda\u00e7\u00e3o\"}}]}<\/script>\n<!-- \/ Yoast SEO plugin. -->","yoast_head_json":{"title":"Sanfona e forr\u00f3 criam clima para a festa junina - Notibras","robots":{"index":"index","follow":"follow","max-snippet":"max-snippet:-1","max-image-preview":"max-image-preview:large","max-video-preview":"max-video-preview:-1"},"canonical":"https:\/\/www.notibras.com\/site\/sanfona-e-forro-criam-clima-para-a-festa-junina\/","og_locale":"pt_BR","og_type":"article","og_title":"Sanfona e forr\u00f3 criam clima para a festa junina - Notibras","og_description":"Os projetos S\u00e1bado Cultural e o Almo\u00e7o Musical do Terra\u00e7o Shopping trar\u00e3o dois talentosos artistas ao palco da Pra\u00e7a Central, proporcionando aos visitantes momentos inesquec\u00edveis e de muita anima\u00e7\u00e3o com os ritmos de festa junina. No s\u00e1bado, dia 17 de junho, \u00e0s 19h30, o aclamado m\u00fasico e acordeonista Junior Ferreira ir\u00e1 encantar o p\u00fablico com [&hellip;]","og_url":"https:\/\/www.notibras.com\/site\/sanfona-e-forro-criam-clima-para-a-festa-junina\/","og_site_name":"Notibras","article_publisher":"https:\/\/www.facebook.com\/notibras\/","article_published_time":"2023-06-16T09:15:20+00:00","og_image":[{"width":1280,"height":1280,"url":"https:\/\/www.notibras.com\/site\/wp-content\/uploads\/2023\/06\/JUNIOR-FERREIRA.jpeg","type":"image\/jpeg"}],"author":"Reda\u00e7\u00e3o","twitter_card":"summary_large_image","twitter_creator":"@Notibras","twitter_site":"@Notibras","twitter_misc":{"Escrito por":"Reda\u00e7\u00e3o","Est. tempo de leitura":"2 minutos"},"schema":{"@context":"https:\/\/schema.org","@graph":[{"@type":"Article","@id":"https:\/\/www.notibras.com\/site\/sanfona-e-forro-criam-clima-para-a-festa-junina\/#article","isPartOf":{"@id":"https:\/\/www.notibras.com\/site\/sanfona-e-forro-criam-clima-para-a-festa-junina\/"},"author":{"name":"Reda\u00e7\u00e3o","@id":"https:\/\/www.notibras.com\/site\/#\/schema\/person\/36ab0979449956132d3e5b517ea76ac8"},"headline":"Sanfona e forr\u00f3 criam clima para a festa junina","datePublished":"2023-06-16T09:15:20+00:00","mainEntityOfPage":{"@id":"https:\/\/www.notibras.com\/site\/sanfona-e-forro-criam-clima-para-a-festa-junina\/"},"wordCount":325,"publisher":{"@id":"https:\/\/www.notibras.com\/site\/#organization"},"image":{"@id":"https:\/\/www.notibras.com\/site\/sanfona-e-forro-criam-clima-para-a-festa-junina\/#primaryimage"},"thumbnailUrl":"https:\/\/www.notibras.com\/site\/wp-content\/uploads\/2023\/06\/JUNIOR-FERREIRA.jpeg","articleSection":["Quadradinho em Foco"],"inLanguage":"pt-BR"},{"@type":"WebPage","@id":"https:\/\/www.notibras.com\/site\/sanfona-e-forro-criam-clima-para-a-festa-junina\/","url":"https:\/\/www.notibras.com\/site\/sanfona-e-forro-criam-clima-para-a-festa-junina\/","name":"Sanfona e forr\u00f3 criam clima para a festa junina - Notibras","isPartOf":{"@id":"https:\/\/www.notibras.com\/site\/#website"},"primaryImageOfPage":{"@id":"https:\/\/www.notibras.com\/site\/sanfona-e-forro-criam-clima-para-a-festa-junina\/#primaryimage"},"image":{"@id":"https:\/\/www.notibras.com\/site\/sanfona-e-forro-criam-clima-para-a-festa-junina\/#primaryimage"},"thumbnailUrl":"https:\/\/www.notibras.com\/site\/wp-content\/uploads\/2023\/06\/JUNIOR-FERREIRA.jpeg","datePublished":"2023-06-16T09:15:20+00:00","breadcrumb":{"@id":"https:\/\/www.notibras.com\/site\/sanfona-e-forro-criam-clima-para-a-festa-junina\/#breadcrumb"},"inLanguage":"pt-BR","potentialAction":[{"@type":"ReadAction","target":["https:\/\/www.notibras.com\/site\/sanfona-e-forro-criam-clima-para-a-festa-junina\/"]}]},{"@type":"ImageObject","inLanguage":"pt-BR","@id":"https:\/\/www.notibras.com\/site\/sanfona-e-forro-criam-clima-para-a-festa-junina\/#primaryimage","url":"https:\/\/www.notibras.com\/site\/wp-content\/uploads\/2023\/06\/JUNIOR-FERREIRA.jpeg","contentUrl":"https:\/\/www.notibras.com\/site\/wp-content\/uploads\/2023\/06\/JUNIOR-FERREIRA.jpeg","width":1280,"height":1280},{"@type":"BreadcrumbList","@id":"https:\/\/www.notibras.com\/site\/sanfona-e-forro-criam-clima-para-a-festa-junina\/#breadcrumb","itemListElement":[{"@type":"ListItem","position":1,"name":"In\u00edcio","item":"https:\/\/www.notibras.com\/site\/"},{"@type":"ListItem","position":2,"name":"Sanfona e forr\u00f3 criam clima para a festa junina"}]},{"@type":"WebSite","@id":"https:\/\/www.notibras.com\/site\/#website","url":"https:\/\/www.notibras.com\/site\/","name":"Notibras","description":"Not\u00edcias de Bras\u00edlia, do Brasil e do Mundo","publisher":{"@id":"https:\/\/www.notibras.com\/site\/#organization"},"potentialAction":[{"@type":"SearchAction","target":{"@type":"EntryPoint","urlTemplate":"https:\/\/www.notibras.com\/site\/?s={search_term_string}"},"query-input":{"@type":"PropertyValueSpecification","valueRequired":true,"valueName":"search_term_string"}}],"inLanguage":"pt-BR"},{"@type":"Organization","@id":"https:\/\/www.notibras.com\/site\/#organization","name":"Grupo Notibras de Comunica\u00e7\u00e3o","url":"https:\/\/www.notibras.com\/site\/","logo":{"@type":"ImageObject","inLanguage":"pt-BR","@id":"https:\/\/www.notibras.com\/site\/#\/schema\/logo\/image\/","url":"https:\/\/www.notibras.com\/site\/wp-content\/uploads\/2023\/01\/notibras23.png","contentUrl":"https:\/\/www.notibras.com\/site\/wp-content\/uploads\/2023\/01\/notibras23.png","width":350,"height":87,"caption":"Grupo Notibras de Comunica\u00e7\u00e3o"},"image":{"@id":"https:\/\/www.notibras.com\/site\/#\/schema\/logo\/image\/"},"sameAs":["https:\/\/www.facebook.com\/notibras\/","https:\/\/x.com\/Notibras","https:\/\/www.instagram.com\/notibras\/"]},{"@type":"Person","@id":"https:\/\/www.notibras.com\/site\/#\/schema\/person\/36ab0979449956132d3e5b517ea76ac8","name":"Reda\u00e7\u00e3o","image":{"@type":"ImageObject","inLanguage":"pt-BR","@id":"https:\/\/secure.gravatar.com\/avatar\/e0a867bdedb85fd243eadf09663511f96fc81e0720a4a42581f334ad4303aa6b?s=96&d=mm&r=g","url":"https:\/\/secure.gravatar.com\/avatar\/e0a867bdedb85fd243eadf09663511f96fc81e0720a4a42581f334ad4303aa6b?s=96&d=mm&r=g","contentUrl":"https:\/\/secure.gravatar.com\/avatar\/e0a867bdedb85fd243eadf09663511f96fc81e0720a4a42581f334ad4303aa6b?s=96&d=mm&r=g","caption":"Reda\u00e7\u00e3o"}}]}},"amp_enabled":true,"_links":{"self":[{"href":"https:\/\/www.notibras.com\/site\/wp-json\/wp\/v2\/posts\/307002","targetHints":{"allow":["GET"]}}],"collection":[{"href":"https:\/\/www.notibras.com\/site\/wp-json\/wp\/v2\/posts"}],"about":[{"href":"https:\/\/www.notibras.com\/site\/wp-json\/wp\/v2\/types\/post"}],"author":[{"embeddable":true,"href":"https:\/\/www.notibras.com\/site\/wp-json\/wp\/v2\/users\/2"}],"replies":[{"embeddable":true,"href":"https:\/\/www.notibras.com\/site\/wp-json\/wp\/v2\/comments?post=307002"}],"version-history":[{"count":1,"href":"https:\/\/www.notibras.com\/site\/wp-json\/wp\/v2\/posts\/307002\/revisions"}],"predecessor-version":[{"id":307004,"href":"https:\/\/www.notibras.com\/site\/wp-json\/wp\/v2\/posts\/307002\/revisions\/307004"}],"wp:featuredmedia":[{"embeddable":true,"href":"https:\/\/www.notibras.com\/site\/wp-json\/wp\/v2\/media\/307003"}],"wp:attachment":[{"href":"https:\/\/www.notibras.com\/site\/wp-json\/wp\/v2\/media?parent=307002"}],"wp:term":[{"taxonomy":"category","embeddable":true,"href":"https:\/\/www.notibras.com\/site\/wp-json\/wp\/v2\/categories?post=307002"},{"taxonomy":"post_tag","embeddable":true,"href":"https:\/\/www.notibras.com\/site\/wp-json\/wp\/v2\/tags?post=307002"}],"curies":[{"name":"wp","href":"https:\/\/api.w.org\/{rel}","templated":true}]}}