{"id":307005,"date":"2023-06-16T00:00:30","date_gmt":"2023-06-16T03:00:30","guid":{"rendered":"https:\/\/www.notibras.com\/site\/?p=307005"},"modified":"2023-06-16T06:21:45","modified_gmt":"2023-06-16T09:21:45","slug":"nova-loja-do-mcdonalds-vira-a-noite-e-gera-empregos","status":"publish","type":"post","link":"https:\/\/www.notibras.com\/site\/nova-loja-do-mcdonalds-vira-a-noite-e-gera-empregos\/","title":{"rendered":"Nova loja do McDonald&#8217;s vira a noite e gera empregos"},"content":{"rendered":"<p>O McDonald\u2019s inaugura mais um restaurante para os f\u00e3s da marca, nesta sexta-feira, entre as cidades de Taguatinga e Ceil\u00e2ndia. Essa \u00e9 a 7\u00aa unidade da franqueada e est\u00e1 localizada na esquina da Avenida M-Norte com a Avenida H\u00e9lio Prates, em Taguatinga.<\/p>\n<p>A nova unidade conta com uma \u00e1rea de 352 m\u00b2, dois andares e design inovador, com capacidade para receber at\u00e9 110 pessoas sentadas. Possui elevador de acessibilidade e 28 vagas de estacionamento.<\/p>\n<p>O hor\u00e1rio de funcionamento ser\u00e1 diferenciado durante a semana, sendo de segunda a quinta-feira, com atendimento no Drive-Tudo das 7h \u00e0s 5h da manh\u00e3 do dia seguinte, e na loja das 7h \u00e0 0h. J\u00e1 de sexta-feira a domingo, os espa\u00e7os estendem o hor\u00e1rio at\u00e9 \u00e0s 6h da manh\u00e3.<\/p>\n<p>A companhia tem atuado de forma consistente em sua estrat\u00e9gia 3D, um pilar essencial que promove uma experi\u00eancia ainda mais pr\u00e1tica e conveniente para o p\u00fablico, podendo interagir com a rede para al\u00e9m do restaurante no Drive-Thru, no Delivery e no Digital.<\/p>\n<p>Na nova unidade, o cliente pode escolher como fazer o pedido: nos totens de autoatendimento ou no balc\u00e3o. Quem desejar mais agilidade encontra no aplicativo da marca a solu\u00e7\u00e3o Pe\u00e7a e Retire, fun\u00e7\u00e3o que permite ao cliente fazer sua compra no caminho para o restaurante. O preparo da refei\u00e7\u00e3o come\u00e7a enquanto ele se aproxima e s\u00f3 \u00e9 necess\u00e1rio escolher se quer retirar o pedido no balc\u00e3o ou receber na mesa, j\u00e1 que o pagamento \u00e9 feito via celular. O delivery tamb\u00e9m est\u00e1 \u00e0 disposi\u00e7\u00e3o, caso a escolha seja pedir pelos aplicativos de comida, em casa ou no trabalho. E se o WhatsApp for a ferramenta escolhida pelo consumidor, o M\u00e9qui Zap interage com o cliente e indica as melhores ofertas e cupons dispon\u00edveis.<\/p>\n<p><strong>Gera\u00e7\u00e3o de emprego<\/strong><br \/>\nA inaugura\u00e7\u00e3o integra o plano de expans\u00e3o da Arcos Dorados, franquia que opera a rede McDonald\u2019s na Am\u00e9rica Latina e Caribe, que est\u00e1 comprometida com o plano de gerar, neste ano, mais de quatro mil novos postos de trabalho formais no Brasil a partir da inaugura\u00e7\u00e3o de cerca de 50 novos restaurantes.<\/p>\n<p>Para colocar a opera\u00e7\u00e3o em funcionamento, a franquia gerou 80 postos de trabalho, com um incentivo de promo\u00e7\u00e3o interna, de colaboradores de outras unidades do mesmo franqueado, para os cargos de ger\u00eancia. A empregabilidade jovem e o desenvolvimento profissional s\u00e3o dois dos principais pilares da Arcos Dorados, que investe anualmente em capacita\u00e7\u00e3o e ingresso de jovens no mercado de trabalho. No Brasil, 62% dos funcion\u00e1rios da rede t\u00eam menos de 24 anos de idade e muitos est\u00e3o em sua primeira experi\u00eancia profissional, o que consolida o McDonald\u2019s como um grande gerador de trabalho para jovens no pa\u00eds.<\/p>\n<p><strong>Servi\u00e7o \u2013 McDonald\u2019s<\/strong><br \/>\nEndere\u00e7o: St. M-Norte Q 1 Taguatinga<br \/>\nHor\u00e1rio de Funcionamento:<br \/>\nLOJA: Segunda a quinta-feira &#8211; das 7h \u00e0s 0h<br \/>\nSexta-feira, s\u00e1bado e domingo &#8211; das 7h h \u00e0s 6h<br \/>\nDRIVE: Segunda a quinta-feira &#8211; das 7h \u00e0s 5h<br \/>\nSexta-feira, s\u00e1bado e domingo &#8211; das 7h h \u00e0s 6h<\/p>\n","protected":false},"excerpt":{"rendered":"<p>O McDonald\u2019s inaugura mais um restaurante para os f\u00e3s da marca, nesta sexta-feira, entre as cidades de Taguatinga e Ceil\u00e2ndia. Essa \u00e9 a 7\u00aa unidade da franqueada e est\u00e1 localizada na esquina da Avenida M-Norte com a Avenida H\u00e9lio Prates, em Taguatinga. A nova unidade conta com uma \u00e1rea de 352 m\u00b2, dois andares e [&hellip;]<\/p>\n","protected":false},"author":2,"featured_media":307006,"comment_status":"closed","ping_status":"closed","sticky":false,"template":"","format":"standard","meta":{"_acf_changed":false,"footnotes":""},"categories":[161],"tags":[],"class_list":["post-307005","post","type-post","status-publish","format-standard","has-post-thumbnail","hentry","category-quadradinho-em-foco"],"acf":[],"yoast_head":"<!-- This site is optimized with the Yoast SEO plugin v27.2 - https:\/\/yoast.com\/product\/yoast-seo-wordpress\/ -->\n<title>Nova loja do McDonald&#039;s vira a noite e gera empregos - Notibras<\/title>\n<meta name=\"robots\" content=\"index, follow, max-snippet:-1, max-image-preview:large, max-video-preview:-1\" \/>\n<link rel=\"canonical\" href=\"https:\/\/www.notibras.com\/site\/nova-loja-do-mcdonalds-vira-a-noite-e-gera-empregos\/\" \/>\n<meta property=\"og:locale\" content=\"pt_BR\" \/>\n<meta property=\"og:type\" content=\"article\" \/>\n<meta property=\"og:title\" content=\"Nova loja do McDonald&#039;s vira a noite e gera empregos - Notibras\" \/>\n<meta property=\"og:description\" content=\"O McDonald\u2019s inaugura mais um restaurante para os f\u00e3s da marca, nesta sexta-feira, entre as cidades de Taguatinga e Ceil\u00e2ndia. Essa \u00e9 a 7\u00aa unidade da franqueada e est\u00e1 localizada na esquina da Avenida M-Norte com a Avenida H\u00e9lio Prates, em Taguatinga. A nova unidade conta com uma \u00e1rea de 352 m\u00b2, dois andares e [&hellip;]\" \/>\n<meta property=\"og:url\" content=\"https:\/\/www.notibras.com\/site\/nova-loja-do-mcdonalds-vira-a-noite-e-gera-empregos\/\" \/>\n<meta property=\"og:site_name\" content=\"Notibras\" \/>\n<meta property=\"article:publisher\" content=\"https:\/\/www.facebook.com\/notibras\/\" \/>\n<meta property=\"article:published_time\" content=\"2023-06-16T03:00:30+00:00\" \/>\n<meta property=\"article:modified_time\" content=\"2023-06-16T09:21:45+00:00\" \/>\n<meta property=\"og:image\" content=\"https:\/\/www.notibras.com\/site\/wp-content\/uploads\/2023\/06\/unnamed-74.jpg\" \/>\n\t<meta property=\"og:image:width\" content=\"1600\" \/>\n\t<meta property=\"og:image:height\" content=\"1200\" \/>\n\t<meta property=\"og:image:type\" content=\"image\/jpeg\" \/>\n<meta name=\"author\" content=\"Reda\u00e7\u00e3o\" \/>\n<meta name=\"twitter:card\" content=\"summary_large_image\" \/>\n<meta name=\"twitter:creator\" content=\"@Notibras\" \/>\n<meta name=\"twitter:site\" content=\"@Notibras\" \/>\n<meta name=\"twitter:label1\" content=\"Escrito por\" \/>\n\t<meta name=\"twitter:data1\" content=\"Reda\u00e7\u00e3o\" \/>\n\t<meta name=\"twitter:label2\" content=\"Est. tempo de leitura\" \/>\n\t<meta name=\"twitter:data2\" content=\"3 minutos\" \/>\n<script type=\"application\/ld+json\" class=\"yoast-schema-graph\">{\"@context\":\"https:\/\/schema.org\",\"@graph\":[{\"@type\":\"Article\",\"@id\":\"https:\/\/www.notibras.com\/site\/nova-loja-do-mcdonalds-vira-a-noite-e-gera-empregos\/#article\",\"isPartOf\":{\"@id\":\"https:\/\/www.notibras.com\/site\/nova-loja-do-mcdonalds-vira-a-noite-e-gera-empregos\/\"},\"author\":{\"name\":\"Reda\u00e7\u00e3o\",\"@id\":\"https:\/\/www.notibras.com\/site\/#\/schema\/person\/36ab0979449956132d3e5b517ea76ac8\"},\"headline\":\"Nova loja do McDonald&#8217;s vira a noite e gera empregos\",\"datePublished\":\"2023-06-16T03:00:30+00:00\",\"dateModified\":\"2023-06-16T09:21:45+00:00\",\"mainEntityOfPage\":{\"@id\":\"https:\/\/www.notibras.com\/site\/nova-loja-do-mcdonalds-vira-a-noite-e-gera-empregos\/\"},\"wordCount\":532,\"publisher\":{\"@id\":\"https:\/\/www.notibras.com\/site\/#organization\"},\"image\":{\"@id\":\"https:\/\/www.notibras.com\/site\/nova-loja-do-mcdonalds-vira-a-noite-e-gera-empregos\/#primaryimage\"},\"thumbnailUrl\":\"https:\/\/www.notibras.com\/site\/wp-content\/uploads\/2023\/06\/unnamed-74.jpg\",\"articleSection\":[\"Quadradinho em Foco\"],\"inLanguage\":\"pt-BR\"},{\"@type\":\"WebPage\",\"@id\":\"https:\/\/www.notibras.com\/site\/nova-loja-do-mcdonalds-vira-a-noite-e-gera-empregos\/\",\"url\":\"https:\/\/www.notibras.com\/site\/nova-loja-do-mcdonalds-vira-a-noite-e-gera-empregos\/\",\"name\":\"Nova loja do McDonald's vira a noite e gera empregos - Notibras\",\"isPartOf\":{\"@id\":\"https:\/\/www.notibras.com\/site\/#website\"},\"primaryImageOfPage\":{\"@id\":\"https:\/\/www.notibras.com\/site\/nova-loja-do-mcdonalds-vira-a-noite-e-gera-empregos\/#primaryimage\"},\"image\":{\"@id\":\"https:\/\/www.notibras.com\/site\/nova-loja-do-mcdonalds-vira-a-noite-e-gera-empregos\/#primaryimage\"},\"thumbnailUrl\":\"https:\/\/www.notibras.com\/site\/wp-content\/uploads\/2023\/06\/unnamed-74.jpg\",\"datePublished\":\"2023-06-16T03:00:30+00:00\",\"dateModified\":\"2023-06-16T09:21:45+00:00\",\"breadcrumb\":{\"@id\":\"https:\/\/www.notibras.com\/site\/nova-loja-do-mcdonalds-vira-a-noite-e-gera-empregos\/#breadcrumb\"},\"inLanguage\":\"pt-BR\",\"potentialAction\":[{\"@type\":\"ReadAction\",\"target\":[\"https:\/\/www.notibras.com\/site\/nova-loja-do-mcdonalds-vira-a-noite-e-gera-empregos\/\"]}]},{\"@type\":\"ImageObject\",\"inLanguage\":\"pt-BR\",\"@id\":\"https:\/\/www.notibras.com\/site\/nova-loja-do-mcdonalds-vira-a-noite-e-gera-empregos\/#primaryimage\",\"url\":\"https:\/\/www.notibras.com\/site\/wp-content\/uploads\/2023\/06\/unnamed-74.jpg\",\"contentUrl\":\"https:\/\/www.notibras.com\/site\/wp-content\/uploads\/2023\/06\/unnamed-74.jpg\",\"width\":1600,\"height\":1200},{\"@type\":\"BreadcrumbList\",\"@id\":\"https:\/\/www.notibras.com\/site\/nova-loja-do-mcdonalds-vira-a-noite-e-gera-empregos\/#breadcrumb\",\"itemListElement\":[{\"@type\":\"ListItem\",\"position\":1,\"name\":\"In\u00edcio\",\"item\":\"https:\/\/www.notibras.com\/site\/\"},{\"@type\":\"ListItem\",\"position\":2,\"name\":\"Nova loja do McDonald&#8217;s vira a noite e gera empregos\"}]},{\"@type\":\"WebSite\",\"@id\":\"https:\/\/www.notibras.com\/site\/#website\",\"url\":\"https:\/\/www.notibras.com\/site\/\",\"name\":\"Notibras\",\"description\":\"Not\u00edcias de Bras\u00edlia, do Brasil e do Mundo\",\"publisher\":{\"@id\":\"https:\/\/www.notibras.com\/site\/#organization\"},\"potentialAction\":[{\"@type\":\"SearchAction\",\"target\":{\"@type\":\"EntryPoint\",\"urlTemplate\":\"https:\/\/www.notibras.com\/site\/?s={search_term_string}\"},\"query-input\":{\"@type\":\"PropertyValueSpecification\",\"valueRequired\":true,\"valueName\":\"search_term_string\"}}],\"inLanguage\":\"pt-BR\"},{\"@type\":\"Organization\",\"@id\":\"https:\/\/www.notibras.com\/site\/#organization\",\"name\":\"Grupo Notibras de Comunica\u00e7\u00e3o\",\"url\":\"https:\/\/www.notibras.com\/site\/\",\"logo\":{\"@type\":\"ImageObject\",\"inLanguage\":\"pt-BR\",\"@id\":\"https:\/\/www.notibras.com\/site\/#\/schema\/logo\/image\/\",\"url\":\"https:\/\/www.notibras.com\/site\/wp-content\/uploads\/2023\/01\/notibras23.png\",\"contentUrl\":\"https:\/\/www.notibras.com\/site\/wp-content\/uploads\/2023\/01\/notibras23.png\",\"width\":350,\"height\":87,\"caption\":\"Grupo Notibras de Comunica\u00e7\u00e3o\"},\"image\":{\"@id\":\"https:\/\/www.notibras.com\/site\/#\/schema\/logo\/image\/\"},\"sameAs\":[\"https:\/\/www.facebook.com\/notibras\/\",\"https:\/\/x.com\/Notibras\",\"https:\/\/www.instagram.com\/notibras\/\"]},{\"@type\":\"Person\",\"@id\":\"https:\/\/www.notibras.com\/site\/#\/schema\/person\/36ab0979449956132d3e5b517ea76ac8\",\"name\":\"Reda\u00e7\u00e3o\",\"image\":{\"@type\":\"ImageObject\",\"inLanguage\":\"pt-BR\",\"@id\":\"https:\/\/secure.gravatar.com\/avatar\/e0a867bdedb85fd243eadf09663511f96fc81e0720a4a42581f334ad4303aa6b?s=96&d=mm&r=g\",\"url\":\"https:\/\/secure.gravatar.com\/avatar\/e0a867bdedb85fd243eadf09663511f96fc81e0720a4a42581f334ad4303aa6b?s=96&d=mm&r=g\",\"contentUrl\":\"https:\/\/secure.gravatar.com\/avatar\/e0a867bdedb85fd243eadf09663511f96fc81e0720a4a42581f334ad4303aa6b?s=96&d=mm&r=g\",\"caption\":\"Reda\u00e7\u00e3o\"}}]}<\/script>\n<!-- \/ Yoast SEO plugin. -->","yoast_head_json":{"title":"Nova loja do McDonald's vira a noite e gera empregos - Notibras","robots":{"index":"index","follow":"follow","max-snippet":"max-snippet:-1","max-image-preview":"max-image-preview:large","max-video-preview":"max-video-preview:-1"},"canonical":"https:\/\/www.notibras.com\/site\/nova-loja-do-mcdonalds-vira-a-noite-e-gera-empregos\/","og_locale":"pt_BR","og_type":"article","og_title":"Nova loja do McDonald's vira a noite e gera empregos - Notibras","og_description":"O McDonald\u2019s inaugura mais um restaurante para os f\u00e3s da marca, nesta sexta-feira, entre as cidades de Taguatinga e Ceil\u00e2ndia. Essa \u00e9 a 7\u00aa unidade da franqueada e est\u00e1 localizada na esquina da Avenida M-Norte com a Avenida H\u00e9lio Prates, em Taguatinga. A nova unidade conta com uma \u00e1rea de 352 m\u00b2, dois andares e [&hellip;]","og_url":"https:\/\/www.notibras.com\/site\/nova-loja-do-mcdonalds-vira-a-noite-e-gera-empregos\/","og_site_name":"Notibras","article_publisher":"https:\/\/www.facebook.com\/notibras\/","article_published_time":"2023-06-16T03:00:30+00:00","article_modified_time":"2023-06-16T09:21:45+00:00","og_image":[{"width":1600,"height":1200,"url":"https:\/\/www.notibras.com\/site\/wp-content\/uploads\/2023\/06\/unnamed-74.jpg","type":"image\/jpeg"}],"author":"Reda\u00e7\u00e3o","twitter_card":"summary_large_image","twitter_creator":"@Notibras","twitter_site":"@Notibras","twitter_misc":{"Escrito por":"Reda\u00e7\u00e3o","Est. tempo de leitura":"3 minutos"},"schema":{"@context":"https:\/\/schema.org","@graph":[{"@type":"Article","@id":"https:\/\/www.notibras.com\/site\/nova-loja-do-mcdonalds-vira-a-noite-e-gera-empregos\/#article","isPartOf":{"@id":"https:\/\/www.notibras.com\/site\/nova-loja-do-mcdonalds-vira-a-noite-e-gera-empregos\/"},"author":{"name":"Reda\u00e7\u00e3o","@id":"https:\/\/www.notibras.com\/site\/#\/schema\/person\/36ab0979449956132d3e5b517ea76ac8"},"headline":"Nova loja do McDonald&#8217;s vira a noite e gera empregos","datePublished":"2023-06-16T03:00:30+00:00","dateModified":"2023-06-16T09:21:45+00:00","mainEntityOfPage":{"@id":"https:\/\/www.notibras.com\/site\/nova-loja-do-mcdonalds-vira-a-noite-e-gera-empregos\/"},"wordCount":532,"publisher":{"@id":"https:\/\/www.notibras.com\/site\/#organization"},"image":{"@id":"https:\/\/www.notibras.com\/site\/nova-loja-do-mcdonalds-vira-a-noite-e-gera-empregos\/#primaryimage"},"thumbnailUrl":"https:\/\/www.notibras.com\/site\/wp-content\/uploads\/2023\/06\/unnamed-74.jpg","articleSection":["Quadradinho em Foco"],"inLanguage":"pt-BR"},{"@type":"WebPage","@id":"https:\/\/www.notibras.com\/site\/nova-loja-do-mcdonalds-vira-a-noite-e-gera-empregos\/","url":"https:\/\/www.notibras.com\/site\/nova-loja-do-mcdonalds-vira-a-noite-e-gera-empregos\/","name":"Nova loja do McDonald's vira a noite e gera empregos - Notibras","isPartOf":{"@id":"https:\/\/www.notibras.com\/site\/#website"},"primaryImageOfPage":{"@id":"https:\/\/www.notibras.com\/site\/nova-loja-do-mcdonalds-vira-a-noite-e-gera-empregos\/#primaryimage"},"image":{"@id":"https:\/\/www.notibras.com\/site\/nova-loja-do-mcdonalds-vira-a-noite-e-gera-empregos\/#primaryimage"},"thumbnailUrl":"https:\/\/www.notibras.com\/site\/wp-content\/uploads\/2023\/06\/unnamed-74.jpg","datePublished":"2023-06-16T03:00:30+00:00","dateModified":"2023-06-16T09:21:45+00:00","breadcrumb":{"@id":"https:\/\/www.notibras.com\/site\/nova-loja-do-mcdonalds-vira-a-noite-e-gera-empregos\/#breadcrumb"},"inLanguage":"pt-BR","potentialAction":[{"@type":"ReadAction","target":["https:\/\/www.notibras.com\/site\/nova-loja-do-mcdonalds-vira-a-noite-e-gera-empregos\/"]}]},{"@type":"ImageObject","inLanguage":"pt-BR","@id":"https:\/\/www.notibras.com\/site\/nova-loja-do-mcdonalds-vira-a-noite-e-gera-empregos\/#primaryimage","url":"https:\/\/www.notibras.com\/site\/wp-content\/uploads\/2023\/06\/unnamed-74.jpg","contentUrl":"https:\/\/www.notibras.com\/site\/wp-content\/uploads\/2023\/06\/unnamed-74.jpg","width":1600,"height":1200},{"@type":"BreadcrumbList","@id":"https:\/\/www.notibras.com\/site\/nova-loja-do-mcdonalds-vira-a-noite-e-gera-empregos\/#breadcrumb","itemListElement":[{"@type":"ListItem","position":1,"name":"In\u00edcio","item":"https:\/\/www.notibras.com\/site\/"},{"@type":"ListItem","position":2,"name":"Nova loja do McDonald&#8217;s vira a noite e gera empregos"}]},{"@type":"WebSite","@id":"https:\/\/www.notibras.com\/site\/#website","url":"https:\/\/www.notibras.com\/site\/","name":"Notibras","description":"Not\u00edcias de Bras\u00edlia, do Brasil e do Mundo","publisher":{"@id":"https:\/\/www.notibras.com\/site\/#organization"},"potentialAction":[{"@type":"SearchAction","target":{"@type":"EntryPoint","urlTemplate":"https:\/\/www.notibras.com\/site\/?s={search_term_string}"},"query-input":{"@type":"PropertyValueSpecification","valueRequired":true,"valueName":"search_term_string"}}],"inLanguage":"pt-BR"},{"@type":"Organization","@id":"https:\/\/www.notibras.com\/site\/#organization","name":"Grupo Notibras de Comunica\u00e7\u00e3o","url":"https:\/\/www.notibras.com\/site\/","logo":{"@type":"ImageObject","inLanguage":"pt-BR","@id":"https:\/\/www.notibras.com\/site\/#\/schema\/logo\/image\/","url":"https:\/\/www.notibras.com\/site\/wp-content\/uploads\/2023\/01\/notibras23.png","contentUrl":"https:\/\/www.notibras.com\/site\/wp-content\/uploads\/2023\/01\/notibras23.png","width":350,"height":87,"caption":"Grupo Notibras de Comunica\u00e7\u00e3o"},"image":{"@id":"https:\/\/www.notibras.com\/site\/#\/schema\/logo\/image\/"},"sameAs":["https:\/\/www.facebook.com\/notibras\/","https:\/\/x.com\/Notibras","https:\/\/www.instagram.com\/notibras\/"]},{"@type":"Person","@id":"https:\/\/www.notibras.com\/site\/#\/schema\/person\/36ab0979449956132d3e5b517ea76ac8","name":"Reda\u00e7\u00e3o","image":{"@type":"ImageObject","inLanguage":"pt-BR","@id":"https:\/\/secure.gravatar.com\/avatar\/e0a867bdedb85fd243eadf09663511f96fc81e0720a4a42581f334ad4303aa6b?s=96&d=mm&r=g","url":"https:\/\/secure.gravatar.com\/avatar\/e0a867bdedb85fd243eadf09663511f96fc81e0720a4a42581f334ad4303aa6b?s=96&d=mm&r=g","contentUrl":"https:\/\/secure.gravatar.com\/avatar\/e0a867bdedb85fd243eadf09663511f96fc81e0720a4a42581f334ad4303aa6b?s=96&d=mm&r=g","caption":"Reda\u00e7\u00e3o"}}]}},"amp_enabled":true,"_links":{"self":[{"href":"https:\/\/www.notibras.com\/site\/wp-json\/wp\/v2\/posts\/307005","targetHints":{"allow":["GET"]}}],"collection":[{"href":"https:\/\/www.notibras.com\/site\/wp-json\/wp\/v2\/posts"}],"about":[{"href":"https:\/\/www.notibras.com\/site\/wp-json\/wp\/v2\/types\/post"}],"author":[{"embeddable":true,"href":"https:\/\/www.notibras.com\/site\/wp-json\/wp\/v2\/users\/2"}],"replies":[{"embeddable":true,"href":"https:\/\/www.notibras.com\/site\/wp-json\/wp\/v2\/comments?post=307005"}],"version-history":[{"count":1,"href":"https:\/\/www.notibras.com\/site\/wp-json\/wp\/v2\/posts\/307005\/revisions"}],"predecessor-version":[{"id":307007,"href":"https:\/\/www.notibras.com\/site\/wp-json\/wp\/v2\/posts\/307005\/revisions\/307007"}],"wp:featuredmedia":[{"embeddable":true,"href":"https:\/\/www.notibras.com\/site\/wp-json\/wp\/v2\/media\/307006"}],"wp:attachment":[{"href":"https:\/\/www.notibras.com\/site\/wp-json\/wp\/v2\/media?parent=307005"}],"wp:term":[{"taxonomy":"category","embeddable":true,"href":"https:\/\/www.notibras.com\/site\/wp-json\/wp\/v2\/categories?post=307005"},{"taxonomy":"post_tag","embeddable":true,"href":"https:\/\/www.notibras.com\/site\/wp-json\/wp\/v2\/tags?post=307005"}],"curies":[{"name":"wp","href":"https:\/\/api.w.org\/{rel}","templated":true}]}}