{"id":307008,"date":"2023-06-16T00:01:34","date_gmt":"2023-06-16T03:01:34","guid":{"rendered":"https:\/\/www.notibras.com\/site\/?p=307008"},"modified":"2023-06-16T06:27:00","modified_gmt":"2023-06-16T09:27:00","slug":"projecoes-em-predios-publicos-pedem-protecao-aos-idosos","status":"publish","type":"post","link":"https:\/\/www.notibras.com\/site\/projecoes-em-predios-publicos-pedem-protecao-aos-idosos\/","title":{"rendered":"Proje\u00e7\u00f5es em pr\u00e9dios p\u00fablicos pedem prote\u00e7\u00e3o aos idosos"},"content":{"rendered":"<p>O Coletivo Filhas da M\u00e3e e o F\u00f3rum Distrital da Sociedade Civil em Defesa da Pessoa Idosa realizaram na noite desta quinta-feira (15) proje\u00e7\u00f5es em pr\u00e9dios p\u00fablicos da capital federal para marcar o Dia Mundial de Conscientiza\u00e7\u00e3o sobre a Viol\u00eancia contra a Pessoas Idosa.<\/p>\n<p>Com fotos e frases em defesa dos idosos, as imagens foram projetadas entre o Teatro Nacional e a Rodovi\u00e1ria de Bras\u00edlia, no Pal\u00e1cio do Buriti, sede do governo distrital, e na C\u00e2mara Legislativa do Distrito Federal.<\/p>\n<p>De acordo com os organizadores, a iniciativa visa chamar aten\u00e7\u00e3o para as viola\u00e7\u00f5es sofridas pelos brasileiros acima de 60 anos de idade, como maus tratos, abandono, neglig\u00eancia e viol\u00eancia f\u00edsica, psicol\u00f3gica, financeira e sexual. Este \u00e9 o terceiro ano da a\u00e7\u00e3o.<\/p>\n<p>Dados da Ouvidoria do Minist\u00e9rio dos Direitos Humanos e da Cidadania apontam que, nos primeiros cinco meses de 2023, foram registradas, pelo Disque 100, 37.441 den\u00fancias de neglig\u00eancia, 19.987 de abandono, 129.501 de viol\u00eancia f\u00edsica, 120.351 de viol\u00eancia psicol\u00f3gica e 15.211 de viol\u00eancia financeira contra a pessoa idosa. Houve aumento em todos os indicadores se comparados aos n\u00fameros do mesmo per\u00edodo do ano passado.]<\/p>\n","protected":false},"excerpt":{"rendered":"<p>O Coletivo Filhas da M\u00e3e e o F\u00f3rum Distrital da Sociedade Civil em Defesa da Pessoa Idosa realizaram na noite desta quinta-feira (15) proje\u00e7\u00f5es em pr\u00e9dios p\u00fablicos da capital federal para marcar o Dia Mundial de Conscientiza\u00e7\u00e3o sobre a Viol\u00eancia contra a Pessoas Idosa. Com fotos e frases em defesa dos idosos, as imagens foram [&hellip;]<\/p>\n","protected":false},"author":2,"featured_media":307009,"comment_status":"closed","ping_status":"closed","sticky":false,"template":"","format":"standard","meta":{"_acf_changed":false,"footnotes":""},"categories":[161],"tags":[],"class_list":["post-307008","post","type-post","status-publish","format-standard","has-post-thumbnail","hentry","category-quadradinho-em-foco"],"acf":[],"yoast_head":"<!-- This site is optimized with the Yoast SEO plugin v27.2 - https:\/\/yoast.com\/product\/yoast-seo-wordpress\/ -->\n<title>Proje\u00e7\u00f5es em pr\u00e9dios p\u00fablicos pedem prote\u00e7\u00e3o aos idosos - Notibras<\/title>\n<meta name=\"robots\" content=\"index, follow, max-snippet:-1, max-image-preview:large, max-video-preview:-1\" \/>\n<link rel=\"canonical\" href=\"https:\/\/www.notibras.com\/site\/projecoes-em-predios-publicos-pedem-protecao-aos-idosos\/\" \/>\n<meta property=\"og:locale\" content=\"pt_BR\" \/>\n<meta property=\"og:type\" content=\"article\" \/>\n<meta property=\"og:title\" content=\"Proje\u00e7\u00f5es em pr\u00e9dios p\u00fablicos pedem prote\u00e7\u00e3o aos idosos - Notibras\" \/>\n<meta property=\"og:description\" content=\"O Coletivo Filhas da M\u00e3e e o F\u00f3rum Distrital da Sociedade Civil em Defesa da Pessoa Idosa realizaram na noite desta quinta-feira (15) proje\u00e7\u00f5es em pr\u00e9dios p\u00fablicos da capital federal para marcar o Dia Mundial de Conscientiza\u00e7\u00e3o sobre a Viol\u00eancia contra a Pessoas Idosa. Com fotos e frases em defesa dos idosos, as imagens foram [&hellip;]\" \/>\n<meta property=\"og:url\" content=\"https:\/\/www.notibras.com\/site\/projecoes-em-predios-publicos-pedem-protecao-aos-idosos\/\" \/>\n<meta property=\"og:site_name\" content=\"Notibras\" \/>\n<meta property=\"article:publisher\" content=\"https:\/\/www.facebook.com\/notibras\/\" \/>\n<meta property=\"article:published_time\" content=\"2023-06-16T03:01:34+00:00\" \/>\n<meta property=\"article:modified_time\" content=\"2023-06-16T09:27:00+00:00\" \/>\n<meta property=\"og:image\" content=\"https:\/\/www.notibras.com\/site\/wp-content\/uploads\/2023\/06\/raf07180.jpg\" \/>\n\t<meta property=\"og:image:width\" content=\"1170\" \/>\n\t<meta property=\"og:image:height\" content=\"700\" \/>\n\t<meta property=\"og:image:type\" content=\"image\/jpeg\" \/>\n<meta name=\"author\" content=\"Reda\u00e7\u00e3o\" \/>\n<meta name=\"twitter:card\" content=\"summary_large_image\" \/>\n<meta name=\"twitter:creator\" content=\"@Notibras\" \/>\n<meta name=\"twitter:site\" content=\"@Notibras\" \/>\n<meta name=\"twitter:label1\" content=\"Escrito por\" \/>\n\t<meta name=\"twitter:data1\" content=\"Reda\u00e7\u00e3o\" \/>\n\t<meta name=\"twitter:label2\" content=\"Est. tempo de leitura\" \/>\n\t<meta name=\"twitter:data2\" content=\"2 minutos\" \/>\n<script type=\"application\/ld+json\" class=\"yoast-schema-graph\">{\"@context\":\"https:\/\/schema.org\",\"@graph\":[{\"@type\":\"Article\",\"@id\":\"https:\/\/www.notibras.com\/site\/projecoes-em-predios-publicos-pedem-protecao-aos-idosos\/#article\",\"isPartOf\":{\"@id\":\"https:\/\/www.notibras.com\/site\/projecoes-em-predios-publicos-pedem-protecao-aos-idosos\/\"},\"author\":{\"name\":\"Reda\u00e7\u00e3o\",\"@id\":\"https:\/\/www.notibras.com\/site\/#\/schema\/person\/36ab0979449956132d3e5b517ea76ac8\"},\"headline\":\"Proje\u00e7\u00f5es em pr\u00e9dios p\u00fablicos pedem prote\u00e7\u00e3o aos idosos\",\"datePublished\":\"2023-06-16T03:01:34+00:00\",\"dateModified\":\"2023-06-16T09:27:00+00:00\",\"mainEntityOfPage\":{\"@id\":\"https:\/\/www.notibras.com\/site\/projecoes-em-predios-publicos-pedem-protecao-aos-idosos\/\"},\"wordCount\":215,\"publisher\":{\"@id\":\"https:\/\/www.notibras.com\/site\/#organization\"},\"image\":{\"@id\":\"https:\/\/www.notibras.com\/site\/projecoes-em-predios-publicos-pedem-protecao-aos-idosos\/#primaryimage\"},\"thumbnailUrl\":\"https:\/\/www.notibras.com\/site\/wp-content\/uploads\/2023\/06\/raf07180.jpg\",\"articleSection\":[\"Quadradinho em Foco\"],\"inLanguage\":\"pt-BR\"},{\"@type\":\"WebPage\",\"@id\":\"https:\/\/www.notibras.com\/site\/projecoes-em-predios-publicos-pedem-protecao-aos-idosos\/\",\"url\":\"https:\/\/www.notibras.com\/site\/projecoes-em-predios-publicos-pedem-protecao-aos-idosos\/\",\"name\":\"Proje\u00e7\u00f5es em pr\u00e9dios p\u00fablicos pedem prote\u00e7\u00e3o aos idosos - Notibras\",\"isPartOf\":{\"@id\":\"https:\/\/www.notibras.com\/site\/#website\"},\"primaryImageOfPage\":{\"@id\":\"https:\/\/www.notibras.com\/site\/projecoes-em-predios-publicos-pedem-protecao-aos-idosos\/#primaryimage\"},\"image\":{\"@id\":\"https:\/\/www.notibras.com\/site\/projecoes-em-predios-publicos-pedem-protecao-aos-idosos\/#primaryimage\"},\"thumbnailUrl\":\"https:\/\/www.notibras.com\/site\/wp-content\/uploads\/2023\/06\/raf07180.jpg\",\"datePublished\":\"2023-06-16T03:01:34+00:00\",\"dateModified\":\"2023-06-16T09:27:00+00:00\",\"breadcrumb\":{\"@id\":\"https:\/\/www.notibras.com\/site\/projecoes-em-predios-publicos-pedem-protecao-aos-idosos\/#breadcrumb\"},\"inLanguage\":\"pt-BR\",\"potentialAction\":[{\"@type\":\"ReadAction\",\"target\":[\"https:\/\/www.notibras.com\/site\/projecoes-em-predios-publicos-pedem-protecao-aos-idosos\/\"]}]},{\"@type\":\"ImageObject\",\"inLanguage\":\"pt-BR\",\"@id\":\"https:\/\/www.notibras.com\/site\/projecoes-em-predios-publicos-pedem-protecao-aos-idosos\/#primaryimage\",\"url\":\"https:\/\/www.notibras.com\/site\/wp-content\/uploads\/2023\/06\/raf07180.jpg\",\"contentUrl\":\"https:\/\/www.notibras.com\/site\/wp-content\/uploads\/2023\/06\/raf07180.jpg\",\"width\":1170,\"height\":700,\"caption\":\"15\/06\/2023 - Bras\u00edlia - O Coletivo Filhas da M\u00e3e e o F\u00f3rum Distrital da Sociedade Civil em Defesa da Pessoa Idosa fazem proje\u00e7\u00f5es em locais e pr\u00e9dios p\u00fablicos, pelo Dia Mundial de Conscientiza\u00e7\u00e3o sobre a Viol\u00eancia contra as Pessoas Idosas. Foto: Rafa Neddermeyer\/Ag\u00eancia Brasil\"},{\"@type\":\"BreadcrumbList\",\"@id\":\"https:\/\/www.notibras.com\/site\/projecoes-em-predios-publicos-pedem-protecao-aos-idosos\/#breadcrumb\",\"itemListElement\":[{\"@type\":\"ListItem\",\"position\":1,\"name\":\"In\u00edcio\",\"item\":\"https:\/\/www.notibras.com\/site\/\"},{\"@type\":\"ListItem\",\"position\":2,\"name\":\"Proje\u00e7\u00f5es em pr\u00e9dios p\u00fablicos pedem prote\u00e7\u00e3o aos idosos\"}]},{\"@type\":\"WebSite\",\"@id\":\"https:\/\/www.notibras.com\/site\/#website\",\"url\":\"https:\/\/www.notibras.com\/site\/\",\"name\":\"Notibras\",\"description\":\"Not\u00edcias de Bras\u00edlia, do Brasil e do Mundo\",\"publisher\":{\"@id\":\"https:\/\/www.notibras.com\/site\/#organization\"},\"potentialAction\":[{\"@type\":\"SearchAction\",\"target\":{\"@type\":\"EntryPoint\",\"urlTemplate\":\"https:\/\/www.notibras.com\/site\/?s={search_term_string}\"},\"query-input\":{\"@type\":\"PropertyValueSpecification\",\"valueRequired\":true,\"valueName\":\"search_term_string\"}}],\"inLanguage\":\"pt-BR\"},{\"@type\":\"Organization\",\"@id\":\"https:\/\/www.notibras.com\/site\/#organization\",\"name\":\"Grupo Notibras de Comunica\u00e7\u00e3o\",\"url\":\"https:\/\/www.notibras.com\/site\/\",\"logo\":{\"@type\":\"ImageObject\",\"inLanguage\":\"pt-BR\",\"@id\":\"https:\/\/www.notibras.com\/site\/#\/schema\/logo\/image\/\",\"url\":\"https:\/\/www.notibras.com\/site\/wp-content\/uploads\/2023\/01\/notibras23.png\",\"contentUrl\":\"https:\/\/www.notibras.com\/site\/wp-content\/uploads\/2023\/01\/notibras23.png\",\"width\":350,\"height\":87,\"caption\":\"Grupo Notibras de Comunica\u00e7\u00e3o\"},\"image\":{\"@id\":\"https:\/\/www.notibras.com\/site\/#\/schema\/logo\/image\/\"},\"sameAs\":[\"https:\/\/www.facebook.com\/notibras\/\",\"https:\/\/x.com\/Notibras\",\"https:\/\/www.instagram.com\/notibras\/\"]},{\"@type\":\"Person\",\"@id\":\"https:\/\/www.notibras.com\/site\/#\/schema\/person\/36ab0979449956132d3e5b517ea76ac8\",\"name\":\"Reda\u00e7\u00e3o\",\"image\":{\"@type\":\"ImageObject\",\"inLanguage\":\"pt-BR\",\"@id\":\"https:\/\/secure.gravatar.com\/avatar\/e0a867bdedb85fd243eadf09663511f96fc81e0720a4a42581f334ad4303aa6b?s=96&d=mm&r=g\",\"url\":\"https:\/\/secure.gravatar.com\/avatar\/e0a867bdedb85fd243eadf09663511f96fc81e0720a4a42581f334ad4303aa6b?s=96&d=mm&r=g\",\"contentUrl\":\"https:\/\/secure.gravatar.com\/avatar\/e0a867bdedb85fd243eadf09663511f96fc81e0720a4a42581f334ad4303aa6b?s=96&d=mm&r=g\",\"caption\":\"Reda\u00e7\u00e3o\"}}]}<\/script>\n<!-- \/ Yoast SEO plugin. -->","yoast_head_json":{"title":"Proje\u00e7\u00f5es em pr\u00e9dios p\u00fablicos pedem prote\u00e7\u00e3o aos idosos - Notibras","robots":{"index":"index","follow":"follow","max-snippet":"max-snippet:-1","max-image-preview":"max-image-preview:large","max-video-preview":"max-video-preview:-1"},"canonical":"https:\/\/www.notibras.com\/site\/projecoes-em-predios-publicos-pedem-protecao-aos-idosos\/","og_locale":"pt_BR","og_type":"article","og_title":"Proje\u00e7\u00f5es em pr\u00e9dios p\u00fablicos pedem prote\u00e7\u00e3o aos idosos - Notibras","og_description":"O Coletivo Filhas da M\u00e3e e o F\u00f3rum Distrital da Sociedade Civil em Defesa da Pessoa Idosa realizaram na noite desta quinta-feira (15) proje\u00e7\u00f5es em pr\u00e9dios p\u00fablicos da capital federal para marcar o Dia Mundial de Conscientiza\u00e7\u00e3o sobre a Viol\u00eancia contra a Pessoas Idosa. Com fotos e frases em defesa dos idosos, as imagens foram [&hellip;]","og_url":"https:\/\/www.notibras.com\/site\/projecoes-em-predios-publicos-pedem-protecao-aos-idosos\/","og_site_name":"Notibras","article_publisher":"https:\/\/www.facebook.com\/notibras\/","article_published_time":"2023-06-16T03:01:34+00:00","article_modified_time":"2023-06-16T09:27:00+00:00","og_image":[{"width":1170,"height":700,"url":"https:\/\/www.notibras.com\/site\/wp-content\/uploads\/2023\/06\/raf07180.jpg","type":"image\/jpeg"}],"author":"Reda\u00e7\u00e3o","twitter_card":"summary_large_image","twitter_creator":"@Notibras","twitter_site":"@Notibras","twitter_misc":{"Escrito por":"Reda\u00e7\u00e3o","Est. tempo de leitura":"2 minutos"},"schema":{"@context":"https:\/\/schema.org","@graph":[{"@type":"Article","@id":"https:\/\/www.notibras.com\/site\/projecoes-em-predios-publicos-pedem-protecao-aos-idosos\/#article","isPartOf":{"@id":"https:\/\/www.notibras.com\/site\/projecoes-em-predios-publicos-pedem-protecao-aos-idosos\/"},"author":{"name":"Reda\u00e7\u00e3o","@id":"https:\/\/www.notibras.com\/site\/#\/schema\/person\/36ab0979449956132d3e5b517ea76ac8"},"headline":"Proje\u00e7\u00f5es em pr\u00e9dios p\u00fablicos pedem prote\u00e7\u00e3o aos idosos","datePublished":"2023-06-16T03:01:34+00:00","dateModified":"2023-06-16T09:27:00+00:00","mainEntityOfPage":{"@id":"https:\/\/www.notibras.com\/site\/projecoes-em-predios-publicos-pedem-protecao-aos-idosos\/"},"wordCount":215,"publisher":{"@id":"https:\/\/www.notibras.com\/site\/#organization"},"image":{"@id":"https:\/\/www.notibras.com\/site\/projecoes-em-predios-publicos-pedem-protecao-aos-idosos\/#primaryimage"},"thumbnailUrl":"https:\/\/www.notibras.com\/site\/wp-content\/uploads\/2023\/06\/raf07180.jpg","articleSection":["Quadradinho em Foco"],"inLanguage":"pt-BR"},{"@type":"WebPage","@id":"https:\/\/www.notibras.com\/site\/projecoes-em-predios-publicos-pedem-protecao-aos-idosos\/","url":"https:\/\/www.notibras.com\/site\/projecoes-em-predios-publicos-pedem-protecao-aos-idosos\/","name":"Proje\u00e7\u00f5es em pr\u00e9dios p\u00fablicos pedem prote\u00e7\u00e3o aos idosos - Notibras","isPartOf":{"@id":"https:\/\/www.notibras.com\/site\/#website"},"primaryImageOfPage":{"@id":"https:\/\/www.notibras.com\/site\/projecoes-em-predios-publicos-pedem-protecao-aos-idosos\/#primaryimage"},"image":{"@id":"https:\/\/www.notibras.com\/site\/projecoes-em-predios-publicos-pedem-protecao-aos-idosos\/#primaryimage"},"thumbnailUrl":"https:\/\/www.notibras.com\/site\/wp-content\/uploads\/2023\/06\/raf07180.jpg","datePublished":"2023-06-16T03:01:34+00:00","dateModified":"2023-06-16T09:27:00+00:00","breadcrumb":{"@id":"https:\/\/www.notibras.com\/site\/projecoes-em-predios-publicos-pedem-protecao-aos-idosos\/#breadcrumb"},"inLanguage":"pt-BR","potentialAction":[{"@type":"ReadAction","target":["https:\/\/www.notibras.com\/site\/projecoes-em-predios-publicos-pedem-protecao-aos-idosos\/"]}]},{"@type":"ImageObject","inLanguage":"pt-BR","@id":"https:\/\/www.notibras.com\/site\/projecoes-em-predios-publicos-pedem-protecao-aos-idosos\/#primaryimage","url":"https:\/\/www.notibras.com\/site\/wp-content\/uploads\/2023\/06\/raf07180.jpg","contentUrl":"https:\/\/www.notibras.com\/site\/wp-content\/uploads\/2023\/06\/raf07180.jpg","width":1170,"height":700,"caption":"15\/06\/2023 - Bras\u00edlia - O Coletivo Filhas da M\u00e3e e o F\u00f3rum Distrital da Sociedade Civil em Defesa da Pessoa Idosa fazem proje\u00e7\u00f5es em locais e pr\u00e9dios p\u00fablicos, pelo Dia Mundial de Conscientiza\u00e7\u00e3o sobre a Viol\u00eancia contra as Pessoas Idosas. Foto: Rafa Neddermeyer\/Ag\u00eancia Brasil"},{"@type":"BreadcrumbList","@id":"https:\/\/www.notibras.com\/site\/projecoes-em-predios-publicos-pedem-protecao-aos-idosos\/#breadcrumb","itemListElement":[{"@type":"ListItem","position":1,"name":"In\u00edcio","item":"https:\/\/www.notibras.com\/site\/"},{"@type":"ListItem","position":2,"name":"Proje\u00e7\u00f5es em pr\u00e9dios p\u00fablicos pedem prote\u00e7\u00e3o aos idosos"}]},{"@type":"WebSite","@id":"https:\/\/www.notibras.com\/site\/#website","url":"https:\/\/www.notibras.com\/site\/","name":"Notibras","description":"Not\u00edcias de Bras\u00edlia, do Brasil e do Mundo","publisher":{"@id":"https:\/\/www.notibras.com\/site\/#organization"},"potentialAction":[{"@type":"SearchAction","target":{"@type":"EntryPoint","urlTemplate":"https:\/\/www.notibras.com\/site\/?s={search_term_string}"},"query-input":{"@type":"PropertyValueSpecification","valueRequired":true,"valueName":"search_term_string"}}],"inLanguage":"pt-BR"},{"@type":"Organization","@id":"https:\/\/www.notibras.com\/site\/#organization","name":"Grupo Notibras de Comunica\u00e7\u00e3o","url":"https:\/\/www.notibras.com\/site\/","logo":{"@type":"ImageObject","inLanguage":"pt-BR","@id":"https:\/\/www.notibras.com\/site\/#\/schema\/logo\/image\/","url":"https:\/\/www.notibras.com\/site\/wp-content\/uploads\/2023\/01\/notibras23.png","contentUrl":"https:\/\/www.notibras.com\/site\/wp-content\/uploads\/2023\/01\/notibras23.png","width":350,"height":87,"caption":"Grupo Notibras de Comunica\u00e7\u00e3o"},"image":{"@id":"https:\/\/www.notibras.com\/site\/#\/schema\/logo\/image\/"},"sameAs":["https:\/\/www.facebook.com\/notibras\/","https:\/\/x.com\/Notibras","https:\/\/www.instagram.com\/notibras\/"]},{"@type":"Person","@id":"https:\/\/www.notibras.com\/site\/#\/schema\/person\/36ab0979449956132d3e5b517ea76ac8","name":"Reda\u00e7\u00e3o","image":{"@type":"ImageObject","inLanguage":"pt-BR","@id":"https:\/\/secure.gravatar.com\/avatar\/e0a867bdedb85fd243eadf09663511f96fc81e0720a4a42581f334ad4303aa6b?s=96&d=mm&r=g","url":"https:\/\/secure.gravatar.com\/avatar\/e0a867bdedb85fd243eadf09663511f96fc81e0720a4a42581f334ad4303aa6b?s=96&d=mm&r=g","contentUrl":"https:\/\/secure.gravatar.com\/avatar\/e0a867bdedb85fd243eadf09663511f96fc81e0720a4a42581f334ad4303aa6b?s=96&d=mm&r=g","caption":"Reda\u00e7\u00e3o"}}]}},"amp_enabled":true,"_links":{"self":[{"href":"https:\/\/www.notibras.com\/site\/wp-json\/wp\/v2\/posts\/307008","targetHints":{"allow":["GET"]}}],"collection":[{"href":"https:\/\/www.notibras.com\/site\/wp-json\/wp\/v2\/posts"}],"about":[{"href":"https:\/\/www.notibras.com\/site\/wp-json\/wp\/v2\/types\/post"}],"author":[{"embeddable":true,"href":"https:\/\/www.notibras.com\/site\/wp-json\/wp\/v2\/users\/2"}],"replies":[{"embeddable":true,"href":"https:\/\/www.notibras.com\/site\/wp-json\/wp\/v2\/comments?post=307008"}],"version-history":[{"count":1,"href":"https:\/\/www.notibras.com\/site\/wp-json\/wp\/v2\/posts\/307008\/revisions"}],"predecessor-version":[{"id":307010,"href":"https:\/\/www.notibras.com\/site\/wp-json\/wp\/v2\/posts\/307008\/revisions\/307010"}],"wp:featuredmedia":[{"embeddable":true,"href":"https:\/\/www.notibras.com\/site\/wp-json\/wp\/v2\/media\/307009"}],"wp:attachment":[{"href":"https:\/\/www.notibras.com\/site\/wp-json\/wp\/v2\/media?parent=307008"}],"wp:term":[{"taxonomy":"category","embeddable":true,"href":"https:\/\/www.notibras.com\/site\/wp-json\/wp\/v2\/categories?post=307008"},{"taxonomy":"post_tag","embeddable":true,"href":"https:\/\/www.notibras.com\/site\/wp-json\/wp\/v2\/tags?post=307008"}],"curies":[{"name":"wp","href":"https:\/\/api.w.org\/{rel}","templated":true}]}}