{"id":307011,"date":"2023-06-16T00:01:25","date_gmt":"2023-06-16T03:01:25","guid":{"rendered":"https:\/\/www.notibras.com\/site\/?p=307011"},"modified":"2023-06-16T06:33:01","modified_gmt":"2023-06-16T09:33:01","slug":"moraes-autoriza-ida-de-cid-a-cpi-dos-atos-golpistas","status":"publish","type":"post","link":"https:\/\/www.notibras.com\/site\/moraes-autoriza-ida-de-cid-a-cpi-dos-atos-golpistas\/","title":{"rendered":"Moraes autoriza ida de Cid \u00e0 CPI dos Atos Golpistas"},"content":{"rendered":"<p>O ministro Alexandre de Moraes, do Supremo Tribunal Federal (STF), autorizou nesta quinta-feira (15) o depoimento do tenente-coronel do Ex\u00e9rcito Mauro Cid, o ex-ajudante de ordens de Jair Bolsonaro, a prestar depoimento \u00e0 Comiss\u00e3o Parlamentar de Inqu\u00e9rito (CPI) dos Atos Antidemocr\u00e1ticos da C\u00e2mara Legislativa do Distrito Federal.<\/p>\n<p>Cid est\u00e1 preso desde o dia 3 de maio por determina\u00e7\u00e3o de Moraes sob a acusa\u00e7\u00e3o de fraudar o cart\u00e3o de vacina\u00e7\u00e3o de Bolsonaro e de seus familiares. Durante as investiga\u00e7\u00f5es sobre o caso, a Pol\u00edcia Federal (PF) encontrou no celular dele uma minuta para decreta\u00e7\u00e3o de uma opera\u00e7\u00e3o de Garantia da Lei e da Ordem (GLO). O documento, que ficou conhecido como &#8220;minuta do golpe&#8221;, tamb\u00e9m foi encontrado com o ex-ministro da Justi\u00e7a Anderson Torres.<\/p>\n<p>Apesar de liberar o depoimento, o ministro garantiu que Mauro Cid poder\u00e1 exercer o direito ao sil\u00eancio e n\u00e3o responder aos questionamentos que possam incrimin\u00e1-lo.<\/p>\n<p>Na mesma decis\u00e3o, Moraes tamb\u00e9m autorizou os depoimentos do coronel Jorge Eduardo Naime, que comandou a Policia Militar em 8 de janeiro; do ind\u00edgena Jos\u00e9 Ac\u00e1cio Serere Xavante e dos envolvidos na tentativa de explos\u00e3o de uma bomba no Aeroporto de Bras\u00edlia no ano passado.<\/p>\n","protected":false},"excerpt":{"rendered":"<p>O ministro Alexandre de Moraes, do Supremo Tribunal Federal (STF), autorizou nesta quinta-feira (15) o depoimento do tenente-coronel do Ex\u00e9rcito Mauro Cid, o ex-ajudante de ordens de Jair Bolsonaro, a prestar depoimento \u00e0 Comiss\u00e3o Parlamentar de Inqu\u00e9rito (CPI) dos Atos Antidemocr\u00e1ticos da C\u00e2mara Legislativa do Distrito Federal. Cid est\u00e1 preso desde o dia 3 de [&hellip;]<\/p>\n","protected":false},"author":2,"featured_media":299830,"comment_status":"closed","ping_status":"closed","sticky":false,"template":"","format":"standard","meta":{"_acf_changed":false,"footnotes":""},"categories":[161],"tags":[],"class_list":["post-307011","post","type-post","status-publish","format-standard","has-post-thumbnail","hentry","category-quadradinho-em-foco"],"acf":[],"yoast_head":"<!-- This site is optimized with the Yoast SEO plugin v27.2 - https:\/\/yoast.com\/product\/yoast-seo-wordpress\/ -->\n<title>Moraes autoriza ida de Cid \u00e0 CPI dos Atos Golpistas - Notibras<\/title>\n<meta name=\"robots\" content=\"index, follow, max-snippet:-1, max-image-preview:large, max-video-preview:-1\" \/>\n<link rel=\"canonical\" href=\"https:\/\/www.notibras.com\/site\/moraes-autoriza-ida-de-cid-a-cpi-dos-atos-golpistas\/\" \/>\n<meta property=\"og:locale\" content=\"pt_BR\" \/>\n<meta property=\"og:type\" content=\"article\" \/>\n<meta property=\"og:title\" content=\"Moraes autoriza ida de Cid \u00e0 CPI dos Atos Golpistas - Notibras\" \/>\n<meta property=\"og:description\" content=\"O ministro Alexandre de Moraes, do Supremo Tribunal Federal (STF), autorizou nesta quinta-feira (15) o depoimento do tenente-coronel do Ex\u00e9rcito Mauro Cid, o ex-ajudante de ordens de Jair Bolsonaro, a prestar depoimento \u00e0 Comiss\u00e3o Parlamentar de Inqu\u00e9rito (CPI) dos Atos Antidemocr\u00e1ticos da C\u00e2mara Legislativa do Distrito Federal. Cid est\u00e1 preso desde o dia 3 de [&hellip;]\" \/>\n<meta property=\"og:url\" content=\"https:\/\/www.notibras.com\/site\/moraes-autoriza-ida-de-cid-a-cpi-dos-atos-golpistas\/\" \/>\n<meta property=\"og:site_name\" content=\"Notibras\" \/>\n<meta property=\"article:publisher\" content=\"https:\/\/www.facebook.com\/notibras\/\" \/>\n<meta property=\"article:published_time\" content=\"2023-06-16T03:01:25+00:00\" \/>\n<meta property=\"article:modified_time\" content=\"2023-06-16T09:33:01+00:00\" \/>\n<meta property=\"og:image\" content=\"https:\/\/www.notibras.com\/site\/wp-content\/uploads\/2023\/02\/ja_9568_0.jpg\" \/>\n\t<meta property=\"og:image:width\" content=\"770\" \/>\n\t<meta property=\"og:image:height\" content=\"513\" \/>\n\t<meta property=\"og:image:type\" content=\"image\/jpeg\" \/>\n<meta name=\"author\" content=\"Reda\u00e7\u00e3o\" \/>\n<meta name=\"twitter:card\" content=\"summary_large_image\" \/>\n<meta name=\"twitter:creator\" content=\"@Notibras\" \/>\n<meta name=\"twitter:site\" content=\"@Notibras\" \/>\n<meta name=\"twitter:label1\" content=\"Escrito por\" \/>\n\t<meta name=\"twitter:data1\" content=\"Reda\u00e7\u00e3o\" \/>\n\t<meta name=\"twitter:label2\" content=\"Est. tempo de leitura\" \/>\n\t<meta name=\"twitter:data2\" content=\"2 minutos\" \/>\n<script type=\"application\/ld+json\" class=\"yoast-schema-graph\">{\"@context\":\"https:\/\/schema.org\",\"@graph\":[{\"@type\":\"Article\",\"@id\":\"https:\/\/www.notibras.com\/site\/moraes-autoriza-ida-de-cid-a-cpi-dos-atos-golpistas\/#article\",\"isPartOf\":{\"@id\":\"https:\/\/www.notibras.com\/site\/moraes-autoriza-ida-de-cid-a-cpi-dos-atos-golpistas\/\"},\"author\":{\"name\":\"Reda\u00e7\u00e3o\",\"@id\":\"https:\/\/www.notibras.com\/site\/#\/schema\/person\/36ab0979449956132d3e5b517ea76ac8\"},\"headline\":\"Moraes autoriza ida de Cid \u00e0 CPI dos Atos Golpistas\",\"datePublished\":\"2023-06-16T03:01:25+00:00\",\"dateModified\":\"2023-06-16T09:33:01+00:00\",\"mainEntityOfPage\":{\"@id\":\"https:\/\/www.notibras.com\/site\/moraes-autoriza-ida-de-cid-a-cpi-dos-atos-golpistas\/\"},\"wordCount\":222,\"publisher\":{\"@id\":\"https:\/\/www.notibras.com\/site\/#organization\"},\"image\":{\"@id\":\"https:\/\/www.notibras.com\/site\/moraes-autoriza-ida-de-cid-a-cpi-dos-atos-golpistas\/#primaryimage\"},\"thumbnailUrl\":\"https:\/\/www.notibras.com\/site\/wp-content\/uploads\/2023\/02\/ja_9568_0.jpg\",\"articleSection\":[\"Quadradinho em Foco\"],\"inLanguage\":\"pt-BR\"},{\"@type\":\"WebPage\",\"@id\":\"https:\/\/www.notibras.com\/site\/moraes-autoriza-ida-de-cid-a-cpi-dos-atos-golpistas\/\",\"url\":\"https:\/\/www.notibras.com\/site\/moraes-autoriza-ida-de-cid-a-cpi-dos-atos-golpistas\/\",\"name\":\"Moraes autoriza ida de Cid \u00e0 CPI dos Atos Golpistas - Notibras\",\"isPartOf\":{\"@id\":\"https:\/\/www.notibras.com\/site\/#website\"},\"primaryImageOfPage\":{\"@id\":\"https:\/\/www.notibras.com\/site\/moraes-autoriza-ida-de-cid-a-cpi-dos-atos-golpistas\/#primaryimage\"},\"image\":{\"@id\":\"https:\/\/www.notibras.com\/site\/moraes-autoriza-ida-de-cid-a-cpi-dos-atos-golpistas\/#primaryimage\"},\"thumbnailUrl\":\"https:\/\/www.notibras.com\/site\/wp-content\/uploads\/2023\/02\/ja_9568_0.jpg\",\"datePublished\":\"2023-06-16T03:01:25+00:00\",\"dateModified\":\"2023-06-16T09:33:01+00:00\",\"breadcrumb\":{\"@id\":\"https:\/\/www.notibras.com\/site\/moraes-autoriza-ida-de-cid-a-cpi-dos-atos-golpistas\/#breadcrumb\"},\"inLanguage\":\"pt-BR\",\"potentialAction\":[{\"@type\":\"ReadAction\",\"target\":[\"https:\/\/www.notibras.com\/site\/moraes-autoriza-ida-de-cid-a-cpi-dos-atos-golpistas\/\"]}]},{\"@type\":\"ImageObject\",\"inLanguage\":\"pt-BR\",\"@id\":\"https:\/\/www.notibras.com\/site\/moraes-autoriza-ida-de-cid-a-cpi-dos-atos-golpistas\/#primaryimage\",\"url\":\"https:\/\/www.notibras.com\/site\/wp-content\/uploads\/2023\/02\/ja_9568_0.jpg\",\"contentUrl\":\"https:\/\/www.notibras.com\/site\/wp-content\/uploads\/2023\/02\/ja_9568_0.jpg\",\"width\":770,\"height\":513,\"caption\":\"Mat\u00e9ria especial um m\u00eas dos atentados golpistas\"},{\"@type\":\"BreadcrumbList\",\"@id\":\"https:\/\/www.notibras.com\/site\/moraes-autoriza-ida-de-cid-a-cpi-dos-atos-golpistas\/#breadcrumb\",\"itemListElement\":[{\"@type\":\"ListItem\",\"position\":1,\"name\":\"In\u00edcio\",\"item\":\"https:\/\/www.notibras.com\/site\/\"},{\"@type\":\"ListItem\",\"position\":2,\"name\":\"Moraes autoriza ida de Cid \u00e0 CPI dos Atos Golpistas\"}]},{\"@type\":\"WebSite\",\"@id\":\"https:\/\/www.notibras.com\/site\/#website\",\"url\":\"https:\/\/www.notibras.com\/site\/\",\"name\":\"Notibras\",\"description\":\"Not\u00edcias de Bras\u00edlia, do Brasil e do Mundo\",\"publisher\":{\"@id\":\"https:\/\/www.notibras.com\/site\/#organization\"},\"potentialAction\":[{\"@type\":\"SearchAction\",\"target\":{\"@type\":\"EntryPoint\",\"urlTemplate\":\"https:\/\/www.notibras.com\/site\/?s={search_term_string}\"},\"query-input\":{\"@type\":\"PropertyValueSpecification\",\"valueRequired\":true,\"valueName\":\"search_term_string\"}}],\"inLanguage\":\"pt-BR\"},{\"@type\":\"Organization\",\"@id\":\"https:\/\/www.notibras.com\/site\/#organization\",\"name\":\"Grupo Notibras de Comunica\u00e7\u00e3o\",\"url\":\"https:\/\/www.notibras.com\/site\/\",\"logo\":{\"@type\":\"ImageObject\",\"inLanguage\":\"pt-BR\",\"@id\":\"https:\/\/www.notibras.com\/site\/#\/schema\/logo\/image\/\",\"url\":\"https:\/\/www.notibras.com\/site\/wp-content\/uploads\/2023\/01\/notibras23.png\",\"contentUrl\":\"https:\/\/www.notibras.com\/site\/wp-content\/uploads\/2023\/01\/notibras23.png\",\"width\":350,\"height\":87,\"caption\":\"Grupo Notibras de Comunica\u00e7\u00e3o\"},\"image\":{\"@id\":\"https:\/\/www.notibras.com\/site\/#\/schema\/logo\/image\/\"},\"sameAs\":[\"https:\/\/www.facebook.com\/notibras\/\",\"https:\/\/x.com\/Notibras\",\"https:\/\/www.instagram.com\/notibras\/\"]},{\"@type\":\"Person\",\"@id\":\"https:\/\/www.notibras.com\/site\/#\/schema\/person\/36ab0979449956132d3e5b517ea76ac8\",\"name\":\"Reda\u00e7\u00e3o\",\"image\":{\"@type\":\"ImageObject\",\"inLanguage\":\"pt-BR\",\"@id\":\"https:\/\/secure.gravatar.com\/avatar\/e0a867bdedb85fd243eadf09663511f96fc81e0720a4a42581f334ad4303aa6b?s=96&d=mm&r=g\",\"url\":\"https:\/\/secure.gravatar.com\/avatar\/e0a867bdedb85fd243eadf09663511f96fc81e0720a4a42581f334ad4303aa6b?s=96&d=mm&r=g\",\"contentUrl\":\"https:\/\/secure.gravatar.com\/avatar\/e0a867bdedb85fd243eadf09663511f96fc81e0720a4a42581f334ad4303aa6b?s=96&d=mm&r=g\",\"caption\":\"Reda\u00e7\u00e3o\"}}]}<\/script>\n<!-- \/ Yoast SEO plugin. -->","yoast_head_json":{"title":"Moraes autoriza ida de Cid \u00e0 CPI dos Atos Golpistas - Notibras","robots":{"index":"index","follow":"follow","max-snippet":"max-snippet:-1","max-image-preview":"max-image-preview:large","max-video-preview":"max-video-preview:-1"},"canonical":"https:\/\/www.notibras.com\/site\/moraes-autoriza-ida-de-cid-a-cpi-dos-atos-golpistas\/","og_locale":"pt_BR","og_type":"article","og_title":"Moraes autoriza ida de Cid \u00e0 CPI dos Atos Golpistas - Notibras","og_description":"O ministro Alexandre de Moraes, do Supremo Tribunal Federal (STF), autorizou nesta quinta-feira (15) o depoimento do tenente-coronel do Ex\u00e9rcito Mauro Cid, o ex-ajudante de ordens de Jair Bolsonaro, a prestar depoimento \u00e0 Comiss\u00e3o Parlamentar de Inqu\u00e9rito (CPI) dos Atos Antidemocr\u00e1ticos da C\u00e2mara Legislativa do Distrito Federal. Cid est\u00e1 preso desde o dia 3 de [&hellip;]","og_url":"https:\/\/www.notibras.com\/site\/moraes-autoriza-ida-de-cid-a-cpi-dos-atos-golpistas\/","og_site_name":"Notibras","article_publisher":"https:\/\/www.facebook.com\/notibras\/","article_published_time":"2023-06-16T03:01:25+00:00","article_modified_time":"2023-06-16T09:33:01+00:00","og_image":[{"width":770,"height":513,"url":"https:\/\/www.notibras.com\/site\/wp-content\/uploads\/2023\/02\/ja_9568_0.jpg","type":"image\/jpeg"}],"author":"Reda\u00e7\u00e3o","twitter_card":"summary_large_image","twitter_creator":"@Notibras","twitter_site":"@Notibras","twitter_misc":{"Escrito por":"Reda\u00e7\u00e3o","Est. tempo de leitura":"2 minutos"},"schema":{"@context":"https:\/\/schema.org","@graph":[{"@type":"Article","@id":"https:\/\/www.notibras.com\/site\/moraes-autoriza-ida-de-cid-a-cpi-dos-atos-golpistas\/#article","isPartOf":{"@id":"https:\/\/www.notibras.com\/site\/moraes-autoriza-ida-de-cid-a-cpi-dos-atos-golpistas\/"},"author":{"name":"Reda\u00e7\u00e3o","@id":"https:\/\/www.notibras.com\/site\/#\/schema\/person\/36ab0979449956132d3e5b517ea76ac8"},"headline":"Moraes autoriza ida de Cid \u00e0 CPI dos Atos Golpistas","datePublished":"2023-06-16T03:01:25+00:00","dateModified":"2023-06-16T09:33:01+00:00","mainEntityOfPage":{"@id":"https:\/\/www.notibras.com\/site\/moraes-autoriza-ida-de-cid-a-cpi-dos-atos-golpistas\/"},"wordCount":222,"publisher":{"@id":"https:\/\/www.notibras.com\/site\/#organization"},"image":{"@id":"https:\/\/www.notibras.com\/site\/moraes-autoriza-ida-de-cid-a-cpi-dos-atos-golpistas\/#primaryimage"},"thumbnailUrl":"https:\/\/www.notibras.com\/site\/wp-content\/uploads\/2023\/02\/ja_9568_0.jpg","articleSection":["Quadradinho em Foco"],"inLanguage":"pt-BR"},{"@type":"WebPage","@id":"https:\/\/www.notibras.com\/site\/moraes-autoriza-ida-de-cid-a-cpi-dos-atos-golpistas\/","url":"https:\/\/www.notibras.com\/site\/moraes-autoriza-ida-de-cid-a-cpi-dos-atos-golpistas\/","name":"Moraes autoriza ida de Cid \u00e0 CPI dos Atos Golpistas - Notibras","isPartOf":{"@id":"https:\/\/www.notibras.com\/site\/#website"},"primaryImageOfPage":{"@id":"https:\/\/www.notibras.com\/site\/moraes-autoriza-ida-de-cid-a-cpi-dos-atos-golpistas\/#primaryimage"},"image":{"@id":"https:\/\/www.notibras.com\/site\/moraes-autoriza-ida-de-cid-a-cpi-dos-atos-golpistas\/#primaryimage"},"thumbnailUrl":"https:\/\/www.notibras.com\/site\/wp-content\/uploads\/2023\/02\/ja_9568_0.jpg","datePublished":"2023-06-16T03:01:25+00:00","dateModified":"2023-06-16T09:33:01+00:00","breadcrumb":{"@id":"https:\/\/www.notibras.com\/site\/moraes-autoriza-ida-de-cid-a-cpi-dos-atos-golpistas\/#breadcrumb"},"inLanguage":"pt-BR","potentialAction":[{"@type":"ReadAction","target":["https:\/\/www.notibras.com\/site\/moraes-autoriza-ida-de-cid-a-cpi-dos-atos-golpistas\/"]}]},{"@type":"ImageObject","inLanguage":"pt-BR","@id":"https:\/\/www.notibras.com\/site\/moraes-autoriza-ida-de-cid-a-cpi-dos-atos-golpistas\/#primaryimage","url":"https:\/\/www.notibras.com\/site\/wp-content\/uploads\/2023\/02\/ja_9568_0.jpg","contentUrl":"https:\/\/www.notibras.com\/site\/wp-content\/uploads\/2023\/02\/ja_9568_0.jpg","width":770,"height":513,"caption":"Mat\u00e9ria especial um m\u00eas dos atentados golpistas"},{"@type":"BreadcrumbList","@id":"https:\/\/www.notibras.com\/site\/moraes-autoriza-ida-de-cid-a-cpi-dos-atos-golpistas\/#breadcrumb","itemListElement":[{"@type":"ListItem","position":1,"name":"In\u00edcio","item":"https:\/\/www.notibras.com\/site\/"},{"@type":"ListItem","position":2,"name":"Moraes autoriza ida de Cid \u00e0 CPI dos Atos Golpistas"}]},{"@type":"WebSite","@id":"https:\/\/www.notibras.com\/site\/#website","url":"https:\/\/www.notibras.com\/site\/","name":"Notibras","description":"Not\u00edcias de Bras\u00edlia, do Brasil e do Mundo","publisher":{"@id":"https:\/\/www.notibras.com\/site\/#organization"},"potentialAction":[{"@type":"SearchAction","target":{"@type":"EntryPoint","urlTemplate":"https:\/\/www.notibras.com\/site\/?s={search_term_string}"},"query-input":{"@type":"PropertyValueSpecification","valueRequired":true,"valueName":"search_term_string"}}],"inLanguage":"pt-BR"},{"@type":"Organization","@id":"https:\/\/www.notibras.com\/site\/#organization","name":"Grupo Notibras de Comunica\u00e7\u00e3o","url":"https:\/\/www.notibras.com\/site\/","logo":{"@type":"ImageObject","inLanguage":"pt-BR","@id":"https:\/\/www.notibras.com\/site\/#\/schema\/logo\/image\/","url":"https:\/\/www.notibras.com\/site\/wp-content\/uploads\/2023\/01\/notibras23.png","contentUrl":"https:\/\/www.notibras.com\/site\/wp-content\/uploads\/2023\/01\/notibras23.png","width":350,"height":87,"caption":"Grupo Notibras de Comunica\u00e7\u00e3o"},"image":{"@id":"https:\/\/www.notibras.com\/site\/#\/schema\/logo\/image\/"},"sameAs":["https:\/\/www.facebook.com\/notibras\/","https:\/\/x.com\/Notibras","https:\/\/www.instagram.com\/notibras\/"]},{"@type":"Person","@id":"https:\/\/www.notibras.com\/site\/#\/schema\/person\/36ab0979449956132d3e5b517ea76ac8","name":"Reda\u00e7\u00e3o","image":{"@type":"ImageObject","inLanguage":"pt-BR","@id":"https:\/\/secure.gravatar.com\/avatar\/e0a867bdedb85fd243eadf09663511f96fc81e0720a4a42581f334ad4303aa6b?s=96&d=mm&r=g","url":"https:\/\/secure.gravatar.com\/avatar\/e0a867bdedb85fd243eadf09663511f96fc81e0720a4a42581f334ad4303aa6b?s=96&d=mm&r=g","contentUrl":"https:\/\/secure.gravatar.com\/avatar\/e0a867bdedb85fd243eadf09663511f96fc81e0720a4a42581f334ad4303aa6b?s=96&d=mm&r=g","caption":"Reda\u00e7\u00e3o"}}]}},"amp_enabled":true,"_links":{"self":[{"href":"https:\/\/www.notibras.com\/site\/wp-json\/wp\/v2\/posts\/307011","targetHints":{"allow":["GET"]}}],"collection":[{"href":"https:\/\/www.notibras.com\/site\/wp-json\/wp\/v2\/posts"}],"about":[{"href":"https:\/\/www.notibras.com\/site\/wp-json\/wp\/v2\/types\/post"}],"author":[{"embeddable":true,"href":"https:\/\/www.notibras.com\/site\/wp-json\/wp\/v2\/users\/2"}],"replies":[{"embeddable":true,"href":"https:\/\/www.notibras.com\/site\/wp-json\/wp\/v2\/comments?post=307011"}],"version-history":[{"count":1,"href":"https:\/\/www.notibras.com\/site\/wp-json\/wp\/v2\/posts\/307011\/revisions"}],"predecessor-version":[{"id":307012,"href":"https:\/\/www.notibras.com\/site\/wp-json\/wp\/v2\/posts\/307011\/revisions\/307012"}],"wp:featuredmedia":[{"embeddable":true,"href":"https:\/\/www.notibras.com\/site\/wp-json\/wp\/v2\/media\/299830"}],"wp:attachment":[{"href":"https:\/\/www.notibras.com\/site\/wp-json\/wp\/v2\/media?parent=307011"}],"wp:term":[{"taxonomy":"category","embeddable":true,"href":"https:\/\/www.notibras.com\/site\/wp-json\/wp\/v2\/categories?post=307011"},{"taxonomy":"post_tag","embeddable":true,"href":"https:\/\/www.notibras.com\/site\/wp-json\/wp\/v2\/tags?post=307011"}],"curies":[{"name":"wp","href":"https:\/\/api.w.org\/{rel}","templated":true}]}}