{"id":307013,"date":"2023-06-16T00:00:17","date_gmt":"2023-06-16T03:00:17","guid":{"rendered":"https:\/\/www.notibras.com\/site\/?p=307013"},"modified":"2023-06-16T06:41:49","modified_gmt":"2023-06-16T09:41:49","slug":"acoes-do-governo-vao-combater-violencia-contra-idosos","status":"publish","type":"post","link":"https:\/\/www.notibras.com\/site\/acoes-do-governo-vao-combater-violencia-contra-idosos\/","title":{"rendered":"A\u00e7\u00f5es do governo v\u00e3o combater viol\u00eancia contra idosos"},"content":{"rendered":"<p>O Minist\u00e9rio dos Direitos Humanos e da Cidadania (MDHC) quer ajudar as pessoas a reconhecerem situa\u00e7\u00f5es de viol\u00eancia praticada contra idosos. Para tanto, apresentou, durante o semin\u00e1rio Direitos Humanos da Pessoa Idosa, algumas iniciativas visando o enfrentamento a todas as formas de viol\u00eancia contra esse p\u00fablico.<\/p>\n<p>Segundo o secret\u00e1rio nacional de Direitos da Pessoa Idosa, Alexandre da Silva, o tema \u00e9 bastante preocupante para o governo federal, que nesse primeiro momento busca dar informa\u00e7\u00f5es sobre as v\u00e1rias formas de viol\u00eancia que afetam as pessoas idosas.<\/p>\n<p>\u201cQueremos trazer para a superf\u00edcie situa\u00e7\u00f5es que \u00e0s vezes s\u00e3o confundidas com excesso de zelo ou amor excessivo, mas que no fundo se trata de mais uma viol\u00eancia. S\u00e3o as microagress\u00f5es di\u00e1rias, como a de ser referir \u00e0 pessoa idosa com um nome que ela n\u00e3o quer; ou de impedi-la de manusear o dinheiro da forma como ela queira\u201d, disse o secret\u00e1rio.<\/p>\n<p>Alexandre Silva explicou que atitudes violentas e injustas incluem tamb\u00e9m \u201cofensas e olhares em diversos espa\u00e7os onde corpos grisalhos e envelhecidos n\u00e3o s\u00e3o bem-vindos\u201d, e que, para esclarecer essas situa\u00e7\u00f5es, a secretaria tem feito uma s\u00e9rie de eventos, que v\u00e3o de campanhas e publica\u00e7\u00f5es \u00e0 retomada de em plano nacional voltado ao enfrentamento a esse tipo de viol\u00eancia.<\/p>\n<p>Os eventos a que se refere Alexandre da Silva incluem o lan\u00e7amento de um v\u00eddeo contendo a\u00e7\u00f5es educativas e as primeiras an\u00e1lises de dados feitas pela Ouvidoria Nacional de Direitos Humanos sobre den\u00fancias e viola\u00e7\u00f5es contra a pessoa idosa.<\/p>\n<p>\u201cA viol\u00eancia est\u00e1 em v\u00e1rios espa\u00e7os\u201d, disse o secret\u00e1rio, ao refor\u00e7ar que o material pretende possibilitar que \u201csaibamos mais e conhe\u00e7amos mais quais s\u00e3o os tipos de viol\u00eancia, e para pensarmos as melhores formas de enfrentamento\u201d.<\/p>\n<p>Outro ponto destacado por Alexandre Silva \u00e9 a retomada e atualiza\u00e7\u00e3o do Plano Nacional de Enfrentamento \u00e0 Viol\u00eancia contra a Pessoa Idosa. \u201cEsse plano \u00e9 bastante importante porque ele chama v\u00e1rios atores sociais para que participem dessa constru\u00e7\u00e3o e enfrentem essa viol\u00eancia\u201d.<\/p>\n<p>Lan\u00e7ado em 2004, o plano previa a\u00e7\u00f5es conjuntas de diversas pastas governamentais para combater a viol\u00eancia e os maus-tratos contra os idosos, assim como garantir os direitos das pessoas com 60 anos de idade ou mais.<\/p>\n<p>O plano apresentava eixos de atua\u00e7\u00e3o, como constru\u00e7\u00e3o do protagonismo do idoso; a\u00e7\u00f5es espec\u00edficas de promo\u00e7\u00e3o e preven\u00e7\u00e3o de enfrentamento \u00e0 viol\u00eancia e maus tratos; melhoria da rede de atendimento e aten\u00e7\u00e3o \u00e0 pessoa idosa; e a\u00e7\u00f5es espec\u00edficas de combate \u00e0 impunidade.<\/p>\n<p>O secret\u00e1rio informou que assinou, nesta semana, um acordo de coopera\u00e7\u00e3o t\u00e9cnica com Conselho Nacional das Institui\u00e7\u00f5es da Rede Federal de Educa\u00e7\u00e3o Profissional, Cient\u00edfica e Tecnol\u00f3gica (Conif) para capacita\u00e7\u00e3o de agentes e para incentivo \u00e0 cria\u00e7\u00e3o das pastas de Direitos Humanos nos munic\u00edpios.<\/p>\n<p>Esse acordo, segundo ele, \u201c\u00e9 o come\u00e7o das nossas a\u00e7\u00f5es, pensando de fato que os direitos humanos das pessoas idosas precisam estar presentes e serem percebidas l\u00e1 no territ\u00f3rio onde as pessoas idosas residem\u201d.<\/p>\n<p>O secret\u00e1rio disse que foi tamb\u00e9m assinado um protocolo de inten\u00e7\u00f5es com o Instituto Auschwitz para preven\u00e7\u00e3o do genoc\u00eddio e atrocidades massivas.<\/p>\n<p>\u201cLan\u00e7amos, ainda, um cordel sobre viol\u00eancia contra pessoa idosa e um guia para uma comunica\u00e7\u00e3o respons\u00e1vel sobre a pessoa idosa. Esse material \u00e9 uma forma de a gente mostrar para todas as pessoas como construir uma comunica\u00e7\u00e3o positiva, falando da pessoa idosa\u201d, disse.<\/p>\n","protected":false},"excerpt":{"rendered":"<p>O Minist\u00e9rio dos Direitos Humanos e da Cidadania (MDHC) quer ajudar as pessoas a reconhecerem situa\u00e7\u00f5es de viol\u00eancia praticada contra idosos. Para tanto, apresentou, durante o semin\u00e1rio Direitos Humanos da Pessoa Idosa, algumas iniciativas visando o enfrentamento a todas as formas de viol\u00eancia contra esse p\u00fablico. Segundo o secret\u00e1rio nacional de Direitos da Pessoa Idosa, [&hellip;]<\/p>\n","protected":false},"author":2,"featured_media":290678,"comment_status":"closed","ping_status":"closed","sticky":false,"template":"","format":"standard","meta":{"_acf_changed":false,"footnotes":""},"categories":[161],"tags":[],"class_list":["post-307013","post","type-post","status-publish","format-standard","has-post-thumbnail","hentry","category-quadradinho-em-foco"],"acf":[],"yoast_head":"<!-- This site is optimized with the Yoast SEO plugin v27.2 - https:\/\/yoast.com\/product\/yoast-seo-wordpress\/ -->\n<title>A\u00e7\u00f5es do governo v\u00e3o combater viol\u00eancia contra idosos - Notibras<\/title>\n<meta name=\"robots\" content=\"index, follow, max-snippet:-1, max-image-preview:large, max-video-preview:-1\" \/>\n<link rel=\"canonical\" href=\"https:\/\/www.notibras.com\/site\/acoes-do-governo-vao-combater-violencia-contra-idosos\/\" \/>\n<meta property=\"og:locale\" content=\"pt_BR\" \/>\n<meta property=\"og:type\" content=\"article\" \/>\n<meta property=\"og:title\" content=\"A\u00e7\u00f5es do governo v\u00e3o combater viol\u00eancia contra idosos - Notibras\" \/>\n<meta property=\"og:description\" content=\"O Minist\u00e9rio dos Direitos Humanos e da Cidadania (MDHC) quer ajudar as pessoas a reconhecerem situa\u00e7\u00f5es de viol\u00eancia praticada contra idosos. Para tanto, apresentou, durante o semin\u00e1rio Direitos Humanos da Pessoa Idosa, algumas iniciativas visando o enfrentamento a todas as formas de viol\u00eancia contra esse p\u00fablico. Segundo o secret\u00e1rio nacional de Direitos da Pessoa Idosa, [&hellip;]\" \/>\n<meta property=\"og:url\" content=\"https:\/\/www.notibras.com\/site\/acoes-do-governo-vao-combater-violencia-contra-idosos\/\" \/>\n<meta property=\"og:site_name\" content=\"Notibras\" \/>\n<meta property=\"article:publisher\" content=\"https:\/\/www.facebook.com\/notibras\/\" \/>\n<meta property=\"article:published_time\" content=\"2023-06-16T03:00:17+00:00\" \/>\n<meta property=\"article:modified_time\" content=\"2023-06-16T09:41:49+00:00\" \/>\n<meta property=\"og:image\" content=\"https:\/\/www.notibras.com\/site\/wp-content\/uploads\/2022\/08\/mcamg_abr_280918_6354_1.jpg\" \/>\n\t<meta property=\"og:image:width\" content=\"1170\" \/>\n\t<meta property=\"og:image:height\" content=\"700\" \/>\n\t<meta property=\"og:image:type\" content=\"image\/jpeg\" \/>\n<meta name=\"author\" content=\"Reda\u00e7\u00e3o\" \/>\n<meta name=\"twitter:card\" content=\"summary_large_image\" \/>\n<meta name=\"twitter:creator\" content=\"@Notibras\" \/>\n<meta name=\"twitter:site\" content=\"@Notibras\" \/>\n<meta name=\"twitter:label1\" content=\"Escrito por\" \/>\n\t<meta name=\"twitter:data1\" content=\"Reda\u00e7\u00e3o\" \/>\n\t<meta name=\"twitter:label2\" content=\"Est. tempo de leitura\" \/>\n\t<meta name=\"twitter:data2\" content=\"3 minutos\" \/>\n<script type=\"application\/ld+json\" class=\"yoast-schema-graph\">{\"@context\":\"https:\/\/schema.org\",\"@graph\":[{\"@type\":\"Article\",\"@id\":\"https:\/\/www.notibras.com\/site\/acoes-do-governo-vao-combater-violencia-contra-idosos\/#article\",\"isPartOf\":{\"@id\":\"https:\/\/www.notibras.com\/site\/acoes-do-governo-vao-combater-violencia-contra-idosos\/\"},\"author\":{\"name\":\"Reda\u00e7\u00e3o\",\"@id\":\"https:\/\/www.notibras.com\/site\/#\/schema\/person\/36ab0979449956132d3e5b517ea76ac8\"},\"headline\":\"A\u00e7\u00f5es do governo v\u00e3o combater viol\u00eancia contra idosos\",\"datePublished\":\"2023-06-16T03:00:17+00:00\",\"dateModified\":\"2023-06-16T09:41:49+00:00\",\"mainEntityOfPage\":{\"@id\":\"https:\/\/www.notibras.com\/site\/acoes-do-governo-vao-combater-violencia-contra-idosos\/\"},\"wordCount\":622,\"publisher\":{\"@id\":\"https:\/\/www.notibras.com\/site\/#organization\"},\"image\":{\"@id\":\"https:\/\/www.notibras.com\/site\/acoes-do-governo-vao-combater-violencia-contra-idosos\/#primaryimage\"},\"thumbnailUrl\":\"https:\/\/www.notibras.com\/site\/wp-content\/uploads\/2022\/08\/mcamg_abr_280918_6354_1.jpg\",\"articleSection\":[\"Quadradinho em Foco\"],\"inLanguage\":\"pt-BR\"},{\"@type\":\"WebPage\",\"@id\":\"https:\/\/www.notibras.com\/site\/acoes-do-governo-vao-combater-violencia-contra-idosos\/\",\"url\":\"https:\/\/www.notibras.com\/site\/acoes-do-governo-vao-combater-violencia-contra-idosos\/\",\"name\":\"A\u00e7\u00f5es do governo v\u00e3o combater viol\u00eancia contra idosos - Notibras\",\"isPartOf\":{\"@id\":\"https:\/\/www.notibras.com\/site\/#website\"},\"primaryImageOfPage\":{\"@id\":\"https:\/\/www.notibras.com\/site\/acoes-do-governo-vao-combater-violencia-contra-idosos\/#primaryimage\"},\"image\":{\"@id\":\"https:\/\/www.notibras.com\/site\/acoes-do-governo-vao-combater-violencia-contra-idosos\/#primaryimage\"},\"thumbnailUrl\":\"https:\/\/www.notibras.com\/site\/wp-content\/uploads\/2022\/08\/mcamg_abr_280918_6354_1.jpg\",\"datePublished\":\"2023-06-16T03:00:17+00:00\",\"dateModified\":\"2023-06-16T09:41:49+00:00\",\"breadcrumb\":{\"@id\":\"https:\/\/www.notibras.com\/site\/acoes-do-governo-vao-combater-violencia-contra-idosos\/#breadcrumb\"},\"inLanguage\":\"pt-BR\",\"potentialAction\":[{\"@type\":\"ReadAction\",\"target\":[\"https:\/\/www.notibras.com\/site\/acoes-do-governo-vao-combater-violencia-contra-idosos\/\"]}]},{\"@type\":\"ImageObject\",\"inLanguage\":\"pt-BR\",\"@id\":\"https:\/\/www.notibras.com\/site\/acoes-do-governo-vao-combater-violencia-contra-idosos\/#primaryimage\",\"url\":\"https:\/\/www.notibras.com\/site\/wp-content\/uploads\/2022\/08\/mcamg_abr_280918_6354_1.jpg\",\"contentUrl\":\"https:\/\/www.notibras.com\/site\/wp-content\/uploads\/2022\/08\/mcamg_abr_280918_6354_1.jpg\",\"width\":1170,\"height\":700,\"caption\":\"Idosos na regi\u00e3o central de Bras\u00edlia.\"},{\"@type\":\"BreadcrumbList\",\"@id\":\"https:\/\/www.notibras.com\/site\/acoes-do-governo-vao-combater-violencia-contra-idosos\/#breadcrumb\",\"itemListElement\":[{\"@type\":\"ListItem\",\"position\":1,\"name\":\"In\u00edcio\",\"item\":\"https:\/\/www.notibras.com\/site\/\"},{\"@type\":\"ListItem\",\"position\":2,\"name\":\"A\u00e7\u00f5es do governo v\u00e3o combater viol\u00eancia contra idosos\"}]},{\"@type\":\"WebSite\",\"@id\":\"https:\/\/www.notibras.com\/site\/#website\",\"url\":\"https:\/\/www.notibras.com\/site\/\",\"name\":\"Notibras\",\"description\":\"Not\u00edcias de Bras\u00edlia, do Brasil e do Mundo\",\"publisher\":{\"@id\":\"https:\/\/www.notibras.com\/site\/#organization\"},\"potentialAction\":[{\"@type\":\"SearchAction\",\"target\":{\"@type\":\"EntryPoint\",\"urlTemplate\":\"https:\/\/www.notibras.com\/site\/?s={search_term_string}\"},\"query-input\":{\"@type\":\"PropertyValueSpecification\",\"valueRequired\":true,\"valueName\":\"search_term_string\"}}],\"inLanguage\":\"pt-BR\"},{\"@type\":\"Organization\",\"@id\":\"https:\/\/www.notibras.com\/site\/#organization\",\"name\":\"Grupo Notibras de Comunica\u00e7\u00e3o\",\"url\":\"https:\/\/www.notibras.com\/site\/\",\"logo\":{\"@type\":\"ImageObject\",\"inLanguage\":\"pt-BR\",\"@id\":\"https:\/\/www.notibras.com\/site\/#\/schema\/logo\/image\/\",\"url\":\"https:\/\/www.notibras.com\/site\/wp-content\/uploads\/2023\/01\/notibras23.png\",\"contentUrl\":\"https:\/\/www.notibras.com\/site\/wp-content\/uploads\/2023\/01\/notibras23.png\",\"width\":350,\"height\":87,\"caption\":\"Grupo Notibras de Comunica\u00e7\u00e3o\"},\"image\":{\"@id\":\"https:\/\/www.notibras.com\/site\/#\/schema\/logo\/image\/\"},\"sameAs\":[\"https:\/\/www.facebook.com\/notibras\/\",\"https:\/\/x.com\/Notibras\",\"https:\/\/www.instagram.com\/notibras\/\"]},{\"@type\":\"Person\",\"@id\":\"https:\/\/www.notibras.com\/site\/#\/schema\/person\/36ab0979449956132d3e5b517ea76ac8\",\"name\":\"Reda\u00e7\u00e3o\",\"image\":{\"@type\":\"ImageObject\",\"inLanguage\":\"pt-BR\",\"@id\":\"https:\/\/secure.gravatar.com\/avatar\/e0a867bdedb85fd243eadf09663511f96fc81e0720a4a42581f334ad4303aa6b?s=96&d=mm&r=g\",\"url\":\"https:\/\/secure.gravatar.com\/avatar\/e0a867bdedb85fd243eadf09663511f96fc81e0720a4a42581f334ad4303aa6b?s=96&d=mm&r=g\",\"contentUrl\":\"https:\/\/secure.gravatar.com\/avatar\/e0a867bdedb85fd243eadf09663511f96fc81e0720a4a42581f334ad4303aa6b?s=96&d=mm&r=g\",\"caption\":\"Reda\u00e7\u00e3o\"}}]}<\/script>\n<!-- \/ Yoast SEO plugin. -->","yoast_head_json":{"title":"A\u00e7\u00f5es do governo v\u00e3o combater viol\u00eancia contra idosos - Notibras","robots":{"index":"index","follow":"follow","max-snippet":"max-snippet:-1","max-image-preview":"max-image-preview:large","max-video-preview":"max-video-preview:-1"},"canonical":"https:\/\/www.notibras.com\/site\/acoes-do-governo-vao-combater-violencia-contra-idosos\/","og_locale":"pt_BR","og_type":"article","og_title":"A\u00e7\u00f5es do governo v\u00e3o combater viol\u00eancia contra idosos - Notibras","og_description":"O Minist\u00e9rio dos Direitos Humanos e da Cidadania (MDHC) quer ajudar as pessoas a reconhecerem situa\u00e7\u00f5es de viol\u00eancia praticada contra idosos. Para tanto, apresentou, durante o semin\u00e1rio Direitos Humanos da Pessoa Idosa, algumas iniciativas visando o enfrentamento a todas as formas de viol\u00eancia contra esse p\u00fablico. Segundo o secret\u00e1rio nacional de Direitos da Pessoa Idosa, [&hellip;]","og_url":"https:\/\/www.notibras.com\/site\/acoes-do-governo-vao-combater-violencia-contra-idosos\/","og_site_name":"Notibras","article_publisher":"https:\/\/www.facebook.com\/notibras\/","article_published_time":"2023-06-16T03:00:17+00:00","article_modified_time":"2023-06-16T09:41:49+00:00","og_image":[{"width":1170,"height":700,"url":"https:\/\/www.notibras.com\/site\/wp-content\/uploads\/2022\/08\/mcamg_abr_280918_6354_1.jpg","type":"image\/jpeg"}],"author":"Reda\u00e7\u00e3o","twitter_card":"summary_large_image","twitter_creator":"@Notibras","twitter_site":"@Notibras","twitter_misc":{"Escrito por":"Reda\u00e7\u00e3o","Est. tempo de leitura":"3 minutos"},"schema":{"@context":"https:\/\/schema.org","@graph":[{"@type":"Article","@id":"https:\/\/www.notibras.com\/site\/acoes-do-governo-vao-combater-violencia-contra-idosos\/#article","isPartOf":{"@id":"https:\/\/www.notibras.com\/site\/acoes-do-governo-vao-combater-violencia-contra-idosos\/"},"author":{"name":"Reda\u00e7\u00e3o","@id":"https:\/\/www.notibras.com\/site\/#\/schema\/person\/36ab0979449956132d3e5b517ea76ac8"},"headline":"A\u00e7\u00f5es do governo v\u00e3o combater viol\u00eancia contra idosos","datePublished":"2023-06-16T03:00:17+00:00","dateModified":"2023-06-16T09:41:49+00:00","mainEntityOfPage":{"@id":"https:\/\/www.notibras.com\/site\/acoes-do-governo-vao-combater-violencia-contra-idosos\/"},"wordCount":622,"publisher":{"@id":"https:\/\/www.notibras.com\/site\/#organization"},"image":{"@id":"https:\/\/www.notibras.com\/site\/acoes-do-governo-vao-combater-violencia-contra-idosos\/#primaryimage"},"thumbnailUrl":"https:\/\/www.notibras.com\/site\/wp-content\/uploads\/2022\/08\/mcamg_abr_280918_6354_1.jpg","articleSection":["Quadradinho em Foco"],"inLanguage":"pt-BR"},{"@type":"WebPage","@id":"https:\/\/www.notibras.com\/site\/acoes-do-governo-vao-combater-violencia-contra-idosos\/","url":"https:\/\/www.notibras.com\/site\/acoes-do-governo-vao-combater-violencia-contra-idosos\/","name":"A\u00e7\u00f5es do governo v\u00e3o combater viol\u00eancia contra idosos - Notibras","isPartOf":{"@id":"https:\/\/www.notibras.com\/site\/#website"},"primaryImageOfPage":{"@id":"https:\/\/www.notibras.com\/site\/acoes-do-governo-vao-combater-violencia-contra-idosos\/#primaryimage"},"image":{"@id":"https:\/\/www.notibras.com\/site\/acoes-do-governo-vao-combater-violencia-contra-idosos\/#primaryimage"},"thumbnailUrl":"https:\/\/www.notibras.com\/site\/wp-content\/uploads\/2022\/08\/mcamg_abr_280918_6354_1.jpg","datePublished":"2023-06-16T03:00:17+00:00","dateModified":"2023-06-16T09:41:49+00:00","breadcrumb":{"@id":"https:\/\/www.notibras.com\/site\/acoes-do-governo-vao-combater-violencia-contra-idosos\/#breadcrumb"},"inLanguage":"pt-BR","potentialAction":[{"@type":"ReadAction","target":["https:\/\/www.notibras.com\/site\/acoes-do-governo-vao-combater-violencia-contra-idosos\/"]}]},{"@type":"ImageObject","inLanguage":"pt-BR","@id":"https:\/\/www.notibras.com\/site\/acoes-do-governo-vao-combater-violencia-contra-idosos\/#primaryimage","url":"https:\/\/www.notibras.com\/site\/wp-content\/uploads\/2022\/08\/mcamg_abr_280918_6354_1.jpg","contentUrl":"https:\/\/www.notibras.com\/site\/wp-content\/uploads\/2022\/08\/mcamg_abr_280918_6354_1.jpg","width":1170,"height":700,"caption":"Idosos na regi\u00e3o central de Bras\u00edlia."},{"@type":"BreadcrumbList","@id":"https:\/\/www.notibras.com\/site\/acoes-do-governo-vao-combater-violencia-contra-idosos\/#breadcrumb","itemListElement":[{"@type":"ListItem","position":1,"name":"In\u00edcio","item":"https:\/\/www.notibras.com\/site\/"},{"@type":"ListItem","position":2,"name":"A\u00e7\u00f5es do governo v\u00e3o combater viol\u00eancia contra idosos"}]},{"@type":"WebSite","@id":"https:\/\/www.notibras.com\/site\/#website","url":"https:\/\/www.notibras.com\/site\/","name":"Notibras","description":"Not\u00edcias de Bras\u00edlia, do Brasil e do Mundo","publisher":{"@id":"https:\/\/www.notibras.com\/site\/#organization"},"potentialAction":[{"@type":"SearchAction","target":{"@type":"EntryPoint","urlTemplate":"https:\/\/www.notibras.com\/site\/?s={search_term_string}"},"query-input":{"@type":"PropertyValueSpecification","valueRequired":true,"valueName":"search_term_string"}}],"inLanguage":"pt-BR"},{"@type":"Organization","@id":"https:\/\/www.notibras.com\/site\/#organization","name":"Grupo Notibras de Comunica\u00e7\u00e3o","url":"https:\/\/www.notibras.com\/site\/","logo":{"@type":"ImageObject","inLanguage":"pt-BR","@id":"https:\/\/www.notibras.com\/site\/#\/schema\/logo\/image\/","url":"https:\/\/www.notibras.com\/site\/wp-content\/uploads\/2023\/01\/notibras23.png","contentUrl":"https:\/\/www.notibras.com\/site\/wp-content\/uploads\/2023\/01\/notibras23.png","width":350,"height":87,"caption":"Grupo Notibras de Comunica\u00e7\u00e3o"},"image":{"@id":"https:\/\/www.notibras.com\/site\/#\/schema\/logo\/image\/"},"sameAs":["https:\/\/www.facebook.com\/notibras\/","https:\/\/x.com\/Notibras","https:\/\/www.instagram.com\/notibras\/"]},{"@type":"Person","@id":"https:\/\/www.notibras.com\/site\/#\/schema\/person\/36ab0979449956132d3e5b517ea76ac8","name":"Reda\u00e7\u00e3o","image":{"@type":"ImageObject","inLanguage":"pt-BR","@id":"https:\/\/secure.gravatar.com\/avatar\/e0a867bdedb85fd243eadf09663511f96fc81e0720a4a42581f334ad4303aa6b?s=96&d=mm&r=g","url":"https:\/\/secure.gravatar.com\/avatar\/e0a867bdedb85fd243eadf09663511f96fc81e0720a4a42581f334ad4303aa6b?s=96&d=mm&r=g","contentUrl":"https:\/\/secure.gravatar.com\/avatar\/e0a867bdedb85fd243eadf09663511f96fc81e0720a4a42581f334ad4303aa6b?s=96&d=mm&r=g","caption":"Reda\u00e7\u00e3o"}}]}},"amp_enabled":true,"_links":{"self":[{"href":"https:\/\/www.notibras.com\/site\/wp-json\/wp\/v2\/posts\/307013","targetHints":{"allow":["GET"]}}],"collection":[{"href":"https:\/\/www.notibras.com\/site\/wp-json\/wp\/v2\/posts"}],"about":[{"href":"https:\/\/www.notibras.com\/site\/wp-json\/wp\/v2\/types\/post"}],"author":[{"embeddable":true,"href":"https:\/\/www.notibras.com\/site\/wp-json\/wp\/v2\/users\/2"}],"replies":[{"embeddable":true,"href":"https:\/\/www.notibras.com\/site\/wp-json\/wp\/v2\/comments?post=307013"}],"version-history":[{"count":1,"href":"https:\/\/www.notibras.com\/site\/wp-json\/wp\/v2\/posts\/307013\/revisions"}],"predecessor-version":[{"id":307014,"href":"https:\/\/www.notibras.com\/site\/wp-json\/wp\/v2\/posts\/307013\/revisions\/307014"}],"wp:featuredmedia":[{"embeddable":true,"href":"https:\/\/www.notibras.com\/site\/wp-json\/wp\/v2\/media\/290678"}],"wp:attachment":[{"href":"https:\/\/www.notibras.com\/site\/wp-json\/wp\/v2\/media?parent=307013"}],"wp:term":[{"taxonomy":"category","embeddable":true,"href":"https:\/\/www.notibras.com\/site\/wp-json\/wp\/v2\/categories?post=307013"},{"taxonomy":"post_tag","embeddable":true,"href":"https:\/\/www.notibras.com\/site\/wp-json\/wp\/v2\/tags?post=307013"}],"curies":[{"name":"wp","href":"https:\/\/api.w.org\/{rel}","templated":true}]}}