{"id":307077,"date":"2023-06-16T18:08:59","date_gmt":"2023-06-16T21:08:59","guid":{"rendered":"https:\/\/www.notibras.com\/site\/?p=307077"},"modified":"2023-06-16T19:35:43","modified_gmt":"2023-06-16T22:35:43","slug":"esplanada-tera-44-mil-vagas","status":"publish","type":"post","link":"https:\/\/www.notibras.com\/site\/esplanada-tera-44-mil-vagas\/","title":{"rendered":"Esplanada ter\u00e1 concursos para 4,4 mil vagas ainda este ano"},"content":{"rendered":"<p>Os aspirantes a um cargo no servi\u00e7o p\u00fablico podem come\u00e7ar a se preparar. O governo federal anunciou nesta sexta-feira (16) a autoriza\u00e7\u00e3o para preencher 4.436 vagas em 20 minist\u00e9rios. A libera\u00e7\u00e3o dos postos de trabalho deve ser publicada nas pr\u00f3ximas horas em edi\u00e7\u00e3o extraordin\u00e1ria do Di\u00e1rio Oficial da Uni\u00e3o.<\/p>\n<p>Segundo a ministra da Gest\u00e3o e da Inova\u00e7\u00e3o em Servi\u00e7os P\u00fablicos, Esther Dweck, as contrata\u00e7\u00f5es dever\u00e3o ter impacto de R$ 735 milh\u00f5es por ano no Or\u00e7amento da Uni\u00e3o.<\/p>\n<p>De acordo com a ministra, os seguintes crit\u00e9rios foram considerados para a libera\u00e7\u00e3o das vagas: tempo desde o \u00faltimo edital de concurso p\u00fablico; propor\u00e7\u00e3o entre o n\u00famero de vagas e o n\u00famero de cargos aprovados no \u00f3rg\u00e3o; propor\u00e7\u00e3o de aposentadorias nos pr\u00f3ximos cinco anos em rela\u00e7\u00e3o ao total de vagas ocupadas; perdas em rela\u00e7\u00e3o \u00e0 ocupa\u00e7\u00e3o m\u00e1xima; mudan\u00e7as relevantes na estrutura do \u00f3rg\u00e3o ou amplia\u00e7\u00e3o de atribui\u00e7\u00f5es; efeitos imediatos dos servi\u00e7os para a popula\u00e7\u00e3o; efeitos sobre as pol\u00edticas priorit\u00e1rias do governo e vis\u00e3o de futuro.<\/p>\n<p>Confira o n\u00famero de vagas por minist\u00e9rios e \u00f3rg\u00e3os contemplados:<\/p>\n<p>\u2022\u2002\u2002\u2002\u2002\u2002Minist\u00e9rio da Agricultura e Pecu\u00e1ria: 440<br \/>\n\u2022\u2002\u2002\u2002\u2002\u2002Instituto Nacional de Meteorologia (Inmet): 80<br \/>\n\u2022\u2002\u2002\u2002\u2002\u2002Instituto Nacional de Coloniza\u00e7\u00e3o e Reforma Agr\u00e1ria (Incra): 742<br \/>\n\u2022\u2002\u2002\u2002\u2002\u2002Minist\u00e9rio da Educa\u00e7\u00e3o (MEC): 220<br \/>\n\u2022\u2002\u2002\u2002\u2002\u2002Instituto Nacional de Estudos e Pesquisas Educacionais An\u00edsio Teixeira (Inep): 50<br \/>\n\u2022\u2002\u2002\u2002\u2002\u2002Coordena\u00e7\u00e3o de Aperfei\u00e7oamento de Pessoal de N\u00edvel Superior (Capes): 50<br \/>\n\u2022\u2002\u2002\u2002\u2002\u2002Fundo Nacional de Desenvolvimento da Educa\u00e7\u00e3o (FNDE): 100<br \/>\n\u2022\u2002\u2002\u2002\u2002\u2002Instituto Chico Mendes de Conserva\u00e7\u00e3o da Biodiversidade (ICMBio): 160<br \/>\n\u2022\u2002\u2002\u2002\u2002\u2002Minist\u00e9rio das Rela\u00e7\u00f5es Exteriores (MRE): 100<br \/>\n\u2022\u2002\u2002\u2002\u2002\u2002Instituto Nacional da Propriedade Industrial (INPI): 120<br \/>\n\u2022\u2002\u2002\u2002\u2002\u2002Instituto Nacional de Metrologia, Qualidade e Tecnologia (Inmetro): 100<br \/>\n\u2022\u2002\u2002\u2002\u2002\u2002Departamento Nacional de Infraestrutura de Transportes (DNIT): 100<br \/>\n\u2022\u2002\u2002\u2002\u2002\u2002Ag\u00eancia Nacional de Minera\u00e7\u00e3o (ANM): 24<br \/>\n\u2022\u2002\u2002\u2002\u2002\u2002Minist\u00e9rio de Minas e Energia (MME): 30<br \/>\n\u2022\u2002\u2002\u2002\u2002\u2002Analista de infraestrutura: 300<br \/>\n\u2022\u2002\u2002\u2002\u2002\u2002Analista em Tecnologia da Informa\u00e7\u00e3o: 300<br \/>\n\u2022\u2002\u2002\u2002\u2002\u2002Auditor-Fiscal do Trabalho: 900<br \/>\n\u2022\u2002\u2002\u2002\u2002\u2002Conselho Nacional de Desenvolvimento Cient\u00edfico e Tecnol\u00f3gico (CNPq): 50<br \/>\n\u2022\u2002\u2002\u2002\u2002\u2002Centro Gestor e Operacional do Sistema de Prote\u00e7\u00e3o da Amaz\u00f4nia (Censipam): 50<br \/>\n\u2022\u2002\u2002\u2002\u2002\u2002Minist\u00e9rio da Sa\u00fade (MS): 220<br \/>\n\u2022\u2002\u2002\u2002\u2002\u2002Funda\u00e7\u00e3o Oswaldo Cruz (Fiocruz): 300<\/p>\n<p>Essas n\u00e3o s\u00e3o as primeiras vagas autorizadas pelo governo atual. Nos \u00faltimos meses, o Minist\u00e9rio da Gest\u00e3o e Inova\u00e7\u00e3o em Servi\u00e7os P\u00fablicos havia dado sinal verde para recompor o quadro de \u00f3rg\u00e3os que estavam em situa\u00e7\u00e3o cr\u00edtica de falta de funcion\u00e1rios. Al\u00e9m das 4.436 vagas a serem abertas, existem quatro concursos autorizados para repor 9.585 postos. Os editais ser\u00e3o publicados nos pr\u00f3ximos seis meses.<\/p>\n<p>Al\u00e9m disso, existem vagas autorizadas desde 2020 cujos concursos est\u00e3o em andamento, como o Instituto Nacional do Seguro Social (INSS). Na \u00faltima segunda-feira (12), o Minist\u00e9rio da Gest\u00e3o e Inova\u00e7\u00e3o em Servi\u00e7os P\u00fablicos publicou a nomea\u00e7\u00e3o de 1 mil t\u00e9cnicos do Seguro Social aprovados no \u00faltimo concurso.<\/p>\n","protected":false},"excerpt":{"rendered":"<p>Os aspirantes a um cargo no servi\u00e7o p\u00fablico podem come\u00e7ar a se preparar. O governo federal anunciou nesta sexta-feira (16) a autoriza\u00e7\u00e3o para preencher 4.436 vagas em 20 minist\u00e9rios. A libera\u00e7\u00e3o dos postos de trabalho deve ser publicada nas pr\u00f3ximas horas em edi\u00e7\u00e3o extraordin\u00e1ria do Di\u00e1rio Oficial da Uni\u00e3o. Segundo a ministra da Gest\u00e3o e [&hellip;]<\/p>\n","protected":false},"author":2,"featured_media":307078,"comment_status":"closed","ping_status":"closed","sticky":false,"template":"","format":"standard","meta":{"_acf_changed":false,"footnotes":""},"categories":[161],"tags":[95],"class_list":["post-307077","post","type-post","status-publish","format-standard","has-post-thumbnail","hentry","category-quadradinho-em-foco","tag-capa"],"acf":[],"yoast_head":"<!-- This site is optimized with the Yoast SEO plugin v27.2 - https:\/\/yoast.com\/product\/yoast-seo-wordpress\/ -->\n<title>Esplanada ter\u00e1 concursos para 4,4 mil vagas ainda este ano - Notibras<\/title>\n<meta name=\"robots\" content=\"index, follow, max-snippet:-1, max-image-preview:large, max-video-preview:-1\" \/>\n<link rel=\"canonical\" href=\"https:\/\/www.notibras.com\/site\/esplanada-tera-44-mil-vagas\/\" \/>\n<meta property=\"og:locale\" content=\"pt_BR\" \/>\n<meta property=\"og:type\" content=\"article\" \/>\n<meta property=\"og:title\" content=\"Esplanada ter\u00e1 concursos para 4,4 mil vagas ainda este ano - Notibras\" \/>\n<meta property=\"og:description\" content=\"Os aspirantes a um cargo no servi\u00e7o p\u00fablico podem come\u00e7ar a se preparar. O governo federal anunciou nesta sexta-feira (16) a autoriza\u00e7\u00e3o para preencher 4.436 vagas em 20 minist\u00e9rios. A libera\u00e7\u00e3o dos postos de trabalho deve ser publicada nas pr\u00f3ximas horas em edi\u00e7\u00e3o extraordin\u00e1ria do Di\u00e1rio Oficial da Uni\u00e3o. Segundo a ministra da Gest\u00e3o e [&hellip;]\" \/>\n<meta property=\"og:url\" content=\"https:\/\/www.notibras.com\/site\/esplanada-tera-44-mil-vagas\/\" \/>\n<meta property=\"og:site_name\" content=\"Notibras\" \/>\n<meta property=\"article:publisher\" content=\"https:\/\/www.facebook.com\/notibras\/\" \/>\n<meta property=\"article:published_time\" content=\"2023-06-16T21:08:59+00:00\" \/>\n<meta property=\"article:modified_time\" content=\"2023-06-16T22:35:43+00:00\" \/>\n<meta property=\"og:image\" content=\"https:\/\/www.notibras.com\/site\/wp-content\/uploads\/2023\/06\/1011617-11042016grades-no-congressodsc_6484-.jpg\" \/>\n\t<meta property=\"og:image:width\" content=\"1170\" \/>\n\t<meta property=\"og:image:height\" content=\"700\" \/>\n\t<meta property=\"og:image:type\" content=\"image\/jpeg\" \/>\n<meta name=\"author\" content=\"Reda\u00e7\u00e3o\" \/>\n<meta name=\"twitter:card\" content=\"summary_large_image\" \/>\n<meta name=\"twitter:creator\" content=\"@Notibras\" \/>\n<meta name=\"twitter:site\" content=\"@Notibras\" \/>\n<meta name=\"twitter:label1\" content=\"Escrito por\" \/>\n\t<meta name=\"twitter:data1\" content=\"Reda\u00e7\u00e3o\" \/>\n\t<meta name=\"twitter:label2\" content=\"Est. tempo de leitura\" \/>\n\t<meta name=\"twitter:data2\" content=\"3 minutos\" \/>\n<script type=\"application\/ld+json\" class=\"yoast-schema-graph\">{\"@context\":\"https:\/\/schema.org\",\"@graph\":[{\"@type\":\"Article\",\"@id\":\"https:\/\/www.notibras.com\/site\/esplanada-tera-44-mil-vagas\/#article\",\"isPartOf\":{\"@id\":\"https:\/\/www.notibras.com\/site\/esplanada-tera-44-mil-vagas\/\"},\"author\":{\"name\":\"Reda\u00e7\u00e3o\",\"@id\":\"https:\/\/www.notibras.com\/site\/#\/schema\/person\/36ab0979449956132d3e5b517ea76ac8\"},\"headline\":\"Esplanada ter\u00e1 concursos para 4,4 mil vagas ainda este ano\",\"datePublished\":\"2023-06-16T21:08:59+00:00\",\"dateModified\":\"2023-06-16T22:35:43+00:00\",\"mainEntityOfPage\":{\"@id\":\"https:\/\/www.notibras.com\/site\/esplanada-tera-44-mil-vagas\/\"},\"wordCount\":506,\"publisher\":{\"@id\":\"https:\/\/www.notibras.com\/site\/#organization\"},\"image\":{\"@id\":\"https:\/\/www.notibras.com\/site\/esplanada-tera-44-mil-vagas\/#primaryimage\"},\"thumbnailUrl\":\"https:\/\/www.notibras.com\/site\/wp-content\/uploads\/2023\/06\/1011617-11042016grades-no-congressodsc_6484-.jpg\",\"keywords\":[\"capa\"],\"articleSection\":[\"Quadradinho em Foco\"],\"inLanguage\":\"pt-BR\"},{\"@type\":\"WebPage\",\"@id\":\"https:\/\/www.notibras.com\/site\/esplanada-tera-44-mil-vagas\/\",\"url\":\"https:\/\/www.notibras.com\/site\/esplanada-tera-44-mil-vagas\/\",\"name\":\"Esplanada ter\u00e1 concursos para 4,4 mil vagas ainda este ano - Notibras\",\"isPartOf\":{\"@id\":\"https:\/\/www.notibras.com\/site\/#website\"},\"primaryImageOfPage\":{\"@id\":\"https:\/\/www.notibras.com\/site\/esplanada-tera-44-mil-vagas\/#primaryimage\"},\"image\":{\"@id\":\"https:\/\/www.notibras.com\/site\/esplanada-tera-44-mil-vagas\/#primaryimage\"},\"thumbnailUrl\":\"https:\/\/www.notibras.com\/site\/wp-content\/uploads\/2023\/06\/1011617-11042016grades-no-congressodsc_6484-.jpg\",\"datePublished\":\"2023-06-16T21:08:59+00:00\",\"dateModified\":\"2023-06-16T22:35:43+00:00\",\"breadcrumb\":{\"@id\":\"https:\/\/www.notibras.com\/site\/esplanada-tera-44-mil-vagas\/#breadcrumb\"},\"inLanguage\":\"pt-BR\",\"potentialAction\":[{\"@type\":\"ReadAction\",\"target\":[\"https:\/\/www.notibras.com\/site\/esplanada-tera-44-mil-vagas\/\"]}]},{\"@type\":\"ImageObject\",\"inLanguage\":\"pt-BR\",\"@id\":\"https:\/\/www.notibras.com\/site\/esplanada-tera-44-mil-vagas\/#primaryimage\",\"url\":\"https:\/\/www.notibras.com\/site\/wp-content\/uploads\/2023\/06\/1011617-11042016grades-no-congressodsc_6484-.jpg\",\"contentUrl\":\"https:\/\/www.notibras.com\/site\/wp-content\/uploads\/2023\/06\/1011617-11042016grades-no-congressodsc_6484-.jpg\",\"width\":1170,\"height\":700,\"caption\":\"Bras\u00edlia - Para evitar confrontos entre manifestantes pr\u00f3 e contra impeachment a Secretaria de Seguran\u00e7a P\u00fablica do Distrito Federal definiu divis\u00e3o de espa\u00e7o na Esplanada dos Minist\u00e9rios (Jos\u00e9 Cruz\/Ag\u00eancia Brasil)\"},{\"@type\":\"BreadcrumbList\",\"@id\":\"https:\/\/www.notibras.com\/site\/esplanada-tera-44-mil-vagas\/#breadcrumb\",\"itemListElement\":[{\"@type\":\"ListItem\",\"position\":1,\"name\":\"In\u00edcio\",\"item\":\"https:\/\/www.notibras.com\/site\/\"},{\"@type\":\"ListItem\",\"position\":2,\"name\":\"Esplanada ter\u00e1 concursos para 4,4 mil vagas ainda este ano\"}]},{\"@type\":\"WebSite\",\"@id\":\"https:\/\/www.notibras.com\/site\/#website\",\"url\":\"https:\/\/www.notibras.com\/site\/\",\"name\":\"Notibras\",\"description\":\"Not\u00edcias de Bras\u00edlia, do Brasil e do Mundo\",\"publisher\":{\"@id\":\"https:\/\/www.notibras.com\/site\/#organization\"},\"potentialAction\":[{\"@type\":\"SearchAction\",\"target\":{\"@type\":\"EntryPoint\",\"urlTemplate\":\"https:\/\/www.notibras.com\/site\/?s={search_term_string}\"},\"query-input\":{\"@type\":\"PropertyValueSpecification\",\"valueRequired\":true,\"valueName\":\"search_term_string\"}}],\"inLanguage\":\"pt-BR\"},{\"@type\":\"Organization\",\"@id\":\"https:\/\/www.notibras.com\/site\/#organization\",\"name\":\"Grupo Notibras de Comunica\u00e7\u00e3o\",\"url\":\"https:\/\/www.notibras.com\/site\/\",\"logo\":{\"@type\":\"ImageObject\",\"inLanguage\":\"pt-BR\",\"@id\":\"https:\/\/www.notibras.com\/site\/#\/schema\/logo\/image\/\",\"url\":\"https:\/\/www.notibras.com\/site\/wp-content\/uploads\/2023\/01\/notibras23.png\",\"contentUrl\":\"https:\/\/www.notibras.com\/site\/wp-content\/uploads\/2023\/01\/notibras23.png\",\"width\":350,\"height\":87,\"caption\":\"Grupo Notibras de Comunica\u00e7\u00e3o\"},\"image\":{\"@id\":\"https:\/\/www.notibras.com\/site\/#\/schema\/logo\/image\/\"},\"sameAs\":[\"https:\/\/www.facebook.com\/notibras\/\",\"https:\/\/x.com\/Notibras\",\"https:\/\/www.instagram.com\/notibras\/\"]},{\"@type\":\"Person\",\"@id\":\"https:\/\/www.notibras.com\/site\/#\/schema\/person\/36ab0979449956132d3e5b517ea76ac8\",\"name\":\"Reda\u00e7\u00e3o\",\"image\":{\"@type\":\"ImageObject\",\"inLanguage\":\"pt-BR\",\"@id\":\"https:\/\/secure.gravatar.com\/avatar\/e0a867bdedb85fd243eadf09663511f96fc81e0720a4a42581f334ad4303aa6b?s=96&d=mm&r=g\",\"url\":\"https:\/\/secure.gravatar.com\/avatar\/e0a867bdedb85fd243eadf09663511f96fc81e0720a4a42581f334ad4303aa6b?s=96&d=mm&r=g\",\"contentUrl\":\"https:\/\/secure.gravatar.com\/avatar\/e0a867bdedb85fd243eadf09663511f96fc81e0720a4a42581f334ad4303aa6b?s=96&d=mm&r=g\",\"caption\":\"Reda\u00e7\u00e3o\"}}]}<\/script>\n<!-- \/ Yoast SEO plugin. -->","yoast_head_json":{"title":"Esplanada ter\u00e1 concursos para 4,4 mil vagas ainda este ano - Notibras","robots":{"index":"index","follow":"follow","max-snippet":"max-snippet:-1","max-image-preview":"max-image-preview:large","max-video-preview":"max-video-preview:-1"},"canonical":"https:\/\/www.notibras.com\/site\/esplanada-tera-44-mil-vagas\/","og_locale":"pt_BR","og_type":"article","og_title":"Esplanada ter\u00e1 concursos para 4,4 mil vagas ainda este ano - Notibras","og_description":"Os aspirantes a um cargo no servi\u00e7o p\u00fablico podem come\u00e7ar a se preparar. O governo federal anunciou nesta sexta-feira (16) a autoriza\u00e7\u00e3o para preencher 4.436 vagas em 20 minist\u00e9rios. A libera\u00e7\u00e3o dos postos de trabalho deve ser publicada nas pr\u00f3ximas horas em edi\u00e7\u00e3o extraordin\u00e1ria do Di\u00e1rio Oficial da Uni\u00e3o. Segundo a ministra da Gest\u00e3o e [&hellip;]","og_url":"https:\/\/www.notibras.com\/site\/esplanada-tera-44-mil-vagas\/","og_site_name":"Notibras","article_publisher":"https:\/\/www.facebook.com\/notibras\/","article_published_time":"2023-06-16T21:08:59+00:00","article_modified_time":"2023-06-16T22:35:43+00:00","og_image":[{"width":1170,"height":700,"url":"https:\/\/www.notibras.com\/site\/wp-content\/uploads\/2023\/06\/1011617-11042016grades-no-congressodsc_6484-.jpg","type":"image\/jpeg"}],"author":"Reda\u00e7\u00e3o","twitter_card":"summary_large_image","twitter_creator":"@Notibras","twitter_site":"@Notibras","twitter_misc":{"Escrito por":"Reda\u00e7\u00e3o","Est. tempo de leitura":"3 minutos"},"schema":{"@context":"https:\/\/schema.org","@graph":[{"@type":"Article","@id":"https:\/\/www.notibras.com\/site\/esplanada-tera-44-mil-vagas\/#article","isPartOf":{"@id":"https:\/\/www.notibras.com\/site\/esplanada-tera-44-mil-vagas\/"},"author":{"name":"Reda\u00e7\u00e3o","@id":"https:\/\/www.notibras.com\/site\/#\/schema\/person\/36ab0979449956132d3e5b517ea76ac8"},"headline":"Esplanada ter\u00e1 concursos para 4,4 mil vagas ainda este ano","datePublished":"2023-06-16T21:08:59+00:00","dateModified":"2023-06-16T22:35:43+00:00","mainEntityOfPage":{"@id":"https:\/\/www.notibras.com\/site\/esplanada-tera-44-mil-vagas\/"},"wordCount":506,"publisher":{"@id":"https:\/\/www.notibras.com\/site\/#organization"},"image":{"@id":"https:\/\/www.notibras.com\/site\/esplanada-tera-44-mil-vagas\/#primaryimage"},"thumbnailUrl":"https:\/\/www.notibras.com\/site\/wp-content\/uploads\/2023\/06\/1011617-11042016grades-no-congressodsc_6484-.jpg","keywords":["capa"],"articleSection":["Quadradinho em Foco"],"inLanguage":"pt-BR"},{"@type":"WebPage","@id":"https:\/\/www.notibras.com\/site\/esplanada-tera-44-mil-vagas\/","url":"https:\/\/www.notibras.com\/site\/esplanada-tera-44-mil-vagas\/","name":"Esplanada ter\u00e1 concursos para 4,4 mil vagas ainda este ano - Notibras","isPartOf":{"@id":"https:\/\/www.notibras.com\/site\/#website"},"primaryImageOfPage":{"@id":"https:\/\/www.notibras.com\/site\/esplanada-tera-44-mil-vagas\/#primaryimage"},"image":{"@id":"https:\/\/www.notibras.com\/site\/esplanada-tera-44-mil-vagas\/#primaryimage"},"thumbnailUrl":"https:\/\/www.notibras.com\/site\/wp-content\/uploads\/2023\/06\/1011617-11042016grades-no-congressodsc_6484-.jpg","datePublished":"2023-06-16T21:08:59+00:00","dateModified":"2023-06-16T22:35:43+00:00","breadcrumb":{"@id":"https:\/\/www.notibras.com\/site\/esplanada-tera-44-mil-vagas\/#breadcrumb"},"inLanguage":"pt-BR","potentialAction":[{"@type":"ReadAction","target":["https:\/\/www.notibras.com\/site\/esplanada-tera-44-mil-vagas\/"]}]},{"@type":"ImageObject","inLanguage":"pt-BR","@id":"https:\/\/www.notibras.com\/site\/esplanada-tera-44-mil-vagas\/#primaryimage","url":"https:\/\/www.notibras.com\/site\/wp-content\/uploads\/2023\/06\/1011617-11042016grades-no-congressodsc_6484-.jpg","contentUrl":"https:\/\/www.notibras.com\/site\/wp-content\/uploads\/2023\/06\/1011617-11042016grades-no-congressodsc_6484-.jpg","width":1170,"height":700,"caption":"Bras\u00edlia - Para evitar confrontos entre manifestantes pr\u00f3 e contra impeachment a Secretaria de Seguran\u00e7a P\u00fablica do Distrito Federal definiu divis\u00e3o de espa\u00e7o na Esplanada dos Minist\u00e9rios (Jos\u00e9 Cruz\/Ag\u00eancia Brasil)"},{"@type":"BreadcrumbList","@id":"https:\/\/www.notibras.com\/site\/esplanada-tera-44-mil-vagas\/#breadcrumb","itemListElement":[{"@type":"ListItem","position":1,"name":"In\u00edcio","item":"https:\/\/www.notibras.com\/site\/"},{"@type":"ListItem","position":2,"name":"Esplanada ter\u00e1 concursos para 4,4 mil vagas ainda este ano"}]},{"@type":"WebSite","@id":"https:\/\/www.notibras.com\/site\/#website","url":"https:\/\/www.notibras.com\/site\/","name":"Notibras","description":"Not\u00edcias de Bras\u00edlia, do Brasil e do Mundo","publisher":{"@id":"https:\/\/www.notibras.com\/site\/#organization"},"potentialAction":[{"@type":"SearchAction","target":{"@type":"EntryPoint","urlTemplate":"https:\/\/www.notibras.com\/site\/?s={search_term_string}"},"query-input":{"@type":"PropertyValueSpecification","valueRequired":true,"valueName":"search_term_string"}}],"inLanguage":"pt-BR"},{"@type":"Organization","@id":"https:\/\/www.notibras.com\/site\/#organization","name":"Grupo Notibras de Comunica\u00e7\u00e3o","url":"https:\/\/www.notibras.com\/site\/","logo":{"@type":"ImageObject","inLanguage":"pt-BR","@id":"https:\/\/www.notibras.com\/site\/#\/schema\/logo\/image\/","url":"https:\/\/www.notibras.com\/site\/wp-content\/uploads\/2023\/01\/notibras23.png","contentUrl":"https:\/\/www.notibras.com\/site\/wp-content\/uploads\/2023\/01\/notibras23.png","width":350,"height":87,"caption":"Grupo Notibras de Comunica\u00e7\u00e3o"},"image":{"@id":"https:\/\/www.notibras.com\/site\/#\/schema\/logo\/image\/"},"sameAs":["https:\/\/www.facebook.com\/notibras\/","https:\/\/x.com\/Notibras","https:\/\/www.instagram.com\/notibras\/"]},{"@type":"Person","@id":"https:\/\/www.notibras.com\/site\/#\/schema\/person\/36ab0979449956132d3e5b517ea76ac8","name":"Reda\u00e7\u00e3o","image":{"@type":"ImageObject","inLanguage":"pt-BR","@id":"https:\/\/secure.gravatar.com\/avatar\/e0a867bdedb85fd243eadf09663511f96fc81e0720a4a42581f334ad4303aa6b?s=96&d=mm&r=g","url":"https:\/\/secure.gravatar.com\/avatar\/e0a867bdedb85fd243eadf09663511f96fc81e0720a4a42581f334ad4303aa6b?s=96&d=mm&r=g","contentUrl":"https:\/\/secure.gravatar.com\/avatar\/e0a867bdedb85fd243eadf09663511f96fc81e0720a4a42581f334ad4303aa6b?s=96&d=mm&r=g","caption":"Reda\u00e7\u00e3o"}}]}},"amp_enabled":true,"_links":{"self":[{"href":"https:\/\/www.notibras.com\/site\/wp-json\/wp\/v2\/posts\/307077","targetHints":{"allow":["GET"]}}],"collection":[{"href":"https:\/\/www.notibras.com\/site\/wp-json\/wp\/v2\/posts"}],"about":[{"href":"https:\/\/www.notibras.com\/site\/wp-json\/wp\/v2\/types\/post"}],"author":[{"embeddable":true,"href":"https:\/\/www.notibras.com\/site\/wp-json\/wp\/v2\/users\/2"}],"replies":[{"embeddable":true,"href":"https:\/\/www.notibras.com\/site\/wp-json\/wp\/v2\/comments?post=307077"}],"version-history":[{"count":5,"href":"https:\/\/www.notibras.com\/site\/wp-json\/wp\/v2\/posts\/307077\/revisions"}],"predecessor-version":[{"id":307083,"href":"https:\/\/www.notibras.com\/site\/wp-json\/wp\/v2\/posts\/307077\/revisions\/307083"}],"wp:featuredmedia":[{"embeddable":true,"href":"https:\/\/www.notibras.com\/site\/wp-json\/wp\/v2\/media\/307078"}],"wp:attachment":[{"href":"https:\/\/www.notibras.com\/site\/wp-json\/wp\/v2\/media?parent=307077"}],"wp:term":[{"taxonomy":"category","embeddable":true,"href":"https:\/\/www.notibras.com\/site\/wp-json\/wp\/v2\/categories?post=307077"},{"taxonomy":"post_tag","embeddable":true,"href":"https:\/\/www.notibras.com\/site\/wp-json\/wp\/v2\/tags?post=307077"}],"curies":[{"name":"wp","href":"https:\/\/api.w.org\/{rel}","templated":true}]}}