{"id":307099,"date":"2023-06-17T09:04:10","date_gmt":"2023-06-17T12:04:10","guid":{"rendered":"https:\/\/www.notibras.com\/site\/?p=307099"},"modified":"2023-06-17T09:05:22","modified_gmt":"2023-06-17T12:05:22","slug":"projeto-anna-mostra-efeitos-danosos-do-home-office","status":"publish","type":"post","link":"https:\/\/www.notibras.com\/site\/projeto-anna-mostra-efeitos-danosos-do-home-office\/","title":{"rendered":"&#8216;Projeto Anna&#8217; mostra efeitos danosos do home office"},"content":{"rendered":"<p>Embora o trabalho remoto tenha chegado para ficar para muitas empresas ap\u00f3s o COVID-19, os especialistas agora est\u00e3o alertando que n\u00e3o \u00e9 tudo o que parece, especialmente quando se trata de sa\u00fade. Agora um novo modelo chamado Anna foi revelado pela Furniture At Work e deu uma ideia de como os trabalhadores dom\u00e9sticos podem ser at\u00e9 o ano de 2100, e n\u00e3o parece bom para funcion\u00e1rios remotos.<\/p>\n<p>A apar\u00eancia de Anna est\u00e1 longe de ser saud\u00e1vel, com uma corcunda, olhos escuros e inchados que parecem ser m\u00e3os em forma de garras &#8211; tudo atribu\u00eddo aos efeitos de longas horas passadas trabalhando em casa.<\/p>\n<p>A cria\u00e7\u00e3o de Anna foi inspirada por uma pesquisa realizada pela Universidade de Leeds, que revelou que um ter\u00e7o dos trabalhadores dom\u00e9sticos do Reino Unido carece de um espa\u00e7o de trabalho dedicado em suas casas. A Furniture At Work colaborou com especialistas em sa\u00fade para descrever as poss\u00edveis consequ\u00eancias para a sa\u00fade f\u00edsica e mental do trabalho remoto no futuro.<\/p>\n<p>A m\u00e1 postura de Anna e a exposi\u00e7\u00e3o prolongada \u00e0 tela resultaram em costas curvadas e ombros erguidos, enquanto seu constante olhar para a tela causava olhos vermelhos e inchados. O uso cont\u00ednuo de um mouse deformou seus dedos em forma de garra.<\/p>\n<p>Al\u00e9m disso, Anna foi retratada como tendo ganho de peso, um sistema imunol\u00f3gico enfraquecido devido ao ar fresco inadequado e o desenvolvimento de ansiedade e depress\u00e3o.<\/p>\n<p>Embora seja importante observar que o trabalho remoto pode oferecer v\u00e1rios benef\u00edcios, como flexibilidade, redu\u00e7\u00e3o do tempo de deslocamento e aumento da produtividade para muitos indiv\u00edduos, tamb\u00e9m \u00e9 crucial manter um equil\u00edbrio saud\u00e1vel entre vida profissional e pessoal e tomar medidas para priorizar o bem-estar f\u00edsico e mental enquanto remoto, apontaram as autoridades.<\/p>\n<p>Algumas dicas gerais propostas por especialistas para manter um estilo de vida mais saud\u00e1vel durante o trabalho remoto incluem:<\/p>\n<p>1) Configurando um espa\u00e7o de trabalho ergon\u00f4mico: Certifique-se de que sua configura\u00e7\u00e3o de home office promova uma boa postura e suporte seu corpo adequadamente. Use uma cadeira ajust\u00e1vel, uma mesa com altura adequada e posicione a tela do computador na altura dos olhos.<\/p>\n<p>2) Fa\u00e7a pausas regulares: evite ficar sentado por longos per\u00edodos. Levante-se, alongue-se e mova-se a cada hora ou mais. Incorpore exerc\u00edcios curtos ou rotinas de alongamento em suas pausas para aliviar qualquer tens\u00e3o muscular.<\/p>\n<p>3) Pratique um bom cuidado com os olhos: Siga a regra 20-20-20. A cada 20 minutos, desvie o olhar da tela e concentre-se em algo a cerca de 6 metros de dist\u00e2ncia por 20 segundos. Isso pode ajudar a reduzir o cansa\u00e7o visual e a fadiga.<\/p>\n<p>4) Mantenha uma dieta balanceada: Preste aten\u00e7\u00e3o \u00e0 sua nutri\u00e7\u00e3o e certifique-se de consumir uma dieta bem balanceada. Inclua frutas, vegetais, gr\u00e3os integrais e prote\u00ednas magras em suas refei\u00e7\u00f5es. Mantenha-se hidratado bebendo uma quantidade adequada de \u00e1gua ao longo do dia.<\/p>\n<p>5) Envolva-se em atividade f\u00edsica regular: Incorpore o exerc\u00edcio em sua rotina di\u00e1ria. Seja uma caminhada, corrida, ioga ou exerc\u00edcios em casa, a atividade f\u00edsica regular \u00e9 essencial para a sa\u00fade e o bem-estar geral.<\/p>\n<p>6) Priorize a sa\u00fade mental: fa\u00e7a pausas para relaxar e descontrair. Envolva-se em atividades que voc\u00ea gosta, pratique mindfulness ou medita\u00e7\u00e3o e conecte-se com amigos e familiares. Se necess\u00e1rio, considere entrar em contato com profissionais de sa\u00fade mental para obter apoio.<\/p>\n","protected":false},"excerpt":{"rendered":"<p>Embora o trabalho remoto tenha chegado para ficar para muitas empresas ap\u00f3s o COVID-19, os especialistas agora est\u00e3o alertando que n\u00e3o \u00e9 tudo o que parece, especialmente quando se trata de sa\u00fade. Agora um novo modelo chamado Anna foi revelado pela Furniture At Work e deu uma ideia de como os trabalhadores dom\u00e9sticos podem ser [&hellip;]<\/p>\n","protected":false},"author":2,"featured_media":307100,"comment_status":"closed","ping_status":"closed","sticky":false,"template":"","format":"standard","meta":{"_acf_changed":false,"footnotes":""},"categories":[161],"tags":[95],"class_list":["post-307099","post","type-post","status-publish","format-standard","has-post-thumbnail","hentry","category-quadradinho-em-foco","tag-capa"],"acf":[],"yoast_head":"<!-- This site is optimized with the Yoast SEO plugin v27.2 - https:\/\/yoast.com\/product\/yoast-seo-wordpress\/ -->\n<title>&#039;Projeto Anna&#039; mostra efeitos danosos do home office - Notibras<\/title>\n<meta name=\"robots\" content=\"index, follow, max-snippet:-1, max-image-preview:large, max-video-preview:-1\" \/>\n<link rel=\"canonical\" href=\"https:\/\/www.notibras.com\/site\/projeto-anna-mostra-efeitos-danosos-do-home-office\/\" \/>\n<meta property=\"og:locale\" content=\"pt_BR\" \/>\n<meta property=\"og:type\" content=\"article\" \/>\n<meta property=\"og:title\" content=\"&#039;Projeto Anna&#039; mostra efeitos danosos do home office - Notibras\" \/>\n<meta property=\"og:description\" content=\"Embora o trabalho remoto tenha chegado para ficar para muitas empresas ap\u00f3s o COVID-19, os especialistas agora est\u00e3o alertando que n\u00e3o \u00e9 tudo o que parece, especialmente quando se trata de sa\u00fade. Agora um novo modelo chamado Anna foi revelado pela Furniture At Work e deu uma ideia de como os trabalhadores dom\u00e9sticos podem ser [&hellip;]\" \/>\n<meta property=\"og:url\" content=\"https:\/\/www.notibras.com\/site\/projeto-anna-mostra-efeitos-danosos-do-home-office\/\" \/>\n<meta property=\"og:site_name\" content=\"Notibras\" \/>\n<meta property=\"article:publisher\" content=\"https:\/\/www.facebook.com\/notibras\/\" \/>\n<meta property=\"article:published_time\" content=\"2023-06-17T12:04:10+00:00\" \/>\n<meta property=\"article:modified_time\" content=\"2023-06-17T12:05:22+00:00\" \/>\n<meta property=\"og:image\" content=\"https:\/\/www.notibras.com\/site\/wp-content\/uploads\/2023\/06\/anna.webp\" \/>\n\t<meta property=\"og:image:width\" content=\"1920\" \/>\n\t<meta property=\"og:image:height\" content=\"1079\" \/>\n\t<meta property=\"og:image:type\" content=\"image\/webp\" \/>\n<meta name=\"author\" content=\"Reda\u00e7\u00e3o\" \/>\n<meta name=\"twitter:card\" content=\"summary_large_image\" \/>\n<meta name=\"twitter:creator\" content=\"@Notibras\" \/>\n<meta name=\"twitter:site\" content=\"@Notibras\" \/>\n<meta name=\"twitter:label1\" content=\"Escrito por\" \/>\n\t<meta name=\"twitter:data1\" content=\"Reda\u00e7\u00e3o\" \/>\n\t<meta name=\"twitter:label2\" content=\"Est. tempo de leitura\" \/>\n\t<meta name=\"twitter:data2\" content=\"3 minutos\" \/>\n<script type=\"application\/ld+json\" class=\"yoast-schema-graph\">{\"@context\":\"https:\/\/schema.org\",\"@graph\":[{\"@type\":\"Article\",\"@id\":\"https:\/\/www.notibras.com\/site\/projeto-anna-mostra-efeitos-danosos-do-home-office\/#article\",\"isPartOf\":{\"@id\":\"https:\/\/www.notibras.com\/site\/projeto-anna-mostra-efeitos-danosos-do-home-office\/\"},\"author\":{\"name\":\"Reda\u00e7\u00e3o\",\"@id\":\"https:\/\/www.notibras.com\/site\/#\/schema\/person\/36ab0979449956132d3e5b517ea76ac8\"},\"headline\":\"&#8216;Projeto Anna&#8217; mostra efeitos danosos do home office\",\"datePublished\":\"2023-06-17T12:04:10+00:00\",\"dateModified\":\"2023-06-17T12:05:22+00:00\",\"mainEntityOfPage\":{\"@id\":\"https:\/\/www.notibras.com\/site\/projeto-anna-mostra-efeitos-danosos-do-home-office\/\"},\"wordCount\":598,\"publisher\":{\"@id\":\"https:\/\/www.notibras.com\/site\/#organization\"},\"image\":{\"@id\":\"https:\/\/www.notibras.com\/site\/projeto-anna-mostra-efeitos-danosos-do-home-office\/#primaryimage\"},\"thumbnailUrl\":\"https:\/\/www.notibras.com\/site\/wp-content\/uploads\/2023\/06\/anna.webp\",\"keywords\":[\"capa\"],\"articleSection\":[\"Quadradinho em Foco\"],\"inLanguage\":\"pt-BR\"},{\"@type\":\"WebPage\",\"@id\":\"https:\/\/www.notibras.com\/site\/projeto-anna-mostra-efeitos-danosos-do-home-office\/\",\"url\":\"https:\/\/www.notibras.com\/site\/projeto-anna-mostra-efeitos-danosos-do-home-office\/\",\"name\":\"'Projeto Anna' mostra efeitos danosos do home office - Notibras\",\"isPartOf\":{\"@id\":\"https:\/\/www.notibras.com\/site\/#website\"},\"primaryImageOfPage\":{\"@id\":\"https:\/\/www.notibras.com\/site\/projeto-anna-mostra-efeitos-danosos-do-home-office\/#primaryimage\"},\"image\":{\"@id\":\"https:\/\/www.notibras.com\/site\/projeto-anna-mostra-efeitos-danosos-do-home-office\/#primaryimage\"},\"thumbnailUrl\":\"https:\/\/www.notibras.com\/site\/wp-content\/uploads\/2023\/06\/anna.webp\",\"datePublished\":\"2023-06-17T12:04:10+00:00\",\"dateModified\":\"2023-06-17T12:05:22+00:00\",\"breadcrumb\":{\"@id\":\"https:\/\/www.notibras.com\/site\/projeto-anna-mostra-efeitos-danosos-do-home-office\/#breadcrumb\"},\"inLanguage\":\"pt-BR\",\"potentialAction\":[{\"@type\":\"ReadAction\",\"target\":[\"https:\/\/www.notibras.com\/site\/projeto-anna-mostra-efeitos-danosos-do-home-office\/\"]}]},{\"@type\":\"ImageObject\",\"inLanguage\":\"pt-BR\",\"@id\":\"https:\/\/www.notibras.com\/site\/projeto-anna-mostra-efeitos-danosos-do-home-office\/#primaryimage\",\"url\":\"https:\/\/www.notibras.com\/site\/wp-content\/uploads\/2023\/06\/anna.webp\",\"contentUrl\":\"https:\/\/www.notibras.com\/site\/wp-content\/uploads\/2023\/06\/anna.webp\",\"width\":1920,\"height\":1079},{\"@type\":\"BreadcrumbList\",\"@id\":\"https:\/\/www.notibras.com\/site\/projeto-anna-mostra-efeitos-danosos-do-home-office\/#breadcrumb\",\"itemListElement\":[{\"@type\":\"ListItem\",\"position\":1,\"name\":\"In\u00edcio\",\"item\":\"https:\/\/www.notibras.com\/site\/\"},{\"@type\":\"ListItem\",\"position\":2,\"name\":\"&#8216;Projeto Anna&#8217; mostra efeitos danosos do home office\"}]},{\"@type\":\"WebSite\",\"@id\":\"https:\/\/www.notibras.com\/site\/#website\",\"url\":\"https:\/\/www.notibras.com\/site\/\",\"name\":\"Notibras\",\"description\":\"Not\u00edcias de Bras\u00edlia, do Brasil e do Mundo\",\"publisher\":{\"@id\":\"https:\/\/www.notibras.com\/site\/#organization\"},\"potentialAction\":[{\"@type\":\"SearchAction\",\"target\":{\"@type\":\"EntryPoint\",\"urlTemplate\":\"https:\/\/www.notibras.com\/site\/?s={search_term_string}\"},\"query-input\":{\"@type\":\"PropertyValueSpecification\",\"valueRequired\":true,\"valueName\":\"search_term_string\"}}],\"inLanguage\":\"pt-BR\"},{\"@type\":\"Organization\",\"@id\":\"https:\/\/www.notibras.com\/site\/#organization\",\"name\":\"Grupo Notibras de Comunica\u00e7\u00e3o\",\"url\":\"https:\/\/www.notibras.com\/site\/\",\"logo\":{\"@type\":\"ImageObject\",\"inLanguage\":\"pt-BR\",\"@id\":\"https:\/\/www.notibras.com\/site\/#\/schema\/logo\/image\/\",\"url\":\"https:\/\/www.notibras.com\/site\/wp-content\/uploads\/2023\/01\/notibras23.png\",\"contentUrl\":\"https:\/\/www.notibras.com\/site\/wp-content\/uploads\/2023\/01\/notibras23.png\",\"width\":350,\"height\":87,\"caption\":\"Grupo Notibras de Comunica\u00e7\u00e3o\"},\"image\":{\"@id\":\"https:\/\/www.notibras.com\/site\/#\/schema\/logo\/image\/\"},\"sameAs\":[\"https:\/\/www.facebook.com\/notibras\/\",\"https:\/\/x.com\/Notibras\",\"https:\/\/www.instagram.com\/notibras\/\"]},{\"@type\":\"Person\",\"@id\":\"https:\/\/www.notibras.com\/site\/#\/schema\/person\/36ab0979449956132d3e5b517ea76ac8\",\"name\":\"Reda\u00e7\u00e3o\",\"image\":{\"@type\":\"ImageObject\",\"inLanguage\":\"pt-BR\",\"@id\":\"https:\/\/secure.gravatar.com\/avatar\/e0a867bdedb85fd243eadf09663511f96fc81e0720a4a42581f334ad4303aa6b?s=96&d=mm&r=g\",\"url\":\"https:\/\/secure.gravatar.com\/avatar\/e0a867bdedb85fd243eadf09663511f96fc81e0720a4a42581f334ad4303aa6b?s=96&d=mm&r=g\",\"contentUrl\":\"https:\/\/secure.gravatar.com\/avatar\/e0a867bdedb85fd243eadf09663511f96fc81e0720a4a42581f334ad4303aa6b?s=96&d=mm&r=g\",\"caption\":\"Reda\u00e7\u00e3o\"}}]}<\/script>\n<!-- \/ Yoast SEO plugin. -->","yoast_head_json":{"title":"'Projeto Anna' mostra efeitos danosos do home office - Notibras","robots":{"index":"index","follow":"follow","max-snippet":"max-snippet:-1","max-image-preview":"max-image-preview:large","max-video-preview":"max-video-preview:-1"},"canonical":"https:\/\/www.notibras.com\/site\/projeto-anna-mostra-efeitos-danosos-do-home-office\/","og_locale":"pt_BR","og_type":"article","og_title":"'Projeto Anna' mostra efeitos danosos do home office - Notibras","og_description":"Embora o trabalho remoto tenha chegado para ficar para muitas empresas ap\u00f3s o COVID-19, os especialistas agora est\u00e3o alertando que n\u00e3o \u00e9 tudo o que parece, especialmente quando se trata de sa\u00fade. Agora um novo modelo chamado Anna foi revelado pela Furniture At Work e deu uma ideia de como os trabalhadores dom\u00e9sticos podem ser [&hellip;]","og_url":"https:\/\/www.notibras.com\/site\/projeto-anna-mostra-efeitos-danosos-do-home-office\/","og_site_name":"Notibras","article_publisher":"https:\/\/www.facebook.com\/notibras\/","article_published_time":"2023-06-17T12:04:10+00:00","article_modified_time":"2023-06-17T12:05:22+00:00","og_image":[{"width":1920,"height":1079,"url":"https:\/\/www.notibras.com\/site\/wp-content\/uploads\/2023\/06\/anna.webp","type":"image\/webp"}],"author":"Reda\u00e7\u00e3o","twitter_card":"summary_large_image","twitter_creator":"@Notibras","twitter_site":"@Notibras","twitter_misc":{"Escrito por":"Reda\u00e7\u00e3o","Est. tempo de leitura":"3 minutos"},"schema":{"@context":"https:\/\/schema.org","@graph":[{"@type":"Article","@id":"https:\/\/www.notibras.com\/site\/projeto-anna-mostra-efeitos-danosos-do-home-office\/#article","isPartOf":{"@id":"https:\/\/www.notibras.com\/site\/projeto-anna-mostra-efeitos-danosos-do-home-office\/"},"author":{"name":"Reda\u00e7\u00e3o","@id":"https:\/\/www.notibras.com\/site\/#\/schema\/person\/36ab0979449956132d3e5b517ea76ac8"},"headline":"&#8216;Projeto Anna&#8217; mostra efeitos danosos do home office","datePublished":"2023-06-17T12:04:10+00:00","dateModified":"2023-06-17T12:05:22+00:00","mainEntityOfPage":{"@id":"https:\/\/www.notibras.com\/site\/projeto-anna-mostra-efeitos-danosos-do-home-office\/"},"wordCount":598,"publisher":{"@id":"https:\/\/www.notibras.com\/site\/#organization"},"image":{"@id":"https:\/\/www.notibras.com\/site\/projeto-anna-mostra-efeitos-danosos-do-home-office\/#primaryimage"},"thumbnailUrl":"https:\/\/www.notibras.com\/site\/wp-content\/uploads\/2023\/06\/anna.webp","keywords":["capa"],"articleSection":["Quadradinho em Foco"],"inLanguage":"pt-BR"},{"@type":"WebPage","@id":"https:\/\/www.notibras.com\/site\/projeto-anna-mostra-efeitos-danosos-do-home-office\/","url":"https:\/\/www.notibras.com\/site\/projeto-anna-mostra-efeitos-danosos-do-home-office\/","name":"'Projeto Anna' mostra efeitos danosos do home office - Notibras","isPartOf":{"@id":"https:\/\/www.notibras.com\/site\/#website"},"primaryImageOfPage":{"@id":"https:\/\/www.notibras.com\/site\/projeto-anna-mostra-efeitos-danosos-do-home-office\/#primaryimage"},"image":{"@id":"https:\/\/www.notibras.com\/site\/projeto-anna-mostra-efeitos-danosos-do-home-office\/#primaryimage"},"thumbnailUrl":"https:\/\/www.notibras.com\/site\/wp-content\/uploads\/2023\/06\/anna.webp","datePublished":"2023-06-17T12:04:10+00:00","dateModified":"2023-06-17T12:05:22+00:00","breadcrumb":{"@id":"https:\/\/www.notibras.com\/site\/projeto-anna-mostra-efeitos-danosos-do-home-office\/#breadcrumb"},"inLanguage":"pt-BR","potentialAction":[{"@type":"ReadAction","target":["https:\/\/www.notibras.com\/site\/projeto-anna-mostra-efeitos-danosos-do-home-office\/"]}]},{"@type":"ImageObject","inLanguage":"pt-BR","@id":"https:\/\/www.notibras.com\/site\/projeto-anna-mostra-efeitos-danosos-do-home-office\/#primaryimage","url":"https:\/\/www.notibras.com\/site\/wp-content\/uploads\/2023\/06\/anna.webp","contentUrl":"https:\/\/www.notibras.com\/site\/wp-content\/uploads\/2023\/06\/anna.webp","width":1920,"height":1079},{"@type":"BreadcrumbList","@id":"https:\/\/www.notibras.com\/site\/projeto-anna-mostra-efeitos-danosos-do-home-office\/#breadcrumb","itemListElement":[{"@type":"ListItem","position":1,"name":"In\u00edcio","item":"https:\/\/www.notibras.com\/site\/"},{"@type":"ListItem","position":2,"name":"&#8216;Projeto Anna&#8217; mostra efeitos danosos do home office"}]},{"@type":"WebSite","@id":"https:\/\/www.notibras.com\/site\/#website","url":"https:\/\/www.notibras.com\/site\/","name":"Notibras","description":"Not\u00edcias de Bras\u00edlia, do Brasil e do Mundo","publisher":{"@id":"https:\/\/www.notibras.com\/site\/#organization"},"potentialAction":[{"@type":"SearchAction","target":{"@type":"EntryPoint","urlTemplate":"https:\/\/www.notibras.com\/site\/?s={search_term_string}"},"query-input":{"@type":"PropertyValueSpecification","valueRequired":true,"valueName":"search_term_string"}}],"inLanguage":"pt-BR"},{"@type":"Organization","@id":"https:\/\/www.notibras.com\/site\/#organization","name":"Grupo Notibras de Comunica\u00e7\u00e3o","url":"https:\/\/www.notibras.com\/site\/","logo":{"@type":"ImageObject","inLanguage":"pt-BR","@id":"https:\/\/www.notibras.com\/site\/#\/schema\/logo\/image\/","url":"https:\/\/www.notibras.com\/site\/wp-content\/uploads\/2023\/01\/notibras23.png","contentUrl":"https:\/\/www.notibras.com\/site\/wp-content\/uploads\/2023\/01\/notibras23.png","width":350,"height":87,"caption":"Grupo Notibras de Comunica\u00e7\u00e3o"},"image":{"@id":"https:\/\/www.notibras.com\/site\/#\/schema\/logo\/image\/"},"sameAs":["https:\/\/www.facebook.com\/notibras\/","https:\/\/x.com\/Notibras","https:\/\/www.instagram.com\/notibras\/"]},{"@type":"Person","@id":"https:\/\/www.notibras.com\/site\/#\/schema\/person\/36ab0979449956132d3e5b517ea76ac8","name":"Reda\u00e7\u00e3o","image":{"@type":"ImageObject","inLanguage":"pt-BR","@id":"https:\/\/secure.gravatar.com\/avatar\/e0a867bdedb85fd243eadf09663511f96fc81e0720a4a42581f334ad4303aa6b?s=96&d=mm&r=g","url":"https:\/\/secure.gravatar.com\/avatar\/e0a867bdedb85fd243eadf09663511f96fc81e0720a4a42581f334ad4303aa6b?s=96&d=mm&r=g","contentUrl":"https:\/\/secure.gravatar.com\/avatar\/e0a867bdedb85fd243eadf09663511f96fc81e0720a4a42581f334ad4303aa6b?s=96&d=mm&r=g","caption":"Reda\u00e7\u00e3o"}}]}},"amp_enabled":true,"_links":{"self":[{"href":"https:\/\/www.notibras.com\/site\/wp-json\/wp\/v2\/posts\/307099","targetHints":{"allow":["GET"]}}],"collection":[{"href":"https:\/\/www.notibras.com\/site\/wp-json\/wp\/v2\/posts"}],"about":[{"href":"https:\/\/www.notibras.com\/site\/wp-json\/wp\/v2\/types\/post"}],"author":[{"embeddable":true,"href":"https:\/\/www.notibras.com\/site\/wp-json\/wp\/v2\/users\/2"}],"replies":[{"embeddable":true,"href":"https:\/\/www.notibras.com\/site\/wp-json\/wp\/v2\/comments?post=307099"}],"version-history":[{"count":1,"href":"https:\/\/www.notibras.com\/site\/wp-json\/wp\/v2\/posts\/307099\/revisions"}],"predecessor-version":[{"id":307101,"href":"https:\/\/www.notibras.com\/site\/wp-json\/wp\/v2\/posts\/307099\/revisions\/307101"}],"wp:featuredmedia":[{"embeddable":true,"href":"https:\/\/www.notibras.com\/site\/wp-json\/wp\/v2\/media\/307100"}],"wp:attachment":[{"href":"https:\/\/www.notibras.com\/site\/wp-json\/wp\/v2\/media?parent=307099"}],"wp:term":[{"taxonomy":"category","embeddable":true,"href":"https:\/\/www.notibras.com\/site\/wp-json\/wp\/v2\/categories?post=307099"},{"taxonomy":"post_tag","embeddable":true,"href":"https:\/\/www.notibras.com\/site\/wp-json\/wp\/v2\/tags?post=307099"}],"curies":[{"name":"wp","href":"https:\/\/api.w.org\/{rel}","templated":true}]}}