{"id":307102,"date":"2023-06-17T09:24:24","date_gmt":"2023-06-17T12:24:24","guid":{"rendered":"https:\/\/www.notibras.com\/site\/?p=307102"},"modified":"2023-06-17T09:25:18","modified_gmt":"2023-06-17T12:25:18","slug":"clotilde-cede-a-paixao-e-trio-encanta-a-quadra","status":"publish","type":"post","link":"https:\/\/www.notibras.com\/site\/clotilde-cede-a-paixao-e-trio-encanta-a-quadra\/","title":{"rendered":"Clotilde cede \u00e0 paix\u00e3o e trio encanta a quadra"},"content":{"rendered":"<p>Ariclenes n\u00e3o era turr\u00e3o, mas tinha l\u00e1 as suas manias e ideias, que, talvez, deixassem perplexos os que o rodeavam. O homem, mal acordava, subia e descia n\u00e3o sei quantas vezes de uma barra fixa na porta da cozinha. A desculpa eram as dores nas costas, precisava dar aquela esticada no corpo. Todavia, havia os que duvidavam dessa teoria, inclusive os que afirmavam que Ariclenes estava se tornando, cada vez mais, um met\u00f3dico gag\u00e1.<\/p>\n<p>N\u00e3o que ele fosse t\u00e3o velho assim, ainda lhe faltassem algumas primaveras para completar 60. Seja como for, o dia do Ariclenes n\u00e3o prosseguia sem fazer as tais barras. Depois dos exerc\u00edcios matinais, eis que Fofa, sua simp\u00e1tica buldogue, dava os primeiros sinais de vida ap\u00f3s uma longa noite de roncos. Era o sinal de que a cachorra queria dar uma volta pelo quarteir\u00e3o.<\/p>\n<p>O homem pegava a amiga no colo e lhe dava aquele cheiro gostoso de bom dia. A Fofa, como forma de retribui\u00e7\u00e3o de tanto amor, lambia a orelha esquerda do Ariclenes. N\u00e3o demorava, l\u00e1 estava aquela dupla insepar\u00e1vel na rua. O passeio levava quase uma hora, at\u00e9 que a teimosia da buldogue a fazia deitar no meio da cal\u00e7ada. E n\u00e3o adiantava que o dono insistisse em cham\u00e1-la, pois a cadelinha simplesmente se virava de barriga para cima e fechava os olhos, demonstrando que dali nem um guindaste a tirava.<\/p>\n<p>Como n\u00e3o restava outra solu\u00e7\u00e3o, Ariclenes sorria. Em seguida, ele se abaixava e pegava a Fofa no colo e, ainda com um sorriso na cara, voltava para casa. \u00c9 l\u00f3gico que sempre havia um ou outro coment\u00e1rio dos moradores do bairro: &#8220;A mocinha cansou!&#8221;, &#8220;Que menina manhosa!&#8221;, &#8220;Essa a\u00ed adora o colinho do papai!&#8221; Sejamos sinceros, pois o Ariclenes at\u00e9 gostava da situa\u00e7\u00e3o. Afinal, como ele costumava dizer, &#8220;A Fofa tem personalidade!&#8221;<\/p>\n<p>Tudo corria como de costume. O homem acordava bem cedo, fazia aquela infinidade de barras, a cachorra despertava de mais uma noite cheia de roncos, os dois passeavam pela quadra at\u00e9 que a Fofa empacasse, ele a pegava no colo e voltavam para casa felizes da vida. Pois bem, at\u00e9 que o Ariclenes come\u00e7ou a namorar a Clotilde, uma vi\u00fava do bloco da frente.<\/p>\n<p>A mulher, que passara a vida inteira sem ter um animal de estima\u00e7\u00e3o, nem sequer um peixinho dourado, foi se envolver justamente com o Ariclenes. Pois \u00e9, mas paix\u00e3o tem dessas coisas, faz quest\u00e3o de instigar os apaixonados, como se quisesse que esse sentimento arrebatador n\u00e3o durasse mais que um ver\u00e3o. E foi justamente naquela noite, a primeira em que os pombinhos iriam passar juntinhos na ampla cama do quarto do Ariclenes, que Clotilde descobriu que a Fofa tamb\u00e9m dormia ali.<\/p>\n<p>&#8211; Ariclenes, n\u00e3o tem cabimento essa cachorra dormir na cama!<\/p>\n<p>&#8211; Clotilde, meu amor, os c\u00e3es vivem t\u00e3o pouco, que seria ego\u00edsmo da minha parte se n\u00e3o deixasse que a Fofa dormisse aqui.<\/p>\n<p>N\u00e3o se sabe qual foi o desenlace amoroso daquela noite, mesmo porque n\u00e3o cabe aqui destrinchar a vida \u00edntima dos outros. Entretanto, todos na quadra sabem que, a partir de ent\u00e3o, Clotilde, Ariclenes e Fofa passeiam todas as manh\u00e3s.<\/p>\n<p>A buldogue, agora com uns pelinhos brancos ao redor do focinho, continua empacando, o que obriga o Ariclenes a se abaixar e peg\u00e1-la no colo. Em seguida, tr\u00eas sorrisos voltam para casa, certos de que a vida \u00e9 muito curta para se preocuparem com besteiras.<\/p>\n","protected":false},"excerpt":{"rendered":"<p>Ariclenes n\u00e3o era turr\u00e3o, mas tinha l\u00e1 as suas manias e ideias, que, talvez, deixassem perplexos os que o rodeavam. O homem, mal acordava, subia e descia n\u00e3o sei quantas vezes de uma barra fixa na porta da cozinha. A desculpa eram as dores nas costas, precisava dar aquela esticada no corpo. Todavia, havia os [&hellip;]<\/p>\n","protected":false},"author":2,"featured_media":307103,"comment_status":"closed","ping_status":"closed","sticky":false,"template":"","format":"standard","meta":{"_acf_changed":false,"footnotes":""},"categories":[161],"tags":[],"class_list":["post-307102","post","type-post","status-publish","format-standard","has-post-thumbnail","hentry","category-quadradinho-em-foco"],"acf":[],"yoast_head":"<!-- This site is optimized with the Yoast SEO plugin v27.2 - https:\/\/yoast.com\/product\/yoast-seo-wordpress\/ -->\n<title>Clotilde cede \u00e0 paix\u00e3o e trio encanta a quadra - Notibras<\/title>\n<meta name=\"robots\" content=\"index, follow, max-snippet:-1, max-image-preview:large, max-video-preview:-1\" \/>\n<link rel=\"canonical\" href=\"https:\/\/www.notibras.com\/site\/clotilde-cede-a-paixao-e-trio-encanta-a-quadra\/\" \/>\n<meta property=\"og:locale\" content=\"pt_BR\" \/>\n<meta property=\"og:type\" content=\"article\" \/>\n<meta property=\"og:title\" content=\"Clotilde cede \u00e0 paix\u00e3o e trio encanta a quadra - Notibras\" \/>\n<meta property=\"og:description\" content=\"Ariclenes n\u00e3o era turr\u00e3o, mas tinha l\u00e1 as suas manias e ideias, que, talvez, deixassem perplexos os que o rodeavam. O homem, mal acordava, subia e descia n\u00e3o sei quantas vezes de uma barra fixa na porta da cozinha. A desculpa eram as dores nas costas, precisava dar aquela esticada no corpo. Todavia, havia os [&hellip;]\" \/>\n<meta property=\"og:url\" content=\"https:\/\/www.notibras.com\/site\/clotilde-cede-a-paixao-e-trio-encanta-a-quadra\/\" \/>\n<meta property=\"og:site_name\" content=\"Notibras\" \/>\n<meta property=\"article:publisher\" content=\"https:\/\/www.facebook.com\/notibras\/\" \/>\n<meta property=\"article:published_time\" content=\"2023-06-17T12:24:24+00:00\" \/>\n<meta property=\"article:modified_time\" content=\"2023-06-17T12:25:18+00:00\" \/>\n<meta property=\"og:image\" content=\"https:\/\/www.notibras.com\/site\/wp-content\/uploads\/2023\/06\/037dfdca-1be3-474c-ab07-ae405278c0ec.jpg\" \/>\n\t<meta property=\"og:image:width\" content=\"732\" \/>\n\t<meta property=\"og:image:height\" content=\"644\" \/>\n\t<meta property=\"og:image:type\" content=\"image\/jpeg\" \/>\n<meta name=\"author\" content=\"Reda\u00e7\u00e3o\" \/>\n<meta name=\"twitter:card\" content=\"summary_large_image\" \/>\n<meta name=\"twitter:creator\" content=\"@Notibras\" \/>\n<meta name=\"twitter:site\" content=\"@Notibras\" \/>\n<meta name=\"twitter:label1\" content=\"Escrito por\" \/>\n\t<meta name=\"twitter:data1\" content=\"Reda\u00e7\u00e3o\" \/>\n\t<meta name=\"twitter:label2\" content=\"Est. tempo de leitura\" \/>\n\t<meta name=\"twitter:data2\" content=\"4 minutos\" \/>\n<script type=\"application\/ld+json\" class=\"yoast-schema-graph\">{\"@context\":\"https:\/\/schema.org\",\"@graph\":[{\"@type\":\"Article\",\"@id\":\"https:\/\/www.notibras.com\/site\/clotilde-cede-a-paixao-e-trio-encanta-a-quadra\/#article\",\"isPartOf\":{\"@id\":\"https:\/\/www.notibras.com\/site\/clotilde-cede-a-paixao-e-trio-encanta-a-quadra\/\"},\"author\":{\"name\":\"Reda\u00e7\u00e3o\",\"@id\":\"https:\/\/www.notibras.com\/site\/#\/schema\/person\/36ab0979449956132d3e5b517ea76ac8\"},\"headline\":\"Clotilde cede \u00e0 paix\u00e3o e trio encanta a quadra\",\"datePublished\":\"2023-06-17T12:24:24+00:00\",\"dateModified\":\"2023-06-17T12:25:18+00:00\",\"mainEntityOfPage\":{\"@id\":\"https:\/\/www.notibras.com\/site\/clotilde-cede-a-paixao-e-trio-encanta-a-quadra\/\"},\"wordCount\":608,\"publisher\":{\"@id\":\"https:\/\/www.notibras.com\/site\/#organization\"},\"image\":{\"@id\":\"https:\/\/www.notibras.com\/site\/clotilde-cede-a-paixao-e-trio-encanta-a-quadra\/#primaryimage\"},\"thumbnailUrl\":\"https:\/\/www.notibras.com\/site\/wp-content\/uploads\/2023\/06\/037dfdca-1be3-474c-ab07-ae405278c0ec.jpg\",\"articleSection\":[\"Quadradinho em Foco\"],\"inLanguage\":\"pt-BR\"},{\"@type\":\"WebPage\",\"@id\":\"https:\/\/www.notibras.com\/site\/clotilde-cede-a-paixao-e-trio-encanta-a-quadra\/\",\"url\":\"https:\/\/www.notibras.com\/site\/clotilde-cede-a-paixao-e-trio-encanta-a-quadra\/\",\"name\":\"Clotilde cede \u00e0 paix\u00e3o e trio encanta a quadra - Notibras\",\"isPartOf\":{\"@id\":\"https:\/\/www.notibras.com\/site\/#website\"},\"primaryImageOfPage\":{\"@id\":\"https:\/\/www.notibras.com\/site\/clotilde-cede-a-paixao-e-trio-encanta-a-quadra\/#primaryimage\"},\"image\":{\"@id\":\"https:\/\/www.notibras.com\/site\/clotilde-cede-a-paixao-e-trio-encanta-a-quadra\/#primaryimage\"},\"thumbnailUrl\":\"https:\/\/www.notibras.com\/site\/wp-content\/uploads\/2023\/06\/037dfdca-1be3-474c-ab07-ae405278c0ec.jpg\",\"datePublished\":\"2023-06-17T12:24:24+00:00\",\"dateModified\":\"2023-06-17T12:25:18+00:00\",\"breadcrumb\":{\"@id\":\"https:\/\/www.notibras.com\/site\/clotilde-cede-a-paixao-e-trio-encanta-a-quadra\/#breadcrumb\"},\"inLanguage\":\"pt-BR\",\"potentialAction\":[{\"@type\":\"ReadAction\",\"target\":[\"https:\/\/www.notibras.com\/site\/clotilde-cede-a-paixao-e-trio-encanta-a-quadra\/\"]}]},{\"@type\":\"ImageObject\",\"inLanguage\":\"pt-BR\",\"@id\":\"https:\/\/www.notibras.com\/site\/clotilde-cede-a-paixao-e-trio-encanta-a-quadra\/#primaryimage\",\"url\":\"https:\/\/www.notibras.com\/site\/wp-content\/uploads\/2023\/06\/037dfdca-1be3-474c-ab07-ae405278c0ec.jpg\",\"contentUrl\":\"https:\/\/www.notibras.com\/site\/wp-content\/uploads\/2023\/06\/037dfdca-1be3-474c-ab07-ae405278c0ec.jpg\",\"width\":732,\"height\":644},{\"@type\":\"BreadcrumbList\",\"@id\":\"https:\/\/www.notibras.com\/site\/clotilde-cede-a-paixao-e-trio-encanta-a-quadra\/#breadcrumb\",\"itemListElement\":[{\"@type\":\"ListItem\",\"position\":1,\"name\":\"In\u00edcio\",\"item\":\"https:\/\/www.notibras.com\/site\/\"},{\"@type\":\"ListItem\",\"position\":2,\"name\":\"Clotilde cede \u00e0 paix\u00e3o e trio encanta a quadra\"}]},{\"@type\":\"WebSite\",\"@id\":\"https:\/\/www.notibras.com\/site\/#website\",\"url\":\"https:\/\/www.notibras.com\/site\/\",\"name\":\"Notibras\",\"description\":\"Not\u00edcias de Bras\u00edlia, do Brasil e do Mundo\",\"publisher\":{\"@id\":\"https:\/\/www.notibras.com\/site\/#organization\"},\"potentialAction\":[{\"@type\":\"SearchAction\",\"target\":{\"@type\":\"EntryPoint\",\"urlTemplate\":\"https:\/\/www.notibras.com\/site\/?s={search_term_string}\"},\"query-input\":{\"@type\":\"PropertyValueSpecification\",\"valueRequired\":true,\"valueName\":\"search_term_string\"}}],\"inLanguage\":\"pt-BR\"},{\"@type\":\"Organization\",\"@id\":\"https:\/\/www.notibras.com\/site\/#organization\",\"name\":\"Grupo Notibras de Comunica\u00e7\u00e3o\",\"url\":\"https:\/\/www.notibras.com\/site\/\",\"logo\":{\"@type\":\"ImageObject\",\"inLanguage\":\"pt-BR\",\"@id\":\"https:\/\/www.notibras.com\/site\/#\/schema\/logo\/image\/\",\"url\":\"https:\/\/www.notibras.com\/site\/wp-content\/uploads\/2023\/01\/notibras23.png\",\"contentUrl\":\"https:\/\/www.notibras.com\/site\/wp-content\/uploads\/2023\/01\/notibras23.png\",\"width\":350,\"height\":87,\"caption\":\"Grupo Notibras de Comunica\u00e7\u00e3o\"},\"image\":{\"@id\":\"https:\/\/www.notibras.com\/site\/#\/schema\/logo\/image\/\"},\"sameAs\":[\"https:\/\/www.facebook.com\/notibras\/\",\"https:\/\/x.com\/Notibras\",\"https:\/\/www.instagram.com\/notibras\/\"]},{\"@type\":\"Person\",\"@id\":\"https:\/\/www.notibras.com\/site\/#\/schema\/person\/36ab0979449956132d3e5b517ea76ac8\",\"name\":\"Reda\u00e7\u00e3o\",\"image\":{\"@type\":\"ImageObject\",\"inLanguage\":\"pt-BR\",\"@id\":\"https:\/\/secure.gravatar.com\/avatar\/e0a867bdedb85fd243eadf09663511f96fc81e0720a4a42581f334ad4303aa6b?s=96&d=mm&r=g\",\"url\":\"https:\/\/secure.gravatar.com\/avatar\/e0a867bdedb85fd243eadf09663511f96fc81e0720a4a42581f334ad4303aa6b?s=96&d=mm&r=g\",\"contentUrl\":\"https:\/\/secure.gravatar.com\/avatar\/e0a867bdedb85fd243eadf09663511f96fc81e0720a4a42581f334ad4303aa6b?s=96&d=mm&r=g\",\"caption\":\"Reda\u00e7\u00e3o\"}}]}<\/script>\n<!-- \/ Yoast SEO plugin. -->","yoast_head_json":{"title":"Clotilde cede \u00e0 paix\u00e3o e trio encanta a quadra - Notibras","robots":{"index":"index","follow":"follow","max-snippet":"max-snippet:-1","max-image-preview":"max-image-preview:large","max-video-preview":"max-video-preview:-1"},"canonical":"https:\/\/www.notibras.com\/site\/clotilde-cede-a-paixao-e-trio-encanta-a-quadra\/","og_locale":"pt_BR","og_type":"article","og_title":"Clotilde cede \u00e0 paix\u00e3o e trio encanta a quadra - Notibras","og_description":"Ariclenes n\u00e3o era turr\u00e3o, mas tinha l\u00e1 as suas manias e ideias, que, talvez, deixassem perplexos os que o rodeavam. O homem, mal acordava, subia e descia n\u00e3o sei quantas vezes de uma barra fixa na porta da cozinha. A desculpa eram as dores nas costas, precisava dar aquela esticada no corpo. Todavia, havia os [&hellip;]","og_url":"https:\/\/www.notibras.com\/site\/clotilde-cede-a-paixao-e-trio-encanta-a-quadra\/","og_site_name":"Notibras","article_publisher":"https:\/\/www.facebook.com\/notibras\/","article_published_time":"2023-06-17T12:24:24+00:00","article_modified_time":"2023-06-17T12:25:18+00:00","og_image":[{"width":732,"height":644,"url":"https:\/\/www.notibras.com\/site\/wp-content\/uploads\/2023\/06\/037dfdca-1be3-474c-ab07-ae405278c0ec.jpg","type":"image\/jpeg"}],"author":"Reda\u00e7\u00e3o","twitter_card":"summary_large_image","twitter_creator":"@Notibras","twitter_site":"@Notibras","twitter_misc":{"Escrito por":"Reda\u00e7\u00e3o","Est. tempo de leitura":"4 minutos"},"schema":{"@context":"https:\/\/schema.org","@graph":[{"@type":"Article","@id":"https:\/\/www.notibras.com\/site\/clotilde-cede-a-paixao-e-trio-encanta-a-quadra\/#article","isPartOf":{"@id":"https:\/\/www.notibras.com\/site\/clotilde-cede-a-paixao-e-trio-encanta-a-quadra\/"},"author":{"name":"Reda\u00e7\u00e3o","@id":"https:\/\/www.notibras.com\/site\/#\/schema\/person\/36ab0979449956132d3e5b517ea76ac8"},"headline":"Clotilde cede \u00e0 paix\u00e3o e trio encanta a quadra","datePublished":"2023-06-17T12:24:24+00:00","dateModified":"2023-06-17T12:25:18+00:00","mainEntityOfPage":{"@id":"https:\/\/www.notibras.com\/site\/clotilde-cede-a-paixao-e-trio-encanta-a-quadra\/"},"wordCount":608,"publisher":{"@id":"https:\/\/www.notibras.com\/site\/#organization"},"image":{"@id":"https:\/\/www.notibras.com\/site\/clotilde-cede-a-paixao-e-trio-encanta-a-quadra\/#primaryimage"},"thumbnailUrl":"https:\/\/www.notibras.com\/site\/wp-content\/uploads\/2023\/06\/037dfdca-1be3-474c-ab07-ae405278c0ec.jpg","articleSection":["Quadradinho em Foco"],"inLanguage":"pt-BR"},{"@type":"WebPage","@id":"https:\/\/www.notibras.com\/site\/clotilde-cede-a-paixao-e-trio-encanta-a-quadra\/","url":"https:\/\/www.notibras.com\/site\/clotilde-cede-a-paixao-e-trio-encanta-a-quadra\/","name":"Clotilde cede \u00e0 paix\u00e3o e trio encanta a quadra - Notibras","isPartOf":{"@id":"https:\/\/www.notibras.com\/site\/#website"},"primaryImageOfPage":{"@id":"https:\/\/www.notibras.com\/site\/clotilde-cede-a-paixao-e-trio-encanta-a-quadra\/#primaryimage"},"image":{"@id":"https:\/\/www.notibras.com\/site\/clotilde-cede-a-paixao-e-trio-encanta-a-quadra\/#primaryimage"},"thumbnailUrl":"https:\/\/www.notibras.com\/site\/wp-content\/uploads\/2023\/06\/037dfdca-1be3-474c-ab07-ae405278c0ec.jpg","datePublished":"2023-06-17T12:24:24+00:00","dateModified":"2023-06-17T12:25:18+00:00","breadcrumb":{"@id":"https:\/\/www.notibras.com\/site\/clotilde-cede-a-paixao-e-trio-encanta-a-quadra\/#breadcrumb"},"inLanguage":"pt-BR","potentialAction":[{"@type":"ReadAction","target":["https:\/\/www.notibras.com\/site\/clotilde-cede-a-paixao-e-trio-encanta-a-quadra\/"]}]},{"@type":"ImageObject","inLanguage":"pt-BR","@id":"https:\/\/www.notibras.com\/site\/clotilde-cede-a-paixao-e-trio-encanta-a-quadra\/#primaryimage","url":"https:\/\/www.notibras.com\/site\/wp-content\/uploads\/2023\/06\/037dfdca-1be3-474c-ab07-ae405278c0ec.jpg","contentUrl":"https:\/\/www.notibras.com\/site\/wp-content\/uploads\/2023\/06\/037dfdca-1be3-474c-ab07-ae405278c0ec.jpg","width":732,"height":644},{"@type":"BreadcrumbList","@id":"https:\/\/www.notibras.com\/site\/clotilde-cede-a-paixao-e-trio-encanta-a-quadra\/#breadcrumb","itemListElement":[{"@type":"ListItem","position":1,"name":"In\u00edcio","item":"https:\/\/www.notibras.com\/site\/"},{"@type":"ListItem","position":2,"name":"Clotilde cede \u00e0 paix\u00e3o e trio encanta a quadra"}]},{"@type":"WebSite","@id":"https:\/\/www.notibras.com\/site\/#website","url":"https:\/\/www.notibras.com\/site\/","name":"Notibras","description":"Not\u00edcias de Bras\u00edlia, do Brasil e do Mundo","publisher":{"@id":"https:\/\/www.notibras.com\/site\/#organization"},"potentialAction":[{"@type":"SearchAction","target":{"@type":"EntryPoint","urlTemplate":"https:\/\/www.notibras.com\/site\/?s={search_term_string}"},"query-input":{"@type":"PropertyValueSpecification","valueRequired":true,"valueName":"search_term_string"}}],"inLanguage":"pt-BR"},{"@type":"Organization","@id":"https:\/\/www.notibras.com\/site\/#organization","name":"Grupo Notibras de Comunica\u00e7\u00e3o","url":"https:\/\/www.notibras.com\/site\/","logo":{"@type":"ImageObject","inLanguage":"pt-BR","@id":"https:\/\/www.notibras.com\/site\/#\/schema\/logo\/image\/","url":"https:\/\/www.notibras.com\/site\/wp-content\/uploads\/2023\/01\/notibras23.png","contentUrl":"https:\/\/www.notibras.com\/site\/wp-content\/uploads\/2023\/01\/notibras23.png","width":350,"height":87,"caption":"Grupo Notibras de Comunica\u00e7\u00e3o"},"image":{"@id":"https:\/\/www.notibras.com\/site\/#\/schema\/logo\/image\/"},"sameAs":["https:\/\/www.facebook.com\/notibras\/","https:\/\/x.com\/Notibras","https:\/\/www.instagram.com\/notibras\/"]},{"@type":"Person","@id":"https:\/\/www.notibras.com\/site\/#\/schema\/person\/36ab0979449956132d3e5b517ea76ac8","name":"Reda\u00e7\u00e3o","image":{"@type":"ImageObject","inLanguage":"pt-BR","@id":"https:\/\/secure.gravatar.com\/avatar\/e0a867bdedb85fd243eadf09663511f96fc81e0720a4a42581f334ad4303aa6b?s=96&d=mm&r=g","url":"https:\/\/secure.gravatar.com\/avatar\/e0a867bdedb85fd243eadf09663511f96fc81e0720a4a42581f334ad4303aa6b?s=96&d=mm&r=g","contentUrl":"https:\/\/secure.gravatar.com\/avatar\/e0a867bdedb85fd243eadf09663511f96fc81e0720a4a42581f334ad4303aa6b?s=96&d=mm&r=g","caption":"Reda\u00e7\u00e3o"}}]}},"amp_enabled":true,"_links":{"self":[{"href":"https:\/\/www.notibras.com\/site\/wp-json\/wp\/v2\/posts\/307102","targetHints":{"allow":["GET"]}}],"collection":[{"href":"https:\/\/www.notibras.com\/site\/wp-json\/wp\/v2\/posts"}],"about":[{"href":"https:\/\/www.notibras.com\/site\/wp-json\/wp\/v2\/types\/post"}],"author":[{"embeddable":true,"href":"https:\/\/www.notibras.com\/site\/wp-json\/wp\/v2\/users\/2"}],"replies":[{"embeddable":true,"href":"https:\/\/www.notibras.com\/site\/wp-json\/wp\/v2\/comments?post=307102"}],"version-history":[{"count":1,"href":"https:\/\/www.notibras.com\/site\/wp-json\/wp\/v2\/posts\/307102\/revisions"}],"predecessor-version":[{"id":307104,"href":"https:\/\/www.notibras.com\/site\/wp-json\/wp\/v2\/posts\/307102\/revisions\/307104"}],"wp:featuredmedia":[{"embeddable":true,"href":"https:\/\/www.notibras.com\/site\/wp-json\/wp\/v2\/media\/307103"}],"wp:attachment":[{"href":"https:\/\/www.notibras.com\/site\/wp-json\/wp\/v2\/media?parent=307102"}],"wp:term":[{"taxonomy":"category","embeddable":true,"href":"https:\/\/www.notibras.com\/site\/wp-json\/wp\/v2\/categories?post=307102"},{"taxonomy":"post_tag","embeddable":true,"href":"https:\/\/www.notibras.com\/site\/wp-json\/wp\/v2\/tags?post=307102"}],"curies":[{"name":"wp","href":"https:\/\/api.w.org\/{rel}","templated":true}]}}