{"id":307133,"date":"2023-06-18T03:49:58","date_gmt":"2023-06-18T06:49:58","guid":{"rendered":"https:\/\/www.notibras.com\/site\/?p=307133"},"modified":"2023-06-18T03:49:58","modified_gmt":"2023-06-18T06:49:58","slug":"cerrado-se-sacrifica-via-desmatamento-legal","status":"publish","type":"post","link":"https:\/\/www.notibras.com\/site\/cerrado-se-sacrifica-via-desmatamento-legal\/","title":{"rendered":"Cerrado se sacrifica via desmatamento legal"},"content":{"rendered":"<p>Em queda na Amaz\u00f4nia neste in\u00edcio de ano, o desmatamento, no Cerrado, segue em franca acelera\u00e7\u00e3o. A perda de vegeta\u00e7\u00e3o entre 1\u00ba de janeiro e 31 de maio, de acordo com o sistema Deter, do Inpe, foi 35% superior \u00e0 registrada no mesmo per\u00edodo no ano passado, atingindo o maior valor para esses cinco meses desde o in\u00edcio do registro hist\u00f3rico, em 2018. Na Amaz\u00f4nia, ao contr\u00e1rio, o per\u00edodo apresentou uma queda de 31%.<\/p>\n<p>O dado preocupa n\u00e3o apenas pela tend\u00eancia de alta que ele aponta, mas tamb\u00e9m pelo volume. Em n\u00fameros absolutos, o desmatamento no Cerrado em cinco meses foi quase 78% superior ao realizado na Amaz\u00f4nia: 3.532 km\u00b2 tombaram na savana brasileira, ante 1.986 km\u00b2 na floresta tropical.<\/p>\n<p>Lembrando que esses s\u00e3o n\u00fameros do Deter, que \u00e9 o sistema de detec\u00e7\u00e3o em tempo real do que est\u00e1 acontecendo em campo, a fim de orientar a fiscaliza\u00e7\u00e3o. Ele indica um cen\u00e1rio, mas n\u00e3o \u00e9 o dado oficial de perda, esse sim fornecido pelo Prodes. Em geral o Deter v\u00ea r\u00e1pido, digamos assim, mas n\u00e3o v\u00ea tudo.<\/p>\n<p>Se por um lado parece estar funcionando a retomada das a\u00e7\u00f5es do Ibama e de uma pol\u00edtica de Estado que deixa claro que o desmatamento ilegal n\u00e3o vai mais ser tolerado na Amaz\u00f4nia, no Cerrado a motosserra est\u00e1 correndo solta sem d\u00f3. E, ao que tudo indica, sem resist\u00eancia.<\/p>\n<p>Ao anunciar esses dados na semana passada em uma coletiva de imprensa, o secret\u00e1rio executivo do Minist\u00e9rio do Meio Ambiente, Jo\u00e3o Paulo Capobianco, alertou para a suspeita de que uma boa parte desse desmatamento pode estar ocorrendo com autoriza\u00e7\u00e3o dos Estados, ou seja, de forma legal.<\/p>\n<p>Uma reportagem que fiz com meu colega aqui da reda\u00e7\u00e3o, o Rafael Oliveira, em meados de maio j\u00e1 tinha revelado isso: est\u00e1 muito f\u00e1cil desmatar no bioma.<\/p>\n<p>Ocorre que no Cerrado a exig\u00eancia da lei \u00e9 muito menor que na Amaz\u00f4nia.<\/p>\n<p>&#8220;Propriedades rurais que ficam dentro do bioma amaz\u00f4nico, ou seja, na floresta, precisam preservar 80% de seu terreno como Reserva Legal, de acordo com o C\u00f3digo Florestal. J\u00e1 no Cerrado, se for dentro dos limites da Amaz\u00f4nia Legal, essa exig\u00eancia \u00e9 de 35%. Fora disso, nas outras partes do pa\u00eds por onde o Cerrado se espalha, \u00e9 ainda menor: 20%&#8221;.<\/p>\n<p>\u00c9 justamente o caso do Matopiba \u2013 fronteira agr\u00edcola que se estende por partes de Maranh\u00e3o, Tocantins, Piau\u00ed e Bahia. \u00c9 onde se concentra a maior parte das perdas no Cerrado observadas n\u00e3o s\u00f3 de janeiro a maio, mas ao longo dos \u00faltimos anos. Entre as dez cidades com mais supress\u00e3o no Cerrado em 2023, seis deles est\u00e3o no oeste da Bahia.<\/p>\n<p>Um outro levantamento, divulgado nesta segunda-feira, 12, traz mais elementos que indicam isso. O Relat\u00f3rio Anual do Desmatamento em 2022, divulgado pelo MapBiomas, apontou que o Matopiba concentrou 26,3% da a\u0301rea desmatada no pa\u00eds no ano passado. Foram 5.418 km2 desmatados \u2013 um aumento de 37% em relac\u0327a\u0303o a 2021.<\/p>\n<p>Os cortes no Matopiba tamb\u00e9m respondem pela maior parte dos desmatamentos no Cerrado: 82% da a\u0301rea de supressa\u0303o de vegetac\u0327a\u0303o nativa do bioma.<\/p>\n<p>Ainda segundo o levantamento do MapBiomas, o maior desmatamento detectado no ano passado no pa\u00eds foi no cerrado do oeste baiano, no munic\u00edpio de Formosa do Rio Preto, dentro da \u00c1rea de Prote\u00e7\u00e3o Ambiental do Rio Preto. Uma supress\u00e3o de 12.271 hectares autorizada pelo \u00f3rg\u00e3o estadual.<\/p>\n<p>&#8220;N\u00f3s estamos assistindo uma corrida&#8221;, afirmou Capobianco durante a coletiva na semana passada. Uma suspeita, diz, \u00e9 que esteja ocorrendo o chamado &#8216;vazamento&#8217;. &#8220;Quando voc\u00ea \u00e9 impedido de fazer um desmatamento em uma determinada \u00e1rea, voc\u00ea faz isso em outra \u00e1rea para ampliar seu neg\u00f3cio em outra regi\u00e3o&#8221;, explicou. Ou seja, diante da maior dificuldade na Amaz\u00f4nia, onde a fiscaliza\u00e7\u00e3o est\u00e1 mais ativa, desmatadores poderiam estar migrando para o Cerrado.<\/p>\n<p>&#8220;Isso \u00e9 um dado que est\u00e1 sendo discutido e vamos verificar para ver se h\u00e1 alguma correla\u00e7\u00e3o. Mas em princ\u00edpio, o maior fator \u00e9 que de fato h\u00e1 uma exig\u00eancia legal menor do ponto de vista da conserva\u00e7\u00e3o&#8221;, complementou Capobianco.<\/p>\n<p>E a\u00ed como \u00e9 que faz? A pergunta tem perturbado os especialistas. Por um lado, a lei permite que 80% do Cerrado desapare\u00e7a dentro de propriedades rurais. Por outro, h\u00e1 sinais de que os \u00f3rg\u00e3os estaduais est\u00e3o facilitando esse processo e dando licen\u00e7as a rodo \u2013 \u00e0s vezes sem seguir todos os tr\u00e2mites.<\/p>\n<p>Capobianco lembrou, por exemplo, que quando o pedido de supress\u00e3o da vegeta\u00e7\u00e3o \u00e9 maior de mil hectares, precisa ter n\u00e3o s\u00f3 a autoriza\u00e7\u00e3o, mas tamb\u00e9m passar por uma avalia\u00e7\u00e3o de impacto ambiental. Se n\u00e3o tem isso, ele \u00e9 ilegal. &#8220;Embora no Cerrado voc\u00ea tenha uma oportunidade, digamos assim, de desmatamento maior, em fun\u00e7\u00e3o de uma Reserva Legal menor obrigat\u00f3ria, na realidade acima de mil hectares precisa fazer o licenciamento ambiental e aparentemente isso n\u00e3o est\u00e1 sendo feito&#8221;, disse o secret\u00e1rio.<\/p>\n<p>Uma das medidas que est\u00e3o sendo tomadas \u00e9 de embargar propriedades, de modo que elas n\u00e3o consigam cr\u00e9dito agr\u00edcola. Mas mesmo que o governo consiga atuar para conter essas irregularidades, e quando estiver tudo dentro dos conformes? O Cerrado vai para o sacrif\u00edcio em benef\u00edcio do agroneg\u00f3cio? Em detrimento da salva\u00e7\u00e3o da Amaz\u00f4nia?<\/p>\n<p>O secret\u00e1rio extraordin\u00e1rio de Controle do Desmatamento do minist\u00e9rio, Andr\u00e9 Lima, falou sobre isso nessa entrevista para a Ag\u00eancia P\u00fablica. Assim como existe um plano para o combate ao desmatamento na Amaz\u00f4nia, o PPCDAm \u2013 relan\u00e7ado com aprimora\u00e7\u00f5es na semana passada \u2013, a ideia \u00e9 ter tamb\u00e9m um PPCerrado at\u00e9 setembro.<\/p>\n<p>&#8220;A gente tem visto no Cerrado que o desmatamento est\u00e1 subindo muito e em boa parte \u00e9 de corte autorizado dentro do CAR (Cadastro Ambiental Rural). O bioma deve ter em breve tamb\u00e9m um plano de combate ao desmatamento&#8221;, afirmou Lima.<\/p>\n<p>&#8220;Ent\u00e3o a gente precisa come\u00e7ar a dimensionar o que tem recebido autoriza\u00e7\u00e3o. Isso precisa virar um assunto, isso precisa virar at\u00e9 um problema. Porque n\u00e3o \u00e9 suficiente dizer: &#8216;bom, o desmatamento no Cerrado est\u00e1 aumentando, mas ele \u00e9 legal, ent\u00e3o n\u00e3o vou fazer mais nada e tudo bem&#8217;. Mas se a lei autoriza, o que eu vou dizer? A gente precisa entrar numa fase de sofisticar as a\u00e7\u00f5es de fiscaliza\u00e7\u00e3o e monitoramento, separar o que \u00e9 legal do ilegal mesmo, at\u00e9 para entender que tem muita coisa que supostamente \u00e9 legal, mas n\u00e3o \u00e9&#8221;, continuou.<\/p>\n<p>Segundo ele, ser\u00e1 preciso pensar, por exemplo, na cria\u00e7\u00e3o de unidades de conserva\u00e7\u00e3o, mas tamb\u00e9m em alternativas econ\u00f4micas. No caso da Amaz\u00f4nia, a ideia \u00e9 trazer incentivos para valorizar a floresta em p\u00e9, de modo a oferecer um caminho mais lucrativo do que com ela derrubada. Mas para o Cerrado, em que o agroneg\u00f3cio mecanizado, gigantesco, est\u00e1 lucrando horrores com soja, milho e algod\u00e3o no Matopiba, o que vai ser mais vantajoso? \u00c9 a pergunta que ainda precisa ser respondida.<\/p>\n","protected":false},"excerpt":{"rendered":"<p>Em queda na Amaz\u00f4nia neste in\u00edcio de ano, o desmatamento, no Cerrado, segue em franca acelera\u00e7\u00e3o. A perda de vegeta\u00e7\u00e3o entre 1\u00ba de janeiro e 31 de maio, de acordo com o sistema Deter, do Inpe, foi 35% superior \u00e0 registrada no mesmo per\u00edodo no ano passado, atingindo o maior valor para esses cinco meses [&hellip;]<\/p>\n","protected":false},"author":2,"featured_media":301198,"comment_status":"closed","ping_status":"closed","sticky":false,"template":"","format":"standard","meta":{"_acf_changed":false,"footnotes":""},"categories":[161],"tags":[],"class_list":["post-307133","post","type-post","status-publish","format-standard","has-post-thumbnail","hentry","category-quadradinho-em-foco"],"acf":[],"yoast_head":"<!-- This site is optimized with the Yoast SEO plugin v27.2 - https:\/\/yoast.com\/product\/yoast-seo-wordpress\/ -->\n<title>Cerrado se sacrifica via desmatamento legal - Notibras<\/title>\n<meta name=\"robots\" content=\"index, follow, max-snippet:-1, max-image-preview:large, max-video-preview:-1\" \/>\n<link rel=\"canonical\" href=\"https:\/\/www.notibras.com\/site\/cerrado-se-sacrifica-via-desmatamento-legal\/\" \/>\n<meta property=\"og:locale\" content=\"pt_BR\" \/>\n<meta property=\"og:type\" content=\"article\" \/>\n<meta property=\"og:title\" content=\"Cerrado se sacrifica via desmatamento legal - Notibras\" \/>\n<meta property=\"og:description\" content=\"Em queda na Amaz\u00f4nia neste in\u00edcio de ano, o desmatamento, no Cerrado, segue em franca acelera\u00e7\u00e3o. A perda de vegeta\u00e7\u00e3o entre 1\u00ba de janeiro e 31 de maio, de acordo com o sistema Deter, do Inpe, foi 35% superior \u00e0 registrada no mesmo per\u00edodo no ano passado, atingindo o maior valor para esses cinco meses [&hellip;]\" \/>\n<meta property=\"og:url\" content=\"https:\/\/www.notibras.com\/site\/cerrado-se-sacrifica-via-desmatamento-legal\/\" \/>\n<meta property=\"og:site_name\" content=\"Notibras\" \/>\n<meta property=\"article:publisher\" content=\"https:\/\/www.facebook.com\/notibras\/\" \/>\n<meta property=\"article:published_time\" content=\"2023-06-18T06:49:58+00:00\" \/>\n<meta property=\"og:image\" content=\"https:\/\/www.notibras.com\/site\/wp-content\/uploads\/2023\/03\/930004-incendio_queimada_5.jpg\" \/>\n\t<meta property=\"og:image:width\" content=\"1170\" \/>\n\t<meta property=\"og:image:height\" content=\"700\" \/>\n\t<meta property=\"og:image:type\" content=\"image\/jpeg\" \/>\n<meta name=\"author\" content=\"Reda\u00e7\u00e3o\" \/>\n<meta name=\"twitter:card\" content=\"summary_large_image\" \/>\n<meta name=\"twitter:creator\" content=\"@Notibras\" \/>\n<meta name=\"twitter:site\" content=\"@Notibras\" \/>\n<meta name=\"twitter:label1\" content=\"Escrito por\" \/>\n\t<meta name=\"twitter:data1\" content=\"Reda\u00e7\u00e3o\" \/>\n\t<meta name=\"twitter:label2\" content=\"Est. tempo de leitura\" \/>\n\t<meta name=\"twitter:data2\" content=\"7 minutos\" \/>\n<script type=\"application\/ld+json\" class=\"yoast-schema-graph\">{\"@context\":\"https:\/\/schema.org\",\"@graph\":[{\"@type\":\"Article\",\"@id\":\"https:\/\/www.notibras.com\/site\/cerrado-se-sacrifica-via-desmatamento-legal\/#article\",\"isPartOf\":{\"@id\":\"https:\/\/www.notibras.com\/site\/cerrado-se-sacrifica-via-desmatamento-legal\/\"},\"author\":{\"name\":\"Reda\u00e7\u00e3o\",\"@id\":\"https:\/\/www.notibras.com\/site\/#\/schema\/person\/36ab0979449956132d3e5b517ea76ac8\"},\"headline\":\"Cerrado se sacrifica via desmatamento legal\",\"datePublished\":\"2023-06-18T06:49:58+00:00\",\"mainEntityOfPage\":{\"@id\":\"https:\/\/www.notibras.com\/site\/cerrado-se-sacrifica-via-desmatamento-legal\/\"},\"wordCount\":1193,\"publisher\":{\"@id\":\"https:\/\/www.notibras.com\/site\/#organization\"},\"image\":{\"@id\":\"https:\/\/www.notibras.com\/site\/cerrado-se-sacrifica-via-desmatamento-legal\/#primaryimage\"},\"thumbnailUrl\":\"https:\/\/www.notibras.com\/site\/wp-content\/uploads\/2023\/03\/930004-incendio_queimada_5.jpg\",\"articleSection\":[\"Quadradinho em Foco\"],\"inLanguage\":\"pt-BR\"},{\"@type\":\"WebPage\",\"@id\":\"https:\/\/www.notibras.com\/site\/cerrado-se-sacrifica-via-desmatamento-legal\/\",\"url\":\"https:\/\/www.notibras.com\/site\/cerrado-se-sacrifica-via-desmatamento-legal\/\",\"name\":\"Cerrado se sacrifica via desmatamento legal - Notibras\",\"isPartOf\":{\"@id\":\"https:\/\/www.notibras.com\/site\/#website\"},\"primaryImageOfPage\":{\"@id\":\"https:\/\/www.notibras.com\/site\/cerrado-se-sacrifica-via-desmatamento-legal\/#primaryimage\"},\"image\":{\"@id\":\"https:\/\/www.notibras.com\/site\/cerrado-se-sacrifica-via-desmatamento-legal\/#primaryimage\"},\"thumbnailUrl\":\"https:\/\/www.notibras.com\/site\/wp-content\/uploads\/2023\/03\/930004-incendio_queimada_5.jpg\",\"datePublished\":\"2023-06-18T06:49:58+00:00\",\"breadcrumb\":{\"@id\":\"https:\/\/www.notibras.com\/site\/cerrado-se-sacrifica-via-desmatamento-legal\/#breadcrumb\"},\"inLanguage\":\"pt-BR\",\"potentialAction\":[{\"@type\":\"ReadAction\",\"target\":[\"https:\/\/www.notibras.com\/site\/cerrado-se-sacrifica-via-desmatamento-legal\/\"]}]},{\"@type\":\"ImageObject\",\"inLanguage\":\"pt-BR\",\"@id\":\"https:\/\/www.notibras.com\/site\/cerrado-se-sacrifica-via-desmatamento-legal\/#primaryimage\",\"url\":\"https:\/\/www.notibras.com\/site\/wp-content\/uploads\/2023\/03\/930004-incendio_queimada_5.jpg\",\"contentUrl\":\"https:\/\/www.notibras.com\/site\/wp-content\/uploads\/2023\/03\/930004-incendio_queimada_5.jpg\",\"width\":1170,\"height\":700,\"caption\":\"Bombeiros tentam controlar inc\u00eandio em \u00e1rea de Cerrado na capital federal (Valter Campanato\/Ag\u00eancia Brasil)\"},{\"@type\":\"BreadcrumbList\",\"@id\":\"https:\/\/www.notibras.com\/site\/cerrado-se-sacrifica-via-desmatamento-legal\/#breadcrumb\",\"itemListElement\":[{\"@type\":\"ListItem\",\"position\":1,\"name\":\"In\u00edcio\",\"item\":\"https:\/\/www.notibras.com\/site\/\"},{\"@type\":\"ListItem\",\"position\":2,\"name\":\"Cerrado se sacrifica via desmatamento legal\"}]},{\"@type\":\"WebSite\",\"@id\":\"https:\/\/www.notibras.com\/site\/#website\",\"url\":\"https:\/\/www.notibras.com\/site\/\",\"name\":\"Notibras\",\"description\":\"Not\u00edcias de Bras\u00edlia, do Brasil e do Mundo\",\"publisher\":{\"@id\":\"https:\/\/www.notibras.com\/site\/#organization\"},\"potentialAction\":[{\"@type\":\"SearchAction\",\"target\":{\"@type\":\"EntryPoint\",\"urlTemplate\":\"https:\/\/www.notibras.com\/site\/?s={search_term_string}\"},\"query-input\":{\"@type\":\"PropertyValueSpecification\",\"valueRequired\":true,\"valueName\":\"search_term_string\"}}],\"inLanguage\":\"pt-BR\"},{\"@type\":\"Organization\",\"@id\":\"https:\/\/www.notibras.com\/site\/#organization\",\"name\":\"Grupo Notibras de Comunica\u00e7\u00e3o\",\"url\":\"https:\/\/www.notibras.com\/site\/\",\"logo\":{\"@type\":\"ImageObject\",\"inLanguage\":\"pt-BR\",\"@id\":\"https:\/\/www.notibras.com\/site\/#\/schema\/logo\/image\/\",\"url\":\"https:\/\/www.notibras.com\/site\/wp-content\/uploads\/2023\/01\/notibras23.png\",\"contentUrl\":\"https:\/\/www.notibras.com\/site\/wp-content\/uploads\/2023\/01\/notibras23.png\",\"width\":350,\"height\":87,\"caption\":\"Grupo Notibras de Comunica\u00e7\u00e3o\"},\"image\":{\"@id\":\"https:\/\/www.notibras.com\/site\/#\/schema\/logo\/image\/\"},\"sameAs\":[\"https:\/\/www.facebook.com\/notibras\/\",\"https:\/\/x.com\/Notibras\",\"https:\/\/www.instagram.com\/notibras\/\"]},{\"@type\":\"Person\",\"@id\":\"https:\/\/www.notibras.com\/site\/#\/schema\/person\/36ab0979449956132d3e5b517ea76ac8\",\"name\":\"Reda\u00e7\u00e3o\",\"image\":{\"@type\":\"ImageObject\",\"inLanguage\":\"pt-BR\",\"@id\":\"https:\/\/secure.gravatar.com\/avatar\/e0a867bdedb85fd243eadf09663511f96fc81e0720a4a42581f334ad4303aa6b?s=96&d=mm&r=g\",\"url\":\"https:\/\/secure.gravatar.com\/avatar\/e0a867bdedb85fd243eadf09663511f96fc81e0720a4a42581f334ad4303aa6b?s=96&d=mm&r=g\",\"contentUrl\":\"https:\/\/secure.gravatar.com\/avatar\/e0a867bdedb85fd243eadf09663511f96fc81e0720a4a42581f334ad4303aa6b?s=96&d=mm&r=g\",\"caption\":\"Reda\u00e7\u00e3o\"}}]}<\/script>\n<!-- \/ Yoast SEO plugin. -->","yoast_head_json":{"title":"Cerrado se sacrifica via desmatamento legal - Notibras","robots":{"index":"index","follow":"follow","max-snippet":"max-snippet:-1","max-image-preview":"max-image-preview:large","max-video-preview":"max-video-preview:-1"},"canonical":"https:\/\/www.notibras.com\/site\/cerrado-se-sacrifica-via-desmatamento-legal\/","og_locale":"pt_BR","og_type":"article","og_title":"Cerrado se sacrifica via desmatamento legal - Notibras","og_description":"Em queda na Amaz\u00f4nia neste in\u00edcio de ano, o desmatamento, no Cerrado, segue em franca acelera\u00e7\u00e3o. A perda de vegeta\u00e7\u00e3o entre 1\u00ba de janeiro e 31 de maio, de acordo com o sistema Deter, do Inpe, foi 35% superior \u00e0 registrada no mesmo per\u00edodo no ano passado, atingindo o maior valor para esses cinco meses [&hellip;]","og_url":"https:\/\/www.notibras.com\/site\/cerrado-se-sacrifica-via-desmatamento-legal\/","og_site_name":"Notibras","article_publisher":"https:\/\/www.facebook.com\/notibras\/","article_published_time":"2023-06-18T06:49:58+00:00","og_image":[{"width":1170,"height":700,"url":"https:\/\/www.notibras.com\/site\/wp-content\/uploads\/2023\/03\/930004-incendio_queimada_5.jpg","type":"image\/jpeg"}],"author":"Reda\u00e7\u00e3o","twitter_card":"summary_large_image","twitter_creator":"@Notibras","twitter_site":"@Notibras","twitter_misc":{"Escrito por":"Reda\u00e7\u00e3o","Est. tempo de leitura":"7 minutos"},"schema":{"@context":"https:\/\/schema.org","@graph":[{"@type":"Article","@id":"https:\/\/www.notibras.com\/site\/cerrado-se-sacrifica-via-desmatamento-legal\/#article","isPartOf":{"@id":"https:\/\/www.notibras.com\/site\/cerrado-se-sacrifica-via-desmatamento-legal\/"},"author":{"name":"Reda\u00e7\u00e3o","@id":"https:\/\/www.notibras.com\/site\/#\/schema\/person\/36ab0979449956132d3e5b517ea76ac8"},"headline":"Cerrado se sacrifica via desmatamento legal","datePublished":"2023-06-18T06:49:58+00:00","mainEntityOfPage":{"@id":"https:\/\/www.notibras.com\/site\/cerrado-se-sacrifica-via-desmatamento-legal\/"},"wordCount":1193,"publisher":{"@id":"https:\/\/www.notibras.com\/site\/#organization"},"image":{"@id":"https:\/\/www.notibras.com\/site\/cerrado-se-sacrifica-via-desmatamento-legal\/#primaryimage"},"thumbnailUrl":"https:\/\/www.notibras.com\/site\/wp-content\/uploads\/2023\/03\/930004-incendio_queimada_5.jpg","articleSection":["Quadradinho em Foco"],"inLanguage":"pt-BR"},{"@type":"WebPage","@id":"https:\/\/www.notibras.com\/site\/cerrado-se-sacrifica-via-desmatamento-legal\/","url":"https:\/\/www.notibras.com\/site\/cerrado-se-sacrifica-via-desmatamento-legal\/","name":"Cerrado se sacrifica via desmatamento legal - Notibras","isPartOf":{"@id":"https:\/\/www.notibras.com\/site\/#website"},"primaryImageOfPage":{"@id":"https:\/\/www.notibras.com\/site\/cerrado-se-sacrifica-via-desmatamento-legal\/#primaryimage"},"image":{"@id":"https:\/\/www.notibras.com\/site\/cerrado-se-sacrifica-via-desmatamento-legal\/#primaryimage"},"thumbnailUrl":"https:\/\/www.notibras.com\/site\/wp-content\/uploads\/2023\/03\/930004-incendio_queimada_5.jpg","datePublished":"2023-06-18T06:49:58+00:00","breadcrumb":{"@id":"https:\/\/www.notibras.com\/site\/cerrado-se-sacrifica-via-desmatamento-legal\/#breadcrumb"},"inLanguage":"pt-BR","potentialAction":[{"@type":"ReadAction","target":["https:\/\/www.notibras.com\/site\/cerrado-se-sacrifica-via-desmatamento-legal\/"]}]},{"@type":"ImageObject","inLanguage":"pt-BR","@id":"https:\/\/www.notibras.com\/site\/cerrado-se-sacrifica-via-desmatamento-legal\/#primaryimage","url":"https:\/\/www.notibras.com\/site\/wp-content\/uploads\/2023\/03\/930004-incendio_queimada_5.jpg","contentUrl":"https:\/\/www.notibras.com\/site\/wp-content\/uploads\/2023\/03\/930004-incendio_queimada_5.jpg","width":1170,"height":700,"caption":"Bombeiros tentam controlar inc\u00eandio em \u00e1rea de Cerrado na capital federal (Valter Campanato\/Ag\u00eancia Brasil)"},{"@type":"BreadcrumbList","@id":"https:\/\/www.notibras.com\/site\/cerrado-se-sacrifica-via-desmatamento-legal\/#breadcrumb","itemListElement":[{"@type":"ListItem","position":1,"name":"In\u00edcio","item":"https:\/\/www.notibras.com\/site\/"},{"@type":"ListItem","position":2,"name":"Cerrado se sacrifica via desmatamento legal"}]},{"@type":"WebSite","@id":"https:\/\/www.notibras.com\/site\/#website","url":"https:\/\/www.notibras.com\/site\/","name":"Notibras","description":"Not\u00edcias de Bras\u00edlia, do Brasil e do Mundo","publisher":{"@id":"https:\/\/www.notibras.com\/site\/#organization"},"potentialAction":[{"@type":"SearchAction","target":{"@type":"EntryPoint","urlTemplate":"https:\/\/www.notibras.com\/site\/?s={search_term_string}"},"query-input":{"@type":"PropertyValueSpecification","valueRequired":true,"valueName":"search_term_string"}}],"inLanguage":"pt-BR"},{"@type":"Organization","@id":"https:\/\/www.notibras.com\/site\/#organization","name":"Grupo Notibras de Comunica\u00e7\u00e3o","url":"https:\/\/www.notibras.com\/site\/","logo":{"@type":"ImageObject","inLanguage":"pt-BR","@id":"https:\/\/www.notibras.com\/site\/#\/schema\/logo\/image\/","url":"https:\/\/www.notibras.com\/site\/wp-content\/uploads\/2023\/01\/notibras23.png","contentUrl":"https:\/\/www.notibras.com\/site\/wp-content\/uploads\/2023\/01\/notibras23.png","width":350,"height":87,"caption":"Grupo Notibras de Comunica\u00e7\u00e3o"},"image":{"@id":"https:\/\/www.notibras.com\/site\/#\/schema\/logo\/image\/"},"sameAs":["https:\/\/www.facebook.com\/notibras\/","https:\/\/x.com\/Notibras","https:\/\/www.instagram.com\/notibras\/"]},{"@type":"Person","@id":"https:\/\/www.notibras.com\/site\/#\/schema\/person\/36ab0979449956132d3e5b517ea76ac8","name":"Reda\u00e7\u00e3o","image":{"@type":"ImageObject","inLanguage":"pt-BR","@id":"https:\/\/secure.gravatar.com\/avatar\/e0a867bdedb85fd243eadf09663511f96fc81e0720a4a42581f334ad4303aa6b?s=96&d=mm&r=g","url":"https:\/\/secure.gravatar.com\/avatar\/e0a867bdedb85fd243eadf09663511f96fc81e0720a4a42581f334ad4303aa6b?s=96&d=mm&r=g","contentUrl":"https:\/\/secure.gravatar.com\/avatar\/e0a867bdedb85fd243eadf09663511f96fc81e0720a4a42581f334ad4303aa6b?s=96&d=mm&r=g","caption":"Reda\u00e7\u00e3o"}}]}},"amp_enabled":true,"_links":{"self":[{"href":"https:\/\/www.notibras.com\/site\/wp-json\/wp\/v2\/posts\/307133","targetHints":{"allow":["GET"]}}],"collection":[{"href":"https:\/\/www.notibras.com\/site\/wp-json\/wp\/v2\/posts"}],"about":[{"href":"https:\/\/www.notibras.com\/site\/wp-json\/wp\/v2\/types\/post"}],"author":[{"embeddable":true,"href":"https:\/\/www.notibras.com\/site\/wp-json\/wp\/v2\/users\/2"}],"replies":[{"embeddable":true,"href":"https:\/\/www.notibras.com\/site\/wp-json\/wp\/v2\/comments?post=307133"}],"version-history":[{"count":1,"href":"https:\/\/www.notibras.com\/site\/wp-json\/wp\/v2\/posts\/307133\/revisions"}],"predecessor-version":[{"id":307134,"href":"https:\/\/www.notibras.com\/site\/wp-json\/wp\/v2\/posts\/307133\/revisions\/307134"}],"wp:featuredmedia":[{"embeddable":true,"href":"https:\/\/www.notibras.com\/site\/wp-json\/wp\/v2\/media\/301198"}],"wp:attachment":[{"href":"https:\/\/www.notibras.com\/site\/wp-json\/wp\/v2\/media?parent=307133"}],"wp:term":[{"taxonomy":"category","embeddable":true,"href":"https:\/\/www.notibras.com\/site\/wp-json\/wp\/v2\/categories?post=307133"},{"taxonomy":"post_tag","embeddable":true,"href":"https:\/\/www.notibras.com\/site\/wp-json\/wp\/v2\/tags?post=307133"}],"curies":[{"name":"wp","href":"https:\/\/api.w.org\/{rel}","templated":true}]}}