{"id":307157,"date":"2023-06-18T18:20:15","date_gmt":"2023-06-18T21:20:15","guid":{"rendered":"https:\/\/www.notibras.com\/site\/?p=307157"},"modified":"2023-06-18T18:20:15","modified_gmt":"2023-06-18T21:20:15","slug":"quadra-famosa-das-gemeas-amigos-gato-cao","status":"publish","type":"post","link":"https:\/\/www.notibras.com\/site\/quadra-famosa-das-gemeas-amigos-gato-cao\/","title":{"rendered":"Quadra famosa das g\u00eameas, amigos, gato, c\u00e3o&#8230;"},"content":{"rendered":"<p>Duas meninas, g\u00eameas, sete anos, uma Ana Maria, outra Mariana. Ana Maria tinha grandes olhos de um castanho meio mel; Mariana tamb\u00e9m. Ana Maria com seus cabelos encaracolados, ca\u00eddos um pouco abaixo dos ombros; Mariana tamb\u00e9m. Ana Maria adorava sorvete de flocos; Mariana, de morango.<\/p>\n<p>As duas irm\u00e3s moravam em uma pequena rua, uma rua sem sa\u00edda, num bairro bem distante, numa Regi\u00e3o Administrativa bem grande, num pa\u00eds chamado Brasil. Havia outras crian\u00e7as na rua da Ana Maria, que tamb\u00e9m era a rua da Mariana, mas que tamb\u00e9m era a rua de outras pessoas. Juliana tamb\u00e9m morava nessa rua, era amiguinha das g\u00eameas, tinha cabelos lisos, loiros, ca\u00eddos bem abaixo dos ombros. Todos a chamavam de Jujuba.<\/p>\n<p>Tamb\u00e9m havia a Gabriela, morena dos cabelos t\u00e3o grandes que alcan\u00e7avam o bumbum. Nossa, a Gabriela era t\u00e3o mandona, gostava de chefiar tudo. Mandar era com ela mesma. Iago era um dos poucos meninos da rua, magro como um palito, negro, dois olhos de jabuticaba bem madura. A crian\u00e7ada se divertia com as brincadeiras que seus pais e at\u00e9 av\u00f3s j\u00e1 haviam brincado. Queimada, que essa nova gera\u00e7\u00e3o cismava em chamar de queimado, pique-esconde, bandeirinha, o mestre mandou. Muitas e muitas brincadeiras. Puxa, como se divertia essa meninada!<\/p>\n<p>N\u00e3o s\u00f3 havia crian\u00e7as nessa rua, mas \u00e1rvores frondosas, principalmente amendoeiras. Quando chovia, e a crian\u00e7ada n\u00e3o queria acabar a brincadeira, todos se protegiam embaixo das \u00e1rvores. E quando o sol estava muito forte, a galerinha tamb\u00e9m ficava sob as copas t\u00e3o protetoras das mesmas \u00e1rvores.<\/p>\n<p>Alguns gatos circulavam pela rua, uns tinham dono, outros eram da rua mesmo. Um desses errantes era um lindo gato branco, a cauda mais peluda do que o resto do corpo, um pouquinho gordo, mas nada que o impedisse de escalar muros e at\u00e9 mesmo as belas \u00e1rvores. E mesmo sendo um bichano das ruas, tinha nome e at\u00e9 sobrenome, colocado pelo pessoal da vizinhan\u00e7a. Pois bem, o dito cujo se chamava Virgulino Ferreira da Silva. Mas por que cargas d\u2019\u00e1gua iriam dar um nome desses a um gato?, voc\u00ea poderia perguntar. \u00c9 mais simples do que parece: esse bichano recebeu esse nome como uma refer\u00eancia ao cangaceiro Lampi\u00e3o, que se chamava Virgulino Ferreira da Silva e s\u00f3 tinha um olho. Pois \u00e9, o gato Virgulino tamb\u00e9m s\u00f3 possu\u00eda um olho. Ningu\u00e9m sabe na verdade como ele perdeu o outro ou, se sabe, j\u00e1 se esqueceu.<\/p>\n<p>Quem sempre andava com o Virgulino era um gato de cor cinza azulado, olhos verdes e que sempre se metia em confus\u00e3o. J\u00e1 havia escapado da morte diversas vezes e, por esse motivo, ganhara o sugestivo nome de \u201cElvis n\u00e3o morreu\u201d. Virgulino e Elvis eram amigos insepar\u00e1veis, sempre se metendo em encrencas juntos, sempre saindo delas juntos. Eram como unha e carne.<\/p>\n<p>N\u00e3o poderia deixar de existir nessa hist\u00f3ria uma gatinha, que por sinal se chamava Sonja ou, para os \u00edntimos, Sonjinha. Uma bela bichana de cor cinza, tigrada, olhos verdes como os do Elvis, mas bem mais d\u00f3ceis e confi\u00e1veis. Ao contr\u00e1rio de Virgulino e seu amigo insepar\u00e1vel, Sonja possu\u00eda dono, ou melhor, dona, ou melhor ainda, duas donas: Ana Maria e Mariana ou, se voc\u00ea preferir, Mariana e Ana Maria, as tais g\u00eameas de que falei logo acima. Sonja n\u00e3o era a \u00fanica na casa das duas irm\u00e3s; dividia o caixote de madeira com seu filho \u00fanico, o Dunguinha, um gatinho loiro e de olhos verdes. Ele ainda n\u00e3o havia completado tr\u00eas meses, mas j\u00e1 era o xod\u00f3 da casa, da rua, enfim, de todos que o conheciam. Era uma coisa de Dunguinha para c\u00e1, Dunguinha para l\u00e1, todos queriam pegar o filhotinho no colo.<\/p>\n<p>N\u00e3o s\u00f3 de crian\u00e7as, \u00e1rvores e bichanos esta hist\u00f3ria \u00e9 feita. Tamb\u00e9m havia os pais e m\u00e3es da crian\u00e7ada. Ah, claro, tamb\u00e9m n\u00e3o podemos nos esquecer dos outros animais como, por exemplo, a Cuca, uma cachorrinha muito simp\u00e1tica, que morava na mesma casa da Sonja. Ela tamb\u00e9m pertencia \u00e0s g\u00eameas Ana Maria e Mariana e, apesar do dito popular, se dava muito bem com os bichanos da casa e at\u00e9 mesmo com os da rua.<\/p>\n<p><strong>*Segunda-feira, 19, o Cap\u00edtulo II com muitas perip\u00e9cias<\/strong><\/p>\n","protected":false},"excerpt":{"rendered":"<p>Duas meninas, g\u00eameas, sete anos, uma Ana Maria, outra Mariana. Ana Maria tinha grandes olhos de um castanho meio mel; Mariana tamb\u00e9m. Ana Maria com seus cabelos encaracolados, ca\u00eddos um pouco abaixo dos ombros; Mariana tamb\u00e9m. Ana Maria adorava sorvete de flocos; Mariana, de morango. As duas irm\u00e3s moravam em uma pequena rua, uma rua [&hellip;]<\/p>\n","protected":false},"author":2,"featured_media":307158,"comment_status":"closed","ping_status":"closed","sticky":false,"template":"","format":"standard","meta":{"_acf_changed":false,"footnotes":""},"categories":[161],"tags":[],"class_list":["post-307157","post","type-post","status-publish","format-standard","has-post-thumbnail","hentry","category-quadradinho-em-foco"],"acf":[],"yoast_head":"<!-- This site is optimized with the Yoast SEO plugin v27.2 - https:\/\/yoast.com\/product\/yoast-seo-wordpress\/ -->\n<title>Quadra famosa das g\u00eameas, amigos, gato, c\u00e3o... - Notibras<\/title>\n<meta name=\"robots\" content=\"index, follow, max-snippet:-1, max-image-preview:large, max-video-preview:-1\" \/>\n<link rel=\"canonical\" href=\"https:\/\/www.notibras.com\/site\/quadra-famosa-das-gemeas-amigos-gato-cao\/\" \/>\n<meta property=\"og:locale\" content=\"pt_BR\" \/>\n<meta property=\"og:type\" content=\"article\" \/>\n<meta property=\"og:title\" content=\"Quadra famosa das g\u00eameas, amigos, gato, c\u00e3o... - Notibras\" \/>\n<meta property=\"og:description\" content=\"Duas meninas, g\u00eameas, sete anos, uma Ana Maria, outra Mariana. Ana Maria tinha grandes olhos de um castanho meio mel; Mariana tamb\u00e9m. Ana Maria com seus cabelos encaracolados, ca\u00eddos um pouco abaixo dos ombros; Mariana tamb\u00e9m. Ana Maria adorava sorvete de flocos; Mariana, de morango. As duas irm\u00e3s moravam em uma pequena rua, uma rua [&hellip;]\" \/>\n<meta property=\"og:url\" content=\"https:\/\/www.notibras.com\/site\/quadra-famosa-das-gemeas-amigos-gato-cao\/\" \/>\n<meta property=\"og:site_name\" content=\"Notibras\" \/>\n<meta property=\"article:publisher\" content=\"https:\/\/www.facebook.com\/notibras\/\" \/>\n<meta property=\"article:published_time\" content=\"2023-06-18T21:20:15+00:00\" \/>\n<meta property=\"og:image\" content=\"https:\/\/www.notibras.com\/site\/wp-content\/uploads\/2023\/06\/gettyimages-472318635-612x612-1.jpg\" \/>\n\t<meta property=\"og:image:width\" content=\"612\" \/>\n\t<meta property=\"og:image:height\" content=\"455\" \/>\n\t<meta property=\"og:image:type\" content=\"image\/jpeg\" \/>\n<meta name=\"author\" content=\"Reda\u00e7\u00e3o\" \/>\n<meta name=\"twitter:card\" content=\"summary_large_image\" \/>\n<meta name=\"twitter:creator\" content=\"@Notibras\" \/>\n<meta name=\"twitter:site\" content=\"@Notibras\" \/>\n<meta name=\"twitter:label1\" content=\"Escrito por\" \/>\n\t<meta name=\"twitter:data1\" content=\"Reda\u00e7\u00e3o\" \/>\n\t<meta name=\"twitter:label2\" content=\"Est. tempo de leitura\" \/>\n\t<meta name=\"twitter:data2\" content=\"4 minutos\" \/>\n<script type=\"application\/ld+json\" class=\"yoast-schema-graph\">{\"@context\":\"https:\/\/schema.org\",\"@graph\":[{\"@type\":\"Article\",\"@id\":\"https:\/\/www.notibras.com\/site\/quadra-famosa-das-gemeas-amigos-gato-cao\/#article\",\"isPartOf\":{\"@id\":\"https:\/\/www.notibras.com\/site\/quadra-famosa-das-gemeas-amigos-gato-cao\/\"},\"author\":{\"name\":\"Reda\u00e7\u00e3o\",\"@id\":\"https:\/\/www.notibras.com\/site\/#\/schema\/person\/36ab0979449956132d3e5b517ea76ac8\"},\"headline\":\"Quadra famosa das g\u00eameas, amigos, gato, c\u00e3o&#8230;\",\"datePublished\":\"2023-06-18T21:20:15+00:00\",\"mainEntityOfPage\":{\"@id\":\"https:\/\/www.notibras.com\/site\/quadra-famosa-das-gemeas-amigos-gato-cao\/\"},\"wordCount\":754,\"publisher\":{\"@id\":\"https:\/\/www.notibras.com\/site\/#organization\"},\"image\":{\"@id\":\"https:\/\/www.notibras.com\/site\/quadra-famosa-das-gemeas-amigos-gato-cao\/#primaryimage\"},\"thumbnailUrl\":\"https:\/\/www.notibras.com\/site\/wp-content\/uploads\/2023\/06\/gettyimages-472318635-612x612-1.jpg\",\"articleSection\":[\"Quadradinho em Foco\"],\"inLanguage\":\"pt-BR\"},{\"@type\":\"WebPage\",\"@id\":\"https:\/\/www.notibras.com\/site\/quadra-famosa-das-gemeas-amigos-gato-cao\/\",\"url\":\"https:\/\/www.notibras.com\/site\/quadra-famosa-das-gemeas-amigos-gato-cao\/\",\"name\":\"Quadra famosa das g\u00eameas, amigos, gato, c\u00e3o... - Notibras\",\"isPartOf\":{\"@id\":\"https:\/\/www.notibras.com\/site\/#website\"},\"primaryImageOfPage\":{\"@id\":\"https:\/\/www.notibras.com\/site\/quadra-famosa-das-gemeas-amigos-gato-cao\/#primaryimage\"},\"image\":{\"@id\":\"https:\/\/www.notibras.com\/site\/quadra-famosa-das-gemeas-amigos-gato-cao\/#primaryimage\"},\"thumbnailUrl\":\"https:\/\/www.notibras.com\/site\/wp-content\/uploads\/2023\/06\/gettyimages-472318635-612x612-1.jpg\",\"datePublished\":\"2023-06-18T21:20:15+00:00\",\"breadcrumb\":{\"@id\":\"https:\/\/www.notibras.com\/site\/quadra-famosa-das-gemeas-amigos-gato-cao\/#breadcrumb\"},\"inLanguage\":\"pt-BR\",\"potentialAction\":[{\"@type\":\"ReadAction\",\"target\":[\"https:\/\/www.notibras.com\/site\/quadra-famosa-das-gemeas-amigos-gato-cao\/\"]}]},{\"@type\":\"ImageObject\",\"inLanguage\":\"pt-BR\",\"@id\":\"https:\/\/www.notibras.com\/site\/quadra-famosa-das-gemeas-amigos-gato-cao\/#primaryimage\",\"url\":\"https:\/\/www.notibras.com\/site\/wp-content\/uploads\/2023\/06\/gettyimages-472318635-612x612-1.jpg\",\"contentUrl\":\"https:\/\/www.notibras.com\/site\/wp-content\/uploads\/2023\/06\/gettyimages-472318635-612x612-1.jpg\",\"width\":612,\"height\":455,\"caption\":\"A-Digit\"},{\"@type\":\"BreadcrumbList\",\"@id\":\"https:\/\/www.notibras.com\/site\/quadra-famosa-das-gemeas-amigos-gato-cao\/#breadcrumb\",\"itemListElement\":[{\"@type\":\"ListItem\",\"position\":1,\"name\":\"In\u00edcio\",\"item\":\"https:\/\/www.notibras.com\/site\/\"},{\"@type\":\"ListItem\",\"position\":2,\"name\":\"Quadra famosa das g\u00eameas, amigos, gato, c\u00e3o&#8230;\"}]},{\"@type\":\"WebSite\",\"@id\":\"https:\/\/www.notibras.com\/site\/#website\",\"url\":\"https:\/\/www.notibras.com\/site\/\",\"name\":\"Notibras\",\"description\":\"Not\u00edcias de Bras\u00edlia, do Brasil e do Mundo\",\"publisher\":{\"@id\":\"https:\/\/www.notibras.com\/site\/#organization\"},\"potentialAction\":[{\"@type\":\"SearchAction\",\"target\":{\"@type\":\"EntryPoint\",\"urlTemplate\":\"https:\/\/www.notibras.com\/site\/?s={search_term_string}\"},\"query-input\":{\"@type\":\"PropertyValueSpecification\",\"valueRequired\":true,\"valueName\":\"search_term_string\"}}],\"inLanguage\":\"pt-BR\"},{\"@type\":\"Organization\",\"@id\":\"https:\/\/www.notibras.com\/site\/#organization\",\"name\":\"Grupo Notibras de Comunica\u00e7\u00e3o\",\"url\":\"https:\/\/www.notibras.com\/site\/\",\"logo\":{\"@type\":\"ImageObject\",\"inLanguage\":\"pt-BR\",\"@id\":\"https:\/\/www.notibras.com\/site\/#\/schema\/logo\/image\/\",\"url\":\"https:\/\/www.notibras.com\/site\/wp-content\/uploads\/2023\/01\/notibras23.png\",\"contentUrl\":\"https:\/\/www.notibras.com\/site\/wp-content\/uploads\/2023\/01\/notibras23.png\",\"width\":350,\"height\":87,\"caption\":\"Grupo Notibras de Comunica\u00e7\u00e3o\"},\"image\":{\"@id\":\"https:\/\/www.notibras.com\/site\/#\/schema\/logo\/image\/\"},\"sameAs\":[\"https:\/\/www.facebook.com\/notibras\/\",\"https:\/\/x.com\/Notibras\",\"https:\/\/www.instagram.com\/notibras\/\"]},{\"@type\":\"Person\",\"@id\":\"https:\/\/www.notibras.com\/site\/#\/schema\/person\/36ab0979449956132d3e5b517ea76ac8\",\"name\":\"Reda\u00e7\u00e3o\",\"image\":{\"@type\":\"ImageObject\",\"inLanguage\":\"pt-BR\",\"@id\":\"https:\/\/secure.gravatar.com\/avatar\/e0a867bdedb85fd243eadf09663511f96fc81e0720a4a42581f334ad4303aa6b?s=96&d=mm&r=g\",\"url\":\"https:\/\/secure.gravatar.com\/avatar\/e0a867bdedb85fd243eadf09663511f96fc81e0720a4a42581f334ad4303aa6b?s=96&d=mm&r=g\",\"contentUrl\":\"https:\/\/secure.gravatar.com\/avatar\/e0a867bdedb85fd243eadf09663511f96fc81e0720a4a42581f334ad4303aa6b?s=96&d=mm&r=g\",\"caption\":\"Reda\u00e7\u00e3o\"}}]}<\/script>\n<!-- \/ Yoast SEO plugin. -->","yoast_head_json":{"title":"Quadra famosa das g\u00eameas, amigos, gato, c\u00e3o... - Notibras","robots":{"index":"index","follow":"follow","max-snippet":"max-snippet:-1","max-image-preview":"max-image-preview:large","max-video-preview":"max-video-preview:-1"},"canonical":"https:\/\/www.notibras.com\/site\/quadra-famosa-das-gemeas-amigos-gato-cao\/","og_locale":"pt_BR","og_type":"article","og_title":"Quadra famosa das g\u00eameas, amigos, gato, c\u00e3o... - Notibras","og_description":"Duas meninas, g\u00eameas, sete anos, uma Ana Maria, outra Mariana. Ana Maria tinha grandes olhos de um castanho meio mel; Mariana tamb\u00e9m. Ana Maria com seus cabelos encaracolados, ca\u00eddos um pouco abaixo dos ombros; Mariana tamb\u00e9m. Ana Maria adorava sorvete de flocos; Mariana, de morango. As duas irm\u00e3s moravam em uma pequena rua, uma rua [&hellip;]","og_url":"https:\/\/www.notibras.com\/site\/quadra-famosa-das-gemeas-amigos-gato-cao\/","og_site_name":"Notibras","article_publisher":"https:\/\/www.facebook.com\/notibras\/","article_published_time":"2023-06-18T21:20:15+00:00","og_image":[{"width":612,"height":455,"url":"https:\/\/www.notibras.com\/site\/wp-content\/uploads\/2023\/06\/gettyimages-472318635-612x612-1.jpg","type":"image\/jpeg"}],"author":"Reda\u00e7\u00e3o","twitter_card":"summary_large_image","twitter_creator":"@Notibras","twitter_site":"@Notibras","twitter_misc":{"Escrito por":"Reda\u00e7\u00e3o","Est. tempo de leitura":"4 minutos"},"schema":{"@context":"https:\/\/schema.org","@graph":[{"@type":"Article","@id":"https:\/\/www.notibras.com\/site\/quadra-famosa-das-gemeas-amigos-gato-cao\/#article","isPartOf":{"@id":"https:\/\/www.notibras.com\/site\/quadra-famosa-das-gemeas-amigos-gato-cao\/"},"author":{"name":"Reda\u00e7\u00e3o","@id":"https:\/\/www.notibras.com\/site\/#\/schema\/person\/36ab0979449956132d3e5b517ea76ac8"},"headline":"Quadra famosa das g\u00eameas, amigos, gato, c\u00e3o&#8230;","datePublished":"2023-06-18T21:20:15+00:00","mainEntityOfPage":{"@id":"https:\/\/www.notibras.com\/site\/quadra-famosa-das-gemeas-amigos-gato-cao\/"},"wordCount":754,"publisher":{"@id":"https:\/\/www.notibras.com\/site\/#organization"},"image":{"@id":"https:\/\/www.notibras.com\/site\/quadra-famosa-das-gemeas-amigos-gato-cao\/#primaryimage"},"thumbnailUrl":"https:\/\/www.notibras.com\/site\/wp-content\/uploads\/2023\/06\/gettyimages-472318635-612x612-1.jpg","articleSection":["Quadradinho em Foco"],"inLanguage":"pt-BR"},{"@type":"WebPage","@id":"https:\/\/www.notibras.com\/site\/quadra-famosa-das-gemeas-amigos-gato-cao\/","url":"https:\/\/www.notibras.com\/site\/quadra-famosa-das-gemeas-amigos-gato-cao\/","name":"Quadra famosa das g\u00eameas, amigos, gato, c\u00e3o... - Notibras","isPartOf":{"@id":"https:\/\/www.notibras.com\/site\/#website"},"primaryImageOfPage":{"@id":"https:\/\/www.notibras.com\/site\/quadra-famosa-das-gemeas-amigos-gato-cao\/#primaryimage"},"image":{"@id":"https:\/\/www.notibras.com\/site\/quadra-famosa-das-gemeas-amigos-gato-cao\/#primaryimage"},"thumbnailUrl":"https:\/\/www.notibras.com\/site\/wp-content\/uploads\/2023\/06\/gettyimages-472318635-612x612-1.jpg","datePublished":"2023-06-18T21:20:15+00:00","breadcrumb":{"@id":"https:\/\/www.notibras.com\/site\/quadra-famosa-das-gemeas-amigos-gato-cao\/#breadcrumb"},"inLanguage":"pt-BR","potentialAction":[{"@type":"ReadAction","target":["https:\/\/www.notibras.com\/site\/quadra-famosa-das-gemeas-amigos-gato-cao\/"]}]},{"@type":"ImageObject","inLanguage":"pt-BR","@id":"https:\/\/www.notibras.com\/site\/quadra-famosa-das-gemeas-amigos-gato-cao\/#primaryimage","url":"https:\/\/www.notibras.com\/site\/wp-content\/uploads\/2023\/06\/gettyimages-472318635-612x612-1.jpg","contentUrl":"https:\/\/www.notibras.com\/site\/wp-content\/uploads\/2023\/06\/gettyimages-472318635-612x612-1.jpg","width":612,"height":455,"caption":"A-Digit"},{"@type":"BreadcrumbList","@id":"https:\/\/www.notibras.com\/site\/quadra-famosa-das-gemeas-amigos-gato-cao\/#breadcrumb","itemListElement":[{"@type":"ListItem","position":1,"name":"In\u00edcio","item":"https:\/\/www.notibras.com\/site\/"},{"@type":"ListItem","position":2,"name":"Quadra famosa das g\u00eameas, amigos, gato, c\u00e3o&#8230;"}]},{"@type":"WebSite","@id":"https:\/\/www.notibras.com\/site\/#website","url":"https:\/\/www.notibras.com\/site\/","name":"Notibras","description":"Not\u00edcias de Bras\u00edlia, do Brasil e do Mundo","publisher":{"@id":"https:\/\/www.notibras.com\/site\/#organization"},"potentialAction":[{"@type":"SearchAction","target":{"@type":"EntryPoint","urlTemplate":"https:\/\/www.notibras.com\/site\/?s={search_term_string}"},"query-input":{"@type":"PropertyValueSpecification","valueRequired":true,"valueName":"search_term_string"}}],"inLanguage":"pt-BR"},{"@type":"Organization","@id":"https:\/\/www.notibras.com\/site\/#organization","name":"Grupo Notibras de Comunica\u00e7\u00e3o","url":"https:\/\/www.notibras.com\/site\/","logo":{"@type":"ImageObject","inLanguage":"pt-BR","@id":"https:\/\/www.notibras.com\/site\/#\/schema\/logo\/image\/","url":"https:\/\/www.notibras.com\/site\/wp-content\/uploads\/2023\/01\/notibras23.png","contentUrl":"https:\/\/www.notibras.com\/site\/wp-content\/uploads\/2023\/01\/notibras23.png","width":350,"height":87,"caption":"Grupo Notibras de Comunica\u00e7\u00e3o"},"image":{"@id":"https:\/\/www.notibras.com\/site\/#\/schema\/logo\/image\/"},"sameAs":["https:\/\/www.facebook.com\/notibras\/","https:\/\/x.com\/Notibras","https:\/\/www.instagram.com\/notibras\/"]},{"@type":"Person","@id":"https:\/\/www.notibras.com\/site\/#\/schema\/person\/36ab0979449956132d3e5b517ea76ac8","name":"Reda\u00e7\u00e3o","image":{"@type":"ImageObject","inLanguage":"pt-BR","@id":"https:\/\/secure.gravatar.com\/avatar\/e0a867bdedb85fd243eadf09663511f96fc81e0720a4a42581f334ad4303aa6b?s=96&d=mm&r=g","url":"https:\/\/secure.gravatar.com\/avatar\/e0a867bdedb85fd243eadf09663511f96fc81e0720a4a42581f334ad4303aa6b?s=96&d=mm&r=g","contentUrl":"https:\/\/secure.gravatar.com\/avatar\/e0a867bdedb85fd243eadf09663511f96fc81e0720a4a42581f334ad4303aa6b?s=96&d=mm&r=g","caption":"Reda\u00e7\u00e3o"}}]}},"amp_enabled":true,"_links":{"self":[{"href":"https:\/\/www.notibras.com\/site\/wp-json\/wp\/v2\/posts\/307157","targetHints":{"allow":["GET"]}}],"collection":[{"href":"https:\/\/www.notibras.com\/site\/wp-json\/wp\/v2\/posts"}],"about":[{"href":"https:\/\/www.notibras.com\/site\/wp-json\/wp\/v2\/types\/post"}],"author":[{"embeddable":true,"href":"https:\/\/www.notibras.com\/site\/wp-json\/wp\/v2\/users\/2"}],"replies":[{"embeddable":true,"href":"https:\/\/www.notibras.com\/site\/wp-json\/wp\/v2\/comments?post=307157"}],"version-history":[{"count":1,"href":"https:\/\/www.notibras.com\/site\/wp-json\/wp\/v2\/posts\/307157\/revisions"}],"predecessor-version":[{"id":307159,"href":"https:\/\/www.notibras.com\/site\/wp-json\/wp\/v2\/posts\/307157\/revisions\/307159"}],"wp:featuredmedia":[{"embeddable":true,"href":"https:\/\/www.notibras.com\/site\/wp-json\/wp\/v2\/media\/307158"}],"wp:attachment":[{"href":"https:\/\/www.notibras.com\/site\/wp-json\/wp\/v2\/media?parent=307157"}],"wp:term":[{"taxonomy":"category","embeddable":true,"href":"https:\/\/www.notibras.com\/site\/wp-json\/wp\/v2\/categories?post=307157"},{"taxonomy":"post_tag","embeddable":true,"href":"https:\/\/www.notibras.com\/site\/wp-json\/wp\/v2\/tags?post=307157"}],"curies":[{"name":"wp","href":"https:\/\/api.w.org\/{rel}","templated":true}]}}