{"id":307163,"date":"2023-06-18T15:01:49","date_gmt":"2023-06-18T18:01:49","guid":{"rendered":"https:\/\/www.notibras.com\/site\/?p=307163"},"modified":"2023-06-18T18:45:28","modified_gmt":"2023-06-18T21:45:28","slug":"avanca-projeto-que-valoriza-trabalho-das-parteiras-tradicionais","status":"publish","type":"post","link":"https:\/\/www.notibras.com\/site\/avanca-projeto-que-valoriza-trabalho-das-parteiras-tradicionais\/","title":{"rendered":"Avan\u00e7a projeto que valoriza trabalho das parteiras tradicionais"},"content":{"rendered":"<p>A Comiss\u00e3o de Trabalho da C\u00e2mara dos Deputados aprovou proposta que obriga o Sistema \u00danico de Sa\u00fade (SUS) a promover a\u00e7\u00f5es educativas para expandir os conhecimentos t\u00e9cnicos das parteiras tradicionais. O objetivo \u00e9 reconhecer e valorizar os servi\u00e7os de assist\u00eancia ao parto domiciliar prestados por essas mulheres.<\/p>\n<p>As a\u00e7\u00f5es educativas ser\u00e3o realizadas, preferencialmente, por meio de metodologia participativa, com respeito aos valores, \u00e0s cren\u00e7as e aos modos de ver o mundo dos participantes.<\/p>\n<p>Relatora no colegiado, a deputada Fl\u00e1via Morais (PDT-GO) defendeu a aprova\u00e7\u00e3o do Projeto de Lei 912\/19, do ex-deputado Camilo Capiberibe (AP), na forma do substitutivo adotado pela Comiss\u00e3o de Seguridade Social e Fam\u00edlia, atualmente Comiss\u00e3o de Sa\u00fade.<\/p>\n<p>\u201cO substitutivo pretendeu estabelecer mecanismos de reconhecimento e valoriza\u00e7\u00e3o da atividade das parteiras tradicionais e garantir a possibilidade da atua\u00e7\u00e3o aut\u00f4noma em localidades onde n\u00e3o haja atendimento de sa\u00fade p\u00fablica ou n\u00e3o haja capacidade de suprir a demanda por servi\u00e7os de sa\u00fade\u201d, observou a relatora.<\/p>\n<p>O deputado Dr. Frederico (Patriota-MG), autor do substitutivo, entendeu que, \u201cao condicionar o exerc\u00edcio da profiss\u00e3o \u00e0 conclus\u00e3o de curso de qualifica\u00e7\u00e3o do Minist\u00e9rio da Sa\u00fade ou \u00e0 filia\u00e7\u00e3o de entidade de classe\u201d, o projeto original modificaria \u201ca din\u00e2mica secular de forma\u00e7\u00e3o\u201d das parteiras tradicionais, subvalorizando o aprendizado dessas mulheres.<\/p>\n<p>O substitutivo aprovado n\u00e3o restringe o exerc\u00edcio da profiss\u00e3o de parteira tradicional e garante a essas mulheres a retaguarda permanente do poder p\u00fablico. Pelo texto, \u00e9 assegurada a atua\u00e7\u00e3o de parteiras tradicionais, de modo excepcional e sem preju\u00edzo da necessidade de implanta\u00e7\u00e3o superveniente de atendimento m\u00e9dico-hospitalar, nos locais onde h\u00e1 aus\u00eancia de atendimento de sa\u00fade p\u00fablica ou onde esse servi\u00e7o n\u00e3o atenda a demanda de obstetr\u00edcia.<\/p>\n<p>Em outras duas frentes, a proposta prev\u00ea que as a\u00e7\u00f5es educativas do SUS devem envolver prefeitos de cidades onde atuem parteiras tradicionais, a fim de valorizar, apoiar e qualificar o trabalho dessas pessoas; e profissionais de sa\u00fade que t\u00eam contato com as parteiras tradicionais.<\/p>\n<p><strong>Tramita\u00e7\u00e3o<\/strong><br \/>\nA proposta ser\u00e1 ainda analisada, em car\u00e1ter conclusivo, pelas comiss\u00f5es de Finan\u00e7as e Tributa\u00e7\u00e3o; e de Constitui\u00e7\u00e3o e Justi\u00e7a e de Cidadania (CCJ).<\/p>\n","protected":false},"excerpt":{"rendered":"<p>A Comiss\u00e3o de Trabalho da C\u00e2mara dos Deputados aprovou proposta que obriga o Sistema \u00danico de Sa\u00fade (SUS) a promover a\u00e7\u00f5es educativas para expandir os conhecimentos t\u00e9cnicos das parteiras tradicionais. O objetivo \u00e9 reconhecer e valorizar os servi\u00e7os de assist\u00eancia ao parto domiciliar prestados por essas mulheres. As a\u00e7\u00f5es educativas ser\u00e3o realizadas, preferencialmente, por meio [&hellip;]<\/p>\n","protected":false},"author":2,"featured_media":307164,"comment_status":"closed","ping_status":"closed","sticky":false,"template":"","format":"standard","meta":{"_acf_changed":false,"footnotes":""},"categories":[161],"tags":[95],"class_list":["post-307163","post","type-post","status-publish","format-standard","has-post-thumbnail","hentry","category-quadradinho-em-foco","tag-capa"],"acf":[],"yoast_head":"<!-- This site is optimized with the Yoast SEO plugin v27.2 - https:\/\/yoast.com\/product\/yoast-seo-wordpress\/ -->\n<title>Avan\u00e7a projeto que valoriza trabalho das parteiras tradicionais - Notibras<\/title>\n<meta name=\"robots\" content=\"index, follow, max-snippet:-1, max-image-preview:large, max-video-preview:-1\" \/>\n<link rel=\"canonical\" href=\"https:\/\/www.notibras.com\/site\/avanca-projeto-que-valoriza-trabalho-das-parteiras-tradicionais\/\" \/>\n<meta property=\"og:locale\" content=\"pt_BR\" \/>\n<meta property=\"og:type\" content=\"article\" \/>\n<meta property=\"og:title\" content=\"Avan\u00e7a projeto que valoriza trabalho das parteiras tradicionais - Notibras\" \/>\n<meta property=\"og:description\" content=\"A Comiss\u00e3o de Trabalho da C\u00e2mara dos Deputados aprovou proposta que obriga o Sistema \u00danico de Sa\u00fade (SUS) a promover a\u00e7\u00f5es educativas para expandir os conhecimentos t\u00e9cnicos das parteiras tradicionais. O objetivo \u00e9 reconhecer e valorizar os servi\u00e7os de assist\u00eancia ao parto domiciliar prestados por essas mulheres. As a\u00e7\u00f5es educativas ser\u00e3o realizadas, preferencialmente, por meio [&hellip;]\" \/>\n<meta property=\"og:url\" content=\"https:\/\/www.notibras.com\/site\/avanca-projeto-que-valoriza-trabalho-das-parteiras-tradicionais\/\" \/>\n<meta property=\"og:site_name\" content=\"Notibras\" \/>\n<meta property=\"article:publisher\" content=\"https:\/\/www.facebook.com\/notibras\/\" \/>\n<meta property=\"article:published_time\" content=\"2023-06-18T18:01:49+00:00\" \/>\n<meta property=\"article:modified_time\" content=\"2023-06-18T21:45:28+00:00\" \/>\n<meta property=\"og:image\" content=\"https:\/\/www.notibras.com\/site\/wp-content\/uploads\/2023\/06\/dep.parteiras.jpg\" \/>\n\t<meta property=\"og:image:width\" content=\"768\" \/>\n\t<meta property=\"og:image:height\" content=\"512\" \/>\n\t<meta property=\"og:image:type\" content=\"image\/jpeg\" \/>\n<meta name=\"author\" content=\"Reda\u00e7\u00e3o\" \/>\n<meta name=\"twitter:card\" content=\"summary_large_image\" \/>\n<meta name=\"twitter:creator\" content=\"@Notibras\" \/>\n<meta name=\"twitter:site\" content=\"@Notibras\" \/>\n<meta name=\"twitter:label1\" content=\"Escrito por\" \/>\n\t<meta name=\"twitter:data1\" content=\"Reda\u00e7\u00e3o\" \/>\n\t<meta name=\"twitter:label2\" content=\"Est. tempo de leitura\" \/>\n\t<meta name=\"twitter:data2\" content=\"2 minutos\" \/>\n<script type=\"application\/ld+json\" class=\"yoast-schema-graph\">{\"@context\":\"https:\/\/schema.org\",\"@graph\":[{\"@type\":\"Article\",\"@id\":\"https:\/\/www.notibras.com\/site\/avanca-projeto-que-valoriza-trabalho-das-parteiras-tradicionais\/#article\",\"isPartOf\":{\"@id\":\"https:\/\/www.notibras.com\/site\/avanca-projeto-que-valoriza-trabalho-das-parteiras-tradicionais\/\"},\"author\":{\"name\":\"Reda\u00e7\u00e3o\",\"@id\":\"https:\/\/www.notibras.com\/site\/#\/schema\/person\/36ab0979449956132d3e5b517ea76ac8\"},\"headline\":\"Avan\u00e7a projeto que valoriza trabalho das parteiras tradicionais\",\"datePublished\":\"2023-06-18T18:01:49+00:00\",\"dateModified\":\"2023-06-18T21:45:28+00:00\",\"mainEntityOfPage\":{\"@id\":\"https:\/\/www.notibras.com\/site\/avanca-projeto-que-valoriza-trabalho-das-parteiras-tradicionais\/\"},\"wordCount\":401,\"publisher\":{\"@id\":\"https:\/\/www.notibras.com\/site\/#organization\"},\"image\":{\"@id\":\"https:\/\/www.notibras.com\/site\/avanca-projeto-que-valoriza-trabalho-das-parteiras-tradicionais\/#primaryimage\"},\"thumbnailUrl\":\"https:\/\/www.notibras.com\/site\/wp-content\/uploads\/2023\/06\/dep.parteiras.jpg\",\"keywords\":[\"capa\"],\"articleSection\":[\"Quadradinho em Foco\"],\"inLanguage\":\"pt-BR\"},{\"@type\":\"WebPage\",\"@id\":\"https:\/\/www.notibras.com\/site\/avanca-projeto-que-valoriza-trabalho-das-parteiras-tradicionais\/\",\"url\":\"https:\/\/www.notibras.com\/site\/avanca-projeto-que-valoriza-trabalho-das-parteiras-tradicionais\/\",\"name\":\"Avan\u00e7a projeto que valoriza trabalho das parteiras tradicionais - Notibras\",\"isPartOf\":{\"@id\":\"https:\/\/www.notibras.com\/site\/#website\"},\"primaryImageOfPage\":{\"@id\":\"https:\/\/www.notibras.com\/site\/avanca-projeto-que-valoriza-trabalho-das-parteiras-tradicionais\/#primaryimage\"},\"image\":{\"@id\":\"https:\/\/www.notibras.com\/site\/avanca-projeto-que-valoriza-trabalho-das-parteiras-tradicionais\/#primaryimage\"},\"thumbnailUrl\":\"https:\/\/www.notibras.com\/site\/wp-content\/uploads\/2023\/06\/dep.parteiras.jpg\",\"datePublished\":\"2023-06-18T18:01:49+00:00\",\"dateModified\":\"2023-06-18T21:45:28+00:00\",\"breadcrumb\":{\"@id\":\"https:\/\/www.notibras.com\/site\/avanca-projeto-que-valoriza-trabalho-das-parteiras-tradicionais\/#breadcrumb\"},\"inLanguage\":\"pt-BR\",\"potentialAction\":[{\"@type\":\"ReadAction\",\"target\":[\"https:\/\/www.notibras.com\/site\/avanca-projeto-que-valoriza-trabalho-das-parteiras-tradicionais\/\"]}]},{\"@type\":\"ImageObject\",\"inLanguage\":\"pt-BR\",\"@id\":\"https:\/\/www.notibras.com\/site\/avanca-projeto-que-valoriza-trabalho-das-parteiras-tradicionais\/#primaryimage\",\"url\":\"https:\/\/www.notibras.com\/site\/wp-content\/uploads\/2023\/06\/dep.parteiras.jpg\",\"contentUrl\":\"https:\/\/www.notibras.com\/site\/wp-content\/uploads\/2023\/06\/dep.parteiras.jpg\",\"width\":768,\"height\":512},{\"@type\":\"BreadcrumbList\",\"@id\":\"https:\/\/www.notibras.com\/site\/avanca-projeto-que-valoriza-trabalho-das-parteiras-tradicionais\/#breadcrumb\",\"itemListElement\":[{\"@type\":\"ListItem\",\"position\":1,\"name\":\"In\u00edcio\",\"item\":\"https:\/\/www.notibras.com\/site\/\"},{\"@type\":\"ListItem\",\"position\":2,\"name\":\"Avan\u00e7a projeto que valoriza trabalho das parteiras tradicionais\"}]},{\"@type\":\"WebSite\",\"@id\":\"https:\/\/www.notibras.com\/site\/#website\",\"url\":\"https:\/\/www.notibras.com\/site\/\",\"name\":\"Notibras\",\"description\":\"Not\u00edcias de Bras\u00edlia, do Brasil e do Mundo\",\"publisher\":{\"@id\":\"https:\/\/www.notibras.com\/site\/#organization\"},\"potentialAction\":[{\"@type\":\"SearchAction\",\"target\":{\"@type\":\"EntryPoint\",\"urlTemplate\":\"https:\/\/www.notibras.com\/site\/?s={search_term_string}\"},\"query-input\":{\"@type\":\"PropertyValueSpecification\",\"valueRequired\":true,\"valueName\":\"search_term_string\"}}],\"inLanguage\":\"pt-BR\"},{\"@type\":\"Organization\",\"@id\":\"https:\/\/www.notibras.com\/site\/#organization\",\"name\":\"Grupo Notibras de Comunica\u00e7\u00e3o\",\"url\":\"https:\/\/www.notibras.com\/site\/\",\"logo\":{\"@type\":\"ImageObject\",\"inLanguage\":\"pt-BR\",\"@id\":\"https:\/\/www.notibras.com\/site\/#\/schema\/logo\/image\/\",\"url\":\"https:\/\/www.notibras.com\/site\/wp-content\/uploads\/2023\/01\/notibras23.png\",\"contentUrl\":\"https:\/\/www.notibras.com\/site\/wp-content\/uploads\/2023\/01\/notibras23.png\",\"width\":350,\"height\":87,\"caption\":\"Grupo Notibras de Comunica\u00e7\u00e3o\"},\"image\":{\"@id\":\"https:\/\/www.notibras.com\/site\/#\/schema\/logo\/image\/\"},\"sameAs\":[\"https:\/\/www.facebook.com\/notibras\/\",\"https:\/\/x.com\/Notibras\",\"https:\/\/www.instagram.com\/notibras\/\"]},{\"@type\":\"Person\",\"@id\":\"https:\/\/www.notibras.com\/site\/#\/schema\/person\/36ab0979449956132d3e5b517ea76ac8\",\"name\":\"Reda\u00e7\u00e3o\",\"image\":{\"@type\":\"ImageObject\",\"inLanguage\":\"pt-BR\",\"@id\":\"https:\/\/secure.gravatar.com\/avatar\/e0a867bdedb85fd243eadf09663511f96fc81e0720a4a42581f334ad4303aa6b?s=96&d=mm&r=g\",\"url\":\"https:\/\/secure.gravatar.com\/avatar\/e0a867bdedb85fd243eadf09663511f96fc81e0720a4a42581f334ad4303aa6b?s=96&d=mm&r=g\",\"contentUrl\":\"https:\/\/secure.gravatar.com\/avatar\/e0a867bdedb85fd243eadf09663511f96fc81e0720a4a42581f334ad4303aa6b?s=96&d=mm&r=g\",\"caption\":\"Reda\u00e7\u00e3o\"}}]}<\/script>\n<!-- \/ Yoast SEO plugin. -->","yoast_head_json":{"title":"Avan\u00e7a projeto que valoriza trabalho das parteiras tradicionais - Notibras","robots":{"index":"index","follow":"follow","max-snippet":"max-snippet:-1","max-image-preview":"max-image-preview:large","max-video-preview":"max-video-preview:-1"},"canonical":"https:\/\/www.notibras.com\/site\/avanca-projeto-que-valoriza-trabalho-das-parteiras-tradicionais\/","og_locale":"pt_BR","og_type":"article","og_title":"Avan\u00e7a projeto que valoriza trabalho das parteiras tradicionais - Notibras","og_description":"A Comiss\u00e3o de Trabalho da C\u00e2mara dos Deputados aprovou proposta que obriga o Sistema \u00danico de Sa\u00fade (SUS) a promover a\u00e7\u00f5es educativas para expandir os conhecimentos t\u00e9cnicos das parteiras tradicionais. O objetivo \u00e9 reconhecer e valorizar os servi\u00e7os de assist\u00eancia ao parto domiciliar prestados por essas mulheres. As a\u00e7\u00f5es educativas ser\u00e3o realizadas, preferencialmente, por meio [&hellip;]","og_url":"https:\/\/www.notibras.com\/site\/avanca-projeto-que-valoriza-trabalho-das-parteiras-tradicionais\/","og_site_name":"Notibras","article_publisher":"https:\/\/www.facebook.com\/notibras\/","article_published_time":"2023-06-18T18:01:49+00:00","article_modified_time":"2023-06-18T21:45:28+00:00","og_image":[{"width":768,"height":512,"url":"https:\/\/www.notibras.com\/site\/wp-content\/uploads\/2023\/06\/dep.parteiras.jpg","type":"image\/jpeg"}],"author":"Reda\u00e7\u00e3o","twitter_card":"summary_large_image","twitter_creator":"@Notibras","twitter_site":"@Notibras","twitter_misc":{"Escrito por":"Reda\u00e7\u00e3o","Est. tempo de leitura":"2 minutos"},"schema":{"@context":"https:\/\/schema.org","@graph":[{"@type":"Article","@id":"https:\/\/www.notibras.com\/site\/avanca-projeto-que-valoriza-trabalho-das-parteiras-tradicionais\/#article","isPartOf":{"@id":"https:\/\/www.notibras.com\/site\/avanca-projeto-que-valoriza-trabalho-das-parteiras-tradicionais\/"},"author":{"name":"Reda\u00e7\u00e3o","@id":"https:\/\/www.notibras.com\/site\/#\/schema\/person\/36ab0979449956132d3e5b517ea76ac8"},"headline":"Avan\u00e7a projeto que valoriza trabalho das parteiras tradicionais","datePublished":"2023-06-18T18:01:49+00:00","dateModified":"2023-06-18T21:45:28+00:00","mainEntityOfPage":{"@id":"https:\/\/www.notibras.com\/site\/avanca-projeto-que-valoriza-trabalho-das-parteiras-tradicionais\/"},"wordCount":401,"publisher":{"@id":"https:\/\/www.notibras.com\/site\/#organization"},"image":{"@id":"https:\/\/www.notibras.com\/site\/avanca-projeto-que-valoriza-trabalho-das-parteiras-tradicionais\/#primaryimage"},"thumbnailUrl":"https:\/\/www.notibras.com\/site\/wp-content\/uploads\/2023\/06\/dep.parteiras.jpg","keywords":["capa"],"articleSection":["Quadradinho em Foco"],"inLanguage":"pt-BR"},{"@type":"WebPage","@id":"https:\/\/www.notibras.com\/site\/avanca-projeto-que-valoriza-trabalho-das-parteiras-tradicionais\/","url":"https:\/\/www.notibras.com\/site\/avanca-projeto-que-valoriza-trabalho-das-parteiras-tradicionais\/","name":"Avan\u00e7a projeto que valoriza trabalho das parteiras tradicionais - Notibras","isPartOf":{"@id":"https:\/\/www.notibras.com\/site\/#website"},"primaryImageOfPage":{"@id":"https:\/\/www.notibras.com\/site\/avanca-projeto-que-valoriza-trabalho-das-parteiras-tradicionais\/#primaryimage"},"image":{"@id":"https:\/\/www.notibras.com\/site\/avanca-projeto-que-valoriza-trabalho-das-parteiras-tradicionais\/#primaryimage"},"thumbnailUrl":"https:\/\/www.notibras.com\/site\/wp-content\/uploads\/2023\/06\/dep.parteiras.jpg","datePublished":"2023-06-18T18:01:49+00:00","dateModified":"2023-06-18T21:45:28+00:00","breadcrumb":{"@id":"https:\/\/www.notibras.com\/site\/avanca-projeto-que-valoriza-trabalho-das-parteiras-tradicionais\/#breadcrumb"},"inLanguage":"pt-BR","potentialAction":[{"@type":"ReadAction","target":["https:\/\/www.notibras.com\/site\/avanca-projeto-que-valoriza-trabalho-das-parteiras-tradicionais\/"]}]},{"@type":"ImageObject","inLanguage":"pt-BR","@id":"https:\/\/www.notibras.com\/site\/avanca-projeto-que-valoriza-trabalho-das-parteiras-tradicionais\/#primaryimage","url":"https:\/\/www.notibras.com\/site\/wp-content\/uploads\/2023\/06\/dep.parteiras.jpg","contentUrl":"https:\/\/www.notibras.com\/site\/wp-content\/uploads\/2023\/06\/dep.parteiras.jpg","width":768,"height":512},{"@type":"BreadcrumbList","@id":"https:\/\/www.notibras.com\/site\/avanca-projeto-que-valoriza-trabalho-das-parteiras-tradicionais\/#breadcrumb","itemListElement":[{"@type":"ListItem","position":1,"name":"In\u00edcio","item":"https:\/\/www.notibras.com\/site\/"},{"@type":"ListItem","position":2,"name":"Avan\u00e7a projeto que valoriza trabalho das parteiras tradicionais"}]},{"@type":"WebSite","@id":"https:\/\/www.notibras.com\/site\/#website","url":"https:\/\/www.notibras.com\/site\/","name":"Notibras","description":"Not\u00edcias de Bras\u00edlia, do Brasil e do Mundo","publisher":{"@id":"https:\/\/www.notibras.com\/site\/#organization"},"potentialAction":[{"@type":"SearchAction","target":{"@type":"EntryPoint","urlTemplate":"https:\/\/www.notibras.com\/site\/?s={search_term_string}"},"query-input":{"@type":"PropertyValueSpecification","valueRequired":true,"valueName":"search_term_string"}}],"inLanguage":"pt-BR"},{"@type":"Organization","@id":"https:\/\/www.notibras.com\/site\/#organization","name":"Grupo Notibras de Comunica\u00e7\u00e3o","url":"https:\/\/www.notibras.com\/site\/","logo":{"@type":"ImageObject","inLanguage":"pt-BR","@id":"https:\/\/www.notibras.com\/site\/#\/schema\/logo\/image\/","url":"https:\/\/www.notibras.com\/site\/wp-content\/uploads\/2023\/01\/notibras23.png","contentUrl":"https:\/\/www.notibras.com\/site\/wp-content\/uploads\/2023\/01\/notibras23.png","width":350,"height":87,"caption":"Grupo Notibras de Comunica\u00e7\u00e3o"},"image":{"@id":"https:\/\/www.notibras.com\/site\/#\/schema\/logo\/image\/"},"sameAs":["https:\/\/www.facebook.com\/notibras\/","https:\/\/x.com\/Notibras","https:\/\/www.instagram.com\/notibras\/"]},{"@type":"Person","@id":"https:\/\/www.notibras.com\/site\/#\/schema\/person\/36ab0979449956132d3e5b517ea76ac8","name":"Reda\u00e7\u00e3o","image":{"@type":"ImageObject","inLanguage":"pt-BR","@id":"https:\/\/secure.gravatar.com\/avatar\/e0a867bdedb85fd243eadf09663511f96fc81e0720a4a42581f334ad4303aa6b?s=96&d=mm&r=g","url":"https:\/\/secure.gravatar.com\/avatar\/e0a867bdedb85fd243eadf09663511f96fc81e0720a4a42581f334ad4303aa6b?s=96&d=mm&r=g","contentUrl":"https:\/\/secure.gravatar.com\/avatar\/e0a867bdedb85fd243eadf09663511f96fc81e0720a4a42581f334ad4303aa6b?s=96&d=mm&r=g","caption":"Reda\u00e7\u00e3o"}}]}},"amp_enabled":true,"_links":{"self":[{"href":"https:\/\/www.notibras.com\/site\/wp-json\/wp\/v2\/posts\/307163","targetHints":{"allow":["GET"]}}],"collection":[{"href":"https:\/\/www.notibras.com\/site\/wp-json\/wp\/v2\/posts"}],"about":[{"href":"https:\/\/www.notibras.com\/site\/wp-json\/wp\/v2\/types\/post"}],"author":[{"embeddable":true,"href":"https:\/\/www.notibras.com\/site\/wp-json\/wp\/v2\/users\/2"}],"replies":[{"embeddable":true,"href":"https:\/\/www.notibras.com\/site\/wp-json\/wp\/v2\/comments?post=307163"}],"version-history":[{"count":1,"href":"https:\/\/www.notibras.com\/site\/wp-json\/wp\/v2\/posts\/307163\/revisions"}],"predecessor-version":[{"id":307165,"href":"https:\/\/www.notibras.com\/site\/wp-json\/wp\/v2\/posts\/307163\/revisions\/307165"}],"wp:featuredmedia":[{"embeddable":true,"href":"https:\/\/www.notibras.com\/site\/wp-json\/wp\/v2\/media\/307164"}],"wp:attachment":[{"href":"https:\/\/www.notibras.com\/site\/wp-json\/wp\/v2\/media?parent=307163"}],"wp:term":[{"taxonomy":"category","embeddable":true,"href":"https:\/\/www.notibras.com\/site\/wp-json\/wp\/v2\/categories?post=307163"},{"taxonomy":"post_tag","embeddable":true,"href":"https:\/\/www.notibras.com\/site\/wp-json\/wp\/v2\/tags?post=307163"}],"curies":[{"name":"wp","href":"https:\/\/api.w.org\/{rel}","templated":true}]}}