{"id":307166,"date":"2023-06-19T00:32:41","date_gmt":"2023-06-19T03:32:41","guid":{"rendered":"https:\/\/www.notibras.com\/site\/?p=307166"},"modified":"2023-06-19T08:06:46","modified_gmt":"2023-06-19T11:06:46","slug":"governo-precisa-ficar-atento-e-evitar-violencia-no-trabalho","status":"publish","type":"post","link":"https:\/\/www.notibras.com\/site\/governo-precisa-ficar-atento-e-evitar-violencia-no-trabalho\/","title":{"rendered":"Governo precisa ficar atento e evitar viol\u00eancia no trabalho"},"content":{"rendered":"<p>Especialistas e parlamentares defenderam a ratifica\u00e7\u00e3o da Conven\u00e7\u00e3o 190, da Organiza\u00e7\u00e3o Internacional do Trabalho (OIT), para enfrentar atos de viol\u00eancia e ass\u00e9dio no ambiente laboral. Eles participaram de audi\u00eancia p\u00fablica da Comiss\u00e3o de Defesa dos Direitos da Mulher da C\u00e2mara dos Deputados nesta semana.<\/p>\n<p>A Conven\u00e7\u00e3o 190 \u00e9 o primeiro tratado internacional a reconhecer o direito de todas as pessoas a um mundo de trabalho livre de viol\u00eancia e ass\u00e9dio. O texto busca ampliar os conceitos relacionados \u00e0 viol\u00eancia e ao ass\u00e9dio no trabalho, apontar o papel dos empregadores na preven\u00e7\u00e3o e elimina\u00e7\u00e3o desses problemas e estabelecer medidas pr\u00e1ticas para lidar com casos de viola\u00e7\u00e3o. Dentre os pa\u00edses da Am\u00e9rica Latina, tr\u00eas j\u00e1 legalizaram o acordo: Equador, Uruguai e Argentina.<\/p>\n<p>A conven\u00e7\u00e3o entrou internacionalmente em vigor em 2021, mas no Brasil ainda depende de ratifica\u00e7\u00e3o. Para isso, precisa passar pelo Congresso Nacional, onde tramita na forma de mensagem de acordo internacional (MSC 86\/23).<\/p>\n<p>No momento, o texto est\u00e1 na Comiss\u00e3o de Rela\u00e7\u00f5es Exteriores da C\u00e2mara, onde \u00e9 relatado pela deputada Fernanda Melchionna (Psol-RS). Mas ainda precisa passar por uma s\u00e9rie de comiss\u00f5es antes de ir a Plen\u00e1rio.<\/p>\n<p>A secret\u00e1ria nacional de Enfrentamento \u00e0 Viol\u00eancia contra as Mulheres do Minist\u00e9rio das Mulheres, Denise Mota Dau, v\u00ea a aprova\u00e7\u00e3o do tratado como uma das maneiras para diminuir os n\u00fameros de viol\u00eancia e ass\u00e9dio no mundo do trabalho, pois, segundo ela, faltam pol\u00edticas p\u00fablicas que protejam os trabalhadores contra esses crimes.<\/p>\n<p>\u201cA dificuldade de denunciar e comprovar essas viol\u00eancias devido \u00e0 aus\u00eancia de mecanismos efetivos de preven\u00e7\u00e3o e enfrentamento de viol\u00eancia no trabalho \u00e9 grande. Ou porque faltam processos que regulamentem e co\u00edbam os agressores na manuten\u00e7\u00e3o dos espa\u00e7os de poder, ou porque n\u00e3o h\u00e1 uma consci\u00eancia de que o enfrentamento \u00e0 viol\u00eancia no trabalho ajuda a tornar o ambiente de trabalho mais humanizado e mais saud\u00e1vel\u201d, afirma.<\/p>\n<p><strong>G\u00eanero<\/strong><br \/>\nA deputada Erika Kokay (PT-DF) mediou a audi\u00eancia p\u00fablica e disse que, apesar de as viola\u00e7\u00f5es acontecerem com homens e mulheres, \u00e9 percept\u00edvel fazer um recorte de g\u00eanero a partir dos dados.<\/p>\n<p>\u201cTem raz\u00e3o a Simone de Beauvoir, que disse que, quando se tem uma crise, ela atinge todo mundo, mas ela atingir\u00e1 sempre de forma mais intensa as mulheres. E\u00a0 que, se tem uma crise, os primeiros direitos vulnerabilizados s\u00e3o os das mulheres&#8221;, declarou.<\/p>\n<p>Uma em cada tr\u00eas mulheres afirma ter sofrido algum tipo de ass\u00e9dio sexual no ambiente laboral. Mais de 743 milh\u00f5es de homens ou mulheres j\u00e1 sofreram ass\u00e9dio moral ou sexual enquanto estavam em seu local de trabalho, de acordo com a OIT.<\/p>\n<p>Segundo a diretora do Sindicato Nacional dos Auditores Fiscais do Trabalho, Ros\u00e2ngela Silva, o baixo n\u00famero de agentes p\u00fablicos \u00e9 um fator relevante para a aus\u00eancia de fiscaliza\u00e7\u00e3o nos casos de viol\u00eancia no trabalho.<\/p>\n<p>\u201cFazer concurso p\u00fablico para auditor fiscal do trabalho \u00e9 uma necessidade premente em nosso pa\u00eds. N\u00e3o adiantar\u00e1 ratificar a conven\u00e7\u00e3o se n\u00e3o tiver um corpo da inspe\u00e7\u00e3o do trabalho para fazer as fiscaliza\u00e7\u00f5es, atuar quando necess\u00e1rio, efetuar um relat\u00f3rio, encaminhar para o Minist\u00e9rio P\u00fablico, e o Minist\u00e9rio P\u00fablico ingressar na Justi\u00e7a do Trabalho\u201d, salientou.<\/p>\n<p>Para a representante do F\u00f3rum de Mulheres das Centrais Sindicais, S\u00f4nia Maria, \u00e9 preciso cuidar tamb\u00e9m da sa\u00fade mental das v\u00edtimas de viol\u00eancia e ass\u00e9dio no trabalho.<\/p>\n<p>\u201cA situa\u00e7\u00e3o de sa\u00fade mental no Brasil \u00e9 preocupante e deve ser analisada como epidemia. S\u00f3 os dados n\u00e3o traduzem a realidade da situa\u00e7\u00e3o, uma vez que a subnotifica\u00e7\u00e3o ocasionada pelo medo e por falta de acolhimento \u00e9 grande.\u201d<\/p>\n<p>A deputada Juliana Cardoso (PT-SP), que pediu a realiza\u00e7\u00e3o do debate, sugeriu que os dados e os pedidos apresentados durante a audi\u00eancia sejam levados para a Mesa Diretora da C\u00e2mara, em uma busca pela aprova\u00e7\u00e3o mais c\u00e9lere da Conven\u00e7\u00e3o 190. A parlamentar tamb\u00e9m sugeriu uma reuni\u00e3o com a primeira-dama da Rep\u00fablica, Janja Lula da Silva.<\/p>\n","protected":false},"excerpt":{"rendered":"<p>Especialistas e parlamentares defenderam a ratifica\u00e7\u00e3o da Conven\u00e7\u00e3o 190, da Organiza\u00e7\u00e3o Internacional do Trabalho (OIT), para enfrentar atos de viol\u00eancia e ass\u00e9dio no ambiente laboral. Eles participaram de audi\u00eancia p\u00fablica da Comiss\u00e3o de Defesa dos Direitos da Mulher da C\u00e2mara dos Deputados nesta semana. A Conven\u00e7\u00e3o 190 \u00e9 o primeiro tratado internacional a reconhecer o [&hellip;]<\/p>\n","protected":false},"author":2,"featured_media":307167,"comment_status":"closed","ping_status":"closed","sticky":false,"template":"","format":"standard","meta":{"_acf_changed":false,"footnotes":""},"categories":[161],"tags":[95],"class_list":["post-307166","post","type-post","status-publish","format-standard","has-post-thumbnail","hentry","category-quadradinho-em-foco","tag-capa"],"acf":[],"yoast_head":"<!-- This site is optimized with the Yoast SEO plugin v27.2 - https:\/\/yoast.com\/product\/yoast-seo-wordpress\/ -->\n<title>Governo precisa ficar atento e evitar viol\u00eancia no trabalho - Notibras<\/title>\n<meta name=\"robots\" content=\"index, follow, max-snippet:-1, max-image-preview:large, max-video-preview:-1\" \/>\n<link rel=\"canonical\" href=\"https:\/\/www.notibras.com\/site\/governo-precisa-ficar-atento-e-evitar-violencia-no-trabalho\/\" \/>\n<meta property=\"og:locale\" content=\"pt_BR\" \/>\n<meta property=\"og:type\" content=\"article\" \/>\n<meta property=\"og:title\" content=\"Governo precisa ficar atento e evitar viol\u00eancia no trabalho - Notibras\" \/>\n<meta property=\"og:description\" content=\"Especialistas e parlamentares defenderam a ratifica\u00e7\u00e3o da Conven\u00e7\u00e3o 190, da Organiza\u00e7\u00e3o Internacional do Trabalho (OIT), para enfrentar atos de viol\u00eancia e ass\u00e9dio no ambiente laboral. Eles participaram de audi\u00eancia p\u00fablica da Comiss\u00e3o de Defesa dos Direitos da Mulher da C\u00e2mara dos Deputados nesta semana. A Conven\u00e7\u00e3o 190 \u00e9 o primeiro tratado internacional a reconhecer o [&hellip;]\" \/>\n<meta property=\"og:url\" content=\"https:\/\/www.notibras.com\/site\/governo-precisa-ficar-atento-e-evitar-violencia-no-trabalho\/\" \/>\n<meta property=\"og:site_name\" content=\"Notibras\" \/>\n<meta property=\"article:publisher\" content=\"https:\/\/www.facebook.com\/notibras\/\" \/>\n<meta property=\"article:published_time\" content=\"2023-06-19T03:32:41+00:00\" \/>\n<meta property=\"article:modified_time\" content=\"2023-06-19T11:06:46+00:00\" \/>\n<meta property=\"og:image\" content=\"https:\/\/www.notibras.com\/site\/wp-content\/uploads\/2023\/06\/img20230615174516094-768x473-1.jpg\" \/>\n\t<meta property=\"og:image:width\" content=\"768\" \/>\n\t<meta property=\"og:image:height\" content=\"473\" \/>\n\t<meta property=\"og:image:type\" content=\"image\/jpeg\" \/>\n<meta name=\"author\" content=\"Reda\u00e7\u00e3o\" \/>\n<meta name=\"twitter:card\" content=\"summary_large_image\" \/>\n<meta name=\"twitter:creator\" content=\"@Notibras\" \/>\n<meta name=\"twitter:site\" content=\"@Notibras\" \/>\n<meta name=\"twitter:label1\" content=\"Escrito por\" \/>\n\t<meta name=\"twitter:data1\" content=\"Reda\u00e7\u00e3o\" \/>\n\t<meta name=\"twitter:label2\" content=\"Est. tempo de leitura\" \/>\n\t<meta name=\"twitter:data2\" content=\"4 minutos\" \/>\n<script type=\"application\/ld+json\" class=\"yoast-schema-graph\">{\"@context\":\"https:\/\/schema.org\",\"@graph\":[{\"@type\":\"Article\",\"@id\":\"https:\/\/www.notibras.com\/site\/governo-precisa-ficar-atento-e-evitar-violencia-no-trabalho\/#article\",\"isPartOf\":{\"@id\":\"https:\/\/www.notibras.com\/site\/governo-precisa-ficar-atento-e-evitar-violencia-no-trabalho\/\"},\"author\":{\"name\":\"Reda\u00e7\u00e3o\",\"@id\":\"https:\/\/www.notibras.com\/site\/#\/schema\/person\/36ab0979449956132d3e5b517ea76ac8\"},\"headline\":\"Governo precisa ficar atento e evitar viol\u00eancia no trabalho\",\"datePublished\":\"2023-06-19T03:32:41+00:00\",\"dateModified\":\"2023-06-19T11:06:46+00:00\",\"mainEntityOfPage\":{\"@id\":\"https:\/\/www.notibras.com\/site\/governo-precisa-ficar-atento-e-evitar-violencia-no-trabalho\/\"},\"wordCount\":725,\"publisher\":{\"@id\":\"https:\/\/www.notibras.com\/site\/#organization\"},\"image\":{\"@id\":\"https:\/\/www.notibras.com\/site\/governo-precisa-ficar-atento-e-evitar-violencia-no-trabalho\/#primaryimage\"},\"thumbnailUrl\":\"https:\/\/www.notibras.com\/site\/wp-content\/uploads\/2023\/06\/img20230615174516094-768x473-1.jpg\",\"keywords\":[\"capa\"],\"articleSection\":[\"Quadradinho em Foco\"],\"inLanguage\":\"pt-BR\"},{\"@type\":\"WebPage\",\"@id\":\"https:\/\/www.notibras.com\/site\/governo-precisa-ficar-atento-e-evitar-violencia-no-trabalho\/\",\"url\":\"https:\/\/www.notibras.com\/site\/governo-precisa-ficar-atento-e-evitar-violencia-no-trabalho\/\",\"name\":\"Governo precisa ficar atento e evitar viol\u00eancia no trabalho - Notibras\",\"isPartOf\":{\"@id\":\"https:\/\/www.notibras.com\/site\/#website\"},\"primaryImageOfPage\":{\"@id\":\"https:\/\/www.notibras.com\/site\/governo-precisa-ficar-atento-e-evitar-violencia-no-trabalho\/#primaryimage\"},\"image\":{\"@id\":\"https:\/\/www.notibras.com\/site\/governo-precisa-ficar-atento-e-evitar-violencia-no-trabalho\/#primaryimage\"},\"thumbnailUrl\":\"https:\/\/www.notibras.com\/site\/wp-content\/uploads\/2023\/06\/img20230615174516094-768x473-1.jpg\",\"datePublished\":\"2023-06-19T03:32:41+00:00\",\"dateModified\":\"2023-06-19T11:06:46+00:00\",\"breadcrumb\":{\"@id\":\"https:\/\/www.notibras.com\/site\/governo-precisa-ficar-atento-e-evitar-violencia-no-trabalho\/#breadcrumb\"},\"inLanguage\":\"pt-BR\",\"potentialAction\":[{\"@type\":\"ReadAction\",\"target\":[\"https:\/\/www.notibras.com\/site\/governo-precisa-ficar-atento-e-evitar-violencia-no-trabalho\/\"]}]},{\"@type\":\"ImageObject\",\"inLanguage\":\"pt-BR\",\"@id\":\"https:\/\/www.notibras.com\/site\/governo-precisa-ficar-atento-e-evitar-violencia-no-trabalho\/#primaryimage\",\"url\":\"https:\/\/www.notibras.com\/site\/wp-content\/uploads\/2023\/06\/img20230615174516094-768x473-1.jpg\",\"contentUrl\":\"https:\/\/www.notibras.com\/site\/wp-content\/uploads\/2023\/06\/img20230615174516094-768x473-1.jpg\",\"width\":768,\"height\":473},{\"@type\":\"BreadcrumbList\",\"@id\":\"https:\/\/www.notibras.com\/site\/governo-precisa-ficar-atento-e-evitar-violencia-no-trabalho\/#breadcrumb\",\"itemListElement\":[{\"@type\":\"ListItem\",\"position\":1,\"name\":\"In\u00edcio\",\"item\":\"https:\/\/www.notibras.com\/site\/\"},{\"@type\":\"ListItem\",\"position\":2,\"name\":\"Governo precisa ficar atento e evitar viol\u00eancia no trabalho\"}]},{\"@type\":\"WebSite\",\"@id\":\"https:\/\/www.notibras.com\/site\/#website\",\"url\":\"https:\/\/www.notibras.com\/site\/\",\"name\":\"Notibras\",\"description\":\"Not\u00edcias de Bras\u00edlia, do Brasil e do Mundo\",\"publisher\":{\"@id\":\"https:\/\/www.notibras.com\/site\/#organization\"},\"potentialAction\":[{\"@type\":\"SearchAction\",\"target\":{\"@type\":\"EntryPoint\",\"urlTemplate\":\"https:\/\/www.notibras.com\/site\/?s={search_term_string}\"},\"query-input\":{\"@type\":\"PropertyValueSpecification\",\"valueRequired\":true,\"valueName\":\"search_term_string\"}}],\"inLanguage\":\"pt-BR\"},{\"@type\":\"Organization\",\"@id\":\"https:\/\/www.notibras.com\/site\/#organization\",\"name\":\"Grupo Notibras de Comunica\u00e7\u00e3o\",\"url\":\"https:\/\/www.notibras.com\/site\/\",\"logo\":{\"@type\":\"ImageObject\",\"inLanguage\":\"pt-BR\",\"@id\":\"https:\/\/www.notibras.com\/site\/#\/schema\/logo\/image\/\",\"url\":\"https:\/\/www.notibras.com\/site\/wp-content\/uploads\/2023\/01\/notibras23.png\",\"contentUrl\":\"https:\/\/www.notibras.com\/site\/wp-content\/uploads\/2023\/01\/notibras23.png\",\"width\":350,\"height\":87,\"caption\":\"Grupo Notibras de Comunica\u00e7\u00e3o\"},\"image\":{\"@id\":\"https:\/\/www.notibras.com\/site\/#\/schema\/logo\/image\/\"},\"sameAs\":[\"https:\/\/www.facebook.com\/notibras\/\",\"https:\/\/x.com\/Notibras\",\"https:\/\/www.instagram.com\/notibras\/\"]},{\"@type\":\"Person\",\"@id\":\"https:\/\/www.notibras.com\/site\/#\/schema\/person\/36ab0979449956132d3e5b517ea76ac8\",\"name\":\"Reda\u00e7\u00e3o\",\"image\":{\"@type\":\"ImageObject\",\"inLanguage\":\"pt-BR\",\"@id\":\"https:\/\/secure.gravatar.com\/avatar\/e0a867bdedb85fd243eadf09663511f96fc81e0720a4a42581f334ad4303aa6b?s=96&d=mm&r=g\",\"url\":\"https:\/\/secure.gravatar.com\/avatar\/e0a867bdedb85fd243eadf09663511f96fc81e0720a4a42581f334ad4303aa6b?s=96&d=mm&r=g\",\"contentUrl\":\"https:\/\/secure.gravatar.com\/avatar\/e0a867bdedb85fd243eadf09663511f96fc81e0720a4a42581f334ad4303aa6b?s=96&d=mm&r=g\",\"caption\":\"Reda\u00e7\u00e3o\"}}]}<\/script>\n<!-- \/ Yoast SEO plugin. -->","yoast_head_json":{"title":"Governo precisa ficar atento e evitar viol\u00eancia no trabalho - Notibras","robots":{"index":"index","follow":"follow","max-snippet":"max-snippet:-1","max-image-preview":"max-image-preview:large","max-video-preview":"max-video-preview:-1"},"canonical":"https:\/\/www.notibras.com\/site\/governo-precisa-ficar-atento-e-evitar-violencia-no-trabalho\/","og_locale":"pt_BR","og_type":"article","og_title":"Governo precisa ficar atento e evitar viol\u00eancia no trabalho - Notibras","og_description":"Especialistas e parlamentares defenderam a ratifica\u00e7\u00e3o da Conven\u00e7\u00e3o 190, da Organiza\u00e7\u00e3o Internacional do Trabalho (OIT), para enfrentar atos de viol\u00eancia e ass\u00e9dio no ambiente laboral. Eles participaram de audi\u00eancia p\u00fablica da Comiss\u00e3o de Defesa dos Direitos da Mulher da C\u00e2mara dos Deputados nesta semana. A Conven\u00e7\u00e3o 190 \u00e9 o primeiro tratado internacional a reconhecer o [&hellip;]","og_url":"https:\/\/www.notibras.com\/site\/governo-precisa-ficar-atento-e-evitar-violencia-no-trabalho\/","og_site_name":"Notibras","article_publisher":"https:\/\/www.facebook.com\/notibras\/","article_published_time":"2023-06-19T03:32:41+00:00","article_modified_time":"2023-06-19T11:06:46+00:00","og_image":[{"width":768,"height":473,"url":"https:\/\/www.notibras.com\/site\/wp-content\/uploads\/2023\/06\/img20230615174516094-768x473-1.jpg","type":"image\/jpeg"}],"author":"Reda\u00e7\u00e3o","twitter_card":"summary_large_image","twitter_creator":"@Notibras","twitter_site":"@Notibras","twitter_misc":{"Escrito por":"Reda\u00e7\u00e3o","Est. tempo de leitura":"4 minutos"},"schema":{"@context":"https:\/\/schema.org","@graph":[{"@type":"Article","@id":"https:\/\/www.notibras.com\/site\/governo-precisa-ficar-atento-e-evitar-violencia-no-trabalho\/#article","isPartOf":{"@id":"https:\/\/www.notibras.com\/site\/governo-precisa-ficar-atento-e-evitar-violencia-no-trabalho\/"},"author":{"name":"Reda\u00e7\u00e3o","@id":"https:\/\/www.notibras.com\/site\/#\/schema\/person\/36ab0979449956132d3e5b517ea76ac8"},"headline":"Governo precisa ficar atento e evitar viol\u00eancia no trabalho","datePublished":"2023-06-19T03:32:41+00:00","dateModified":"2023-06-19T11:06:46+00:00","mainEntityOfPage":{"@id":"https:\/\/www.notibras.com\/site\/governo-precisa-ficar-atento-e-evitar-violencia-no-trabalho\/"},"wordCount":725,"publisher":{"@id":"https:\/\/www.notibras.com\/site\/#organization"},"image":{"@id":"https:\/\/www.notibras.com\/site\/governo-precisa-ficar-atento-e-evitar-violencia-no-trabalho\/#primaryimage"},"thumbnailUrl":"https:\/\/www.notibras.com\/site\/wp-content\/uploads\/2023\/06\/img20230615174516094-768x473-1.jpg","keywords":["capa"],"articleSection":["Quadradinho em Foco"],"inLanguage":"pt-BR"},{"@type":"WebPage","@id":"https:\/\/www.notibras.com\/site\/governo-precisa-ficar-atento-e-evitar-violencia-no-trabalho\/","url":"https:\/\/www.notibras.com\/site\/governo-precisa-ficar-atento-e-evitar-violencia-no-trabalho\/","name":"Governo precisa ficar atento e evitar viol\u00eancia no trabalho - Notibras","isPartOf":{"@id":"https:\/\/www.notibras.com\/site\/#website"},"primaryImageOfPage":{"@id":"https:\/\/www.notibras.com\/site\/governo-precisa-ficar-atento-e-evitar-violencia-no-trabalho\/#primaryimage"},"image":{"@id":"https:\/\/www.notibras.com\/site\/governo-precisa-ficar-atento-e-evitar-violencia-no-trabalho\/#primaryimage"},"thumbnailUrl":"https:\/\/www.notibras.com\/site\/wp-content\/uploads\/2023\/06\/img20230615174516094-768x473-1.jpg","datePublished":"2023-06-19T03:32:41+00:00","dateModified":"2023-06-19T11:06:46+00:00","breadcrumb":{"@id":"https:\/\/www.notibras.com\/site\/governo-precisa-ficar-atento-e-evitar-violencia-no-trabalho\/#breadcrumb"},"inLanguage":"pt-BR","potentialAction":[{"@type":"ReadAction","target":["https:\/\/www.notibras.com\/site\/governo-precisa-ficar-atento-e-evitar-violencia-no-trabalho\/"]}]},{"@type":"ImageObject","inLanguage":"pt-BR","@id":"https:\/\/www.notibras.com\/site\/governo-precisa-ficar-atento-e-evitar-violencia-no-trabalho\/#primaryimage","url":"https:\/\/www.notibras.com\/site\/wp-content\/uploads\/2023\/06\/img20230615174516094-768x473-1.jpg","contentUrl":"https:\/\/www.notibras.com\/site\/wp-content\/uploads\/2023\/06\/img20230615174516094-768x473-1.jpg","width":768,"height":473},{"@type":"BreadcrumbList","@id":"https:\/\/www.notibras.com\/site\/governo-precisa-ficar-atento-e-evitar-violencia-no-trabalho\/#breadcrumb","itemListElement":[{"@type":"ListItem","position":1,"name":"In\u00edcio","item":"https:\/\/www.notibras.com\/site\/"},{"@type":"ListItem","position":2,"name":"Governo precisa ficar atento e evitar viol\u00eancia no trabalho"}]},{"@type":"WebSite","@id":"https:\/\/www.notibras.com\/site\/#website","url":"https:\/\/www.notibras.com\/site\/","name":"Notibras","description":"Not\u00edcias de Bras\u00edlia, do Brasil e do Mundo","publisher":{"@id":"https:\/\/www.notibras.com\/site\/#organization"},"potentialAction":[{"@type":"SearchAction","target":{"@type":"EntryPoint","urlTemplate":"https:\/\/www.notibras.com\/site\/?s={search_term_string}"},"query-input":{"@type":"PropertyValueSpecification","valueRequired":true,"valueName":"search_term_string"}}],"inLanguage":"pt-BR"},{"@type":"Organization","@id":"https:\/\/www.notibras.com\/site\/#organization","name":"Grupo Notibras de Comunica\u00e7\u00e3o","url":"https:\/\/www.notibras.com\/site\/","logo":{"@type":"ImageObject","inLanguage":"pt-BR","@id":"https:\/\/www.notibras.com\/site\/#\/schema\/logo\/image\/","url":"https:\/\/www.notibras.com\/site\/wp-content\/uploads\/2023\/01\/notibras23.png","contentUrl":"https:\/\/www.notibras.com\/site\/wp-content\/uploads\/2023\/01\/notibras23.png","width":350,"height":87,"caption":"Grupo Notibras de Comunica\u00e7\u00e3o"},"image":{"@id":"https:\/\/www.notibras.com\/site\/#\/schema\/logo\/image\/"},"sameAs":["https:\/\/www.facebook.com\/notibras\/","https:\/\/x.com\/Notibras","https:\/\/www.instagram.com\/notibras\/"]},{"@type":"Person","@id":"https:\/\/www.notibras.com\/site\/#\/schema\/person\/36ab0979449956132d3e5b517ea76ac8","name":"Reda\u00e7\u00e3o","image":{"@type":"ImageObject","inLanguage":"pt-BR","@id":"https:\/\/secure.gravatar.com\/avatar\/e0a867bdedb85fd243eadf09663511f96fc81e0720a4a42581f334ad4303aa6b?s=96&d=mm&r=g","url":"https:\/\/secure.gravatar.com\/avatar\/e0a867bdedb85fd243eadf09663511f96fc81e0720a4a42581f334ad4303aa6b?s=96&d=mm&r=g","contentUrl":"https:\/\/secure.gravatar.com\/avatar\/e0a867bdedb85fd243eadf09663511f96fc81e0720a4a42581f334ad4303aa6b?s=96&d=mm&r=g","caption":"Reda\u00e7\u00e3o"}}]}},"amp_enabled":true,"_links":{"self":[{"href":"https:\/\/www.notibras.com\/site\/wp-json\/wp\/v2\/posts\/307166","targetHints":{"allow":["GET"]}}],"collection":[{"href":"https:\/\/www.notibras.com\/site\/wp-json\/wp\/v2\/posts"}],"about":[{"href":"https:\/\/www.notibras.com\/site\/wp-json\/wp\/v2\/types\/post"}],"author":[{"embeddable":true,"href":"https:\/\/www.notibras.com\/site\/wp-json\/wp\/v2\/users\/2"}],"replies":[{"embeddable":true,"href":"https:\/\/www.notibras.com\/site\/wp-json\/wp\/v2\/comments?post=307166"}],"version-history":[{"count":1,"href":"https:\/\/www.notibras.com\/site\/wp-json\/wp\/v2\/posts\/307166\/revisions"}],"predecessor-version":[{"id":307168,"href":"https:\/\/www.notibras.com\/site\/wp-json\/wp\/v2\/posts\/307166\/revisions\/307168"}],"wp:featuredmedia":[{"embeddable":true,"href":"https:\/\/www.notibras.com\/site\/wp-json\/wp\/v2\/media\/307167"}],"wp:attachment":[{"href":"https:\/\/www.notibras.com\/site\/wp-json\/wp\/v2\/media?parent=307166"}],"wp:term":[{"taxonomy":"category","embeddable":true,"href":"https:\/\/www.notibras.com\/site\/wp-json\/wp\/v2\/categories?post=307166"},{"taxonomy":"post_tag","embeddable":true,"href":"https:\/\/www.notibras.com\/site\/wp-json\/wp\/v2\/tags?post=307166"}],"curies":[{"name":"wp","href":"https:\/\/api.w.org\/{rel}","templated":true}]}}