{"id":307173,"date":"2023-06-19T00:19:28","date_gmt":"2023-06-19T03:19:28","guid":{"rendered":"https:\/\/www.notibras.com\/site\/?p=307173"},"modified":"2023-06-19T08:04:36","modified_gmt":"2023-06-19T11:04:36","slug":"idoso-pode-ficar-livre-da-taxa-para-renovar-cnh","status":"publish","type":"post","link":"https:\/\/www.notibras.com\/site\/idoso-pode-ficar-livre-da-taxa-para-renovar-cnh\/","title":{"rendered":"Idoso pode ficar livre da taxa para renovar CNH"},"content":{"rendered":"<p>A Comiss\u00e3o de Defesa dos Direitos da Pessoa Idosa aprovou proposta que estabelece a gratuidade dos exames de renova\u00e7\u00e3o da Carteira Nacional de Habilita\u00e7\u00e3o (CNH) para condutores com mais de 60 anos inscritos no Cadastro \u00danico para Programas Sociais do Governo Federal (Cad\u00danico).<\/p>\n<p>Foi aprovado o substitutivo da relatora, deputada Dayany Bittencourt (Uni\u00e3o-CE), ao Projeto de Lei 4036\/20, do ex-deputado L\u00e9o Moraes (RO). O texto original previa gratuidade a todas as pessoas com mais de 65 anos nos exames de aptid\u00e3o f\u00edsica e mental para renova\u00e7\u00e3o da CNH.<\/p>\n<p>\u201cApesar de nossa concord\u00e2ncia com a mat\u00e9ria, entendemos que o benef\u00edcio deve ser limitado a condutores inscritos no Cad\u00danico, de forma que a gratuidade beneficie apenas os que, de fato, dela necessitam. Al\u00e9m disso, estamos propondo altera\u00e7\u00e3o da idade para gozo do benef\u00edcio, compatibilizando-a com a idade prevista no Estatuto da Pessoa Idosa (Lei 10.741\/03)\u201d, explicou a relatora.<\/p>\n<p><strong>Tramita\u00e7\u00e3o<\/strong><br \/>\nA proposta ser\u00e1 ainda analisada, em car\u00e1ter conclusivo, pelas comiss\u00f5es de Via\u00e7\u00e3o e Transportes; de Finan\u00e7as e Tributa\u00e7\u00e3o; e de Constitui\u00e7\u00e3o e Justi\u00e7a e de Cidadania.<\/p>\n","protected":false},"excerpt":{"rendered":"<p>A Comiss\u00e3o de Defesa dos Direitos da Pessoa Idosa aprovou proposta que estabelece a gratuidade dos exames de renova\u00e7\u00e3o da Carteira Nacional de Habilita\u00e7\u00e3o (CNH) para condutores com mais de 60 anos inscritos no Cadastro \u00danico para Programas Sociais do Governo Federal (Cad\u00danico). Foi aprovado o substitutivo da relatora, deputada Dayany Bittencourt (Uni\u00e3o-CE), ao Projeto [&hellip;]<\/p>\n","protected":false},"author":2,"featured_media":307174,"comment_status":"closed","ping_status":"closed","sticky":false,"template":"","format":"standard","meta":{"_acf_changed":false,"footnotes":""},"categories":[161],"tags":[95],"class_list":["post-307173","post","type-post","status-publish","format-standard","has-post-thumbnail","hentry","category-quadradinho-em-foco","tag-capa"],"acf":[],"yoast_head":"<!-- This site is optimized with the Yoast SEO plugin v27.2 - https:\/\/yoast.com\/product\/yoast-seo-wordpress\/ -->\n<title>Idoso pode ficar livre da taxa para renovar CNH - Notibras<\/title>\n<meta name=\"robots\" content=\"index, follow, max-snippet:-1, max-image-preview:large, max-video-preview:-1\" \/>\n<link rel=\"canonical\" href=\"https:\/\/www.notibras.com\/site\/idoso-pode-ficar-livre-da-taxa-para-renovar-cnh\/\" \/>\n<meta property=\"og:locale\" content=\"pt_BR\" \/>\n<meta property=\"og:type\" content=\"article\" \/>\n<meta property=\"og:title\" content=\"Idoso pode ficar livre da taxa para renovar CNH - Notibras\" \/>\n<meta property=\"og:description\" content=\"A Comiss\u00e3o de Defesa dos Direitos da Pessoa Idosa aprovou proposta que estabelece a gratuidade dos exames de renova\u00e7\u00e3o da Carteira Nacional de Habilita\u00e7\u00e3o (CNH) para condutores com mais de 60 anos inscritos no Cadastro \u00danico para Programas Sociais do Governo Federal (Cad\u00danico). Foi aprovado o substitutivo da relatora, deputada Dayany Bittencourt (Uni\u00e3o-CE), ao Projeto [&hellip;]\" \/>\n<meta property=\"og:url\" content=\"https:\/\/www.notibras.com\/site\/idoso-pode-ficar-livre-da-taxa-para-renovar-cnh\/\" \/>\n<meta property=\"og:site_name\" content=\"Notibras\" \/>\n<meta property=\"article:publisher\" content=\"https:\/\/www.facebook.com\/notibras\/\" \/>\n<meta property=\"article:published_time\" content=\"2023-06-19T03:19:28+00:00\" \/>\n<meta property=\"article:modified_time\" content=\"2023-06-19T11:04:36+00:00\" \/>\n<meta property=\"og:image\" content=\"https:\/\/www.notibras.com\/site\/wp-content\/uploads\/2023\/06\/img20230425153824906-768x512-1.jpg\" \/>\n\t<meta property=\"og:image:width\" content=\"768\" \/>\n\t<meta property=\"og:image:height\" content=\"512\" \/>\n\t<meta property=\"og:image:type\" content=\"image\/jpeg\" \/>\n<meta name=\"author\" content=\"Reda\u00e7\u00e3o\" \/>\n<meta name=\"twitter:card\" content=\"summary_large_image\" \/>\n<meta name=\"twitter:creator\" content=\"@Notibras\" \/>\n<meta name=\"twitter:site\" content=\"@Notibras\" \/>\n<meta name=\"twitter:label1\" content=\"Escrito por\" \/>\n\t<meta name=\"twitter:data1\" content=\"Reda\u00e7\u00e3o\" \/>\n\t<meta name=\"twitter:label2\" content=\"Est. tempo de leitura\" \/>\n\t<meta name=\"twitter:data2\" content=\"1 minuto\" \/>\n<script type=\"application\/ld+json\" class=\"yoast-schema-graph\">{\"@context\":\"https:\/\/schema.org\",\"@graph\":[{\"@type\":\"Article\",\"@id\":\"https:\/\/www.notibras.com\/site\/idoso-pode-ficar-livre-da-taxa-para-renovar-cnh\/#article\",\"isPartOf\":{\"@id\":\"https:\/\/www.notibras.com\/site\/idoso-pode-ficar-livre-da-taxa-para-renovar-cnh\/\"},\"author\":{\"name\":\"Reda\u00e7\u00e3o\",\"@id\":\"https:\/\/www.notibras.com\/site\/#\/schema\/person\/36ab0979449956132d3e5b517ea76ac8\"},\"headline\":\"Idoso pode ficar livre da taxa para renovar CNH\",\"datePublished\":\"2023-06-19T03:19:28+00:00\",\"dateModified\":\"2023-06-19T11:04:36+00:00\",\"mainEntityOfPage\":{\"@id\":\"https:\/\/www.notibras.com\/site\/idoso-pode-ficar-livre-da-taxa-para-renovar-cnh\/\"},\"wordCount\":202,\"publisher\":{\"@id\":\"https:\/\/www.notibras.com\/site\/#organization\"},\"image\":{\"@id\":\"https:\/\/www.notibras.com\/site\/idoso-pode-ficar-livre-da-taxa-para-renovar-cnh\/#primaryimage\"},\"thumbnailUrl\":\"https:\/\/www.notibras.com\/site\/wp-content\/uploads\/2023\/06\/img20230425153824906-768x512-1.jpg\",\"keywords\":[\"capa\"],\"articleSection\":[\"Quadradinho em Foco\"],\"inLanguage\":\"pt-BR\"},{\"@type\":\"WebPage\",\"@id\":\"https:\/\/www.notibras.com\/site\/idoso-pode-ficar-livre-da-taxa-para-renovar-cnh\/\",\"url\":\"https:\/\/www.notibras.com\/site\/idoso-pode-ficar-livre-da-taxa-para-renovar-cnh\/\",\"name\":\"Idoso pode ficar livre da taxa para renovar CNH - Notibras\",\"isPartOf\":{\"@id\":\"https:\/\/www.notibras.com\/site\/#website\"},\"primaryImageOfPage\":{\"@id\":\"https:\/\/www.notibras.com\/site\/idoso-pode-ficar-livre-da-taxa-para-renovar-cnh\/#primaryimage\"},\"image\":{\"@id\":\"https:\/\/www.notibras.com\/site\/idoso-pode-ficar-livre-da-taxa-para-renovar-cnh\/#primaryimage\"},\"thumbnailUrl\":\"https:\/\/www.notibras.com\/site\/wp-content\/uploads\/2023\/06\/img20230425153824906-768x512-1.jpg\",\"datePublished\":\"2023-06-19T03:19:28+00:00\",\"dateModified\":\"2023-06-19T11:04:36+00:00\",\"breadcrumb\":{\"@id\":\"https:\/\/www.notibras.com\/site\/idoso-pode-ficar-livre-da-taxa-para-renovar-cnh\/#breadcrumb\"},\"inLanguage\":\"pt-BR\",\"potentialAction\":[{\"@type\":\"ReadAction\",\"target\":[\"https:\/\/www.notibras.com\/site\/idoso-pode-ficar-livre-da-taxa-para-renovar-cnh\/\"]}]},{\"@type\":\"ImageObject\",\"inLanguage\":\"pt-BR\",\"@id\":\"https:\/\/www.notibras.com\/site\/idoso-pode-ficar-livre-da-taxa-para-renovar-cnh\/#primaryimage\",\"url\":\"https:\/\/www.notibras.com\/site\/wp-content\/uploads\/2023\/06\/img20230425153824906-768x512-1.jpg\",\"contentUrl\":\"https:\/\/www.notibras.com\/site\/wp-content\/uploads\/2023\/06\/img20230425153824906-768x512-1.jpg\",\"width\":768,\"height\":512},{\"@type\":\"BreadcrumbList\",\"@id\":\"https:\/\/www.notibras.com\/site\/idoso-pode-ficar-livre-da-taxa-para-renovar-cnh\/#breadcrumb\",\"itemListElement\":[{\"@type\":\"ListItem\",\"position\":1,\"name\":\"In\u00edcio\",\"item\":\"https:\/\/www.notibras.com\/site\/\"},{\"@type\":\"ListItem\",\"position\":2,\"name\":\"Idoso pode ficar livre da taxa para renovar CNH\"}]},{\"@type\":\"WebSite\",\"@id\":\"https:\/\/www.notibras.com\/site\/#website\",\"url\":\"https:\/\/www.notibras.com\/site\/\",\"name\":\"Notibras\",\"description\":\"Not\u00edcias de Bras\u00edlia, do Brasil e do Mundo\",\"publisher\":{\"@id\":\"https:\/\/www.notibras.com\/site\/#organization\"},\"potentialAction\":[{\"@type\":\"SearchAction\",\"target\":{\"@type\":\"EntryPoint\",\"urlTemplate\":\"https:\/\/www.notibras.com\/site\/?s={search_term_string}\"},\"query-input\":{\"@type\":\"PropertyValueSpecification\",\"valueRequired\":true,\"valueName\":\"search_term_string\"}}],\"inLanguage\":\"pt-BR\"},{\"@type\":\"Organization\",\"@id\":\"https:\/\/www.notibras.com\/site\/#organization\",\"name\":\"Grupo Notibras de Comunica\u00e7\u00e3o\",\"url\":\"https:\/\/www.notibras.com\/site\/\",\"logo\":{\"@type\":\"ImageObject\",\"inLanguage\":\"pt-BR\",\"@id\":\"https:\/\/www.notibras.com\/site\/#\/schema\/logo\/image\/\",\"url\":\"https:\/\/www.notibras.com\/site\/wp-content\/uploads\/2023\/01\/notibras23.png\",\"contentUrl\":\"https:\/\/www.notibras.com\/site\/wp-content\/uploads\/2023\/01\/notibras23.png\",\"width\":350,\"height\":87,\"caption\":\"Grupo Notibras de Comunica\u00e7\u00e3o\"},\"image\":{\"@id\":\"https:\/\/www.notibras.com\/site\/#\/schema\/logo\/image\/\"},\"sameAs\":[\"https:\/\/www.facebook.com\/notibras\/\",\"https:\/\/x.com\/Notibras\",\"https:\/\/www.instagram.com\/notibras\/\"]},{\"@type\":\"Person\",\"@id\":\"https:\/\/www.notibras.com\/site\/#\/schema\/person\/36ab0979449956132d3e5b517ea76ac8\",\"name\":\"Reda\u00e7\u00e3o\",\"image\":{\"@type\":\"ImageObject\",\"inLanguage\":\"pt-BR\",\"@id\":\"https:\/\/secure.gravatar.com\/avatar\/e0a867bdedb85fd243eadf09663511f96fc81e0720a4a42581f334ad4303aa6b?s=96&d=mm&r=g\",\"url\":\"https:\/\/secure.gravatar.com\/avatar\/e0a867bdedb85fd243eadf09663511f96fc81e0720a4a42581f334ad4303aa6b?s=96&d=mm&r=g\",\"contentUrl\":\"https:\/\/secure.gravatar.com\/avatar\/e0a867bdedb85fd243eadf09663511f96fc81e0720a4a42581f334ad4303aa6b?s=96&d=mm&r=g\",\"caption\":\"Reda\u00e7\u00e3o\"}}]}<\/script>\n<!-- \/ Yoast SEO plugin. -->","yoast_head_json":{"title":"Idoso pode ficar livre da taxa para renovar CNH - Notibras","robots":{"index":"index","follow":"follow","max-snippet":"max-snippet:-1","max-image-preview":"max-image-preview:large","max-video-preview":"max-video-preview:-1"},"canonical":"https:\/\/www.notibras.com\/site\/idoso-pode-ficar-livre-da-taxa-para-renovar-cnh\/","og_locale":"pt_BR","og_type":"article","og_title":"Idoso pode ficar livre da taxa para renovar CNH - Notibras","og_description":"A Comiss\u00e3o de Defesa dos Direitos da Pessoa Idosa aprovou proposta que estabelece a gratuidade dos exames de renova\u00e7\u00e3o da Carteira Nacional de Habilita\u00e7\u00e3o (CNH) para condutores com mais de 60 anos inscritos no Cadastro \u00danico para Programas Sociais do Governo Federal (Cad\u00danico). Foi aprovado o substitutivo da relatora, deputada Dayany Bittencourt (Uni\u00e3o-CE), ao Projeto [&hellip;]","og_url":"https:\/\/www.notibras.com\/site\/idoso-pode-ficar-livre-da-taxa-para-renovar-cnh\/","og_site_name":"Notibras","article_publisher":"https:\/\/www.facebook.com\/notibras\/","article_published_time":"2023-06-19T03:19:28+00:00","article_modified_time":"2023-06-19T11:04:36+00:00","og_image":[{"width":768,"height":512,"url":"https:\/\/www.notibras.com\/site\/wp-content\/uploads\/2023\/06\/img20230425153824906-768x512-1.jpg","type":"image\/jpeg"}],"author":"Reda\u00e7\u00e3o","twitter_card":"summary_large_image","twitter_creator":"@Notibras","twitter_site":"@Notibras","twitter_misc":{"Escrito por":"Reda\u00e7\u00e3o","Est. tempo de leitura":"1 minuto"},"schema":{"@context":"https:\/\/schema.org","@graph":[{"@type":"Article","@id":"https:\/\/www.notibras.com\/site\/idoso-pode-ficar-livre-da-taxa-para-renovar-cnh\/#article","isPartOf":{"@id":"https:\/\/www.notibras.com\/site\/idoso-pode-ficar-livre-da-taxa-para-renovar-cnh\/"},"author":{"name":"Reda\u00e7\u00e3o","@id":"https:\/\/www.notibras.com\/site\/#\/schema\/person\/36ab0979449956132d3e5b517ea76ac8"},"headline":"Idoso pode ficar livre da taxa para renovar CNH","datePublished":"2023-06-19T03:19:28+00:00","dateModified":"2023-06-19T11:04:36+00:00","mainEntityOfPage":{"@id":"https:\/\/www.notibras.com\/site\/idoso-pode-ficar-livre-da-taxa-para-renovar-cnh\/"},"wordCount":202,"publisher":{"@id":"https:\/\/www.notibras.com\/site\/#organization"},"image":{"@id":"https:\/\/www.notibras.com\/site\/idoso-pode-ficar-livre-da-taxa-para-renovar-cnh\/#primaryimage"},"thumbnailUrl":"https:\/\/www.notibras.com\/site\/wp-content\/uploads\/2023\/06\/img20230425153824906-768x512-1.jpg","keywords":["capa"],"articleSection":["Quadradinho em Foco"],"inLanguage":"pt-BR"},{"@type":"WebPage","@id":"https:\/\/www.notibras.com\/site\/idoso-pode-ficar-livre-da-taxa-para-renovar-cnh\/","url":"https:\/\/www.notibras.com\/site\/idoso-pode-ficar-livre-da-taxa-para-renovar-cnh\/","name":"Idoso pode ficar livre da taxa para renovar CNH - Notibras","isPartOf":{"@id":"https:\/\/www.notibras.com\/site\/#website"},"primaryImageOfPage":{"@id":"https:\/\/www.notibras.com\/site\/idoso-pode-ficar-livre-da-taxa-para-renovar-cnh\/#primaryimage"},"image":{"@id":"https:\/\/www.notibras.com\/site\/idoso-pode-ficar-livre-da-taxa-para-renovar-cnh\/#primaryimage"},"thumbnailUrl":"https:\/\/www.notibras.com\/site\/wp-content\/uploads\/2023\/06\/img20230425153824906-768x512-1.jpg","datePublished":"2023-06-19T03:19:28+00:00","dateModified":"2023-06-19T11:04:36+00:00","breadcrumb":{"@id":"https:\/\/www.notibras.com\/site\/idoso-pode-ficar-livre-da-taxa-para-renovar-cnh\/#breadcrumb"},"inLanguage":"pt-BR","potentialAction":[{"@type":"ReadAction","target":["https:\/\/www.notibras.com\/site\/idoso-pode-ficar-livre-da-taxa-para-renovar-cnh\/"]}]},{"@type":"ImageObject","inLanguage":"pt-BR","@id":"https:\/\/www.notibras.com\/site\/idoso-pode-ficar-livre-da-taxa-para-renovar-cnh\/#primaryimage","url":"https:\/\/www.notibras.com\/site\/wp-content\/uploads\/2023\/06\/img20230425153824906-768x512-1.jpg","contentUrl":"https:\/\/www.notibras.com\/site\/wp-content\/uploads\/2023\/06\/img20230425153824906-768x512-1.jpg","width":768,"height":512},{"@type":"BreadcrumbList","@id":"https:\/\/www.notibras.com\/site\/idoso-pode-ficar-livre-da-taxa-para-renovar-cnh\/#breadcrumb","itemListElement":[{"@type":"ListItem","position":1,"name":"In\u00edcio","item":"https:\/\/www.notibras.com\/site\/"},{"@type":"ListItem","position":2,"name":"Idoso pode ficar livre da taxa para renovar CNH"}]},{"@type":"WebSite","@id":"https:\/\/www.notibras.com\/site\/#website","url":"https:\/\/www.notibras.com\/site\/","name":"Notibras","description":"Not\u00edcias de Bras\u00edlia, do Brasil e do Mundo","publisher":{"@id":"https:\/\/www.notibras.com\/site\/#organization"},"potentialAction":[{"@type":"SearchAction","target":{"@type":"EntryPoint","urlTemplate":"https:\/\/www.notibras.com\/site\/?s={search_term_string}"},"query-input":{"@type":"PropertyValueSpecification","valueRequired":true,"valueName":"search_term_string"}}],"inLanguage":"pt-BR"},{"@type":"Organization","@id":"https:\/\/www.notibras.com\/site\/#organization","name":"Grupo Notibras de Comunica\u00e7\u00e3o","url":"https:\/\/www.notibras.com\/site\/","logo":{"@type":"ImageObject","inLanguage":"pt-BR","@id":"https:\/\/www.notibras.com\/site\/#\/schema\/logo\/image\/","url":"https:\/\/www.notibras.com\/site\/wp-content\/uploads\/2023\/01\/notibras23.png","contentUrl":"https:\/\/www.notibras.com\/site\/wp-content\/uploads\/2023\/01\/notibras23.png","width":350,"height":87,"caption":"Grupo Notibras de Comunica\u00e7\u00e3o"},"image":{"@id":"https:\/\/www.notibras.com\/site\/#\/schema\/logo\/image\/"},"sameAs":["https:\/\/www.facebook.com\/notibras\/","https:\/\/x.com\/Notibras","https:\/\/www.instagram.com\/notibras\/"]},{"@type":"Person","@id":"https:\/\/www.notibras.com\/site\/#\/schema\/person\/36ab0979449956132d3e5b517ea76ac8","name":"Reda\u00e7\u00e3o","image":{"@type":"ImageObject","inLanguage":"pt-BR","@id":"https:\/\/secure.gravatar.com\/avatar\/e0a867bdedb85fd243eadf09663511f96fc81e0720a4a42581f334ad4303aa6b?s=96&d=mm&r=g","url":"https:\/\/secure.gravatar.com\/avatar\/e0a867bdedb85fd243eadf09663511f96fc81e0720a4a42581f334ad4303aa6b?s=96&d=mm&r=g","contentUrl":"https:\/\/secure.gravatar.com\/avatar\/e0a867bdedb85fd243eadf09663511f96fc81e0720a4a42581f334ad4303aa6b?s=96&d=mm&r=g","caption":"Reda\u00e7\u00e3o"}}]}},"amp_enabled":true,"_links":{"self":[{"href":"https:\/\/www.notibras.com\/site\/wp-json\/wp\/v2\/posts\/307173","targetHints":{"allow":["GET"]}}],"collection":[{"href":"https:\/\/www.notibras.com\/site\/wp-json\/wp\/v2\/posts"}],"about":[{"href":"https:\/\/www.notibras.com\/site\/wp-json\/wp\/v2\/types\/post"}],"author":[{"embeddable":true,"href":"https:\/\/www.notibras.com\/site\/wp-json\/wp\/v2\/users\/2"}],"replies":[{"embeddable":true,"href":"https:\/\/www.notibras.com\/site\/wp-json\/wp\/v2\/comments?post=307173"}],"version-history":[{"count":1,"href":"https:\/\/www.notibras.com\/site\/wp-json\/wp\/v2\/posts\/307173\/revisions"}],"predecessor-version":[{"id":307175,"href":"https:\/\/www.notibras.com\/site\/wp-json\/wp\/v2\/posts\/307173\/revisions\/307175"}],"wp:featuredmedia":[{"embeddable":true,"href":"https:\/\/www.notibras.com\/site\/wp-json\/wp\/v2\/media\/307174"}],"wp:attachment":[{"href":"https:\/\/www.notibras.com\/site\/wp-json\/wp\/v2\/media?parent=307173"}],"wp:term":[{"taxonomy":"category","embeddable":true,"href":"https:\/\/www.notibras.com\/site\/wp-json\/wp\/v2\/categories?post=307173"},{"taxonomy":"post_tag","embeddable":true,"href":"https:\/\/www.notibras.com\/site\/wp-json\/wp\/v2\/tags?post=307173"}],"curies":[{"name":"wp","href":"https:\/\/api.w.org\/{rel}","templated":true}]}}