{"id":30719,"date":"2014-12-09T16:09:22","date_gmt":"2014-12-09T19:09:22","guid":{"rendered":"http:\/\/www.notibras.com\/site\/?p=30719"},"modified":"2014-12-10T13:38:08","modified_gmt":"2014-12-10T16:38:08","slug":"dilma-veta-reducao-do-inss-de-patrao-e-empregado-para-saciar-sede-de-dinheiro-do-tesouro","status":"publish","type":"post","link":"https:\/\/www.notibras.com\/site\/dilma-veta-reducao-do-inss-de-patrao-e-empregado-para-saciar-sede-de-dinheiro-do-tesouro\/","title":{"rendered":"Dilma veta redu\u00e7\u00e3o do INSS para o empregado e patr\u00e3o"},"content":{"rendered":"<p>A presidenta Dilma Rousseff vetou integralmente o projeto de lei que prev\u00ea a redu\u00e7\u00e3o da al\u00edquota da contribui\u00e7\u00e3o previdenci\u00e1ria paga por patr\u00f5es e empregados dom\u00e9sticos. A decis\u00e3o foi publicada na edi\u00e7\u00e3o desta ter\u00e7a 9 do <em>Di\u00e1rio Oficial da Uni\u00e3o<\/em>. Na mensagem encaminhada ao Legislativo, a presidenta diz que o texto foi vetado \u201cpor contrariedade ao interesse p\u00fablico\u201d.<\/p>\n<blockquote><p>O projeto de lei foi aprovado em car\u00e1ter conclusivo na Comiss\u00e3o de Constitui\u00e7\u00e3o e Justi\u00e7a (CCJ) da C\u00e2mara no dia 13 de novembro. Atualmente, a al\u00edquota da contribui\u00e7\u00e3o previdenci\u00e1ria paga por patr\u00f5es \u00e9 12% e a do empregado dom\u00e9stico varia de 8% a 11%. Se a mudan\u00e7a entrasse em vigor, a al\u00edquota seria reduzida para 6%, em ambos os casos.<\/p><\/blockquote>\n<p>Segundo a mensagem, os minist\u00e9rios da Previd\u00eancia Social e da Fazenda manifestaram-se pelo veto. Um dos motivos \u00e9 que a mudan\u00e7a teria impacto negativo de R$ 600 milh\u00f5es por ano, \u201cn\u00e3o condizente com o momento econ\u00f4mico atual\u201d.<\/p>\n<p>Al\u00e9m disso, segundo o Executivo, \u201co projeto de lei foi proposto anteriormente \u00e0 promulga\u00e7\u00e3o da Emenda Constitucional n\u00ba 72, de 2 de abril de 2013, cuja regulamenta\u00e7\u00e3o legal, de forma integral e mais adequada, encontra-se em tramita\u00e7\u00e3o no Congresso Nacional\u201d.<\/p>\n","protected":false},"excerpt":{"rendered":"<p>A presidenta Dilma Rousseff vetou integralmente o projeto de lei que prev\u00ea a redu\u00e7\u00e3o da al\u00edquota da contribui\u00e7\u00e3o previdenci\u00e1ria paga por patr\u00f5es e empregados dom\u00e9sticos. A decis\u00e3o foi publicada na edi\u00e7\u00e3o desta ter\u00e7a 9 do Di\u00e1rio Oficial da Uni\u00e3o. Na mensagem encaminhada ao Legislativo, a presidenta diz que o texto foi vetado \u201cpor contrariedade ao [&hellip;]<\/p>\n","protected":false},"author":2,"featured_media":30723,"comment_status":"open","ping_status":"closed","sticky":false,"template":"","format":"standard","meta":{"_acf_changed":false,"footnotes":""},"categories":[16],"tags":[],"class_list":["post-30719","post","type-post","status-publish","format-standard","has-post-thumbnail","hentry","category-brasil"],"acf":[],"yoast_head":"<!-- This site is optimized with the Yoast SEO plugin v27.2 - https:\/\/yoast.com\/product\/yoast-seo-wordpress\/ -->\n<title>Dilma veta redu\u00e7\u00e3o do INSS para o empregado e patr\u00e3o - Notibras<\/title>\n<meta name=\"robots\" content=\"index, follow, max-snippet:-1, max-image-preview:large, max-video-preview:-1\" \/>\n<link rel=\"canonical\" href=\"https:\/\/www.notibras.com\/site\/dilma-veta-reducao-do-inss-de-patrao-e-empregado-para-saciar-sede-de-dinheiro-do-tesouro\/\" \/>\n<meta property=\"og:locale\" content=\"pt_BR\" \/>\n<meta property=\"og:type\" content=\"article\" \/>\n<meta property=\"og:title\" content=\"Dilma veta redu\u00e7\u00e3o do INSS para o empregado e patr\u00e3o - Notibras\" \/>\n<meta property=\"og:description\" content=\"A presidenta Dilma Rousseff vetou integralmente o projeto de lei que prev\u00ea a redu\u00e7\u00e3o da al\u00edquota da contribui\u00e7\u00e3o previdenci\u00e1ria paga por patr\u00f5es e empregados dom\u00e9sticos. A decis\u00e3o foi publicada na edi\u00e7\u00e3o desta ter\u00e7a 9 do Di\u00e1rio Oficial da Uni\u00e3o. Na mensagem encaminhada ao Legislativo, a presidenta diz que o texto foi vetado \u201cpor contrariedade ao [&hellip;]\" \/>\n<meta property=\"og:url\" content=\"https:\/\/www.notibras.com\/site\/dilma-veta-reducao-do-inss-de-patrao-e-empregado-para-saciar-sede-de-dinheiro-do-tesouro\/\" \/>\n<meta property=\"og:site_name\" content=\"Notibras\" \/>\n<meta property=\"article:publisher\" content=\"https:\/\/www.facebook.com\/notibras\/\" \/>\n<meta property=\"article:published_time\" content=\"2014-12-09T19:09:22+00:00\" \/>\n<meta property=\"article:modified_time\" content=\"2014-12-10T16:38:08+00:00\" \/>\n<meta property=\"og:image\" content=\"https:\/\/www.notibras.com\/site\/wp-content\/uploads\/2014\/12\/Sem-t\u00edtulo-14.jpg\" \/>\n\t<meta property=\"og:image:width\" content=\"500\" \/>\n\t<meta property=\"og:image:height\" content=\"333\" \/>\n\t<meta property=\"og:image:type\" content=\"image\/jpeg\" \/>\n<meta name=\"author\" content=\"Reda\u00e7\u00e3o\" \/>\n<meta name=\"twitter:card\" content=\"summary_large_image\" \/>\n<meta name=\"twitter:creator\" content=\"@Notibras\" \/>\n<meta name=\"twitter:site\" content=\"@Notibras\" \/>\n<meta name=\"twitter:label1\" content=\"Escrito por\" \/>\n\t<meta name=\"twitter:data1\" content=\"Reda\u00e7\u00e3o\" \/>\n\t<meta name=\"twitter:label2\" content=\"Est. tempo de leitura\" \/>\n\t<meta name=\"twitter:data2\" content=\"1 minuto\" \/>\n<script type=\"application\/ld+json\" class=\"yoast-schema-graph\">{\"@context\":\"https:\/\/schema.org\",\"@graph\":[{\"@type\":\"Article\",\"@id\":\"https:\/\/www.notibras.com\/site\/dilma-veta-reducao-do-inss-de-patrao-e-empregado-para-saciar-sede-de-dinheiro-do-tesouro\/#article\",\"isPartOf\":{\"@id\":\"https:\/\/www.notibras.com\/site\/dilma-veta-reducao-do-inss-de-patrao-e-empregado-para-saciar-sede-de-dinheiro-do-tesouro\/\"},\"author\":{\"name\":\"Reda\u00e7\u00e3o\",\"@id\":\"https:\/\/www.notibras.com\/site\/#\/schema\/person\/36ab0979449956132d3e5b517ea76ac8\"},\"headline\":\"Dilma veta redu\u00e7\u00e3o do INSS para o empregado e patr\u00e3o\",\"datePublished\":\"2014-12-09T19:09:22+00:00\",\"dateModified\":\"2014-12-10T16:38:08+00:00\",\"mainEntityOfPage\":{\"@id\":\"https:\/\/www.notibras.com\/site\/dilma-veta-reducao-do-inss-de-patrao-e-empregado-para-saciar-sede-de-dinheiro-do-tesouro\/\"},\"wordCount\":227,\"commentCount\":0,\"publisher\":{\"@id\":\"https:\/\/www.notibras.com\/site\/#organization\"},\"image\":{\"@id\":\"https:\/\/www.notibras.com\/site\/dilma-veta-reducao-do-inss-de-patrao-e-empregado-para-saciar-sede-de-dinheiro-do-tesouro\/#primaryimage\"},\"thumbnailUrl\":\"https:\/\/www.notibras.com\/site\/wp-content\/uploads\/2014\/12\/Sem-t\u00edtulo-14.jpg\",\"articleSection\":[\"Brasil\"],\"inLanguage\":\"pt-BR\",\"potentialAction\":[{\"@type\":\"CommentAction\",\"name\":\"Comment\",\"target\":[\"https:\/\/www.notibras.com\/site\/dilma-veta-reducao-do-inss-de-patrao-e-empregado-para-saciar-sede-de-dinheiro-do-tesouro\/#respond\"]}]},{\"@type\":\"WebPage\",\"@id\":\"https:\/\/www.notibras.com\/site\/dilma-veta-reducao-do-inss-de-patrao-e-empregado-para-saciar-sede-de-dinheiro-do-tesouro\/\",\"url\":\"https:\/\/www.notibras.com\/site\/dilma-veta-reducao-do-inss-de-patrao-e-empregado-para-saciar-sede-de-dinheiro-do-tesouro\/\",\"name\":\"Dilma veta redu\u00e7\u00e3o do INSS para o empregado e patr\u00e3o - Notibras\",\"isPartOf\":{\"@id\":\"https:\/\/www.notibras.com\/site\/#website\"},\"primaryImageOfPage\":{\"@id\":\"https:\/\/www.notibras.com\/site\/dilma-veta-reducao-do-inss-de-patrao-e-empregado-para-saciar-sede-de-dinheiro-do-tesouro\/#primaryimage\"},\"image\":{\"@id\":\"https:\/\/www.notibras.com\/site\/dilma-veta-reducao-do-inss-de-patrao-e-empregado-para-saciar-sede-de-dinheiro-do-tesouro\/#primaryimage\"},\"thumbnailUrl\":\"https:\/\/www.notibras.com\/site\/wp-content\/uploads\/2014\/12\/Sem-t\u00edtulo-14.jpg\",\"datePublished\":\"2014-12-09T19:09:22+00:00\",\"dateModified\":\"2014-12-10T16:38:08+00:00\",\"breadcrumb\":{\"@id\":\"https:\/\/www.notibras.com\/site\/dilma-veta-reducao-do-inss-de-patrao-e-empregado-para-saciar-sede-de-dinheiro-do-tesouro\/#breadcrumb\"},\"inLanguage\":\"pt-BR\",\"potentialAction\":[{\"@type\":\"ReadAction\",\"target\":[\"https:\/\/www.notibras.com\/site\/dilma-veta-reducao-do-inss-de-patrao-e-empregado-para-saciar-sede-de-dinheiro-do-tesouro\/\"]}]},{\"@type\":\"ImageObject\",\"inLanguage\":\"pt-BR\",\"@id\":\"https:\/\/www.notibras.com\/site\/dilma-veta-reducao-do-inss-de-patrao-e-empregado-para-saciar-sede-de-dinheiro-do-tesouro\/#primaryimage\",\"url\":\"https:\/\/www.notibras.com\/site\/wp-content\/uploads\/2014\/12\/Sem-t\u00edtulo-14.jpg\",\"contentUrl\":\"https:\/\/www.notibras.com\/site\/wp-content\/uploads\/2014\/12\/Sem-t\u00edtulo-14.jpg\",\"width\":500,\"height\":333},{\"@type\":\"BreadcrumbList\",\"@id\":\"https:\/\/www.notibras.com\/site\/dilma-veta-reducao-do-inss-de-patrao-e-empregado-para-saciar-sede-de-dinheiro-do-tesouro\/#breadcrumb\",\"itemListElement\":[{\"@type\":\"ListItem\",\"position\":1,\"name\":\"In\u00edcio\",\"item\":\"https:\/\/www.notibras.com\/site\/\"},{\"@type\":\"ListItem\",\"position\":2,\"name\":\"Dilma veta redu\u00e7\u00e3o do INSS para o empregado e patr\u00e3o\"}]},{\"@type\":\"WebSite\",\"@id\":\"https:\/\/www.notibras.com\/site\/#website\",\"url\":\"https:\/\/www.notibras.com\/site\/\",\"name\":\"Notibras\",\"description\":\"Not\u00edcias de Bras\u00edlia, do Brasil e do Mundo\",\"publisher\":{\"@id\":\"https:\/\/www.notibras.com\/site\/#organization\"},\"potentialAction\":[{\"@type\":\"SearchAction\",\"target\":{\"@type\":\"EntryPoint\",\"urlTemplate\":\"https:\/\/www.notibras.com\/site\/?s={search_term_string}\"},\"query-input\":{\"@type\":\"PropertyValueSpecification\",\"valueRequired\":true,\"valueName\":\"search_term_string\"}}],\"inLanguage\":\"pt-BR\"},{\"@type\":\"Organization\",\"@id\":\"https:\/\/www.notibras.com\/site\/#organization\",\"name\":\"Grupo Notibras de Comunica\u00e7\u00e3o\",\"url\":\"https:\/\/www.notibras.com\/site\/\",\"logo\":{\"@type\":\"ImageObject\",\"inLanguage\":\"pt-BR\",\"@id\":\"https:\/\/www.notibras.com\/site\/#\/schema\/logo\/image\/\",\"url\":\"https:\/\/www.notibras.com\/site\/wp-content\/uploads\/2023\/01\/notibras23.png\",\"contentUrl\":\"https:\/\/www.notibras.com\/site\/wp-content\/uploads\/2023\/01\/notibras23.png\",\"width\":350,\"height\":87,\"caption\":\"Grupo Notibras de Comunica\u00e7\u00e3o\"},\"image\":{\"@id\":\"https:\/\/www.notibras.com\/site\/#\/schema\/logo\/image\/\"},\"sameAs\":[\"https:\/\/www.facebook.com\/notibras\/\",\"https:\/\/x.com\/Notibras\",\"https:\/\/www.instagram.com\/notibras\/\"]},{\"@type\":\"Person\",\"@id\":\"https:\/\/www.notibras.com\/site\/#\/schema\/person\/36ab0979449956132d3e5b517ea76ac8\",\"name\":\"Reda\u00e7\u00e3o\",\"image\":{\"@type\":\"ImageObject\",\"inLanguage\":\"pt-BR\",\"@id\":\"https:\/\/secure.gravatar.com\/avatar\/e0a867bdedb85fd243eadf09663511f96fc81e0720a4a42581f334ad4303aa6b?s=96&d=mm&r=g\",\"url\":\"https:\/\/secure.gravatar.com\/avatar\/e0a867bdedb85fd243eadf09663511f96fc81e0720a4a42581f334ad4303aa6b?s=96&d=mm&r=g\",\"contentUrl\":\"https:\/\/secure.gravatar.com\/avatar\/e0a867bdedb85fd243eadf09663511f96fc81e0720a4a42581f334ad4303aa6b?s=96&d=mm&r=g\",\"caption\":\"Reda\u00e7\u00e3o\"}}]}<\/script>\n<!-- \/ Yoast SEO plugin. -->","yoast_head_json":{"title":"Dilma veta redu\u00e7\u00e3o do INSS para o empregado e patr\u00e3o - Notibras","robots":{"index":"index","follow":"follow","max-snippet":"max-snippet:-1","max-image-preview":"max-image-preview:large","max-video-preview":"max-video-preview:-1"},"canonical":"https:\/\/www.notibras.com\/site\/dilma-veta-reducao-do-inss-de-patrao-e-empregado-para-saciar-sede-de-dinheiro-do-tesouro\/","og_locale":"pt_BR","og_type":"article","og_title":"Dilma veta redu\u00e7\u00e3o do INSS para o empregado e patr\u00e3o - Notibras","og_description":"A presidenta Dilma Rousseff vetou integralmente o projeto de lei que prev\u00ea a redu\u00e7\u00e3o da al\u00edquota da contribui\u00e7\u00e3o previdenci\u00e1ria paga por patr\u00f5es e empregados dom\u00e9sticos. A decis\u00e3o foi publicada na edi\u00e7\u00e3o desta ter\u00e7a 9 do Di\u00e1rio Oficial da Uni\u00e3o. Na mensagem encaminhada ao Legislativo, a presidenta diz que o texto foi vetado \u201cpor contrariedade ao [&hellip;]","og_url":"https:\/\/www.notibras.com\/site\/dilma-veta-reducao-do-inss-de-patrao-e-empregado-para-saciar-sede-de-dinheiro-do-tesouro\/","og_site_name":"Notibras","article_publisher":"https:\/\/www.facebook.com\/notibras\/","article_published_time":"2014-12-09T19:09:22+00:00","article_modified_time":"2014-12-10T16:38:08+00:00","og_image":[{"width":500,"height":333,"url":"https:\/\/www.notibras.com\/site\/wp-content\/uploads\/2014\/12\/Sem-t\u00edtulo-14.jpg","type":"image\/jpeg"}],"author":"Reda\u00e7\u00e3o","twitter_card":"summary_large_image","twitter_creator":"@Notibras","twitter_site":"@Notibras","twitter_misc":{"Escrito por":"Reda\u00e7\u00e3o","Est. tempo de leitura":"1 minuto"},"schema":{"@context":"https:\/\/schema.org","@graph":[{"@type":"Article","@id":"https:\/\/www.notibras.com\/site\/dilma-veta-reducao-do-inss-de-patrao-e-empregado-para-saciar-sede-de-dinheiro-do-tesouro\/#article","isPartOf":{"@id":"https:\/\/www.notibras.com\/site\/dilma-veta-reducao-do-inss-de-patrao-e-empregado-para-saciar-sede-de-dinheiro-do-tesouro\/"},"author":{"name":"Reda\u00e7\u00e3o","@id":"https:\/\/www.notibras.com\/site\/#\/schema\/person\/36ab0979449956132d3e5b517ea76ac8"},"headline":"Dilma veta redu\u00e7\u00e3o do INSS para o empregado e patr\u00e3o","datePublished":"2014-12-09T19:09:22+00:00","dateModified":"2014-12-10T16:38:08+00:00","mainEntityOfPage":{"@id":"https:\/\/www.notibras.com\/site\/dilma-veta-reducao-do-inss-de-patrao-e-empregado-para-saciar-sede-de-dinheiro-do-tesouro\/"},"wordCount":227,"commentCount":0,"publisher":{"@id":"https:\/\/www.notibras.com\/site\/#organization"},"image":{"@id":"https:\/\/www.notibras.com\/site\/dilma-veta-reducao-do-inss-de-patrao-e-empregado-para-saciar-sede-de-dinheiro-do-tesouro\/#primaryimage"},"thumbnailUrl":"https:\/\/www.notibras.com\/site\/wp-content\/uploads\/2014\/12\/Sem-t\u00edtulo-14.jpg","articleSection":["Brasil"],"inLanguage":"pt-BR","potentialAction":[{"@type":"CommentAction","name":"Comment","target":["https:\/\/www.notibras.com\/site\/dilma-veta-reducao-do-inss-de-patrao-e-empregado-para-saciar-sede-de-dinheiro-do-tesouro\/#respond"]}]},{"@type":"WebPage","@id":"https:\/\/www.notibras.com\/site\/dilma-veta-reducao-do-inss-de-patrao-e-empregado-para-saciar-sede-de-dinheiro-do-tesouro\/","url":"https:\/\/www.notibras.com\/site\/dilma-veta-reducao-do-inss-de-patrao-e-empregado-para-saciar-sede-de-dinheiro-do-tesouro\/","name":"Dilma veta redu\u00e7\u00e3o do INSS para o empregado e patr\u00e3o - Notibras","isPartOf":{"@id":"https:\/\/www.notibras.com\/site\/#website"},"primaryImageOfPage":{"@id":"https:\/\/www.notibras.com\/site\/dilma-veta-reducao-do-inss-de-patrao-e-empregado-para-saciar-sede-de-dinheiro-do-tesouro\/#primaryimage"},"image":{"@id":"https:\/\/www.notibras.com\/site\/dilma-veta-reducao-do-inss-de-patrao-e-empregado-para-saciar-sede-de-dinheiro-do-tesouro\/#primaryimage"},"thumbnailUrl":"https:\/\/www.notibras.com\/site\/wp-content\/uploads\/2014\/12\/Sem-t\u00edtulo-14.jpg","datePublished":"2014-12-09T19:09:22+00:00","dateModified":"2014-12-10T16:38:08+00:00","breadcrumb":{"@id":"https:\/\/www.notibras.com\/site\/dilma-veta-reducao-do-inss-de-patrao-e-empregado-para-saciar-sede-de-dinheiro-do-tesouro\/#breadcrumb"},"inLanguage":"pt-BR","potentialAction":[{"@type":"ReadAction","target":["https:\/\/www.notibras.com\/site\/dilma-veta-reducao-do-inss-de-patrao-e-empregado-para-saciar-sede-de-dinheiro-do-tesouro\/"]}]},{"@type":"ImageObject","inLanguage":"pt-BR","@id":"https:\/\/www.notibras.com\/site\/dilma-veta-reducao-do-inss-de-patrao-e-empregado-para-saciar-sede-de-dinheiro-do-tesouro\/#primaryimage","url":"https:\/\/www.notibras.com\/site\/wp-content\/uploads\/2014\/12\/Sem-t\u00edtulo-14.jpg","contentUrl":"https:\/\/www.notibras.com\/site\/wp-content\/uploads\/2014\/12\/Sem-t\u00edtulo-14.jpg","width":500,"height":333},{"@type":"BreadcrumbList","@id":"https:\/\/www.notibras.com\/site\/dilma-veta-reducao-do-inss-de-patrao-e-empregado-para-saciar-sede-de-dinheiro-do-tesouro\/#breadcrumb","itemListElement":[{"@type":"ListItem","position":1,"name":"In\u00edcio","item":"https:\/\/www.notibras.com\/site\/"},{"@type":"ListItem","position":2,"name":"Dilma veta redu\u00e7\u00e3o do INSS para o empregado e patr\u00e3o"}]},{"@type":"WebSite","@id":"https:\/\/www.notibras.com\/site\/#website","url":"https:\/\/www.notibras.com\/site\/","name":"Notibras","description":"Not\u00edcias de Bras\u00edlia, do Brasil e do Mundo","publisher":{"@id":"https:\/\/www.notibras.com\/site\/#organization"},"potentialAction":[{"@type":"SearchAction","target":{"@type":"EntryPoint","urlTemplate":"https:\/\/www.notibras.com\/site\/?s={search_term_string}"},"query-input":{"@type":"PropertyValueSpecification","valueRequired":true,"valueName":"search_term_string"}}],"inLanguage":"pt-BR"},{"@type":"Organization","@id":"https:\/\/www.notibras.com\/site\/#organization","name":"Grupo Notibras de Comunica\u00e7\u00e3o","url":"https:\/\/www.notibras.com\/site\/","logo":{"@type":"ImageObject","inLanguage":"pt-BR","@id":"https:\/\/www.notibras.com\/site\/#\/schema\/logo\/image\/","url":"https:\/\/www.notibras.com\/site\/wp-content\/uploads\/2023\/01\/notibras23.png","contentUrl":"https:\/\/www.notibras.com\/site\/wp-content\/uploads\/2023\/01\/notibras23.png","width":350,"height":87,"caption":"Grupo Notibras de Comunica\u00e7\u00e3o"},"image":{"@id":"https:\/\/www.notibras.com\/site\/#\/schema\/logo\/image\/"},"sameAs":["https:\/\/www.facebook.com\/notibras\/","https:\/\/x.com\/Notibras","https:\/\/www.instagram.com\/notibras\/"]},{"@type":"Person","@id":"https:\/\/www.notibras.com\/site\/#\/schema\/person\/36ab0979449956132d3e5b517ea76ac8","name":"Reda\u00e7\u00e3o","image":{"@type":"ImageObject","inLanguage":"pt-BR","@id":"https:\/\/secure.gravatar.com\/avatar\/e0a867bdedb85fd243eadf09663511f96fc81e0720a4a42581f334ad4303aa6b?s=96&d=mm&r=g","url":"https:\/\/secure.gravatar.com\/avatar\/e0a867bdedb85fd243eadf09663511f96fc81e0720a4a42581f334ad4303aa6b?s=96&d=mm&r=g","contentUrl":"https:\/\/secure.gravatar.com\/avatar\/e0a867bdedb85fd243eadf09663511f96fc81e0720a4a42581f334ad4303aa6b?s=96&d=mm&r=g","caption":"Reda\u00e7\u00e3o"}}]}},"amp_enabled":true,"_links":{"self":[{"href":"https:\/\/www.notibras.com\/site\/wp-json\/wp\/v2\/posts\/30719","targetHints":{"allow":["GET"]}}],"collection":[{"href":"https:\/\/www.notibras.com\/site\/wp-json\/wp\/v2\/posts"}],"about":[{"href":"https:\/\/www.notibras.com\/site\/wp-json\/wp\/v2\/types\/post"}],"author":[{"embeddable":true,"href":"https:\/\/www.notibras.com\/site\/wp-json\/wp\/v2\/users\/2"}],"replies":[{"embeddable":true,"href":"https:\/\/www.notibras.com\/site\/wp-json\/wp\/v2\/comments?post=30719"}],"version-history":[{"count":0,"href":"https:\/\/www.notibras.com\/site\/wp-json\/wp\/v2\/posts\/30719\/revisions"}],"wp:featuredmedia":[{"embeddable":true,"href":"https:\/\/www.notibras.com\/site\/wp-json\/wp\/v2\/media\/30723"}],"wp:attachment":[{"href":"https:\/\/www.notibras.com\/site\/wp-json\/wp\/v2\/media?parent=30719"}],"wp:term":[{"taxonomy":"category","embeddable":true,"href":"https:\/\/www.notibras.com\/site\/wp-json\/wp\/v2\/categories?post=30719"},{"taxonomy":"post_tag","embeddable":true,"href":"https:\/\/www.notibras.com\/site\/wp-json\/wp\/v2\/tags?post=30719"}],"curies":[{"name":"wp","href":"https:\/\/api.w.org\/{rel}","templated":true}]}}