{"id":307203,"date":"2023-06-20T03:23:36","date_gmt":"2023-06-20T06:23:36","guid":{"rendered":"https:\/\/www.notibras.com\/site\/?p=307203"},"modified":"2023-06-20T03:23:36","modified_gmt":"2023-06-20T06:23:36","slug":"chuva-que-fechou-outono-foi-pontual-e-nao-volta","status":"publish","type":"post","link":"https:\/\/www.notibras.com\/site\/chuva-que-fechou-outono-foi-pontual-e-nao-volta\/","title":{"rendered":"Chuva que fechou outono foi pontual, e n\u00e3o volta"},"content":{"rendered":"<p>As &#8216;chuvas de mar\u00e7o que fecham o ver\u00e3o&#8217; e que ca\u00edram com for\u00e7a sobre algumas regi\u00f5es de Bras\u00edlia no \u00faltimo fim de semana, numa situa\u00e7\u00e3o totalmente at\u00edpica, n\u00e3o se repetir\u00e3o neste fim de semana outonal in\u00edcio do inverno, na quarta-feira, 21. \u00c9 o que garante o Climatempo. Talvez um ou outro chuvisco em agosto, e depois s\u00f3 na primavera.<\/p>\n<p>Mas, para as regi\u00f5es Sul e Sudeste o quadro \u00e9 diferente, provocado pela a\u00e7\u00e3o do fen\u00f4meno El Ni\u00f1o, quando o pa\u00eds deve experimentar uma esta\u00e7\u00e3o mais chuvosa que o normal, e mais seca em todo o Centro-Oeste a metade Norte, al\u00e9m do Nordeste com chuvas ocasionais.<\/p>\n<p>O afastamento do ciclone extratropical que causou v\u00edtimas e destrui\u00e7\u00e3o no Rio Grande do Sul na \u00faltima semana vai continuar favorecendo o tempo frio e seco na regi\u00e3o de Porto Alegre, que deve ter m\u00ednima de 6 graus Celsius e em Curitiba, de 7C\u00b0.<\/p>\n<p>O tempo frio deve provocar geadas em cidades dos tr\u00eas estados &#8211; al\u00e9m do Rio Grande do Sul e Paran\u00e1, Santa Catarina.<\/p>\n<p>Pancadas de chuva devem voltar a ser registradas na capital ga\u00facha na quarta-feira (21) e na quinta-feira (22), quando a temperatura sobe um pouco, mas n\u00e3o passa de 20C\u00b0.<\/p>\n<p>No Sudeste, onde o frio levou m\u00ednimas de 8,5C\u00ba \u00e0 capital paulista, a previs\u00e3o \u00e9 que as baixas temperaturas devem continuar, com m\u00ednima, em S\u00e3o Paulo, de 11C\u00b0 na quarta-feira e 10C\u00b0 na quinta-feira.<\/p>\n<p>Belo Horizonte tamb\u00e9m pode come\u00e7ar o inverno com m\u00ednima de 10C\u00ba e, para o Rio de Janeiro e Vit\u00f3ria, est\u00e3o previstas m\u00ednimas de 15C\u00b0 e 16C\u00b0, respectivamente.<\/p>\n<p><strong>El Ni\u00f1o<\/strong><br \/>\nO inverno deste ano ter\u00e1 impacto do fen\u00f4meno El Ni\u00f1o, que afeta o Brasil aumentando a seca no Norte, Nordeste e parte norte do Centro-Oeste, e provocando o oposto no Sudeste e Sul, com volumes de chuva maiores que o normal.<\/p>\n<p>O fen\u00f4meno ocorre quando as \u00e1guas do Oceano Pac\u00edfico na faixa da Linha do Equador aquecem mais do que o normal, o que altera o sistema de ventos em toda a Am\u00e9rica do Sul, impedindo que as frentes frias que v\u00eam do Sul avancem al\u00e9m do Sudeste do Brasil.<\/p>\n<p>O Centro de Previs\u00e3o Clim\u00e1tica da Administra\u00e7\u00e3o Oce\u00e2nica e Atmosf\u00e9rica dos Estados Unidos (Noaa) confirmou que o El Ni\u00f1o j\u00e1 se formou e tende a se fortalecer ao longo do inverno. O fen\u00f4meno n\u00e3o tem um tempo previs\u00edvel de dura\u00e7\u00e3o, e pode se estender entre seis meses a dois anos.<\/p>\n","protected":false},"excerpt":{"rendered":"<p>As &#8216;chuvas de mar\u00e7o que fecham o ver\u00e3o&#8217; e que ca\u00edram com for\u00e7a sobre algumas regi\u00f5es de Bras\u00edlia no \u00faltimo fim de semana, numa situa\u00e7\u00e3o totalmente at\u00edpica, n\u00e3o se repetir\u00e3o neste fim de semana outonal in\u00edcio do inverno, na quarta-feira, 21. \u00c9 o que garante o Climatempo. Talvez um ou outro chuvisco em agosto, e [&hellip;]<\/p>\n","protected":false},"author":2,"featured_media":307204,"comment_status":"closed","ping_status":"closed","sticky":false,"template":"","format":"standard","meta":{"_acf_changed":false,"footnotes":""},"categories":[161],"tags":[],"class_list":["post-307203","post","type-post","status-publish","format-standard","has-post-thumbnail","hentry","category-quadradinho-em-foco"],"acf":[],"yoast_head":"<!-- This site is optimized with the Yoast SEO plugin v27.2 - https:\/\/yoast.com\/product\/yoast-seo-wordpress\/ -->\n<title>Chuva que fechou outono foi pontual, e n\u00e3o volta - Notibras<\/title>\n<meta name=\"robots\" content=\"index, follow, max-snippet:-1, max-image-preview:large, max-video-preview:-1\" \/>\n<link rel=\"canonical\" href=\"https:\/\/www.notibras.com\/site\/chuva-que-fechou-outono-foi-pontual-e-nao-volta\/\" \/>\n<meta property=\"og:locale\" content=\"pt_BR\" \/>\n<meta property=\"og:type\" content=\"article\" \/>\n<meta property=\"og:title\" content=\"Chuva que fechou outono foi pontual, e n\u00e3o volta - Notibras\" \/>\n<meta property=\"og:description\" content=\"As &#8216;chuvas de mar\u00e7o que fecham o ver\u00e3o&#8217; e que ca\u00edram com for\u00e7a sobre algumas regi\u00f5es de Bras\u00edlia no \u00faltimo fim de semana, numa situa\u00e7\u00e3o totalmente at\u00edpica, n\u00e3o se repetir\u00e3o neste fim de semana outonal in\u00edcio do inverno, na quarta-feira, 21. \u00c9 o que garante o Climatempo. Talvez um ou outro chuvisco em agosto, e [&hellip;]\" \/>\n<meta property=\"og:url\" content=\"https:\/\/www.notibras.com\/site\/chuva-que-fechou-outono-foi-pontual-e-nao-volta\/\" \/>\n<meta property=\"og:site_name\" content=\"Notibras\" \/>\n<meta property=\"article:publisher\" content=\"https:\/\/www.facebook.com\/notibras\/\" \/>\n<meta property=\"article:published_time\" content=\"2023-06-20T06:23:36+00:00\" \/>\n<meta property=\"og:image\" content=\"https:\/\/www.notibras.com\/site\/wp-content\/uploads\/2023\/06\/mg_3844.jpeg\" \/>\n\t<meta property=\"og:image:width\" content=\"1170\" \/>\n\t<meta property=\"og:image:height\" content=\"700\" \/>\n\t<meta property=\"og:image:type\" content=\"image\/jpeg\" \/>\n<meta name=\"author\" content=\"Reda\u00e7\u00e3o\" \/>\n<meta name=\"twitter:card\" content=\"summary_large_image\" \/>\n<meta name=\"twitter:creator\" content=\"@Notibras\" \/>\n<meta name=\"twitter:site\" content=\"@Notibras\" \/>\n<meta name=\"twitter:label1\" content=\"Escrito por\" \/>\n\t<meta name=\"twitter:data1\" content=\"Reda\u00e7\u00e3o\" \/>\n\t<meta name=\"twitter:label2\" content=\"Est. tempo de leitura\" \/>\n\t<meta name=\"twitter:data2\" content=\"3 minutos\" \/>\n<script type=\"application\/ld+json\" class=\"yoast-schema-graph\">{\"@context\":\"https:\/\/schema.org\",\"@graph\":[{\"@type\":\"Article\",\"@id\":\"https:\/\/www.notibras.com\/site\/chuva-que-fechou-outono-foi-pontual-e-nao-volta\/#article\",\"isPartOf\":{\"@id\":\"https:\/\/www.notibras.com\/site\/chuva-que-fechou-outono-foi-pontual-e-nao-volta\/\"},\"author\":{\"name\":\"Reda\u00e7\u00e3o\",\"@id\":\"https:\/\/www.notibras.com\/site\/#\/schema\/person\/36ab0979449956132d3e5b517ea76ac8\"},\"headline\":\"Chuva que fechou outono foi pontual, e n\u00e3o volta\",\"datePublished\":\"2023-06-20T06:23:36+00:00\",\"mainEntityOfPage\":{\"@id\":\"https:\/\/www.notibras.com\/site\/chuva-que-fechou-outono-foi-pontual-e-nao-volta\/\"},\"wordCount\":459,\"publisher\":{\"@id\":\"https:\/\/www.notibras.com\/site\/#organization\"},\"image\":{\"@id\":\"https:\/\/www.notibras.com\/site\/chuva-que-fechou-outono-foi-pontual-e-nao-volta\/#primaryimage\"},\"thumbnailUrl\":\"https:\/\/www.notibras.com\/site\/wp-content\/uploads\/2023\/06\/mg_3844.jpeg\",\"articleSection\":[\"Quadradinho em Foco\"],\"inLanguage\":\"pt-BR\"},{\"@type\":\"WebPage\",\"@id\":\"https:\/\/www.notibras.com\/site\/chuva-que-fechou-outono-foi-pontual-e-nao-volta\/\",\"url\":\"https:\/\/www.notibras.com\/site\/chuva-que-fechou-outono-foi-pontual-e-nao-volta\/\",\"name\":\"Chuva que fechou outono foi pontual, e n\u00e3o volta - Notibras\",\"isPartOf\":{\"@id\":\"https:\/\/www.notibras.com\/site\/#website\"},\"primaryImageOfPage\":{\"@id\":\"https:\/\/www.notibras.com\/site\/chuva-que-fechou-outono-foi-pontual-e-nao-volta\/#primaryimage\"},\"image\":{\"@id\":\"https:\/\/www.notibras.com\/site\/chuva-que-fechou-outono-foi-pontual-e-nao-volta\/#primaryimage\"},\"thumbnailUrl\":\"https:\/\/www.notibras.com\/site\/wp-content\/uploads\/2023\/06\/mg_3844.jpeg\",\"datePublished\":\"2023-06-20T06:23:36+00:00\",\"breadcrumb\":{\"@id\":\"https:\/\/www.notibras.com\/site\/chuva-que-fechou-outono-foi-pontual-e-nao-volta\/#breadcrumb\"},\"inLanguage\":\"pt-BR\",\"potentialAction\":[{\"@type\":\"ReadAction\",\"target\":[\"https:\/\/www.notibras.com\/site\/chuva-que-fechou-outono-foi-pontual-e-nao-volta\/\"]}]},{\"@type\":\"ImageObject\",\"inLanguage\":\"pt-BR\",\"@id\":\"https:\/\/www.notibras.com\/site\/chuva-que-fechou-outono-foi-pontual-e-nao-volta\/#primaryimage\",\"url\":\"https:\/\/www.notibras.com\/site\/wp-content\/uploads\/2023\/06\/mg_3844.jpeg\",\"contentUrl\":\"https:\/\/www.notibras.com\/site\/wp-content\/uploads\/2023\/06\/mg_3844.jpeg\",\"width\":1170,\"height\":700},{\"@type\":\"BreadcrumbList\",\"@id\":\"https:\/\/www.notibras.com\/site\/chuva-que-fechou-outono-foi-pontual-e-nao-volta\/#breadcrumb\",\"itemListElement\":[{\"@type\":\"ListItem\",\"position\":1,\"name\":\"In\u00edcio\",\"item\":\"https:\/\/www.notibras.com\/site\/\"},{\"@type\":\"ListItem\",\"position\":2,\"name\":\"Chuva que fechou outono foi pontual, e n\u00e3o volta\"}]},{\"@type\":\"WebSite\",\"@id\":\"https:\/\/www.notibras.com\/site\/#website\",\"url\":\"https:\/\/www.notibras.com\/site\/\",\"name\":\"Notibras\",\"description\":\"Not\u00edcias de Bras\u00edlia, do Brasil e do Mundo\",\"publisher\":{\"@id\":\"https:\/\/www.notibras.com\/site\/#organization\"},\"potentialAction\":[{\"@type\":\"SearchAction\",\"target\":{\"@type\":\"EntryPoint\",\"urlTemplate\":\"https:\/\/www.notibras.com\/site\/?s={search_term_string}\"},\"query-input\":{\"@type\":\"PropertyValueSpecification\",\"valueRequired\":true,\"valueName\":\"search_term_string\"}}],\"inLanguage\":\"pt-BR\"},{\"@type\":\"Organization\",\"@id\":\"https:\/\/www.notibras.com\/site\/#organization\",\"name\":\"Grupo Notibras de Comunica\u00e7\u00e3o\",\"url\":\"https:\/\/www.notibras.com\/site\/\",\"logo\":{\"@type\":\"ImageObject\",\"inLanguage\":\"pt-BR\",\"@id\":\"https:\/\/www.notibras.com\/site\/#\/schema\/logo\/image\/\",\"url\":\"https:\/\/www.notibras.com\/site\/wp-content\/uploads\/2023\/01\/notibras23.png\",\"contentUrl\":\"https:\/\/www.notibras.com\/site\/wp-content\/uploads\/2023\/01\/notibras23.png\",\"width\":350,\"height\":87,\"caption\":\"Grupo Notibras de Comunica\u00e7\u00e3o\"},\"image\":{\"@id\":\"https:\/\/www.notibras.com\/site\/#\/schema\/logo\/image\/\"},\"sameAs\":[\"https:\/\/www.facebook.com\/notibras\/\",\"https:\/\/x.com\/Notibras\",\"https:\/\/www.instagram.com\/notibras\/\"]},{\"@type\":\"Person\",\"@id\":\"https:\/\/www.notibras.com\/site\/#\/schema\/person\/36ab0979449956132d3e5b517ea76ac8\",\"name\":\"Reda\u00e7\u00e3o\",\"image\":{\"@type\":\"ImageObject\",\"inLanguage\":\"pt-BR\",\"@id\":\"https:\/\/secure.gravatar.com\/avatar\/e0a867bdedb85fd243eadf09663511f96fc81e0720a4a42581f334ad4303aa6b?s=96&d=mm&r=g\",\"url\":\"https:\/\/secure.gravatar.com\/avatar\/e0a867bdedb85fd243eadf09663511f96fc81e0720a4a42581f334ad4303aa6b?s=96&d=mm&r=g\",\"contentUrl\":\"https:\/\/secure.gravatar.com\/avatar\/e0a867bdedb85fd243eadf09663511f96fc81e0720a4a42581f334ad4303aa6b?s=96&d=mm&r=g\",\"caption\":\"Reda\u00e7\u00e3o\"}}]}<\/script>\n<!-- \/ Yoast SEO plugin. -->","yoast_head_json":{"title":"Chuva que fechou outono foi pontual, e n\u00e3o volta - Notibras","robots":{"index":"index","follow":"follow","max-snippet":"max-snippet:-1","max-image-preview":"max-image-preview:large","max-video-preview":"max-video-preview:-1"},"canonical":"https:\/\/www.notibras.com\/site\/chuva-que-fechou-outono-foi-pontual-e-nao-volta\/","og_locale":"pt_BR","og_type":"article","og_title":"Chuva que fechou outono foi pontual, e n\u00e3o volta - Notibras","og_description":"As &#8216;chuvas de mar\u00e7o que fecham o ver\u00e3o&#8217; e que ca\u00edram com for\u00e7a sobre algumas regi\u00f5es de Bras\u00edlia no \u00faltimo fim de semana, numa situa\u00e7\u00e3o totalmente at\u00edpica, n\u00e3o se repetir\u00e3o neste fim de semana outonal in\u00edcio do inverno, na quarta-feira, 21. \u00c9 o que garante o Climatempo. Talvez um ou outro chuvisco em agosto, e [&hellip;]","og_url":"https:\/\/www.notibras.com\/site\/chuva-que-fechou-outono-foi-pontual-e-nao-volta\/","og_site_name":"Notibras","article_publisher":"https:\/\/www.facebook.com\/notibras\/","article_published_time":"2023-06-20T06:23:36+00:00","og_image":[{"width":1170,"height":700,"url":"https:\/\/www.notibras.com\/site\/wp-content\/uploads\/2023\/06\/mg_3844.jpeg","type":"image\/jpeg"}],"author":"Reda\u00e7\u00e3o","twitter_card":"summary_large_image","twitter_creator":"@Notibras","twitter_site":"@Notibras","twitter_misc":{"Escrito por":"Reda\u00e7\u00e3o","Est. tempo de leitura":"3 minutos"},"schema":{"@context":"https:\/\/schema.org","@graph":[{"@type":"Article","@id":"https:\/\/www.notibras.com\/site\/chuva-que-fechou-outono-foi-pontual-e-nao-volta\/#article","isPartOf":{"@id":"https:\/\/www.notibras.com\/site\/chuva-que-fechou-outono-foi-pontual-e-nao-volta\/"},"author":{"name":"Reda\u00e7\u00e3o","@id":"https:\/\/www.notibras.com\/site\/#\/schema\/person\/36ab0979449956132d3e5b517ea76ac8"},"headline":"Chuva que fechou outono foi pontual, e n\u00e3o volta","datePublished":"2023-06-20T06:23:36+00:00","mainEntityOfPage":{"@id":"https:\/\/www.notibras.com\/site\/chuva-que-fechou-outono-foi-pontual-e-nao-volta\/"},"wordCount":459,"publisher":{"@id":"https:\/\/www.notibras.com\/site\/#organization"},"image":{"@id":"https:\/\/www.notibras.com\/site\/chuva-que-fechou-outono-foi-pontual-e-nao-volta\/#primaryimage"},"thumbnailUrl":"https:\/\/www.notibras.com\/site\/wp-content\/uploads\/2023\/06\/mg_3844.jpeg","articleSection":["Quadradinho em Foco"],"inLanguage":"pt-BR"},{"@type":"WebPage","@id":"https:\/\/www.notibras.com\/site\/chuva-que-fechou-outono-foi-pontual-e-nao-volta\/","url":"https:\/\/www.notibras.com\/site\/chuva-que-fechou-outono-foi-pontual-e-nao-volta\/","name":"Chuva que fechou outono foi pontual, e n\u00e3o volta - Notibras","isPartOf":{"@id":"https:\/\/www.notibras.com\/site\/#website"},"primaryImageOfPage":{"@id":"https:\/\/www.notibras.com\/site\/chuva-que-fechou-outono-foi-pontual-e-nao-volta\/#primaryimage"},"image":{"@id":"https:\/\/www.notibras.com\/site\/chuva-que-fechou-outono-foi-pontual-e-nao-volta\/#primaryimage"},"thumbnailUrl":"https:\/\/www.notibras.com\/site\/wp-content\/uploads\/2023\/06\/mg_3844.jpeg","datePublished":"2023-06-20T06:23:36+00:00","breadcrumb":{"@id":"https:\/\/www.notibras.com\/site\/chuva-que-fechou-outono-foi-pontual-e-nao-volta\/#breadcrumb"},"inLanguage":"pt-BR","potentialAction":[{"@type":"ReadAction","target":["https:\/\/www.notibras.com\/site\/chuva-que-fechou-outono-foi-pontual-e-nao-volta\/"]}]},{"@type":"ImageObject","inLanguage":"pt-BR","@id":"https:\/\/www.notibras.com\/site\/chuva-que-fechou-outono-foi-pontual-e-nao-volta\/#primaryimage","url":"https:\/\/www.notibras.com\/site\/wp-content\/uploads\/2023\/06\/mg_3844.jpeg","contentUrl":"https:\/\/www.notibras.com\/site\/wp-content\/uploads\/2023\/06\/mg_3844.jpeg","width":1170,"height":700},{"@type":"BreadcrumbList","@id":"https:\/\/www.notibras.com\/site\/chuva-que-fechou-outono-foi-pontual-e-nao-volta\/#breadcrumb","itemListElement":[{"@type":"ListItem","position":1,"name":"In\u00edcio","item":"https:\/\/www.notibras.com\/site\/"},{"@type":"ListItem","position":2,"name":"Chuva que fechou outono foi pontual, e n\u00e3o volta"}]},{"@type":"WebSite","@id":"https:\/\/www.notibras.com\/site\/#website","url":"https:\/\/www.notibras.com\/site\/","name":"Notibras","description":"Not\u00edcias de Bras\u00edlia, do Brasil e do Mundo","publisher":{"@id":"https:\/\/www.notibras.com\/site\/#organization"},"potentialAction":[{"@type":"SearchAction","target":{"@type":"EntryPoint","urlTemplate":"https:\/\/www.notibras.com\/site\/?s={search_term_string}"},"query-input":{"@type":"PropertyValueSpecification","valueRequired":true,"valueName":"search_term_string"}}],"inLanguage":"pt-BR"},{"@type":"Organization","@id":"https:\/\/www.notibras.com\/site\/#organization","name":"Grupo Notibras de Comunica\u00e7\u00e3o","url":"https:\/\/www.notibras.com\/site\/","logo":{"@type":"ImageObject","inLanguage":"pt-BR","@id":"https:\/\/www.notibras.com\/site\/#\/schema\/logo\/image\/","url":"https:\/\/www.notibras.com\/site\/wp-content\/uploads\/2023\/01\/notibras23.png","contentUrl":"https:\/\/www.notibras.com\/site\/wp-content\/uploads\/2023\/01\/notibras23.png","width":350,"height":87,"caption":"Grupo Notibras de Comunica\u00e7\u00e3o"},"image":{"@id":"https:\/\/www.notibras.com\/site\/#\/schema\/logo\/image\/"},"sameAs":["https:\/\/www.facebook.com\/notibras\/","https:\/\/x.com\/Notibras","https:\/\/www.instagram.com\/notibras\/"]},{"@type":"Person","@id":"https:\/\/www.notibras.com\/site\/#\/schema\/person\/36ab0979449956132d3e5b517ea76ac8","name":"Reda\u00e7\u00e3o","image":{"@type":"ImageObject","inLanguage":"pt-BR","@id":"https:\/\/secure.gravatar.com\/avatar\/e0a867bdedb85fd243eadf09663511f96fc81e0720a4a42581f334ad4303aa6b?s=96&d=mm&r=g","url":"https:\/\/secure.gravatar.com\/avatar\/e0a867bdedb85fd243eadf09663511f96fc81e0720a4a42581f334ad4303aa6b?s=96&d=mm&r=g","contentUrl":"https:\/\/secure.gravatar.com\/avatar\/e0a867bdedb85fd243eadf09663511f96fc81e0720a4a42581f334ad4303aa6b?s=96&d=mm&r=g","caption":"Reda\u00e7\u00e3o"}}]}},"amp_enabled":true,"_links":{"self":[{"href":"https:\/\/www.notibras.com\/site\/wp-json\/wp\/v2\/posts\/307203","targetHints":{"allow":["GET"]}}],"collection":[{"href":"https:\/\/www.notibras.com\/site\/wp-json\/wp\/v2\/posts"}],"about":[{"href":"https:\/\/www.notibras.com\/site\/wp-json\/wp\/v2\/types\/post"}],"author":[{"embeddable":true,"href":"https:\/\/www.notibras.com\/site\/wp-json\/wp\/v2\/users\/2"}],"replies":[{"embeddable":true,"href":"https:\/\/www.notibras.com\/site\/wp-json\/wp\/v2\/comments?post=307203"}],"version-history":[{"count":1,"href":"https:\/\/www.notibras.com\/site\/wp-json\/wp\/v2\/posts\/307203\/revisions"}],"predecessor-version":[{"id":307205,"href":"https:\/\/www.notibras.com\/site\/wp-json\/wp\/v2\/posts\/307203\/revisions\/307205"}],"wp:featuredmedia":[{"embeddable":true,"href":"https:\/\/www.notibras.com\/site\/wp-json\/wp\/v2\/media\/307204"}],"wp:attachment":[{"href":"https:\/\/www.notibras.com\/site\/wp-json\/wp\/v2\/media?parent=307203"}],"wp:term":[{"taxonomy":"category","embeddable":true,"href":"https:\/\/www.notibras.com\/site\/wp-json\/wp\/v2\/categories?post=307203"},{"taxonomy":"post_tag","embeddable":true,"href":"https:\/\/www.notibras.com\/site\/wp-json\/wp\/v2\/tags?post=307203"}],"curies":[{"name":"wp","href":"https:\/\/api.w.org\/{rel}","templated":true}]}}