{"id":307206,"date":"2023-06-20T03:29:50","date_gmt":"2023-06-20T06:29:50","guid":{"rendered":"https:\/\/www.notibras.com\/site\/?p=307206"},"modified":"2023-06-20T03:35:53","modified_gmt":"2023-06-20T06:35:53","slug":"cesta-basica-muda-para-comida-mais-saudavel","status":"publish","type":"post","link":"https:\/\/www.notibras.com\/site\/cesta-basica-muda-para-comida-mais-saudavel\/","title":{"rendered":"Cesta b\u00e1sica muda para comida ficar mais saud\u00e1vel"},"content":{"rendered":"<p>A erradica\u00e7\u00e3o da fome no Brasil vir\u00e1 acompanhada de est\u00edmulos a uma boa alimenta\u00e7\u00e3o, do ponto de vista nutricional, em um cen\u00e1rio produtivo que respeite o meio ambiente. Com esse objetivo, o governo federal promete anunciar, em breve, uma atualiza\u00e7\u00e3o dos itens que comp\u00f5em a cesta b\u00e1sica.<\/p>\n<p>Nesse sentido, autoridades do governo federal em depoimento no Senado defenderam uma reforma tribut\u00e1ria que garanta o acesso da popula\u00e7\u00e3o aos itens que ir\u00e3o compor a futura cesta b\u00e1sica. As afirma\u00e7\u00f5es foram feitas durante audi\u00eancia p\u00fablica da Comiss\u00e3o de Direitos Humanos e Legisla\u00e7\u00e3o Participativa, destinada a debater a fome no Brasil.<\/p>\n<p>\u201cN\u00f3s finalizamos 2022 com mais de 125 milh\u00f5es de brasileiros com algum grau de inseguran\u00e7a alimentar nutricional. Temos portanto um grande desafio, que \u00e9 o de retomar uma s\u00e9rie de pol\u00edticas p\u00fablicas que j\u00e1 se mostraram com sucesso e contribu\u00edram para que o Brasil sa\u00edsse do mapa da fome [das Na\u00e7\u00f5es Unidas] em 2014\u201d, disse a coordenadora geral de Promo\u00e7\u00e3o de Alimenta\u00e7\u00e3o Saud\u00e1vel do Minist\u00e9rio do Desenvolvimento e Assist\u00eancia Social, Fam\u00edlia e Combate \u00e0 Fome (MDS), Gisele Bortoline.<\/p>\n<p>Segundo a coordenadora, o desafio \u00e9 ainda maior porque envolve a necessidade de recomposi\u00e7\u00e3o de um or\u00e7amento que foi descontinuado. Esse \u201cnovo contexto\u201d requer, tamb\u00e9m, uma \u201cintegra\u00e7\u00e3o de esfor\u00e7os\u201d de entes federativos e organiza\u00e7\u00f5es da sociedade civil, visando um \u201cnovo ciclo de pol\u00edticas p\u00fablicas de seguran\u00e7a alimentar e nutricional\u201d.<\/p>\n<p><strong>Nova cesta b\u00e1sica<\/strong><br \/>\nA atualiza\u00e7\u00e3o dos itens da cesta b\u00e1sica \u00e9 uma das medidas previstas para dar qualidade aos alimentos que v\u00e3o \u00e0 mesa dos brasileiros. \u201cEstamos coordenando uma nova modalidade de cesta b\u00e1sica no nosso pa\u00eds\u201d, anunciou o presidente da Companhia Nacional de Abastecimento (Conab), Edegar Pretto.<\/p>\n<p>\u201cVoc\u00eas sabem que a cesta b\u00e1sica brasileira, que \u00e9 refer\u00eancia at\u00e9 hoje para o sal\u00e1rio-m\u00ednimo nacional, \u00e9 de 1938. Nosso modelo de cesta b\u00e1sica \u00e9 da \u00e9poca do Get\u00falio Vargas. Por isso, a Conab est\u00e1 estudando, com a ajuda de nutricionistas e da academia, qual \u00e9 o modelo de cesta b\u00e1sica necess\u00e1rio para nutrirmos o nosso povo n\u00e3o s\u00f3 na quantidade, mas na qualidade suficiente\u201d, acrescentou Pretto.<\/p>\n","protected":false},"excerpt":{"rendered":"<p>A erradica\u00e7\u00e3o da fome no Brasil vir\u00e1 acompanhada de est\u00edmulos a uma boa alimenta\u00e7\u00e3o, do ponto de vista nutricional, em um cen\u00e1rio produtivo que respeite o meio ambiente. Com esse objetivo, o governo federal promete anunciar, em breve, uma atualiza\u00e7\u00e3o dos itens que comp\u00f5em a cesta b\u00e1sica. Nesse sentido, autoridades do governo federal em depoimento [&hellip;]<\/p>\n","protected":false},"author":2,"featured_media":307207,"comment_status":"closed","ping_status":"closed","sticky":false,"template":"","format":"standard","meta":{"_acf_changed":false,"footnotes":""},"categories":[161],"tags":[],"class_list":["post-307206","post","type-post","status-publish","format-standard","has-post-thumbnail","hentry","category-quadradinho-em-foco"],"acf":[],"yoast_head":"<!-- This site is optimized with the Yoast SEO plugin v27.2 - https:\/\/yoast.com\/product\/yoast-seo-wordpress\/ -->\n<title>Cesta b\u00e1sica muda para comida ficar mais saud\u00e1vel - Notibras<\/title>\n<meta name=\"robots\" content=\"index, follow, max-snippet:-1, max-image-preview:large, max-video-preview:-1\" \/>\n<link rel=\"canonical\" href=\"https:\/\/www.notibras.com\/site\/cesta-basica-muda-para-comida-mais-saudavel\/\" \/>\n<meta property=\"og:locale\" content=\"pt_BR\" \/>\n<meta property=\"og:type\" content=\"article\" \/>\n<meta property=\"og:title\" content=\"Cesta b\u00e1sica muda para comida ficar mais saud\u00e1vel - Notibras\" \/>\n<meta property=\"og:description\" content=\"A erradica\u00e7\u00e3o da fome no Brasil vir\u00e1 acompanhada de est\u00edmulos a uma boa alimenta\u00e7\u00e3o, do ponto de vista nutricional, em um cen\u00e1rio produtivo que respeite o meio ambiente. Com esse objetivo, o governo federal promete anunciar, em breve, uma atualiza\u00e7\u00e3o dos itens que comp\u00f5em a cesta b\u00e1sica. Nesse sentido, autoridades do governo federal em depoimento [&hellip;]\" \/>\n<meta property=\"og:url\" content=\"https:\/\/www.notibras.com\/site\/cesta-basica-muda-para-comida-mais-saudavel\/\" \/>\n<meta property=\"og:site_name\" content=\"Notibras\" \/>\n<meta property=\"article:publisher\" content=\"https:\/\/www.facebook.com\/notibras\/\" \/>\n<meta property=\"article:published_time\" content=\"2023-06-20T06:29:50+00:00\" \/>\n<meta property=\"article:modified_time\" content=\"2023-06-20T06:35:53+00:00\" \/>\n<meta property=\"og:image\" content=\"https:\/\/www.notibras.com\/site\/wp-content\/uploads\/2023\/06\/supermercados_dia_8-5.jpg\" \/>\n\t<meta property=\"og:image:width\" content=\"1170\" \/>\n\t<meta property=\"og:image:height\" content=\"700\" \/>\n\t<meta property=\"og:image:type\" content=\"image\/jpeg\" \/>\n<meta name=\"author\" content=\"Reda\u00e7\u00e3o\" \/>\n<meta name=\"twitter:card\" content=\"summary_large_image\" \/>\n<meta name=\"twitter:creator\" content=\"@Notibras\" \/>\n<meta name=\"twitter:site\" content=\"@Notibras\" \/>\n<meta name=\"twitter:label1\" content=\"Escrito por\" \/>\n\t<meta name=\"twitter:data1\" content=\"Reda\u00e7\u00e3o\" \/>\n\t<meta name=\"twitter:label2\" content=\"Est. tempo de leitura\" \/>\n\t<meta name=\"twitter:data2\" content=\"2 minutos\" \/>\n<script type=\"application\/ld+json\" class=\"yoast-schema-graph\">{\"@context\":\"https:\/\/schema.org\",\"@graph\":[{\"@type\":\"Article\",\"@id\":\"https:\/\/www.notibras.com\/site\/cesta-basica-muda-para-comida-mais-saudavel\/#article\",\"isPartOf\":{\"@id\":\"https:\/\/www.notibras.com\/site\/cesta-basica-muda-para-comida-mais-saudavel\/\"},\"author\":{\"name\":\"Reda\u00e7\u00e3o\",\"@id\":\"https:\/\/www.notibras.com\/site\/#\/schema\/person\/36ab0979449956132d3e5b517ea76ac8\"},\"headline\":\"Cesta b\u00e1sica muda para comida ficar mais saud\u00e1vel\",\"datePublished\":\"2023-06-20T06:29:50+00:00\",\"dateModified\":\"2023-06-20T06:35:53+00:00\",\"mainEntityOfPage\":{\"@id\":\"https:\/\/www.notibras.com\/site\/cesta-basica-muda-para-comida-mais-saudavel\/\"},\"wordCount\":393,\"publisher\":{\"@id\":\"https:\/\/www.notibras.com\/site\/#organization\"},\"image\":{\"@id\":\"https:\/\/www.notibras.com\/site\/cesta-basica-muda-para-comida-mais-saudavel\/#primaryimage\"},\"thumbnailUrl\":\"https:\/\/www.notibras.com\/site\/wp-content\/uploads\/2023\/06\/supermercados_dia_8-5.jpg\",\"articleSection\":[\"Quadradinho em Foco\"],\"inLanguage\":\"pt-BR\"},{\"@type\":\"WebPage\",\"@id\":\"https:\/\/www.notibras.com\/site\/cesta-basica-muda-para-comida-mais-saudavel\/\",\"url\":\"https:\/\/www.notibras.com\/site\/cesta-basica-muda-para-comida-mais-saudavel\/\",\"name\":\"Cesta b\u00e1sica muda para comida ficar mais saud\u00e1vel - Notibras\",\"isPartOf\":{\"@id\":\"https:\/\/www.notibras.com\/site\/#website\"},\"primaryImageOfPage\":{\"@id\":\"https:\/\/www.notibras.com\/site\/cesta-basica-muda-para-comida-mais-saudavel\/#primaryimage\"},\"image\":{\"@id\":\"https:\/\/www.notibras.com\/site\/cesta-basica-muda-para-comida-mais-saudavel\/#primaryimage\"},\"thumbnailUrl\":\"https:\/\/www.notibras.com\/site\/wp-content\/uploads\/2023\/06\/supermercados_dia_8-5.jpg\",\"datePublished\":\"2023-06-20T06:29:50+00:00\",\"dateModified\":\"2023-06-20T06:35:53+00:00\",\"breadcrumb\":{\"@id\":\"https:\/\/www.notibras.com\/site\/cesta-basica-muda-para-comida-mais-saudavel\/#breadcrumb\"},\"inLanguage\":\"pt-BR\",\"potentialAction\":[{\"@type\":\"ReadAction\",\"target\":[\"https:\/\/www.notibras.com\/site\/cesta-basica-muda-para-comida-mais-saudavel\/\"]}]},{\"@type\":\"ImageObject\",\"inLanguage\":\"pt-BR\",\"@id\":\"https:\/\/www.notibras.com\/site\/cesta-basica-muda-para-comida-mais-saudavel\/#primaryimage\",\"url\":\"https:\/\/www.notibras.com\/site\/wp-content\/uploads\/2023\/06\/supermercados_dia_8-5.jpg\",\"contentUrl\":\"https:\/\/www.notibras.com\/site\/wp-content\/uploads\/2023\/06\/supermercados_dia_8-5.jpg\",\"width\":1170,\"height\":700},{\"@type\":\"BreadcrumbList\",\"@id\":\"https:\/\/www.notibras.com\/site\/cesta-basica-muda-para-comida-mais-saudavel\/#breadcrumb\",\"itemListElement\":[{\"@type\":\"ListItem\",\"position\":1,\"name\":\"In\u00edcio\",\"item\":\"https:\/\/www.notibras.com\/site\/\"},{\"@type\":\"ListItem\",\"position\":2,\"name\":\"Cesta b\u00e1sica muda para comida ficar mais saud\u00e1vel\"}]},{\"@type\":\"WebSite\",\"@id\":\"https:\/\/www.notibras.com\/site\/#website\",\"url\":\"https:\/\/www.notibras.com\/site\/\",\"name\":\"Notibras\",\"description\":\"Not\u00edcias de Bras\u00edlia, do Brasil e do Mundo\",\"publisher\":{\"@id\":\"https:\/\/www.notibras.com\/site\/#organization\"},\"potentialAction\":[{\"@type\":\"SearchAction\",\"target\":{\"@type\":\"EntryPoint\",\"urlTemplate\":\"https:\/\/www.notibras.com\/site\/?s={search_term_string}\"},\"query-input\":{\"@type\":\"PropertyValueSpecification\",\"valueRequired\":true,\"valueName\":\"search_term_string\"}}],\"inLanguage\":\"pt-BR\"},{\"@type\":\"Organization\",\"@id\":\"https:\/\/www.notibras.com\/site\/#organization\",\"name\":\"Grupo Notibras de Comunica\u00e7\u00e3o\",\"url\":\"https:\/\/www.notibras.com\/site\/\",\"logo\":{\"@type\":\"ImageObject\",\"inLanguage\":\"pt-BR\",\"@id\":\"https:\/\/www.notibras.com\/site\/#\/schema\/logo\/image\/\",\"url\":\"https:\/\/www.notibras.com\/site\/wp-content\/uploads\/2023\/01\/notibras23.png\",\"contentUrl\":\"https:\/\/www.notibras.com\/site\/wp-content\/uploads\/2023\/01\/notibras23.png\",\"width\":350,\"height\":87,\"caption\":\"Grupo Notibras de Comunica\u00e7\u00e3o\"},\"image\":{\"@id\":\"https:\/\/www.notibras.com\/site\/#\/schema\/logo\/image\/\"},\"sameAs\":[\"https:\/\/www.facebook.com\/notibras\/\",\"https:\/\/x.com\/Notibras\",\"https:\/\/www.instagram.com\/notibras\/\"]},{\"@type\":\"Person\",\"@id\":\"https:\/\/www.notibras.com\/site\/#\/schema\/person\/36ab0979449956132d3e5b517ea76ac8\",\"name\":\"Reda\u00e7\u00e3o\",\"image\":{\"@type\":\"ImageObject\",\"inLanguage\":\"pt-BR\",\"@id\":\"https:\/\/secure.gravatar.com\/avatar\/e0a867bdedb85fd243eadf09663511f96fc81e0720a4a42581f334ad4303aa6b?s=96&d=mm&r=g\",\"url\":\"https:\/\/secure.gravatar.com\/avatar\/e0a867bdedb85fd243eadf09663511f96fc81e0720a4a42581f334ad4303aa6b?s=96&d=mm&r=g\",\"contentUrl\":\"https:\/\/secure.gravatar.com\/avatar\/e0a867bdedb85fd243eadf09663511f96fc81e0720a4a42581f334ad4303aa6b?s=96&d=mm&r=g\",\"caption\":\"Reda\u00e7\u00e3o\"}}]}<\/script>\n<!-- \/ Yoast SEO plugin. -->","yoast_head_json":{"title":"Cesta b\u00e1sica muda para comida ficar mais saud\u00e1vel - Notibras","robots":{"index":"index","follow":"follow","max-snippet":"max-snippet:-1","max-image-preview":"max-image-preview:large","max-video-preview":"max-video-preview:-1"},"canonical":"https:\/\/www.notibras.com\/site\/cesta-basica-muda-para-comida-mais-saudavel\/","og_locale":"pt_BR","og_type":"article","og_title":"Cesta b\u00e1sica muda para comida ficar mais saud\u00e1vel - Notibras","og_description":"A erradica\u00e7\u00e3o da fome no Brasil vir\u00e1 acompanhada de est\u00edmulos a uma boa alimenta\u00e7\u00e3o, do ponto de vista nutricional, em um cen\u00e1rio produtivo que respeite o meio ambiente. Com esse objetivo, o governo federal promete anunciar, em breve, uma atualiza\u00e7\u00e3o dos itens que comp\u00f5em a cesta b\u00e1sica. Nesse sentido, autoridades do governo federal em depoimento [&hellip;]","og_url":"https:\/\/www.notibras.com\/site\/cesta-basica-muda-para-comida-mais-saudavel\/","og_site_name":"Notibras","article_publisher":"https:\/\/www.facebook.com\/notibras\/","article_published_time":"2023-06-20T06:29:50+00:00","article_modified_time":"2023-06-20T06:35:53+00:00","og_image":[{"width":1170,"height":700,"url":"https:\/\/www.notibras.com\/site\/wp-content\/uploads\/2023\/06\/supermercados_dia_8-5.jpg","type":"image\/jpeg"}],"author":"Reda\u00e7\u00e3o","twitter_card":"summary_large_image","twitter_creator":"@Notibras","twitter_site":"@Notibras","twitter_misc":{"Escrito por":"Reda\u00e7\u00e3o","Est. tempo de leitura":"2 minutos"},"schema":{"@context":"https:\/\/schema.org","@graph":[{"@type":"Article","@id":"https:\/\/www.notibras.com\/site\/cesta-basica-muda-para-comida-mais-saudavel\/#article","isPartOf":{"@id":"https:\/\/www.notibras.com\/site\/cesta-basica-muda-para-comida-mais-saudavel\/"},"author":{"name":"Reda\u00e7\u00e3o","@id":"https:\/\/www.notibras.com\/site\/#\/schema\/person\/36ab0979449956132d3e5b517ea76ac8"},"headline":"Cesta b\u00e1sica muda para comida ficar mais saud\u00e1vel","datePublished":"2023-06-20T06:29:50+00:00","dateModified":"2023-06-20T06:35:53+00:00","mainEntityOfPage":{"@id":"https:\/\/www.notibras.com\/site\/cesta-basica-muda-para-comida-mais-saudavel\/"},"wordCount":393,"publisher":{"@id":"https:\/\/www.notibras.com\/site\/#organization"},"image":{"@id":"https:\/\/www.notibras.com\/site\/cesta-basica-muda-para-comida-mais-saudavel\/#primaryimage"},"thumbnailUrl":"https:\/\/www.notibras.com\/site\/wp-content\/uploads\/2023\/06\/supermercados_dia_8-5.jpg","articleSection":["Quadradinho em Foco"],"inLanguage":"pt-BR"},{"@type":"WebPage","@id":"https:\/\/www.notibras.com\/site\/cesta-basica-muda-para-comida-mais-saudavel\/","url":"https:\/\/www.notibras.com\/site\/cesta-basica-muda-para-comida-mais-saudavel\/","name":"Cesta b\u00e1sica muda para comida ficar mais saud\u00e1vel - Notibras","isPartOf":{"@id":"https:\/\/www.notibras.com\/site\/#website"},"primaryImageOfPage":{"@id":"https:\/\/www.notibras.com\/site\/cesta-basica-muda-para-comida-mais-saudavel\/#primaryimage"},"image":{"@id":"https:\/\/www.notibras.com\/site\/cesta-basica-muda-para-comida-mais-saudavel\/#primaryimage"},"thumbnailUrl":"https:\/\/www.notibras.com\/site\/wp-content\/uploads\/2023\/06\/supermercados_dia_8-5.jpg","datePublished":"2023-06-20T06:29:50+00:00","dateModified":"2023-06-20T06:35:53+00:00","breadcrumb":{"@id":"https:\/\/www.notibras.com\/site\/cesta-basica-muda-para-comida-mais-saudavel\/#breadcrumb"},"inLanguage":"pt-BR","potentialAction":[{"@type":"ReadAction","target":["https:\/\/www.notibras.com\/site\/cesta-basica-muda-para-comida-mais-saudavel\/"]}]},{"@type":"ImageObject","inLanguage":"pt-BR","@id":"https:\/\/www.notibras.com\/site\/cesta-basica-muda-para-comida-mais-saudavel\/#primaryimage","url":"https:\/\/www.notibras.com\/site\/wp-content\/uploads\/2023\/06\/supermercados_dia_8-5.jpg","contentUrl":"https:\/\/www.notibras.com\/site\/wp-content\/uploads\/2023\/06\/supermercados_dia_8-5.jpg","width":1170,"height":700},{"@type":"BreadcrumbList","@id":"https:\/\/www.notibras.com\/site\/cesta-basica-muda-para-comida-mais-saudavel\/#breadcrumb","itemListElement":[{"@type":"ListItem","position":1,"name":"In\u00edcio","item":"https:\/\/www.notibras.com\/site\/"},{"@type":"ListItem","position":2,"name":"Cesta b\u00e1sica muda para comida ficar mais saud\u00e1vel"}]},{"@type":"WebSite","@id":"https:\/\/www.notibras.com\/site\/#website","url":"https:\/\/www.notibras.com\/site\/","name":"Notibras","description":"Not\u00edcias de Bras\u00edlia, do Brasil e do Mundo","publisher":{"@id":"https:\/\/www.notibras.com\/site\/#organization"},"potentialAction":[{"@type":"SearchAction","target":{"@type":"EntryPoint","urlTemplate":"https:\/\/www.notibras.com\/site\/?s={search_term_string}"},"query-input":{"@type":"PropertyValueSpecification","valueRequired":true,"valueName":"search_term_string"}}],"inLanguage":"pt-BR"},{"@type":"Organization","@id":"https:\/\/www.notibras.com\/site\/#organization","name":"Grupo Notibras de Comunica\u00e7\u00e3o","url":"https:\/\/www.notibras.com\/site\/","logo":{"@type":"ImageObject","inLanguage":"pt-BR","@id":"https:\/\/www.notibras.com\/site\/#\/schema\/logo\/image\/","url":"https:\/\/www.notibras.com\/site\/wp-content\/uploads\/2023\/01\/notibras23.png","contentUrl":"https:\/\/www.notibras.com\/site\/wp-content\/uploads\/2023\/01\/notibras23.png","width":350,"height":87,"caption":"Grupo Notibras de Comunica\u00e7\u00e3o"},"image":{"@id":"https:\/\/www.notibras.com\/site\/#\/schema\/logo\/image\/"},"sameAs":["https:\/\/www.facebook.com\/notibras\/","https:\/\/x.com\/Notibras","https:\/\/www.instagram.com\/notibras\/"]},{"@type":"Person","@id":"https:\/\/www.notibras.com\/site\/#\/schema\/person\/36ab0979449956132d3e5b517ea76ac8","name":"Reda\u00e7\u00e3o","image":{"@type":"ImageObject","inLanguage":"pt-BR","@id":"https:\/\/secure.gravatar.com\/avatar\/e0a867bdedb85fd243eadf09663511f96fc81e0720a4a42581f334ad4303aa6b?s=96&d=mm&r=g","url":"https:\/\/secure.gravatar.com\/avatar\/e0a867bdedb85fd243eadf09663511f96fc81e0720a4a42581f334ad4303aa6b?s=96&d=mm&r=g","contentUrl":"https:\/\/secure.gravatar.com\/avatar\/e0a867bdedb85fd243eadf09663511f96fc81e0720a4a42581f334ad4303aa6b?s=96&d=mm&r=g","caption":"Reda\u00e7\u00e3o"}}]}},"amp_enabled":true,"_links":{"self":[{"href":"https:\/\/www.notibras.com\/site\/wp-json\/wp\/v2\/posts\/307206","targetHints":{"allow":["GET"]}}],"collection":[{"href":"https:\/\/www.notibras.com\/site\/wp-json\/wp\/v2\/posts"}],"about":[{"href":"https:\/\/www.notibras.com\/site\/wp-json\/wp\/v2\/types\/post"}],"author":[{"embeddable":true,"href":"https:\/\/www.notibras.com\/site\/wp-json\/wp\/v2\/users\/2"}],"replies":[{"embeddable":true,"href":"https:\/\/www.notibras.com\/site\/wp-json\/wp\/v2\/comments?post=307206"}],"version-history":[{"count":4,"href":"https:\/\/www.notibras.com\/site\/wp-json\/wp\/v2\/posts\/307206\/revisions"}],"predecessor-version":[{"id":307212,"href":"https:\/\/www.notibras.com\/site\/wp-json\/wp\/v2\/posts\/307206\/revisions\/307212"}],"wp:featuredmedia":[{"embeddable":true,"href":"https:\/\/www.notibras.com\/site\/wp-json\/wp\/v2\/media\/307207"}],"wp:attachment":[{"href":"https:\/\/www.notibras.com\/site\/wp-json\/wp\/v2\/media?parent=307206"}],"wp:term":[{"taxonomy":"category","embeddable":true,"href":"https:\/\/www.notibras.com\/site\/wp-json\/wp\/v2\/categories?post=307206"},{"taxonomy":"post_tag","embeddable":true,"href":"https:\/\/www.notibras.com\/site\/wp-json\/wp\/v2\/tags?post=307206"}],"curies":[{"name":"wp","href":"https:\/\/api.w.org\/{rel}","templated":true}]}}