{"id":307213,"date":"2023-06-20T00:06:04","date_gmt":"2023-06-20T03:06:04","guid":{"rendered":"https:\/\/www.notibras.com\/site\/?p=307213"},"modified":"2023-06-20T03:39:02","modified_gmt":"2023-06-20T06:39:02","slug":"distribuicao-de-absorventes-beneficia-mulheres","status":"publish","type":"post","link":"https:\/\/www.notibras.com\/site\/distribuicao-de-absorventes-beneficia-mulheres\/","title":{"rendered":"Distribui\u00e7\u00e3o de absorventes beneficia mulheres"},"content":{"rendered":"<p>O governo federal divulgou, nesta segunda-feira (19), os crit\u00e9rios para distribui\u00e7\u00e3o gratuita de absorventes, que dever\u00e1 atender cerca de 24 milh\u00f5es de pessoas em condi\u00e7\u00e3o de vulnerabilidade social.<\/p>\n<p>Conforme portaria interministerial, o p\u00fablico-alvo \u00e9 de pessoas inscritas no Cadastro \u00danico, em situa\u00e7\u00e3o de rua ou pobreza, matriculadas em escolas p\u00fablicas federais, estaduais e municipais e que perten\u00e7am a fam\u00edlias de baixa renda, estejam no sistema penal ou cumprindo medidas socioeducativas.<\/p>\n<p>Os absorventes ser\u00e3o distribu\u00eddos em estabelecimentos da Aten\u00e7\u00e3o Prim\u00e1ria \u00e0 Sa\u00fade, escolas da rede p\u00fablica, unidades do Sistema \u00danico de Assist\u00eancia Social, pres\u00eddios e institui\u00e7\u00f5es de cumprimento de medidas socioeducativas.<\/p>\n<p>Est\u00e3o previstos cursos de capacita\u00e7\u00e3o de agentes p\u00fablicos para esclarecer sobre a dignidade menstrual, al\u00e9m de campanhas publicit\u00e1rias.<\/p>\n<p>A compra dos absorventes deve levar em conta crit\u00e9rios de qualidade previstos pela Ag\u00eancia Nacional de Vigil\u00e2ncia Sanit\u00e1ria (Anvisa). Caber\u00e1 ao Minist\u00e9rio da Sa\u00fade fazer uma estimativa do uso m\u00e9dio de unidades de absorventes e do ciclo menstrual.<\/p>\n<p>O Minist\u00e9rio da Sa\u00fade ressalta que milhares de pessoas n\u00e3o t\u00eam acesso a absorventes no pa\u00eds \u201ce, em consequ\u00eancia, meninas deixam de frequentar aulas por vergonha, e mulheres usam formas inadequadas de conten\u00e7\u00e3o do fluxo, como papel higi\u00eanico e at\u00e9 miolo de p\u00e3o\u201d.<\/p>\n<p>O projeto, que previa a distribui\u00e7\u00e3o gratuita de absorventes para estudantes de baixa renda da rede p\u00fablica e para mulheres em situa\u00e7\u00e3o de rua ou de vulnerabilidade social, foi aprovado no Senado em setembro de 2021 e seguiu para san\u00e7\u00e3o presidencial. Por\u00e9m, o ent\u00e3o presidente Jair Bolsonaro vetou trechos do projeto. O governo \u00e0 \u00e9poca argumentou que o projeto contrariava o interesse p\u00fablico.<\/p>\n<p>Em mar\u00e7o deste ano, o presidente Luiz In\u00e1cio Lula da Silva editou o decreto que regulamenta a Lei n\u00ba 14.214\/21 e instituiu o Programa de Prote\u00e7\u00e3o e Promo\u00e7\u00e3o da Sa\u00fade Menstrual.<\/p>\n<p>O objetivo do programa \u00e9 combater a falta de acesso a produtos de higiene e a outros itens necess\u00e1rios ao per\u00edodo da menstrua\u00e7\u00e3o ou a falta de recursos que possibilitem sua aquisi\u00e7\u00e3o, oferecer garantia de cuidados b\u00e1sicos de sa\u00fade e desenvolver meios para a inclus\u00e3o das mulheres em a\u00e7\u00f5es e programas de prote\u00e7\u00e3o \u00e0 sa\u00fade menstrual.<\/p>\n<p>No mesmo m\u00eas, o Congresso Nacional derrubou veto de Jair Bolsonaro \u00e0 distribui\u00e7\u00e3o de absorventes.<\/p>\n","protected":false},"excerpt":{"rendered":"<p>O governo federal divulgou, nesta segunda-feira (19), os crit\u00e9rios para distribui\u00e7\u00e3o gratuita de absorventes, que dever\u00e1 atender cerca de 24 milh\u00f5es de pessoas em condi\u00e7\u00e3o de vulnerabilidade social. Conforme portaria interministerial, o p\u00fablico-alvo \u00e9 de pessoas inscritas no Cadastro \u00danico, em situa\u00e7\u00e3o de rua ou pobreza, matriculadas em escolas p\u00fablicas federais, estaduais e municipais e [&hellip;]<\/p>\n","protected":false},"author":2,"featured_media":307214,"comment_status":"closed","ping_status":"closed","sticky":false,"template":"","format":"standard","meta":{"_acf_changed":false,"footnotes":""},"categories":[161],"tags":[],"class_list":["post-307213","post","type-post","status-publish","format-standard","has-post-thumbnail","hentry","category-quadradinho-em-foco"],"acf":[],"yoast_head":"<!-- This site is optimized with the Yoast SEO plugin v27.2 - https:\/\/yoast.com\/product\/yoast-seo-wordpress\/ -->\n<title>Distribui\u00e7\u00e3o de absorventes beneficia mulheres - Notibras<\/title>\n<meta name=\"robots\" content=\"index, follow, max-snippet:-1, max-image-preview:large, max-video-preview:-1\" \/>\n<link rel=\"canonical\" href=\"https:\/\/www.notibras.com\/site\/distribuicao-de-absorventes-beneficia-mulheres\/\" \/>\n<meta property=\"og:locale\" content=\"pt_BR\" \/>\n<meta property=\"og:type\" content=\"article\" \/>\n<meta property=\"og:title\" content=\"Distribui\u00e7\u00e3o de absorventes beneficia mulheres - Notibras\" \/>\n<meta property=\"og:description\" content=\"O governo federal divulgou, nesta segunda-feira (19), os crit\u00e9rios para distribui\u00e7\u00e3o gratuita de absorventes, que dever\u00e1 atender cerca de 24 milh\u00f5es de pessoas em condi\u00e7\u00e3o de vulnerabilidade social. Conforme portaria interministerial, o p\u00fablico-alvo \u00e9 de pessoas inscritas no Cadastro \u00danico, em situa\u00e7\u00e3o de rua ou pobreza, matriculadas em escolas p\u00fablicas federais, estaduais e municipais e [&hellip;]\" \/>\n<meta property=\"og:url\" content=\"https:\/\/www.notibras.com\/site\/distribuicao-de-absorventes-beneficia-mulheres\/\" \/>\n<meta property=\"og:site_name\" content=\"Notibras\" \/>\n<meta property=\"article:publisher\" content=\"https:\/\/www.facebook.com\/notibras\/\" \/>\n<meta property=\"article:published_time\" content=\"2023-06-20T03:06:04+00:00\" \/>\n<meta property=\"article:modified_time\" content=\"2023-06-20T06:39:02+00:00\" \/>\n<meta property=\"og:image\" content=\"https:\/\/www.notibras.com\/site\/wp-content\/uploads\/2023\/06\/absorventes_mca_abr_151020214429.jpg\" \/>\n\t<meta property=\"og:image:width\" content=\"1170\" \/>\n\t<meta property=\"og:image:height\" content=\"700\" \/>\n\t<meta property=\"og:image:type\" content=\"image\/jpeg\" \/>\n<meta name=\"author\" content=\"Reda\u00e7\u00e3o\" \/>\n<meta name=\"twitter:card\" content=\"summary_large_image\" \/>\n<meta name=\"twitter:creator\" content=\"@Notibras\" \/>\n<meta name=\"twitter:site\" content=\"@Notibras\" \/>\n<meta name=\"twitter:label1\" content=\"Escrito por\" \/>\n\t<meta name=\"twitter:data1\" content=\"Reda\u00e7\u00e3o\" \/>\n\t<meta name=\"twitter:label2\" content=\"Est. tempo de leitura\" \/>\n\t<meta name=\"twitter:data2\" content=\"3 minutos\" \/>\n<script type=\"application\/ld+json\" class=\"yoast-schema-graph\">{\"@context\":\"https:\/\/schema.org\",\"@graph\":[{\"@type\":\"Article\",\"@id\":\"https:\/\/www.notibras.com\/site\/distribuicao-de-absorventes-beneficia-mulheres\/#article\",\"isPartOf\":{\"@id\":\"https:\/\/www.notibras.com\/site\/distribuicao-de-absorventes-beneficia-mulheres\/\"},\"author\":{\"name\":\"Reda\u00e7\u00e3o\",\"@id\":\"https:\/\/www.notibras.com\/site\/#\/schema\/person\/36ab0979449956132d3e5b517ea76ac8\"},\"headline\":\"Distribui\u00e7\u00e3o de absorventes beneficia mulheres\",\"datePublished\":\"2023-06-20T03:06:04+00:00\",\"dateModified\":\"2023-06-20T06:39:02+00:00\",\"mainEntityOfPage\":{\"@id\":\"https:\/\/www.notibras.com\/site\/distribuicao-de-absorventes-beneficia-mulheres\/\"},\"wordCount\":423,\"publisher\":{\"@id\":\"https:\/\/www.notibras.com\/site\/#organization\"},\"image\":{\"@id\":\"https:\/\/www.notibras.com\/site\/distribuicao-de-absorventes-beneficia-mulheres\/#primaryimage\"},\"thumbnailUrl\":\"https:\/\/www.notibras.com\/site\/wp-content\/uploads\/2023\/06\/absorventes_mca_abr_151020214429.jpg\",\"articleSection\":[\"Quadradinho em Foco\"],\"inLanguage\":\"pt-BR\"},{\"@type\":\"WebPage\",\"@id\":\"https:\/\/www.notibras.com\/site\/distribuicao-de-absorventes-beneficia-mulheres\/\",\"url\":\"https:\/\/www.notibras.com\/site\/distribuicao-de-absorventes-beneficia-mulheres\/\",\"name\":\"Distribui\u00e7\u00e3o de absorventes beneficia mulheres - Notibras\",\"isPartOf\":{\"@id\":\"https:\/\/www.notibras.com\/site\/#website\"},\"primaryImageOfPage\":{\"@id\":\"https:\/\/www.notibras.com\/site\/distribuicao-de-absorventes-beneficia-mulheres\/#primaryimage\"},\"image\":{\"@id\":\"https:\/\/www.notibras.com\/site\/distribuicao-de-absorventes-beneficia-mulheres\/#primaryimage\"},\"thumbnailUrl\":\"https:\/\/www.notibras.com\/site\/wp-content\/uploads\/2023\/06\/absorventes_mca_abr_151020214429.jpg\",\"datePublished\":\"2023-06-20T03:06:04+00:00\",\"dateModified\":\"2023-06-20T06:39:02+00:00\",\"breadcrumb\":{\"@id\":\"https:\/\/www.notibras.com\/site\/distribuicao-de-absorventes-beneficia-mulheres\/#breadcrumb\"},\"inLanguage\":\"pt-BR\",\"potentialAction\":[{\"@type\":\"ReadAction\",\"target\":[\"https:\/\/www.notibras.com\/site\/distribuicao-de-absorventes-beneficia-mulheres\/\"]}]},{\"@type\":\"ImageObject\",\"inLanguage\":\"pt-BR\",\"@id\":\"https:\/\/www.notibras.com\/site\/distribuicao-de-absorventes-beneficia-mulheres\/#primaryimage\",\"url\":\"https:\/\/www.notibras.com\/site\/wp-content\/uploads\/2023\/06\/absorventes_mca_abr_151020214429.jpg\",\"contentUrl\":\"https:\/\/www.notibras.com\/site\/wp-content\/uploads\/2023\/06\/absorventes_mca_abr_151020214429.jpg\",\"width\":1170,\"height\":700,\"caption\":\"Absorvente\"},{\"@type\":\"BreadcrumbList\",\"@id\":\"https:\/\/www.notibras.com\/site\/distribuicao-de-absorventes-beneficia-mulheres\/#breadcrumb\",\"itemListElement\":[{\"@type\":\"ListItem\",\"position\":1,\"name\":\"In\u00edcio\",\"item\":\"https:\/\/www.notibras.com\/site\/\"},{\"@type\":\"ListItem\",\"position\":2,\"name\":\"Distribui\u00e7\u00e3o de absorventes beneficia mulheres\"}]},{\"@type\":\"WebSite\",\"@id\":\"https:\/\/www.notibras.com\/site\/#website\",\"url\":\"https:\/\/www.notibras.com\/site\/\",\"name\":\"Notibras\",\"description\":\"Not\u00edcias de Bras\u00edlia, do Brasil e do Mundo\",\"publisher\":{\"@id\":\"https:\/\/www.notibras.com\/site\/#organization\"},\"potentialAction\":[{\"@type\":\"SearchAction\",\"target\":{\"@type\":\"EntryPoint\",\"urlTemplate\":\"https:\/\/www.notibras.com\/site\/?s={search_term_string}\"},\"query-input\":{\"@type\":\"PropertyValueSpecification\",\"valueRequired\":true,\"valueName\":\"search_term_string\"}}],\"inLanguage\":\"pt-BR\"},{\"@type\":\"Organization\",\"@id\":\"https:\/\/www.notibras.com\/site\/#organization\",\"name\":\"Grupo Notibras de Comunica\u00e7\u00e3o\",\"url\":\"https:\/\/www.notibras.com\/site\/\",\"logo\":{\"@type\":\"ImageObject\",\"inLanguage\":\"pt-BR\",\"@id\":\"https:\/\/www.notibras.com\/site\/#\/schema\/logo\/image\/\",\"url\":\"https:\/\/www.notibras.com\/site\/wp-content\/uploads\/2023\/01\/notibras23.png\",\"contentUrl\":\"https:\/\/www.notibras.com\/site\/wp-content\/uploads\/2023\/01\/notibras23.png\",\"width\":350,\"height\":87,\"caption\":\"Grupo Notibras de Comunica\u00e7\u00e3o\"},\"image\":{\"@id\":\"https:\/\/www.notibras.com\/site\/#\/schema\/logo\/image\/\"},\"sameAs\":[\"https:\/\/www.facebook.com\/notibras\/\",\"https:\/\/x.com\/Notibras\",\"https:\/\/www.instagram.com\/notibras\/\"]},{\"@type\":\"Person\",\"@id\":\"https:\/\/www.notibras.com\/site\/#\/schema\/person\/36ab0979449956132d3e5b517ea76ac8\",\"name\":\"Reda\u00e7\u00e3o\",\"image\":{\"@type\":\"ImageObject\",\"inLanguage\":\"pt-BR\",\"@id\":\"https:\/\/secure.gravatar.com\/avatar\/e0a867bdedb85fd243eadf09663511f96fc81e0720a4a42581f334ad4303aa6b?s=96&d=mm&r=g\",\"url\":\"https:\/\/secure.gravatar.com\/avatar\/e0a867bdedb85fd243eadf09663511f96fc81e0720a4a42581f334ad4303aa6b?s=96&d=mm&r=g\",\"contentUrl\":\"https:\/\/secure.gravatar.com\/avatar\/e0a867bdedb85fd243eadf09663511f96fc81e0720a4a42581f334ad4303aa6b?s=96&d=mm&r=g\",\"caption\":\"Reda\u00e7\u00e3o\"}}]}<\/script>\n<!-- \/ Yoast SEO plugin. -->","yoast_head_json":{"title":"Distribui\u00e7\u00e3o de absorventes beneficia mulheres - Notibras","robots":{"index":"index","follow":"follow","max-snippet":"max-snippet:-1","max-image-preview":"max-image-preview:large","max-video-preview":"max-video-preview:-1"},"canonical":"https:\/\/www.notibras.com\/site\/distribuicao-de-absorventes-beneficia-mulheres\/","og_locale":"pt_BR","og_type":"article","og_title":"Distribui\u00e7\u00e3o de absorventes beneficia mulheres - Notibras","og_description":"O governo federal divulgou, nesta segunda-feira (19), os crit\u00e9rios para distribui\u00e7\u00e3o gratuita de absorventes, que dever\u00e1 atender cerca de 24 milh\u00f5es de pessoas em condi\u00e7\u00e3o de vulnerabilidade social. Conforme portaria interministerial, o p\u00fablico-alvo \u00e9 de pessoas inscritas no Cadastro \u00danico, em situa\u00e7\u00e3o de rua ou pobreza, matriculadas em escolas p\u00fablicas federais, estaduais e municipais e [&hellip;]","og_url":"https:\/\/www.notibras.com\/site\/distribuicao-de-absorventes-beneficia-mulheres\/","og_site_name":"Notibras","article_publisher":"https:\/\/www.facebook.com\/notibras\/","article_published_time":"2023-06-20T03:06:04+00:00","article_modified_time":"2023-06-20T06:39:02+00:00","og_image":[{"width":1170,"height":700,"url":"https:\/\/www.notibras.com\/site\/wp-content\/uploads\/2023\/06\/absorventes_mca_abr_151020214429.jpg","type":"image\/jpeg"}],"author":"Reda\u00e7\u00e3o","twitter_card":"summary_large_image","twitter_creator":"@Notibras","twitter_site":"@Notibras","twitter_misc":{"Escrito por":"Reda\u00e7\u00e3o","Est. tempo de leitura":"3 minutos"},"schema":{"@context":"https:\/\/schema.org","@graph":[{"@type":"Article","@id":"https:\/\/www.notibras.com\/site\/distribuicao-de-absorventes-beneficia-mulheres\/#article","isPartOf":{"@id":"https:\/\/www.notibras.com\/site\/distribuicao-de-absorventes-beneficia-mulheres\/"},"author":{"name":"Reda\u00e7\u00e3o","@id":"https:\/\/www.notibras.com\/site\/#\/schema\/person\/36ab0979449956132d3e5b517ea76ac8"},"headline":"Distribui\u00e7\u00e3o de absorventes beneficia mulheres","datePublished":"2023-06-20T03:06:04+00:00","dateModified":"2023-06-20T06:39:02+00:00","mainEntityOfPage":{"@id":"https:\/\/www.notibras.com\/site\/distribuicao-de-absorventes-beneficia-mulheres\/"},"wordCount":423,"publisher":{"@id":"https:\/\/www.notibras.com\/site\/#organization"},"image":{"@id":"https:\/\/www.notibras.com\/site\/distribuicao-de-absorventes-beneficia-mulheres\/#primaryimage"},"thumbnailUrl":"https:\/\/www.notibras.com\/site\/wp-content\/uploads\/2023\/06\/absorventes_mca_abr_151020214429.jpg","articleSection":["Quadradinho em Foco"],"inLanguage":"pt-BR"},{"@type":"WebPage","@id":"https:\/\/www.notibras.com\/site\/distribuicao-de-absorventes-beneficia-mulheres\/","url":"https:\/\/www.notibras.com\/site\/distribuicao-de-absorventes-beneficia-mulheres\/","name":"Distribui\u00e7\u00e3o de absorventes beneficia mulheres - Notibras","isPartOf":{"@id":"https:\/\/www.notibras.com\/site\/#website"},"primaryImageOfPage":{"@id":"https:\/\/www.notibras.com\/site\/distribuicao-de-absorventes-beneficia-mulheres\/#primaryimage"},"image":{"@id":"https:\/\/www.notibras.com\/site\/distribuicao-de-absorventes-beneficia-mulheres\/#primaryimage"},"thumbnailUrl":"https:\/\/www.notibras.com\/site\/wp-content\/uploads\/2023\/06\/absorventes_mca_abr_151020214429.jpg","datePublished":"2023-06-20T03:06:04+00:00","dateModified":"2023-06-20T06:39:02+00:00","breadcrumb":{"@id":"https:\/\/www.notibras.com\/site\/distribuicao-de-absorventes-beneficia-mulheres\/#breadcrumb"},"inLanguage":"pt-BR","potentialAction":[{"@type":"ReadAction","target":["https:\/\/www.notibras.com\/site\/distribuicao-de-absorventes-beneficia-mulheres\/"]}]},{"@type":"ImageObject","inLanguage":"pt-BR","@id":"https:\/\/www.notibras.com\/site\/distribuicao-de-absorventes-beneficia-mulheres\/#primaryimage","url":"https:\/\/www.notibras.com\/site\/wp-content\/uploads\/2023\/06\/absorventes_mca_abr_151020214429.jpg","contentUrl":"https:\/\/www.notibras.com\/site\/wp-content\/uploads\/2023\/06\/absorventes_mca_abr_151020214429.jpg","width":1170,"height":700,"caption":"Absorvente"},{"@type":"BreadcrumbList","@id":"https:\/\/www.notibras.com\/site\/distribuicao-de-absorventes-beneficia-mulheres\/#breadcrumb","itemListElement":[{"@type":"ListItem","position":1,"name":"In\u00edcio","item":"https:\/\/www.notibras.com\/site\/"},{"@type":"ListItem","position":2,"name":"Distribui\u00e7\u00e3o de absorventes beneficia mulheres"}]},{"@type":"WebSite","@id":"https:\/\/www.notibras.com\/site\/#website","url":"https:\/\/www.notibras.com\/site\/","name":"Notibras","description":"Not\u00edcias de Bras\u00edlia, do Brasil e do Mundo","publisher":{"@id":"https:\/\/www.notibras.com\/site\/#organization"},"potentialAction":[{"@type":"SearchAction","target":{"@type":"EntryPoint","urlTemplate":"https:\/\/www.notibras.com\/site\/?s={search_term_string}"},"query-input":{"@type":"PropertyValueSpecification","valueRequired":true,"valueName":"search_term_string"}}],"inLanguage":"pt-BR"},{"@type":"Organization","@id":"https:\/\/www.notibras.com\/site\/#organization","name":"Grupo Notibras de Comunica\u00e7\u00e3o","url":"https:\/\/www.notibras.com\/site\/","logo":{"@type":"ImageObject","inLanguage":"pt-BR","@id":"https:\/\/www.notibras.com\/site\/#\/schema\/logo\/image\/","url":"https:\/\/www.notibras.com\/site\/wp-content\/uploads\/2023\/01\/notibras23.png","contentUrl":"https:\/\/www.notibras.com\/site\/wp-content\/uploads\/2023\/01\/notibras23.png","width":350,"height":87,"caption":"Grupo Notibras de Comunica\u00e7\u00e3o"},"image":{"@id":"https:\/\/www.notibras.com\/site\/#\/schema\/logo\/image\/"},"sameAs":["https:\/\/www.facebook.com\/notibras\/","https:\/\/x.com\/Notibras","https:\/\/www.instagram.com\/notibras\/"]},{"@type":"Person","@id":"https:\/\/www.notibras.com\/site\/#\/schema\/person\/36ab0979449956132d3e5b517ea76ac8","name":"Reda\u00e7\u00e3o","image":{"@type":"ImageObject","inLanguage":"pt-BR","@id":"https:\/\/secure.gravatar.com\/avatar\/e0a867bdedb85fd243eadf09663511f96fc81e0720a4a42581f334ad4303aa6b?s=96&d=mm&r=g","url":"https:\/\/secure.gravatar.com\/avatar\/e0a867bdedb85fd243eadf09663511f96fc81e0720a4a42581f334ad4303aa6b?s=96&d=mm&r=g","contentUrl":"https:\/\/secure.gravatar.com\/avatar\/e0a867bdedb85fd243eadf09663511f96fc81e0720a4a42581f334ad4303aa6b?s=96&d=mm&r=g","caption":"Reda\u00e7\u00e3o"}}]}},"amp_enabled":true,"_links":{"self":[{"href":"https:\/\/www.notibras.com\/site\/wp-json\/wp\/v2\/posts\/307213","targetHints":{"allow":["GET"]}}],"collection":[{"href":"https:\/\/www.notibras.com\/site\/wp-json\/wp\/v2\/posts"}],"about":[{"href":"https:\/\/www.notibras.com\/site\/wp-json\/wp\/v2\/types\/post"}],"author":[{"embeddable":true,"href":"https:\/\/www.notibras.com\/site\/wp-json\/wp\/v2\/users\/2"}],"replies":[{"embeddable":true,"href":"https:\/\/www.notibras.com\/site\/wp-json\/wp\/v2\/comments?post=307213"}],"version-history":[{"count":1,"href":"https:\/\/www.notibras.com\/site\/wp-json\/wp\/v2\/posts\/307213\/revisions"}],"predecessor-version":[{"id":307215,"href":"https:\/\/www.notibras.com\/site\/wp-json\/wp\/v2\/posts\/307213\/revisions\/307215"}],"wp:featuredmedia":[{"embeddable":true,"href":"https:\/\/www.notibras.com\/site\/wp-json\/wp\/v2\/media\/307214"}],"wp:attachment":[{"href":"https:\/\/www.notibras.com\/site\/wp-json\/wp\/v2\/media?parent=307213"}],"wp:term":[{"taxonomy":"category","embeddable":true,"href":"https:\/\/www.notibras.com\/site\/wp-json\/wp\/v2\/categories?post=307213"},{"taxonomy":"post_tag","embeddable":true,"href":"https:\/\/www.notibras.com\/site\/wp-json\/wp\/v2\/tags?post=307213"}],"curies":[{"name":"wp","href":"https:\/\/api.w.org\/{rel}","templated":true}]}}