{"id":307219,"date":"2023-06-20T04:03:40","date_gmt":"2023-06-20T07:03:40","guid":{"rendered":"https:\/\/www.notibras.com\/site\/?p=307219"},"modified":"2023-06-20T04:03:40","modified_gmt":"2023-06-20T07:03:40","slug":"meninada-atira-pau-no-gato-e-virgulino-some","status":"publish","type":"post","link":"https:\/\/www.notibras.com\/site\/meninada-atira-pau-no-gato-e-virgulino-some\/","title":{"rendered":"Meninada &#8216;atira pau no gato&#8217; e Virgulino some"},"content":{"rendered":"<p>A crian\u00e7ada estava brincando na rua, numa sexta-feira j\u00e1 perto das dezenove horas, que \u00e9 a mesma coisa que sete horas da noite. S\u00f3 que era hor\u00e1rio de ver\u00e3o, e o dia continuava claro.<\/p>\n<p>Era um corre-corre para c\u00e1, um corre-corre para l\u00e1. A patota j\u00e1 havia brincado de pique-bandeira, que alguns chamam de bandeirinha. Tamb\u00e9m se divertiram muito jogando garraf\u00e3o.<\/p>\n<p>Hei, n\u00e3o pense voc\u00ea que jogar garraf\u00e3o \u00e9 sair atirando garrafas nos coleguinhas. Garraf\u00e3o \u00e9 o nome de uma brincadeira onde a gente desenha uma grande garrafa no ch\u00e3o. A\u00ed, quem est\u00e1 dentro do garraf\u00e3o s\u00f3 pode andar com um p\u00e9, a n\u00e3o ser que seja voc\u00ea que est\u00e1 tentando pegar seus amiguinhos. Quem est\u00e1 de fora pode usar os dois p\u00e9s.<\/p>\n<p>Bem, mas como eu ia dizendo, a galerinha j\u00e1 havia gastado muita energia em in\u00fameras brincadeiras divertidas. Ent\u00e3o, a Gabriela, a tal menina mandona, chamou todos para brincar de show de calouros. Cada um tinha de cantar uma m\u00fasica, mas podia cantar em dupla, trio ou, at\u00e9 mesmo, todos juntos.<\/p>\n<p>&#8211; Eu posso ser a primeira?, Jujuba perguntou.<\/p>\n<p>&#8211; T\u00e1 bem. Depois vai ser a Mariana, disse Gabriela.<\/p>\n<p>&#8211; Mas eu posso cantar com a minha irm\u00e3?, quis saber a Mariana.<\/p>\n<p>&#8211; Claro que pode, Mariana, concordou a Gabriela.<\/p>\n<p>&#8211; E eu n\u00e3o vou cantar? o Iago perguntou quase chorando.<\/p>\n<p>&#8211; Claro que vai, Iago, todos responderam ao mesmo tempo.<\/p>\n<p>Jujuba cantou \u201cO trem maluco\u201d e foi aplaudida por todos. Depois foi a vez das g\u00eameas cantarem \u201cCai, cai bal\u00e3o\u201d. Outras crian\u00e7as cantaram \u201cMarcha soldado\u201d, \u201cCasa engra\u00e7ada\u201d e outras can\u00e7\u00f5es. Quando chegou a vez do Iago, ele n\u00e3o quis cantar sozinho e pediu para que todos cantassem juntos \u201cAtirei o pau no gato\u201d. N\u00e3o pense voc\u00ea que eles maltratam os animais, mas apenas preferem a vers\u00e3o original \u00e0quela que diz \u201cN\u00e3o atirei o pau no gato\u201d.<\/p>\n<p>Quando terminaram de cantar \u201cAtirei o pau no gato\u201d, algu\u00e9m, acho at\u00e9 que foi a Ana Maria, perguntou se uma das crian\u00e7as tinha visto o Virgulino. Ningu\u00e9m, mas ningu\u00e9m mesmo soube responder. Pensando bem, a \u00faltima vez que haviam visto o tal gatinho branco foi pela tarde do dia anterior. E acho que foi o Iago, isso mesmo, foi o Iago quando voltava da escola, que o viu pela \u00faltima vez.<\/p>\n<p>Gabriela imediatamente organizou duas turmas de busca. A primeira era formada por Jujuba, as g\u00eameas, Ta\u00eds e Leila. A outra turma ficou sendo a Gabriela, Amanda, Iago e o Leo, que na verdade se chama Leonardo e \u00e9 irm\u00e3o da Leila.<\/p>\n<p>A galera da primeira turma tinha de procurar embaixo dos carros; a outra procurou em cima das \u00e1rvores. Procuraram, procuraram, procuraram&#8230; Puxa, mas como procuraram! E nada de acharem o Virgulino. Ainda estavam procurando quando a m\u00e3e da Leila e do Leo os chamaram.<\/p>\n<p>&#8211; Leila! Leo! J\u00e1 t\u00e1 tarde! Vamos entrando!<\/p>\n<p>Logo em seguida foi a vez da av\u00f3 do Iago mandar ele entrar. E as m\u00e3es, pais e outras pessoas da fam\u00edlia foram chamando a crian\u00e7ada para entrar. E todos foram se despedindo dos coleguinhas e entraram para as suas respectivas casas. E nada do Virgulino.<\/p>\n<p><strong>*Por problemas t\u00e9cnicos, o Cap\u00edtulo II foi adiado para esta ter\u00e7a. Na quarta, 21, teremos a terceira parte<\/strong><\/p>\n","protected":false},"excerpt":{"rendered":"<p>A crian\u00e7ada estava brincando na rua, numa sexta-feira j\u00e1 perto das dezenove horas, que \u00e9 a mesma coisa que sete horas da noite. S\u00f3 que era hor\u00e1rio de ver\u00e3o, e o dia continuava claro. Era um corre-corre para c\u00e1, um corre-corre para l\u00e1. A patota j\u00e1 havia brincado de pique-bandeira, que alguns chamam de bandeirinha. [&hellip;]<\/p>\n","protected":false},"author":2,"featured_media":307220,"comment_status":"closed","ping_status":"closed","sticky":false,"template":"","format":"standard","meta":{"_acf_changed":false,"footnotes":""},"categories":[161],"tags":[],"class_list":["post-307219","post","type-post","status-publish","format-standard","has-post-thumbnail","hentry","category-quadradinho-em-foco"],"acf":[],"yoast_head":"<!-- This site is optimized with the Yoast SEO plugin v27.2 - https:\/\/yoast.com\/product\/yoast-seo-wordpress\/ -->\n<title>Meninada &#039;atira pau no gato&#039; e Virgulino some - Notibras<\/title>\n<meta name=\"robots\" content=\"index, follow, max-snippet:-1, max-image-preview:large, max-video-preview:-1\" \/>\n<link rel=\"canonical\" href=\"https:\/\/www.notibras.com\/site\/meninada-atira-pau-no-gato-e-virgulino-some\/\" \/>\n<meta property=\"og:locale\" content=\"pt_BR\" \/>\n<meta property=\"og:type\" content=\"article\" \/>\n<meta property=\"og:title\" content=\"Meninada &#039;atira pau no gato&#039; e Virgulino some - Notibras\" \/>\n<meta property=\"og:description\" content=\"A crian\u00e7ada estava brincando na rua, numa sexta-feira j\u00e1 perto das dezenove horas, que \u00e9 a mesma coisa que sete horas da noite. S\u00f3 que era hor\u00e1rio de ver\u00e3o, e o dia continuava claro. Era um corre-corre para c\u00e1, um corre-corre para l\u00e1. A patota j\u00e1 havia brincado de pique-bandeira, que alguns chamam de bandeirinha. [&hellip;]\" \/>\n<meta property=\"og:url\" content=\"https:\/\/www.notibras.com\/site\/meninada-atira-pau-no-gato-e-virgulino-some\/\" \/>\n<meta property=\"og:site_name\" content=\"Notibras\" \/>\n<meta property=\"article:publisher\" content=\"https:\/\/www.facebook.com\/notibras\/\" \/>\n<meta property=\"article:published_time\" content=\"2023-06-20T07:03:40+00:00\" \/>\n<meta property=\"og:image\" content=\"https:\/\/www.notibras.com\/site\/wp-content\/uploads\/2023\/06\/Gato-na-arvore-1536x1292-1.jpg\" \/>\n\t<meta property=\"og:image:width\" content=\"1536\" \/>\n\t<meta property=\"og:image:height\" content=\"1292\" \/>\n\t<meta property=\"og:image:type\" content=\"image\/jpeg\" \/>\n<meta name=\"author\" content=\"Reda\u00e7\u00e3o\" \/>\n<meta name=\"twitter:card\" content=\"summary_large_image\" \/>\n<meta name=\"twitter:creator\" content=\"@Notibras\" \/>\n<meta name=\"twitter:site\" content=\"@Notibras\" \/>\n<meta name=\"twitter:label1\" content=\"Escrito por\" \/>\n\t<meta name=\"twitter:data1\" content=\"Reda\u00e7\u00e3o\" \/>\n\t<meta name=\"twitter:label2\" content=\"Est. tempo de leitura\" \/>\n\t<meta name=\"twitter:data2\" content=\"3 minutos\" \/>\n<script type=\"application\/ld+json\" class=\"yoast-schema-graph\">{\"@context\":\"https:\/\/schema.org\",\"@graph\":[{\"@type\":\"Article\",\"@id\":\"https:\/\/www.notibras.com\/site\/meninada-atira-pau-no-gato-e-virgulino-some\/#article\",\"isPartOf\":{\"@id\":\"https:\/\/www.notibras.com\/site\/meninada-atira-pau-no-gato-e-virgulino-some\/\"},\"author\":{\"name\":\"Reda\u00e7\u00e3o\",\"@id\":\"https:\/\/www.notibras.com\/site\/#\/schema\/person\/36ab0979449956132d3e5b517ea76ac8\"},\"headline\":\"Meninada &#8216;atira pau no gato&#8217; e Virgulino some\",\"datePublished\":\"2023-06-20T07:03:40+00:00\",\"mainEntityOfPage\":{\"@id\":\"https:\/\/www.notibras.com\/site\/meninada-atira-pau-no-gato-e-virgulino-some\/\"},\"wordCount\":579,\"publisher\":{\"@id\":\"https:\/\/www.notibras.com\/site\/#organization\"},\"image\":{\"@id\":\"https:\/\/www.notibras.com\/site\/meninada-atira-pau-no-gato-e-virgulino-some\/#primaryimage\"},\"thumbnailUrl\":\"https:\/\/www.notibras.com\/site\/wp-content\/uploads\/2023\/06\/Gato-na-arvore-1536x1292-1.jpg\",\"articleSection\":[\"Quadradinho em Foco\"],\"inLanguage\":\"pt-BR\"},{\"@type\":\"WebPage\",\"@id\":\"https:\/\/www.notibras.com\/site\/meninada-atira-pau-no-gato-e-virgulino-some\/\",\"url\":\"https:\/\/www.notibras.com\/site\/meninada-atira-pau-no-gato-e-virgulino-some\/\",\"name\":\"Meninada 'atira pau no gato' e Virgulino some - Notibras\",\"isPartOf\":{\"@id\":\"https:\/\/www.notibras.com\/site\/#website\"},\"primaryImageOfPage\":{\"@id\":\"https:\/\/www.notibras.com\/site\/meninada-atira-pau-no-gato-e-virgulino-some\/#primaryimage\"},\"image\":{\"@id\":\"https:\/\/www.notibras.com\/site\/meninada-atira-pau-no-gato-e-virgulino-some\/#primaryimage\"},\"thumbnailUrl\":\"https:\/\/www.notibras.com\/site\/wp-content\/uploads\/2023\/06\/Gato-na-arvore-1536x1292-1.jpg\",\"datePublished\":\"2023-06-20T07:03:40+00:00\",\"breadcrumb\":{\"@id\":\"https:\/\/www.notibras.com\/site\/meninada-atira-pau-no-gato-e-virgulino-some\/#breadcrumb\"},\"inLanguage\":\"pt-BR\",\"potentialAction\":[{\"@type\":\"ReadAction\",\"target\":[\"https:\/\/www.notibras.com\/site\/meninada-atira-pau-no-gato-e-virgulino-some\/\"]}]},{\"@type\":\"ImageObject\",\"inLanguage\":\"pt-BR\",\"@id\":\"https:\/\/www.notibras.com\/site\/meninada-atira-pau-no-gato-e-virgulino-some\/#primaryimage\",\"url\":\"https:\/\/www.notibras.com\/site\/wp-content\/uploads\/2023\/06\/Gato-na-arvore-1536x1292-1.jpg\",\"contentUrl\":\"https:\/\/www.notibras.com\/site\/wp-content\/uploads\/2023\/06\/Gato-na-arvore-1536x1292-1.jpg\",\"width\":1536,\"height\":1292},{\"@type\":\"BreadcrumbList\",\"@id\":\"https:\/\/www.notibras.com\/site\/meninada-atira-pau-no-gato-e-virgulino-some\/#breadcrumb\",\"itemListElement\":[{\"@type\":\"ListItem\",\"position\":1,\"name\":\"In\u00edcio\",\"item\":\"https:\/\/www.notibras.com\/site\/\"},{\"@type\":\"ListItem\",\"position\":2,\"name\":\"Meninada &#8216;atira pau no gato&#8217; e Virgulino some\"}]},{\"@type\":\"WebSite\",\"@id\":\"https:\/\/www.notibras.com\/site\/#website\",\"url\":\"https:\/\/www.notibras.com\/site\/\",\"name\":\"Notibras\",\"description\":\"Not\u00edcias de Bras\u00edlia, do Brasil e do Mundo\",\"publisher\":{\"@id\":\"https:\/\/www.notibras.com\/site\/#organization\"},\"potentialAction\":[{\"@type\":\"SearchAction\",\"target\":{\"@type\":\"EntryPoint\",\"urlTemplate\":\"https:\/\/www.notibras.com\/site\/?s={search_term_string}\"},\"query-input\":{\"@type\":\"PropertyValueSpecification\",\"valueRequired\":true,\"valueName\":\"search_term_string\"}}],\"inLanguage\":\"pt-BR\"},{\"@type\":\"Organization\",\"@id\":\"https:\/\/www.notibras.com\/site\/#organization\",\"name\":\"Grupo Notibras de Comunica\u00e7\u00e3o\",\"url\":\"https:\/\/www.notibras.com\/site\/\",\"logo\":{\"@type\":\"ImageObject\",\"inLanguage\":\"pt-BR\",\"@id\":\"https:\/\/www.notibras.com\/site\/#\/schema\/logo\/image\/\",\"url\":\"https:\/\/www.notibras.com\/site\/wp-content\/uploads\/2023\/01\/notibras23.png\",\"contentUrl\":\"https:\/\/www.notibras.com\/site\/wp-content\/uploads\/2023\/01\/notibras23.png\",\"width\":350,\"height\":87,\"caption\":\"Grupo Notibras de Comunica\u00e7\u00e3o\"},\"image\":{\"@id\":\"https:\/\/www.notibras.com\/site\/#\/schema\/logo\/image\/\"},\"sameAs\":[\"https:\/\/www.facebook.com\/notibras\/\",\"https:\/\/x.com\/Notibras\",\"https:\/\/www.instagram.com\/notibras\/\"]},{\"@type\":\"Person\",\"@id\":\"https:\/\/www.notibras.com\/site\/#\/schema\/person\/36ab0979449956132d3e5b517ea76ac8\",\"name\":\"Reda\u00e7\u00e3o\",\"image\":{\"@type\":\"ImageObject\",\"inLanguage\":\"pt-BR\",\"@id\":\"https:\/\/secure.gravatar.com\/avatar\/e0a867bdedb85fd243eadf09663511f96fc81e0720a4a42581f334ad4303aa6b?s=96&d=mm&r=g\",\"url\":\"https:\/\/secure.gravatar.com\/avatar\/e0a867bdedb85fd243eadf09663511f96fc81e0720a4a42581f334ad4303aa6b?s=96&d=mm&r=g\",\"contentUrl\":\"https:\/\/secure.gravatar.com\/avatar\/e0a867bdedb85fd243eadf09663511f96fc81e0720a4a42581f334ad4303aa6b?s=96&d=mm&r=g\",\"caption\":\"Reda\u00e7\u00e3o\"}}]}<\/script>\n<!-- \/ Yoast SEO plugin. -->","yoast_head_json":{"title":"Meninada 'atira pau no gato' e Virgulino some - Notibras","robots":{"index":"index","follow":"follow","max-snippet":"max-snippet:-1","max-image-preview":"max-image-preview:large","max-video-preview":"max-video-preview:-1"},"canonical":"https:\/\/www.notibras.com\/site\/meninada-atira-pau-no-gato-e-virgulino-some\/","og_locale":"pt_BR","og_type":"article","og_title":"Meninada 'atira pau no gato' e Virgulino some - Notibras","og_description":"A crian\u00e7ada estava brincando na rua, numa sexta-feira j\u00e1 perto das dezenove horas, que \u00e9 a mesma coisa que sete horas da noite. S\u00f3 que era hor\u00e1rio de ver\u00e3o, e o dia continuava claro. Era um corre-corre para c\u00e1, um corre-corre para l\u00e1. A patota j\u00e1 havia brincado de pique-bandeira, que alguns chamam de bandeirinha. [&hellip;]","og_url":"https:\/\/www.notibras.com\/site\/meninada-atira-pau-no-gato-e-virgulino-some\/","og_site_name":"Notibras","article_publisher":"https:\/\/www.facebook.com\/notibras\/","article_published_time":"2023-06-20T07:03:40+00:00","og_image":[{"width":1536,"height":1292,"url":"https:\/\/www.notibras.com\/site\/wp-content\/uploads\/2023\/06\/Gato-na-arvore-1536x1292-1.jpg","type":"image\/jpeg"}],"author":"Reda\u00e7\u00e3o","twitter_card":"summary_large_image","twitter_creator":"@Notibras","twitter_site":"@Notibras","twitter_misc":{"Escrito por":"Reda\u00e7\u00e3o","Est. tempo de leitura":"3 minutos"},"schema":{"@context":"https:\/\/schema.org","@graph":[{"@type":"Article","@id":"https:\/\/www.notibras.com\/site\/meninada-atira-pau-no-gato-e-virgulino-some\/#article","isPartOf":{"@id":"https:\/\/www.notibras.com\/site\/meninada-atira-pau-no-gato-e-virgulino-some\/"},"author":{"name":"Reda\u00e7\u00e3o","@id":"https:\/\/www.notibras.com\/site\/#\/schema\/person\/36ab0979449956132d3e5b517ea76ac8"},"headline":"Meninada &#8216;atira pau no gato&#8217; e Virgulino some","datePublished":"2023-06-20T07:03:40+00:00","mainEntityOfPage":{"@id":"https:\/\/www.notibras.com\/site\/meninada-atira-pau-no-gato-e-virgulino-some\/"},"wordCount":579,"publisher":{"@id":"https:\/\/www.notibras.com\/site\/#organization"},"image":{"@id":"https:\/\/www.notibras.com\/site\/meninada-atira-pau-no-gato-e-virgulino-some\/#primaryimage"},"thumbnailUrl":"https:\/\/www.notibras.com\/site\/wp-content\/uploads\/2023\/06\/Gato-na-arvore-1536x1292-1.jpg","articleSection":["Quadradinho em Foco"],"inLanguage":"pt-BR"},{"@type":"WebPage","@id":"https:\/\/www.notibras.com\/site\/meninada-atira-pau-no-gato-e-virgulino-some\/","url":"https:\/\/www.notibras.com\/site\/meninada-atira-pau-no-gato-e-virgulino-some\/","name":"Meninada 'atira pau no gato' e Virgulino some - Notibras","isPartOf":{"@id":"https:\/\/www.notibras.com\/site\/#website"},"primaryImageOfPage":{"@id":"https:\/\/www.notibras.com\/site\/meninada-atira-pau-no-gato-e-virgulino-some\/#primaryimage"},"image":{"@id":"https:\/\/www.notibras.com\/site\/meninada-atira-pau-no-gato-e-virgulino-some\/#primaryimage"},"thumbnailUrl":"https:\/\/www.notibras.com\/site\/wp-content\/uploads\/2023\/06\/Gato-na-arvore-1536x1292-1.jpg","datePublished":"2023-06-20T07:03:40+00:00","breadcrumb":{"@id":"https:\/\/www.notibras.com\/site\/meninada-atira-pau-no-gato-e-virgulino-some\/#breadcrumb"},"inLanguage":"pt-BR","potentialAction":[{"@type":"ReadAction","target":["https:\/\/www.notibras.com\/site\/meninada-atira-pau-no-gato-e-virgulino-some\/"]}]},{"@type":"ImageObject","inLanguage":"pt-BR","@id":"https:\/\/www.notibras.com\/site\/meninada-atira-pau-no-gato-e-virgulino-some\/#primaryimage","url":"https:\/\/www.notibras.com\/site\/wp-content\/uploads\/2023\/06\/Gato-na-arvore-1536x1292-1.jpg","contentUrl":"https:\/\/www.notibras.com\/site\/wp-content\/uploads\/2023\/06\/Gato-na-arvore-1536x1292-1.jpg","width":1536,"height":1292},{"@type":"BreadcrumbList","@id":"https:\/\/www.notibras.com\/site\/meninada-atira-pau-no-gato-e-virgulino-some\/#breadcrumb","itemListElement":[{"@type":"ListItem","position":1,"name":"In\u00edcio","item":"https:\/\/www.notibras.com\/site\/"},{"@type":"ListItem","position":2,"name":"Meninada &#8216;atira pau no gato&#8217; e Virgulino some"}]},{"@type":"WebSite","@id":"https:\/\/www.notibras.com\/site\/#website","url":"https:\/\/www.notibras.com\/site\/","name":"Notibras","description":"Not\u00edcias de Bras\u00edlia, do Brasil e do Mundo","publisher":{"@id":"https:\/\/www.notibras.com\/site\/#organization"},"potentialAction":[{"@type":"SearchAction","target":{"@type":"EntryPoint","urlTemplate":"https:\/\/www.notibras.com\/site\/?s={search_term_string}"},"query-input":{"@type":"PropertyValueSpecification","valueRequired":true,"valueName":"search_term_string"}}],"inLanguage":"pt-BR"},{"@type":"Organization","@id":"https:\/\/www.notibras.com\/site\/#organization","name":"Grupo Notibras de Comunica\u00e7\u00e3o","url":"https:\/\/www.notibras.com\/site\/","logo":{"@type":"ImageObject","inLanguage":"pt-BR","@id":"https:\/\/www.notibras.com\/site\/#\/schema\/logo\/image\/","url":"https:\/\/www.notibras.com\/site\/wp-content\/uploads\/2023\/01\/notibras23.png","contentUrl":"https:\/\/www.notibras.com\/site\/wp-content\/uploads\/2023\/01\/notibras23.png","width":350,"height":87,"caption":"Grupo Notibras de Comunica\u00e7\u00e3o"},"image":{"@id":"https:\/\/www.notibras.com\/site\/#\/schema\/logo\/image\/"},"sameAs":["https:\/\/www.facebook.com\/notibras\/","https:\/\/x.com\/Notibras","https:\/\/www.instagram.com\/notibras\/"]},{"@type":"Person","@id":"https:\/\/www.notibras.com\/site\/#\/schema\/person\/36ab0979449956132d3e5b517ea76ac8","name":"Reda\u00e7\u00e3o","image":{"@type":"ImageObject","inLanguage":"pt-BR","@id":"https:\/\/secure.gravatar.com\/avatar\/e0a867bdedb85fd243eadf09663511f96fc81e0720a4a42581f334ad4303aa6b?s=96&d=mm&r=g","url":"https:\/\/secure.gravatar.com\/avatar\/e0a867bdedb85fd243eadf09663511f96fc81e0720a4a42581f334ad4303aa6b?s=96&d=mm&r=g","contentUrl":"https:\/\/secure.gravatar.com\/avatar\/e0a867bdedb85fd243eadf09663511f96fc81e0720a4a42581f334ad4303aa6b?s=96&d=mm&r=g","caption":"Reda\u00e7\u00e3o"}}]}},"amp_enabled":true,"_links":{"self":[{"href":"https:\/\/www.notibras.com\/site\/wp-json\/wp\/v2\/posts\/307219","targetHints":{"allow":["GET"]}}],"collection":[{"href":"https:\/\/www.notibras.com\/site\/wp-json\/wp\/v2\/posts"}],"about":[{"href":"https:\/\/www.notibras.com\/site\/wp-json\/wp\/v2\/types\/post"}],"author":[{"embeddable":true,"href":"https:\/\/www.notibras.com\/site\/wp-json\/wp\/v2\/users\/2"}],"replies":[{"embeddable":true,"href":"https:\/\/www.notibras.com\/site\/wp-json\/wp\/v2\/comments?post=307219"}],"version-history":[{"count":1,"href":"https:\/\/www.notibras.com\/site\/wp-json\/wp\/v2\/posts\/307219\/revisions"}],"predecessor-version":[{"id":307221,"href":"https:\/\/www.notibras.com\/site\/wp-json\/wp\/v2\/posts\/307219\/revisions\/307221"}],"wp:featuredmedia":[{"embeddable":true,"href":"https:\/\/www.notibras.com\/site\/wp-json\/wp\/v2\/media\/307220"}],"wp:attachment":[{"href":"https:\/\/www.notibras.com\/site\/wp-json\/wp\/v2\/media?parent=307219"}],"wp:term":[{"taxonomy":"category","embeddable":true,"href":"https:\/\/www.notibras.com\/site\/wp-json\/wp\/v2\/categories?post=307219"},{"taxonomy":"post_tag","embeddable":true,"href":"https:\/\/www.notibras.com\/site\/wp-json\/wp\/v2\/tags?post=307219"}],"curies":[{"name":"wp","href":"https:\/\/api.w.org\/{rel}","templated":true}]}}