{"id":307225,"date":"2023-06-20T03:22:39","date_gmt":"2023-06-20T06:22:39","guid":{"rendered":"https:\/\/www.notibras.com\/site\/?p=307225"},"modified":"2023-06-20T04:25:24","modified_gmt":"2023-06-20T07:25:24","slug":"curadoria-especial-de-vinhos-chega-ao-terraco-shopping","status":"publish","type":"post","link":"https:\/\/www.notibras.com\/site\/curadoria-especial-de-vinhos-chega-ao-terraco-shopping\/","title":{"rendered":"Curadoria especial de vinhos chega ao Terra\u00e7o Shopping"},"content":{"rendered":"<p>A primeira edi\u00e7\u00e3o do Wine Week chega a Bras\u00edlia oferecendo uma curadoria de mais de 100 r\u00f3tulos de vinhos especiais, brasileiros e estrangeiros. O evento acontecer\u00e1 de 22 a 25 de junho, na Pra\u00e7a Central do Terra\u00e7o Shopping. A exposi\u00e7\u00e3o ter\u00e1 entrada gratuita e contar\u00e1 com a chancela da House Of Beer, produtora de eventos do segmento gastron\u00f4mico, para garantir a qualidade e a excel\u00eancia dos expositores e dos produtos.<\/p>\n<p>Al\u00e9m da variedade de vinhos, o evento ter\u00e1 uma feira gourmet com a apresenta\u00e7\u00e3o de doces, frios, p\u00e3es e outras del\u00edcias de alta qualidade, cuidadosamente selecionadas para harmonizar com os vinhos em destaque. Durante a visita, os clientes ser\u00e3o agraciados com shows ao vivo no palco central do shopping, que ter\u00e1 uma programa\u00e7\u00e3o selecionada especialmente para o Wine Week.<\/p>\n<p>Na quinta e sexta-feira, as apresenta\u00e7\u00f5es ser\u00e3o no ritmo contagiante do Pop &amp; R&#8217;n&#8217;B, com o artista F\u00e1bio Neves no primeiro dia e o DJ Fred Ramos no segundo. J\u00e1 no final de semana, as talentosas instrumentistas do grupo Ellas Tocam estar\u00e3o no palco no s\u00e1bado, encantando o p\u00fablico com MPB. E para encerrar o evento em grande estilo, o Pedro Berto Trio animar\u00e1 o domingo com ritmos contagiantes de Choro e Samba.<\/p>\n<p>O Wine Week \u00e9 o evento perfeito para amantes de vinhos, apreciadores da boa gastronomia e admiradores de m\u00fasica de qualidade.<\/p>\n<p><strong>Servi\u00e7o:<\/strong><br \/>\nWine Week<br \/>\nPer\u00edodo: de 22 a 25 de junho<br \/>\nQuinta e sexta-feira, das 16h \u00e0s 22h<br \/>\nS\u00e1bado, das 12h \u00e0s 22h<br \/>\nDomingo, das 12h \u00e0s 20h<\/p>\n<p><strong>Atra\u00e7\u00f5es musicais:<\/strong><br \/>\nDia 22 (quinta-feira): F\u00e1bio Neves (Pop &amp; R&#8217;n&#8217;B)<br \/>\nDia 23 (sexta-feira): DJ Fred Ramos (Pop &amp; R&#8217;n&#8217;B)<br \/>\nDia 24 (s\u00e1bado): Ellas Tocam (MPB)<br \/>\nDia 25 (domingo): Pedro Berto Trio (Choro e Samba)<br \/>\nPra\u00e7a Central do Terra\u00e7o Shopping<br \/>\nENTRADA GRATUITA<\/p>\n<p><strong>Sobre o Terra\u00e7o Shopping<\/strong><br \/>\nO Terra\u00e7o Shopping \u00e9 um empreendimento das Organiza\u00e7\u00f5es PaulOOctavio, inaugurado em novembro de 1999. Com seu estilo \u00fanico de open mall, o shopping proporciona um ambiente agrad\u00e1vel, com vista para o lindo c\u00e9u de Bras\u00edlia. O empreendimento possui 160 lojas, 15 opera\u00e7\u00f5es na pra\u00e7a de alimenta\u00e7\u00e3o e 10 restaurantes no Gourmet Center, al\u00e9m de duas torres com 270 salas comerciais e um amplo estacionamento.<\/p>\n","protected":false},"excerpt":{"rendered":"<p>A primeira edi\u00e7\u00e3o do Wine Week chega a Bras\u00edlia oferecendo uma curadoria de mais de 100 r\u00f3tulos de vinhos especiais, brasileiros e estrangeiros. O evento acontecer\u00e1 de 22 a 25 de junho, na Pra\u00e7a Central do Terra\u00e7o Shopping. A exposi\u00e7\u00e3o ter\u00e1 entrada gratuita e contar\u00e1 com a chancela da House Of Beer, produtora de eventos [&hellip;]<\/p>\n","protected":false},"author":2,"featured_media":307226,"comment_status":"closed","ping_status":"closed","sticky":false,"template":"","format":"standard","meta":{"_acf_changed":false,"footnotes":""},"categories":[161],"tags":[],"class_list":["post-307225","post","type-post","status-publish","format-standard","has-post-thumbnail","hentry","category-quadradinho-em-foco"],"acf":[],"yoast_head":"<!-- This site is optimized with the Yoast SEO plugin v27.2 - https:\/\/yoast.com\/product\/yoast-seo-wordpress\/ -->\n<title>Curadoria especial de vinhos chega ao Terra\u00e7o Shopping - Notibras<\/title>\n<meta name=\"robots\" content=\"index, follow, max-snippet:-1, max-image-preview:large, max-video-preview:-1\" \/>\n<link rel=\"canonical\" href=\"https:\/\/www.notibras.com\/site\/curadoria-especial-de-vinhos-chega-ao-terraco-shopping\/\" \/>\n<meta property=\"og:locale\" content=\"pt_BR\" \/>\n<meta property=\"og:type\" content=\"article\" \/>\n<meta property=\"og:title\" content=\"Curadoria especial de vinhos chega ao Terra\u00e7o Shopping - Notibras\" \/>\n<meta property=\"og:description\" content=\"A primeira edi\u00e7\u00e3o do Wine Week chega a Bras\u00edlia oferecendo uma curadoria de mais de 100 r\u00f3tulos de vinhos especiais, brasileiros e estrangeiros. O evento acontecer\u00e1 de 22 a 25 de junho, na Pra\u00e7a Central do Terra\u00e7o Shopping. A exposi\u00e7\u00e3o ter\u00e1 entrada gratuita e contar\u00e1 com a chancela da House Of Beer, produtora de eventos [&hellip;]\" \/>\n<meta property=\"og:url\" content=\"https:\/\/www.notibras.com\/site\/curadoria-especial-de-vinhos-chega-ao-terraco-shopping\/\" \/>\n<meta property=\"og:site_name\" content=\"Notibras\" \/>\n<meta property=\"article:publisher\" content=\"https:\/\/www.facebook.com\/notibras\/\" \/>\n<meta property=\"article:published_time\" content=\"2023-06-20T06:22:39+00:00\" \/>\n<meta property=\"article:modified_time\" content=\"2023-06-20T07:25:24+00:00\" \/>\n<meta property=\"og:image\" content=\"https:\/\/www.notibras.com\/site\/wp-content\/uploads\/2023\/06\/vindo.unnamed-11.png\" \/>\n\t<meta property=\"og:image:width\" content=\"1080\" \/>\n\t<meta property=\"og:image:height\" content=\"1080\" \/>\n\t<meta property=\"og:image:type\" content=\"image\/png\" \/>\n<meta name=\"author\" content=\"Reda\u00e7\u00e3o\" \/>\n<meta name=\"twitter:card\" content=\"summary_large_image\" \/>\n<meta name=\"twitter:creator\" content=\"@Notibras\" \/>\n<meta name=\"twitter:site\" content=\"@Notibras\" \/>\n<meta name=\"twitter:label1\" content=\"Escrito por\" \/>\n\t<meta name=\"twitter:data1\" content=\"Reda\u00e7\u00e3o\" \/>\n\t<meta name=\"twitter:label2\" content=\"Est. tempo de leitura\" \/>\n\t<meta name=\"twitter:data2\" content=\"2 minutos\" \/>\n<script type=\"application\/ld+json\" class=\"yoast-schema-graph\">{\"@context\":\"https:\/\/schema.org\",\"@graph\":[{\"@type\":\"Article\",\"@id\":\"https:\/\/www.notibras.com\/site\/curadoria-especial-de-vinhos-chega-ao-terraco-shopping\/#article\",\"isPartOf\":{\"@id\":\"https:\/\/www.notibras.com\/site\/curadoria-especial-de-vinhos-chega-ao-terraco-shopping\/\"},\"author\":{\"name\":\"Reda\u00e7\u00e3o\",\"@id\":\"https:\/\/www.notibras.com\/site\/#\/schema\/person\/36ab0979449956132d3e5b517ea76ac8\"},\"headline\":\"Curadoria especial de vinhos chega ao Terra\u00e7o Shopping\",\"datePublished\":\"2023-06-20T06:22:39+00:00\",\"dateModified\":\"2023-06-20T07:25:24+00:00\",\"mainEntityOfPage\":{\"@id\":\"https:\/\/www.notibras.com\/site\/curadoria-especial-de-vinhos-chega-ao-terraco-shopping\/\"},\"wordCount\":391,\"publisher\":{\"@id\":\"https:\/\/www.notibras.com\/site\/#organization\"},\"image\":{\"@id\":\"https:\/\/www.notibras.com\/site\/curadoria-especial-de-vinhos-chega-ao-terraco-shopping\/#primaryimage\"},\"thumbnailUrl\":\"https:\/\/www.notibras.com\/site\/wp-content\/uploads\/2023\/06\/vindo.unnamed-11.png\",\"articleSection\":[\"Quadradinho em Foco\"],\"inLanguage\":\"pt-BR\"},{\"@type\":\"WebPage\",\"@id\":\"https:\/\/www.notibras.com\/site\/curadoria-especial-de-vinhos-chega-ao-terraco-shopping\/\",\"url\":\"https:\/\/www.notibras.com\/site\/curadoria-especial-de-vinhos-chega-ao-terraco-shopping\/\",\"name\":\"Curadoria especial de vinhos chega ao Terra\u00e7o Shopping - Notibras\",\"isPartOf\":{\"@id\":\"https:\/\/www.notibras.com\/site\/#website\"},\"primaryImageOfPage\":{\"@id\":\"https:\/\/www.notibras.com\/site\/curadoria-especial-de-vinhos-chega-ao-terraco-shopping\/#primaryimage\"},\"image\":{\"@id\":\"https:\/\/www.notibras.com\/site\/curadoria-especial-de-vinhos-chega-ao-terraco-shopping\/#primaryimage\"},\"thumbnailUrl\":\"https:\/\/www.notibras.com\/site\/wp-content\/uploads\/2023\/06\/vindo.unnamed-11.png\",\"datePublished\":\"2023-06-20T06:22:39+00:00\",\"dateModified\":\"2023-06-20T07:25:24+00:00\",\"breadcrumb\":{\"@id\":\"https:\/\/www.notibras.com\/site\/curadoria-especial-de-vinhos-chega-ao-terraco-shopping\/#breadcrumb\"},\"inLanguage\":\"pt-BR\",\"potentialAction\":[{\"@type\":\"ReadAction\",\"target\":[\"https:\/\/www.notibras.com\/site\/curadoria-especial-de-vinhos-chega-ao-terraco-shopping\/\"]}]},{\"@type\":\"ImageObject\",\"inLanguage\":\"pt-BR\",\"@id\":\"https:\/\/www.notibras.com\/site\/curadoria-especial-de-vinhos-chega-ao-terraco-shopping\/#primaryimage\",\"url\":\"https:\/\/www.notibras.com\/site\/wp-content\/uploads\/2023\/06\/vindo.unnamed-11.png\",\"contentUrl\":\"https:\/\/www.notibras.com\/site\/wp-content\/uploads\/2023\/06\/vindo.unnamed-11.png\",\"width\":1080,\"height\":1080},{\"@type\":\"BreadcrumbList\",\"@id\":\"https:\/\/www.notibras.com\/site\/curadoria-especial-de-vinhos-chega-ao-terraco-shopping\/#breadcrumb\",\"itemListElement\":[{\"@type\":\"ListItem\",\"position\":1,\"name\":\"In\u00edcio\",\"item\":\"https:\/\/www.notibras.com\/site\/\"},{\"@type\":\"ListItem\",\"position\":2,\"name\":\"Curadoria especial de vinhos chega ao Terra\u00e7o Shopping\"}]},{\"@type\":\"WebSite\",\"@id\":\"https:\/\/www.notibras.com\/site\/#website\",\"url\":\"https:\/\/www.notibras.com\/site\/\",\"name\":\"Notibras\",\"description\":\"Not\u00edcias de Bras\u00edlia, do Brasil e do Mundo\",\"publisher\":{\"@id\":\"https:\/\/www.notibras.com\/site\/#organization\"},\"potentialAction\":[{\"@type\":\"SearchAction\",\"target\":{\"@type\":\"EntryPoint\",\"urlTemplate\":\"https:\/\/www.notibras.com\/site\/?s={search_term_string}\"},\"query-input\":{\"@type\":\"PropertyValueSpecification\",\"valueRequired\":true,\"valueName\":\"search_term_string\"}}],\"inLanguage\":\"pt-BR\"},{\"@type\":\"Organization\",\"@id\":\"https:\/\/www.notibras.com\/site\/#organization\",\"name\":\"Grupo Notibras de Comunica\u00e7\u00e3o\",\"url\":\"https:\/\/www.notibras.com\/site\/\",\"logo\":{\"@type\":\"ImageObject\",\"inLanguage\":\"pt-BR\",\"@id\":\"https:\/\/www.notibras.com\/site\/#\/schema\/logo\/image\/\",\"url\":\"https:\/\/www.notibras.com\/site\/wp-content\/uploads\/2023\/01\/notibras23.png\",\"contentUrl\":\"https:\/\/www.notibras.com\/site\/wp-content\/uploads\/2023\/01\/notibras23.png\",\"width\":350,\"height\":87,\"caption\":\"Grupo Notibras de Comunica\u00e7\u00e3o\"},\"image\":{\"@id\":\"https:\/\/www.notibras.com\/site\/#\/schema\/logo\/image\/\"},\"sameAs\":[\"https:\/\/www.facebook.com\/notibras\/\",\"https:\/\/x.com\/Notibras\",\"https:\/\/www.instagram.com\/notibras\/\"]},{\"@type\":\"Person\",\"@id\":\"https:\/\/www.notibras.com\/site\/#\/schema\/person\/36ab0979449956132d3e5b517ea76ac8\",\"name\":\"Reda\u00e7\u00e3o\",\"image\":{\"@type\":\"ImageObject\",\"inLanguage\":\"pt-BR\",\"@id\":\"https:\/\/secure.gravatar.com\/avatar\/e0a867bdedb85fd243eadf09663511f96fc81e0720a4a42581f334ad4303aa6b?s=96&d=mm&r=g\",\"url\":\"https:\/\/secure.gravatar.com\/avatar\/e0a867bdedb85fd243eadf09663511f96fc81e0720a4a42581f334ad4303aa6b?s=96&d=mm&r=g\",\"contentUrl\":\"https:\/\/secure.gravatar.com\/avatar\/e0a867bdedb85fd243eadf09663511f96fc81e0720a4a42581f334ad4303aa6b?s=96&d=mm&r=g\",\"caption\":\"Reda\u00e7\u00e3o\"}}]}<\/script>\n<!-- \/ Yoast SEO plugin. -->","yoast_head_json":{"title":"Curadoria especial de vinhos chega ao Terra\u00e7o Shopping - Notibras","robots":{"index":"index","follow":"follow","max-snippet":"max-snippet:-1","max-image-preview":"max-image-preview:large","max-video-preview":"max-video-preview:-1"},"canonical":"https:\/\/www.notibras.com\/site\/curadoria-especial-de-vinhos-chega-ao-terraco-shopping\/","og_locale":"pt_BR","og_type":"article","og_title":"Curadoria especial de vinhos chega ao Terra\u00e7o Shopping - Notibras","og_description":"A primeira edi\u00e7\u00e3o do Wine Week chega a Bras\u00edlia oferecendo uma curadoria de mais de 100 r\u00f3tulos de vinhos especiais, brasileiros e estrangeiros. O evento acontecer\u00e1 de 22 a 25 de junho, na Pra\u00e7a Central do Terra\u00e7o Shopping. A exposi\u00e7\u00e3o ter\u00e1 entrada gratuita e contar\u00e1 com a chancela da House Of Beer, produtora de eventos [&hellip;]","og_url":"https:\/\/www.notibras.com\/site\/curadoria-especial-de-vinhos-chega-ao-terraco-shopping\/","og_site_name":"Notibras","article_publisher":"https:\/\/www.facebook.com\/notibras\/","article_published_time":"2023-06-20T06:22:39+00:00","article_modified_time":"2023-06-20T07:25:24+00:00","og_image":[{"width":1080,"height":1080,"url":"https:\/\/www.notibras.com\/site\/wp-content\/uploads\/2023\/06\/vindo.unnamed-11.png","type":"image\/png"}],"author":"Reda\u00e7\u00e3o","twitter_card":"summary_large_image","twitter_creator":"@Notibras","twitter_site":"@Notibras","twitter_misc":{"Escrito por":"Reda\u00e7\u00e3o","Est. tempo de leitura":"2 minutos"},"schema":{"@context":"https:\/\/schema.org","@graph":[{"@type":"Article","@id":"https:\/\/www.notibras.com\/site\/curadoria-especial-de-vinhos-chega-ao-terraco-shopping\/#article","isPartOf":{"@id":"https:\/\/www.notibras.com\/site\/curadoria-especial-de-vinhos-chega-ao-terraco-shopping\/"},"author":{"name":"Reda\u00e7\u00e3o","@id":"https:\/\/www.notibras.com\/site\/#\/schema\/person\/36ab0979449956132d3e5b517ea76ac8"},"headline":"Curadoria especial de vinhos chega ao Terra\u00e7o Shopping","datePublished":"2023-06-20T06:22:39+00:00","dateModified":"2023-06-20T07:25:24+00:00","mainEntityOfPage":{"@id":"https:\/\/www.notibras.com\/site\/curadoria-especial-de-vinhos-chega-ao-terraco-shopping\/"},"wordCount":391,"publisher":{"@id":"https:\/\/www.notibras.com\/site\/#organization"},"image":{"@id":"https:\/\/www.notibras.com\/site\/curadoria-especial-de-vinhos-chega-ao-terraco-shopping\/#primaryimage"},"thumbnailUrl":"https:\/\/www.notibras.com\/site\/wp-content\/uploads\/2023\/06\/vindo.unnamed-11.png","articleSection":["Quadradinho em Foco"],"inLanguage":"pt-BR"},{"@type":"WebPage","@id":"https:\/\/www.notibras.com\/site\/curadoria-especial-de-vinhos-chega-ao-terraco-shopping\/","url":"https:\/\/www.notibras.com\/site\/curadoria-especial-de-vinhos-chega-ao-terraco-shopping\/","name":"Curadoria especial de vinhos chega ao Terra\u00e7o Shopping - Notibras","isPartOf":{"@id":"https:\/\/www.notibras.com\/site\/#website"},"primaryImageOfPage":{"@id":"https:\/\/www.notibras.com\/site\/curadoria-especial-de-vinhos-chega-ao-terraco-shopping\/#primaryimage"},"image":{"@id":"https:\/\/www.notibras.com\/site\/curadoria-especial-de-vinhos-chega-ao-terraco-shopping\/#primaryimage"},"thumbnailUrl":"https:\/\/www.notibras.com\/site\/wp-content\/uploads\/2023\/06\/vindo.unnamed-11.png","datePublished":"2023-06-20T06:22:39+00:00","dateModified":"2023-06-20T07:25:24+00:00","breadcrumb":{"@id":"https:\/\/www.notibras.com\/site\/curadoria-especial-de-vinhos-chega-ao-terraco-shopping\/#breadcrumb"},"inLanguage":"pt-BR","potentialAction":[{"@type":"ReadAction","target":["https:\/\/www.notibras.com\/site\/curadoria-especial-de-vinhos-chega-ao-terraco-shopping\/"]}]},{"@type":"ImageObject","inLanguage":"pt-BR","@id":"https:\/\/www.notibras.com\/site\/curadoria-especial-de-vinhos-chega-ao-terraco-shopping\/#primaryimage","url":"https:\/\/www.notibras.com\/site\/wp-content\/uploads\/2023\/06\/vindo.unnamed-11.png","contentUrl":"https:\/\/www.notibras.com\/site\/wp-content\/uploads\/2023\/06\/vindo.unnamed-11.png","width":1080,"height":1080},{"@type":"BreadcrumbList","@id":"https:\/\/www.notibras.com\/site\/curadoria-especial-de-vinhos-chega-ao-terraco-shopping\/#breadcrumb","itemListElement":[{"@type":"ListItem","position":1,"name":"In\u00edcio","item":"https:\/\/www.notibras.com\/site\/"},{"@type":"ListItem","position":2,"name":"Curadoria especial de vinhos chega ao Terra\u00e7o Shopping"}]},{"@type":"WebSite","@id":"https:\/\/www.notibras.com\/site\/#website","url":"https:\/\/www.notibras.com\/site\/","name":"Notibras","description":"Not\u00edcias de Bras\u00edlia, do Brasil e do Mundo","publisher":{"@id":"https:\/\/www.notibras.com\/site\/#organization"},"potentialAction":[{"@type":"SearchAction","target":{"@type":"EntryPoint","urlTemplate":"https:\/\/www.notibras.com\/site\/?s={search_term_string}"},"query-input":{"@type":"PropertyValueSpecification","valueRequired":true,"valueName":"search_term_string"}}],"inLanguage":"pt-BR"},{"@type":"Organization","@id":"https:\/\/www.notibras.com\/site\/#organization","name":"Grupo Notibras de Comunica\u00e7\u00e3o","url":"https:\/\/www.notibras.com\/site\/","logo":{"@type":"ImageObject","inLanguage":"pt-BR","@id":"https:\/\/www.notibras.com\/site\/#\/schema\/logo\/image\/","url":"https:\/\/www.notibras.com\/site\/wp-content\/uploads\/2023\/01\/notibras23.png","contentUrl":"https:\/\/www.notibras.com\/site\/wp-content\/uploads\/2023\/01\/notibras23.png","width":350,"height":87,"caption":"Grupo Notibras de Comunica\u00e7\u00e3o"},"image":{"@id":"https:\/\/www.notibras.com\/site\/#\/schema\/logo\/image\/"},"sameAs":["https:\/\/www.facebook.com\/notibras\/","https:\/\/x.com\/Notibras","https:\/\/www.instagram.com\/notibras\/"]},{"@type":"Person","@id":"https:\/\/www.notibras.com\/site\/#\/schema\/person\/36ab0979449956132d3e5b517ea76ac8","name":"Reda\u00e7\u00e3o","image":{"@type":"ImageObject","inLanguage":"pt-BR","@id":"https:\/\/secure.gravatar.com\/avatar\/e0a867bdedb85fd243eadf09663511f96fc81e0720a4a42581f334ad4303aa6b?s=96&d=mm&r=g","url":"https:\/\/secure.gravatar.com\/avatar\/e0a867bdedb85fd243eadf09663511f96fc81e0720a4a42581f334ad4303aa6b?s=96&d=mm&r=g","contentUrl":"https:\/\/secure.gravatar.com\/avatar\/e0a867bdedb85fd243eadf09663511f96fc81e0720a4a42581f334ad4303aa6b?s=96&d=mm&r=g","caption":"Reda\u00e7\u00e3o"}}]}},"amp_enabled":true,"_links":{"self":[{"href":"https:\/\/www.notibras.com\/site\/wp-json\/wp\/v2\/posts\/307225","targetHints":{"allow":["GET"]}}],"collection":[{"href":"https:\/\/www.notibras.com\/site\/wp-json\/wp\/v2\/posts"}],"about":[{"href":"https:\/\/www.notibras.com\/site\/wp-json\/wp\/v2\/types\/post"}],"author":[{"embeddable":true,"href":"https:\/\/www.notibras.com\/site\/wp-json\/wp\/v2\/users\/2"}],"replies":[{"embeddable":true,"href":"https:\/\/www.notibras.com\/site\/wp-json\/wp\/v2\/comments?post=307225"}],"version-history":[{"count":1,"href":"https:\/\/www.notibras.com\/site\/wp-json\/wp\/v2\/posts\/307225\/revisions"}],"predecessor-version":[{"id":307227,"href":"https:\/\/www.notibras.com\/site\/wp-json\/wp\/v2\/posts\/307225\/revisions\/307227"}],"wp:featuredmedia":[{"embeddable":true,"href":"https:\/\/www.notibras.com\/site\/wp-json\/wp\/v2\/media\/307226"}],"wp:attachment":[{"href":"https:\/\/www.notibras.com\/site\/wp-json\/wp\/v2\/media?parent=307225"}],"wp:term":[{"taxonomy":"category","embeddable":true,"href":"https:\/\/www.notibras.com\/site\/wp-json\/wp\/v2\/categories?post=307225"},{"taxonomy":"post_tag","embeddable":true,"href":"https:\/\/www.notibras.com\/site\/wp-json\/wp\/v2\/tags?post=307225"}],"curies":[{"name":"wp","href":"https:\/\/api.w.org\/{rel}","templated":true}]}}