{"id":30727,"date":"2014-12-09T19:11:45","date_gmt":"2014-12-09T22:11:45","guid":{"rendered":"http:\/\/www.notibras.com\/site\/?p=30727"},"modified":"2014-12-09T19:11:45","modified_gmt":"2014-12-09T22:11:45","slug":"pele-recebe-alta-e-diz-estar-pronto-para-disputar-olimpiadas","status":"publish","type":"post","link":"https:\/\/www.notibras.com\/site\/pele-recebe-alta-e-diz-estar-pronto-para-disputar-olimpiadas\/","title":{"rendered":"Pel\u00e9 recebe alta e diz estar pronto para disputar Olimp\u00edadas"},"content":{"rendered":"<p>Depois de duas semanas internado, Pel\u00e9 recebeu alta nesta ter\u00e7a-feira, no Hospital Albert Einstein, com o tradicional bom humor. Em uma entrevista ao lado dos m\u00e9dicos que o trataram de uma infec\u00e7\u00e3o urin\u00e1ria, o ex-jogador disse estar totalmente recuperado.<\/p>\n<p>&#8220;J\u00e1 estou me preparando para a Olimp\u00edada&#8221;, disse o ex-jogador, que se despediu da r\u00e1pida entrevista mantendo a piada. &#8220;Tem tr\u00eas jogadores profissionais (acima dos 23 anos, na verdade) que podem ir \u00e0 Olimp\u00edada. Vvou ser um deles&#8221;.<\/p>\n<blockquote>\n<p class=\"text\">Pel\u00e9 ainda agradeceu o apoio recebido durante todos os dias de recupera\u00e7\u00e3o. &#8220;Recebi mensagem da China, do Paquist\u00e3o, de todos os pa\u00edses da Europa&#8230; N\u00e3o sabia que o mundo estava todo atento&#8221;, disse.<\/p>\n<\/blockquote>\n<p class=\"text\">Mas tamb\u00e9m houve discursos\u00a0mais s\u00e9rios na entrevista. Pel\u00e9 mostrou que ficou assustado em alguns momentos: &#8220;n\u00e3o fiquei preocupado, mas comecei a avaliar uma coisa que nunca tinha feito na vida. Nunca tinha sentido isso, que coincidiu com um per\u00edodo complicado para mim. Tive uma opera\u00e7\u00e3o no f\u00eamur, por causa de um desgaste, e estava melhorando. Mas depois teve a rea\u00e7\u00e3o da infec\u00e7\u00e3o, o problema das pedras nos rins e acabei aqui. Ent\u00e3o pensei: &#8216;opa, acho que Deus est\u00e1 esquecendo de mim&#8217;. Mas n\u00e3o&#8221;, afirmou ele, que agradeceu a Deus em v\u00e1rios momentos.<\/p>\n","protected":false},"excerpt":{"rendered":"<p>Depois de duas semanas internado, Pel\u00e9 recebeu alta nesta ter\u00e7a-feira, no Hospital Albert Einstein, com o tradicional bom humor. Em uma entrevista ao lado dos m\u00e9dicos que o trataram de uma infec\u00e7\u00e3o urin\u00e1ria, o ex-jogador disse estar totalmente recuperado. &#8220;J\u00e1 estou me preparando para a Olimp\u00edada&#8221;, disse o ex-jogador, que se despediu da r\u00e1pida entrevista [&hellip;]<\/p>\n","protected":false},"author":2,"featured_media":30728,"comment_status":"open","ping_status":"closed","sticky":false,"template":"","format":"standard","meta":{"_acf_changed":false,"footnotes":""},"categories":[19,29],"tags":[],"class_list":["post-30727","post","type-post","status-publish","format-standard","has-post-thumbnail","hentry","category-esportes","category-futebol"],"acf":[],"yoast_head":"<!-- This site is optimized with the Yoast SEO plugin v27.2 - https:\/\/yoast.com\/product\/yoast-seo-wordpress\/ -->\n<title>Pel\u00e9 recebe alta e diz estar pronto para disputar Olimp\u00edadas - Notibras<\/title>\n<meta name=\"robots\" content=\"index, follow, max-snippet:-1, max-image-preview:large, max-video-preview:-1\" \/>\n<link rel=\"canonical\" href=\"https:\/\/www.notibras.com\/site\/pele-recebe-alta-e-diz-estar-pronto-para-disputar-olimpiadas\/\" \/>\n<meta property=\"og:locale\" content=\"pt_BR\" \/>\n<meta property=\"og:type\" content=\"article\" \/>\n<meta property=\"og:title\" content=\"Pel\u00e9 recebe alta e diz estar pronto para disputar Olimp\u00edadas - Notibras\" \/>\n<meta property=\"og:description\" content=\"Depois de duas semanas internado, Pel\u00e9 recebeu alta nesta ter\u00e7a-feira, no Hospital Albert Einstein, com o tradicional bom humor. Em uma entrevista ao lado dos m\u00e9dicos que o trataram de uma infec\u00e7\u00e3o urin\u00e1ria, o ex-jogador disse estar totalmente recuperado. &#8220;J\u00e1 estou me preparando para a Olimp\u00edada&#8221;, disse o ex-jogador, que se despediu da r\u00e1pida entrevista [&hellip;]\" \/>\n<meta property=\"og:url\" content=\"https:\/\/www.notibras.com\/site\/pele-recebe-alta-e-diz-estar-pronto-para-disputar-olimpiadas\/\" \/>\n<meta property=\"og:site_name\" content=\"Notibras\" \/>\n<meta property=\"article:publisher\" content=\"https:\/\/www.facebook.com\/notibras\/\" \/>\n<meta property=\"article:published_time\" content=\"2014-12-09T22:11:45+00:00\" \/>\n<meta property=\"og:image\" content=\"https:\/\/www.notibras.com\/site\/wp-content\/uploads\/2014\/12\/02peleentrevistaaltamiguelschincariolafp.jpg\" \/>\n\t<meta property=\"og:image:width\" content=\"460\" \/>\n\t<meta property=\"og:image:height\" content=\"340\" \/>\n\t<meta property=\"og:image:type\" content=\"image\/jpeg\" \/>\n<meta name=\"author\" content=\"Reda\u00e7\u00e3o\" \/>\n<meta name=\"twitter:card\" content=\"summary_large_image\" \/>\n<meta name=\"twitter:creator\" content=\"@Notibras\" \/>\n<meta name=\"twitter:site\" content=\"@Notibras\" \/>\n<meta name=\"twitter:label1\" content=\"Escrito por\" \/>\n\t<meta name=\"twitter:data1\" content=\"Reda\u00e7\u00e3o\" \/>\n\t<meta name=\"twitter:label2\" content=\"Est. tempo de leitura\" \/>\n\t<meta name=\"twitter:data2\" content=\"1 minuto\" \/>\n<script type=\"application\/ld+json\" class=\"yoast-schema-graph\">{\"@context\":\"https:\/\/schema.org\",\"@graph\":[{\"@type\":\"Article\",\"@id\":\"https:\/\/www.notibras.com\/site\/pele-recebe-alta-e-diz-estar-pronto-para-disputar-olimpiadas\/#article\",\"isPartOf\":{\"@id\":\"https:\/\/www.notibras.com\/site\/pele-recebe-alta-e-diz-estar-pronto-para-disputar-olimpiadas\/\"},\"author\":{\"name\":\"Reda\u00e7\u00e3o\",\"@id\":\"https:\/\/www.notibras.com\/site\/#\/schema\/person\/36ab0979449956132d3e5b517ea76ac8\"},\"headline\":\"Pel\u00e9 recebe alta e diz estar pronto para disputar Olimp\u00edadas\",\"datePublished\":\"2014-12-09T22:11:45+00:00\",\"mainEntityOfPage\":{\"@id\":\"https:\/\/www.notibras.com\/site\/pele-recebe-alta-e-diz-estar-pronto-para-disputar-olimpiadas\/\"},\"wordCount\":235,\"commentCount\":0,\"publisher\":{\"@id\":\"https:\/\/www.notibras.com\/site\/#organization\"},\"image\":{\"@id\":\"https:\/\/www.notibras.com\/site\/pele-recebe-alta-e-diz-estar-pronto-para-disputar-olimpiadas\/#primaryimage\"},\"thumbnailUrl\":\"https:\/\/www.notibras.com\/site\/wp-content\/uploads\/2014\/12\/02peleentrevistaaltamiguelschincariolafp.jpg\",\"articleSection\":[\"Esportes\",\"Futebol\"],\"inLanguage\":\"pt-BR\",\"potentialAction\":[{\"@type\":\"CommentAction\",\"name\":\"Comment\",\"target\":[\"https:\/\/www.notibras.com\/site\/pele-recebe-alta-e-diz-estar-pronto-para-disputar-olimpiadas\/#respond\"]}]},{\"@type\":\"WebPage\",\"@id\":\"https:\/\/www.notibras.com\/site\/pele-recebe-alta-e-diz-estar-pronto-para-disputar-olimpiadas\/\",\"url\":\"https:\/\/www.notibras.com\/site\/pele-recebe-alta-e-diz-estar-pronto-para-disputar-olimpiadas\/\",\"name\":\"Pel\u00e9 recebe alta e diz estar pronto para disputar Olimp\u00edadas - Notibras\",\"isPartOf\":{\"@id\":\"https:\/\/www.notibras.com\/site\/#website\"},\"primaryImageOfPage\":{\"@id\":\"https:\/\/www.notibras.com\/site\/pele-recebe-alta-e-diz-estar-pronto-para-disputar-olimpiadas\/#primaryimage\"},\"image\":{\"@id\":\"https:\/\/www.notibras.com\/site\/pele-recebe-alta-e-diz-estar-pronto-para-disputar-olimpiadas\/#primaryimage\"},\"thumbnailUrl\":\"https:\/\/www.notibras.com\/site\/wp-content\/uploads\/2014\/12\/02peleentrevistaaltamiguelschincariolafp.jpg\",\"datePublished\":\"2014-12-09T22:11:45+00:00\",\"breadcrumb\":{\"@id\":\"https:\/\/www.notibras.com\/site\/pele-recebe-alta-e-diz-estar-pronto-para-disputar-olimpiadas\/#breadcrumb\"},\"inLanguage\":\"pt-BR\",\"potentialAction\":[{\"@type\":\"ReadAction\",\"target\":[\"https:\/\/www.notibras.com\/site\/pele-recebe-alta-e-diz-estar-pronto-para-disputar-olimpiadas\/\"]}]},{\"@type\":\"ImageObject\",\"inLanguage\":\"pt-BR\",\"@id\":\"https:\/\/www.notibras.com\/site\/pele-recebe-alta-e-diz-estar-pronto-para-disputar-olimpiadas\/#primaryimage\",\"url\":\"https:\/\/www.notibras.com\/site\/wp-content\/uploads\/2014\/12\/02peleentrevistaaltamiguelschincariolafp.jpg\",\"contentUrl\":\"https:\/\/www.notibras.com\/site\/wp-content\/uploads\/2014\/12\/02peleentrevistaaltamiguelschincariolafp.jpg\",\"width\":460,\"height\":340},{\"@type\":\"BreadcrumbList\",\"@id\":\"https:\/\/www.notibras.com\/site\/pele-recebe-alta-e-diz-estar-pronto-para-disputar-olimpiadas\/#breadcrumb\",\"itemListElement\":[{\"@type\":\"ListItem\",\"position\":1,\"name\":\"In\u00edcio\",\"item\":\"https:\/\/www.notibras.com\/site\/\"},{\"@type\":\"ListItem\",\"position\":2,\"name\":\"Pel\u00e9 recebe alta e diz estar pronto para disputar Olimp\u00edadas\"}]},{\"@type\":\"WebSite\",\"@id\":\"https:\/\/www.notibras.com\/site\/#website\",\"url\":\"https:\/\/www.notibras.com\/site\/\",\"name\":\"Notibras\",\"description\":\"Not\u00edcias de Bras\u00edlia, do Brasil e do Mundo\",\"publisher\":{\"@id\":\"https:\/\/www.notibras.com\/site\/#organization\"},\"potentialAction\":[{\"@type\":\"SearchAction\",\"target\":{\"@type\":\"EntryPoint\",\"urlTemplate\":\"https:\/\/www.notibras.com\/site\/?s={search_term_string}\"},\"query-input\":{\"@type\":\"PropertyValueSpecification\",\"valueRequired\":true,\"valueName\":\"search_term_string\"}}],\"inLanguage\":\"pt-BR\"},{\"@type\":\"Organization\",\"@id\":\"https:\/\/www.notibras.com\/site\/#organization\",\"name\":\"Grupo Notibras de Comunica\u00e7\u00e3o\",\"url\":\"https:\/\/www.notibras.com\/site\/\",\"logo\":{\"@type\":\"ImageObject\",\"inLanguage\":\"pt-BR\",\"@id\":\"https:\/\/www.notibras.com\/site\/#\/schema\/logo\/image\/\",\"url\":\"https:\/\/www.notibras.com\/site\/wp-content\/uploads\/2023\/01\/notibras23.png\",\"contentUrl\":\"https:\/\/www.notibras.com\/site\/wp-content\/uploads\/2023\/01\/notibras23.png\",\"width\":350,\"height\":87,\"caption\":\"Grupo Notibras de Comunica\u00e7\u00e3o\"},\"image\":{\"@id\":\"https:\/\/www.notibras.com\/site\/#\/schema\/logo\/image\/\"},\"sameAs\":[\"https:\/\/www.facebook.com\/notibras\/\",\"https:\/\/x.com\/Notibras\",\"https:\/\/www.instagram.com\/notibras\/\"]},{\"@type\":\"Person\",\"@id\":\"https:\/\/www.notibras.com\/site\/#\/schema\/person\/36ab0979449956132d3e5b517ea76ac8\",\"name\":\"Reda\u00e7\u00e3o\",\"image\":{\"@type\":\"ImageObject\",\"inLanguage\":\"pt-BR\",\"@id\":\"https:\/\/secure.gravatar.com\/avatar\/e0a867bdedb85fd243eadf09663511f96fc81e0720a4a42581f334ad4303aa6b?s=96&d=mm&r=g\",\"url\":\"https:\/\/secure.gravatar.com\/avatar\/e0a867bdedb85fd243eadf09663511f96fc81e0720a4a42581f334ad4303aa6b?s=96&d=mm&r=g\",\"contentUrl\":\"https:\/\/secure.gravatar.com\/avatar\/e0a867bdedb85fd243eadf09663511f96fc81e0720a4a42581f334ad4303aa6b?s=96&d=mm&r=g\",\"caption\":\"Reda\u00e7\u00e3o\"}}]}<\/script>\n<!-- \/ Yoast SEO plugin. -->","yoast_head_json":{"title":"Pel\u00e9 recebe alta e diz estar pronto para disputar Olimp\u00edadas - Notibras","robots":{"index":"index","follow":"follow","max-snippet":"max-snippet:-1","max-image-preview":"max-image-preview:large","max-video-preview":"max-video-preview:-1"},"canonical":"https:\/\/www.notibras.com\/site\/pele-recebe-alta-e-diz-estar-pronto-para-disputar-olimpiadas\/","og_locale":"pt_BR","og_type":"article","og_title":"Pel\u00e9 recebe alta e diz estar pronto para disputar Olimp\u00edadas - Notibras","og_description":"Depois de duas semanas internado, Pel\u00e9 recebeu alta nesta ter\u00e7a-feira, no Hospital Albert Einstein, com o tradicional bom humor. Em uma entrevista ao lado dos m\u00e9dicos que o trataram de uma infec\u00e7\u00e3o urin\u00e1ria, o ex-jogador disse estar totalmente recuperado. &#8220;J\u00e1 estou me preparando para a Olimp\u00edada&#8221;, disse o ex-jogador, que se despediu da r\u00e1pida entrevista [&hellip;]","og_url":"https:\/\/www.notibras.com\/site\/pele-recebe-alta-e-diz-estar-pronto-para-disputar-olimpiadas\/","og_site_name":"Notibras","article_publisher":"https:\/\/www.facebook.com\/notibras\/","article_published_time":"2014-12-09T22:11:45+00:00","og_image":[{"width":460,"height":340,"url":"https:\/\/www.notibras.com\/site\/wp-content\/uploads\/2014\/12\/02peleentrevistaaltamiguelschincariolafp.jpg","type":"image\/jpeg"}],"author":"Reda\u00e7\u00e3o","twitter_card":"summary_large_image","twitter_creator":"@Notibras","twitter_site":"@Notibras","twitter_misc":{"Escrito por":"Reda\u00e7\u00e3o","Est. tempo de leitura":"1 minuto"},"schema":{"@context":"https:\/\/schema.org","@graph":[{"@type":"Article","@id":"https:\/\/www.notibras.com\/site\/pele-recebe-alta-e-diz-estar-pronto-para-disputar-olimpiadas\/#article","isPartOf":{"@id":"https:\/\/www.notibras.com\/site\/pele-recebe-alta-e-diz-estar-pronto-para-disputar-olimpiadas\/"},"author":{"name":"Reda\u00e7\u00e3o","@id":"https:\/\/www.notibras.com\/site\/#\/schema\/person\/36ab0979449956132d3e5b517ea76ac8"},"headline":"Pel\u00e9 recebe alta e diz estar pronto para disputar Olimp\u00edadas","datePublished":"2014-12-09T22:11:45+00:00","mainEntityOfPage":{"@id":"https:\/\/www.notibras.com\/site\/pele-recebe-alta-e-diz-estar-pronto-para-disputar-olimpiadas\/"},"wordCount":235,"commentCount":0,"publisher":{"@id":"https:\/\/www.notibras.com\/site\/#organization"},"image":{"@id":"https:\/\/www.notibras.com\/site\/pele-recebe-alta-e-diz-estar-pronto-para-disputar-olimpiadas\/#primaryimage"},"thumbnailUrl":"https:\/\/www.notibras.com\/site\/wp-content\/uploads\/2014\/12\/02peleentrevistaaltamiguelschincariolafp.jpg","articleSection":["Esportes","Futebol"],"inLanguage":"pt-BR","potentialAction":[{"@type":"CommentAction","name":"Comment","target":["https:\/\/www.notibras.com\/site\/pele-recebe-alta-e-diz-estar-pronto-para-disputar-olimpiadas\/#respond"]}]},{"@type":"WebPage","@id":"https:\/\/www.notibras.com\/site\/pele-recebe-alta-e-diz-estar-pronto-para-disputar-olimpiadas\/","url":"https:\/\/www.notibras.com\/site\/pele-recebe-alta-e-diz-estar-pronto-para-disputar-olimpiadas\/","name":"Pel\u00e9 recebe alta e diz estar pronto para disputar Olimp\u00edadas - Notibras","isPartOf":{"@id":"https:\/\/www.notibras.com\/site\/#website"},"primaryImageOfPage":{"@id":"https:\/\/www.notibras.com\/site\/pele-recebe-alta-e-diz-estar-pronto-para-disputar-olimpiadas\/#primaryimage"},"image":{"@id":"https:\/\/www.notibras.com\/site\/pele-recebe-alta-e-diz-estar-pronto-para-disputar-olimpiadas\/#primaryimage"},"thumbnailUrl":"https:\/\/www.notibras.com\/site\/wp-content\/uploads\/2014\/12\/02peleentrevistaaltamiguelschincariolafp.jpg","datePublished":"2014-12-09T22:11:45+00:00","breadcrumb":{"@id":"https:\/\/www.notibras.com\/site\/pele-recebe-alta-e-diz-estar-pronto-para-disputar-olimpiadas\/#breadcrumb"},"inLanguage":"pt-BR","potentialAction":[{"@type":"ReadAction","target":["https:\/\/www.notibras.com\/site\/pele-recebe-alta-e-diz-estar-pronto-para-disputar-olimpiadas\/"]}]},{"@type":"ImageObject","inLanguage":"pt-BR","@id":"https:\/\/www.notibras.com\/site\/pele-recebe-alta-e-diz-estar-pronto-para-disputar-olimpiadas\/#primaryimage","url":"https:\/\/www.notibras.com\/site\/wp-content\/uploads\/2014\/12\/02peleentrevistaaltamiguelschincariolafp.jpg","contentUrl":"https:\/\/www.notibras.com\/site\/wp-content\/uploads\/2014\/12\/02peleentrevistaaltamiguelschincariolafp.jpg","width":460,"height":340},{"@type":"BreadcrumbList","@id":"https:\/\/www.notibras.com\/site\/pele-recebe-alta-e-diz-estar-pronto-para-disputar-olimpiadas\/#breadcrumb","itemListElement":[{"@type":"ListItem","position":1,"name":"In\u00edcio","item":"https:\/\/www.notibras.com\/site\/"},{"@type":"ListItem","position":2,"name":"Pel\u00e9 recebe alta e diz estar pronto para disputar Olimp\u00edadas"}]},{"@type":"WebSite","@id":"https:\/\/www.notibras.com\/site\/#website","url":"https:\/\/www.notibras.com\/site\/","name":"Notibras","description":"Not\u00edcias de Bras\u00edlia, do Brasil e do Mundo","publisher":{"@id":"https:\/\/www.notibras.com\/site\/#organization"},"potentialAction":[{"@type":"SearchAction","target":{"@type":"EntryPoint","urlTemplate":"https:\/\/www.notibras.com\/site\/?s={search_term_string}"},"query-input":{"@type":"PropertyValueSpecification","valueRequired":true,"valueName":"search_term_string"}}],"inLanguage":"pt-BR"},{"@type":"Organization","@id":"https:\/\/www.notibras.com\/site\/#organization","name":"Grupo Notibras de Comunica\u00e7\u00e3o","url":"https:\/\/www.notibras.com\/site\/","logo":{"@type":"ImageObject","inLanguage":"pt-BR","@id":"https:\/\/www.notibras.com\/site\/#\/schema\/logo\/image\/","url":"https:\/\/www.notibras.com\/site\/wp-content\/uploads\/2023\/01\/notibras23.png","contentUrl":"https:\/\/www.notibras.com\/site\/wp-content\/uploads\/2023\/01\/notibras23.png","width":350,"height":87,"caption":"Grupo Notibras de Comunica\u00e7\u00e3o"},"image":{"@id":"https:\/\/www.notibras.com\/site\/#\/schema\/logo\/image\/"},"sameAs":["https:\/\/www.facebook.com\/notibras\/","https:\/\/x.com\/Notibras","https:\/\/www.instagram.com\/notibras\/"]},{"@type":"Person","@id":"https:\/\/www.notibras.com\/site\/#\/schema\/person\/36ab0979449956132d3e5b517ea76ac8","name":"Reda\u00e7\u00e3o","image":{"@type":"ImageObject","inLanguage":"pt-BR","@id":"https:\/\/secure.gravatar.com\/avatar\/e0a867bdedb85fd243eadf09663511f96fc81e0720a4a42581f334ad4303aa6b?s=96&d=mm&r=g","url":"https:\/\/secure.gravatar.com\/avatar\/e0a867bdedb85fd243eadf09663511f96fc81e0720a4a42581f334ad4303aa6b?s=96&d=mm&r=g","contentUrl":"https:\/\/secure.gravatar.com\/avatar\/e0a867bdedb85fd243eadf09663511f96fc81e0720a4a42581f334ad4303aa6b?s=96&d=mm&r=g","caption":"Reda\u00e7\u00e3o"}}]}},"amp_enabled":true,"_links":{"self":[{"href":"https:\/\/www.notibras.com\/site\/wp-json\/wp\/v2\/posts\/30727","targetHints":{"allow":["GET"]}}],"collection":[{"href":"https:\/\/www.notibras.com\/site\/wp-json\/wp\/v2\/posts"}],"about":[{"href":"https:\/\/www.notibras.com\/site\/wp-json\/wp\/v2\/types\/post"}],"author":[{"embeddable":true,"href":"https:\/\/www.notibras.com\/site\/wp-json\/wp\/v2\/users\/2"}],"replies":[{"embeddable":true,"href":"https:\/\/www.notibras.com\/site\/wp-json\/wp\/v2\/comments?post=30727"}],"version-history":[{"count":0,"href":"https:\/\/www.notibras.com\/site\/wp-json\/wp\/v2\/posts\/30727\/revisions"}],"wp:featuredmedia":[{"embeddable":true,"href":"https:\/\/www.notibras.com\/site\/wp-json\/wp\/v2\/media\/30728"}],"wp:attachment":[{"href":"https:\/\/www.notibras.com\/site\/wp-json\/wp\/v2\/media?parent=30727"}],"wp:term":[{"taxonomy":"category","embeddable":true,"href":"https:\/\/www.notibras.com\/site\/wp-json\/wp\/v2\/categories?post=30727"},{"taxonomy":"post_tag","embeddable":true,"href":"https:\/\/www.notibras.com\/site\/wp-json\/wp\/v2\/tags?post=30727"}],"curies":[{"name":"wp","href":"https:\/\/api.w.org\/{rel}","templated":true}]}}