{"id":307288,"date":"2023-06-21T01:12:17","date_gmt":"2023-06-21T04:12:17","guid":{"rendered":"https:\/\/www.notibras.com\/site\/?p=307288"},"modified":"2023-06-21T01:12:17","modified_gmt":"2023-06-21T04:12:17","slug":"festa-matine-estreia-um-role-para-amigos-do-fim","status":"publish","type":"post","link":"https:\/\/www.notibras.com\/site\/festa-matine-estreia-um-role-para-amigos-do-fim\/","title":{"rendered":"Festa Matin\u00ea estreia um Rol\u00ea para Amigos do Fim"},"content":{"rendered":"<p>J\u00e1 imaginou a possibilidade de desfrutar de uma festa com diferentes experi\u00eancias, que termine antes da meia-noite? A resposta para essa pergunta \u00e9 a Matin\u00ea. N\u00e3o se trata de uma t\u00edpica matin\u00ea para aquela galera que precisa sair cedo por causa da idade. \u00c9 exatamente o contr\u00e1rio: aqueles que, devido \u00e0 idade, n\u00e3o est\u00e3o mais dispostos a madrugar, j\u00e1 t\u00eam onde curtir no Distrito Federal.<\/p>\n<p>Dividida em quatro espa\u00e7os \u2014 pistas de dan\u00e7a, pra\u00e7a de alimenta\u00e7\u00e3o, espa\u00e7o de jogos e espa\u00e7o picadeiro \u2014, a festa ocupa todo o beco da Externa Club, localizado no Setor Comercial Sul, das 15h \u00e0s 22 horas (isso mesmo!), com edi\u00e7\u00f5es a cada 15 dias, a partir de 24 de junho.<\/p>\n<p>Os ingressos para a primeira edi\u00e7\u00e3o j\u00e1 podem ser adquiridos pelo sympla.<\/p>\n<p><strong>Tend\u00eancia Mundial<\/strong><br \/>\nA Matin\u00ea surge em Bras\u00edlia como parte de um movimento global de eventos que buscam hor\u00e1rios mais acess\u00edveis e experi\u00eancias inovadoras. Com o objetivo de criar uma nova identidade, a festa combina hor\u00e1rio conveniente, ambiente diferenciado e propostas envolventes, acompanhando a tend\u00eancia mundial de ocupar menos as madrugadas.<\/p>\n<p>Para dar corpo ao projeto inovador, a organiza\u00e7\u00e3o da festa prioriza tr\u00eas eixos essenciais para estruturar uma entrega \u00e0 altura do exigente p\u00fablico:<\/p>\n<p>\u25cf Conforto \u2014 com espa\u00e7os destinados a sentar, alimentar-se e relaxar.<\/p>\n<p>\u25cf Cenografia \u2014 uma decora\u00e7\u00e3o minuciosamente planejada, preenchida por atra\u00e7\u00f5es c\u00eanicas.<\/p>\n<p>\u25cf M\u00fasica \u2014 duas pistas de dan\u00e7a, Homem Foguete e Globo da Morte. Al\u00e9m disso, cada edi\u00e7\u00e3o conta com participa\u00e7\u00e3o especial de bandas e DJs renomados.<\/p>\n<p><strong>Para todos os gostos<\/strong><br \/>\nAs duas pistas de dan\u00e7a apresentam diversidade na curadoria musical. Homem Foguete ser\u00e1 focada em m\u00fasica brasileira dan\u00e7ante, enquanto Globo da Morte ter\u00e1 uma sele\u00e7\u00e3o internacional que varia do hip-hop at\u00e9 temas estilo r\u00e1dio Antena 1. A festa busca oferecer uma variedade musical \u00fanica, garantindo que haja m\u00fasica para todos os gostos, mantendo corpos em movimento.<\/p>\n<p><strong>Proposta avassaladora<\/strong><br \/>\nA proposta para o evento \u00e9 ocupar o beco da Externa Club, proporcionando uma experi\u00eancia diversificada e envolvente. O circo inspira, como um lugar cheio de variedades. S\u00e3o pistas de dan\u00e7a, \u00e1reas de jogos, pra\u00e7a de alimenta\u00e7\u00e3o e espa\u00e7os para apresenta\u00e7\u00f5es l\u00fadicas, tanto programadas como espont\u00e2neas. A cenografia \u00e9 um ponto forte, uma mistura de atra\u00e7\u00f5es visualmente marcantes, compondo um car\u00e1ter \u00fanico.<\/p>\n<p><strong>Estreia de luxo<\/strong><br \/>\nA primeira edi\u00e7\u00e3o tem um line up extraordin\u00e1rio. Ser\u00e1 uma oportunidade de explorar diversos talentos e estilos musicais da regi\u00e3o, proporcionando uma experi\u00eancia \u00fanica.<\/p>\n<p>Est\u00e3o na programa\u00e7\u00e3o DJ Geo, com seu acervo de vinis, e a renomada DJ brasiliense Odara Kadiegi, agitadora das pistas de dan\u00e7a no DF e no Brasil. Ambos comandam a Homem Foguete, que ainda conta com o show da incr\u00edvel cantora e saxofonista Pina. Na Globo da Morte, a talentosa DJ Savana e o renomado pesquisador de black music, DJ Wash.<\/p>\n<p><strong>Estendendo o baile<\/strong><br \/>\nA Matin\u00ea tem uma programa\u00e7\u00e3o com edi\u00e7\u00f5es quinzenais. S\u00e3o 40 atra\u00e7\u00f5es diferentes, sem repeti\u00e7\u00f5es, incluindo DJs de todo o Distrito Federal, com o objetivo de valorizar a cena local. Entre as atra\u00e7\u00f5es confirmadas, brilham as bandas Salve Jorge, Gypsy Jazz Club, Brega e Rosas, Passo Largo e as Fulo do Cerrado. Al\u00e9m dessas, diversos DJs renomados, como Dj A, Umiranda, Jak3, Paula Torelly, Klap, Pezao, Ketlen, Barata, Luji, Ops, Tamara Maravilha, BeatsOn, Naju, Em\u00eddio, Karla Testa, Sandro Biondo, La Ursa, Distinto, Carol Costa, Thiago Freitas, Laine D&#8217;Olinda, Fibo, Leo Cabral, Janna, Low, Maraskin, Low, Adolfo e Thum.<\/p>\n<p><strong>Servi\u00e7o<\/strong><br \/>\nFesta Matin\u00ea<br \/>\nLocal: Beco da Externa Club<br \/>\nCentro Comercial Amazonas, SCS Q. 5 BL B<br \/>\nData: 24 de junho.<br \/>\nHor\u00e1rio: das 15h \u00e0s 22h.<\/p>\n","protected":false},"excerpt":{"rendered":"<p>J\u00e1 imaginou a possibilidade de desfrutar de uma festa com diferentes experi\u00eancias, que termine antes da meia-noite? A resposta para essa pergunta \u00e9 a Matin\u00ea. N\u00e3o se trata de uma t\u00edpica matin\u00ea para aquela galera que precisa sair cedo por causa da idade. \u00c9 exatamente o contr\u00e1rio: aqueles que, devido \u00e0 idade, n\u00e3o est\u00e3o mais [&hellip;]<\/p>\n","protected":false},"author":2,"featured_media":307289,"comment_status":"closed","ping_status":"closed","sticky":false,"template":"","format":"standard","meta":{"_acf_changed":false,"footnotes":""},"categories":[161],"tags":[],"class_list":["post-307288","post","type-post","status-publish","format-standard","has-post-thumbnail","hentry","category-quadradinho-em-foco"],"acf":[],"yoast_head":"<!-- This site is optimized with the Yoast SEO plugin v27.2 - https:\/\/yoast.com\/product\/yoast-seo-wordpress\/ -->\n<title>Festa Matin\u00ea estreia um Rol\u00ea para Amigos do Fim - Notibras<\/title>\n<meta name=\"robots\" content=\"index, follow, max-snippet:-1, max-image-preview:large, max-video-preview:-1\" \/>\n<link rel=\"canonical\" href=\"https:\/\/www.notibras.com\/site\/festa-matine-estreia-um-role-para-amigos-do-fim\/\" \/>\n<meta property=\"og:locale\" content=\"pt_BR\" \/>\n<meta property=\"og:type\" content=\"article\" \/>\n<meta property=\"og:title\" content=\"Festa Matin\u00ea estreia um Rol\u00ea para Amigos do Fim - Notibras\" \/>\n<meta property=\"og:description\" content=\"J\u00e1 imaginou a possibilidade de desfrutar de uma festa com diferentes experi\u00eancias, que termine antes da meia-noite? A resposta para essa pergunta \u00e9 a Matin\u00ea. N\u00e3o se trata de uma t\u00edpica matin\u00ea para aquela galera que precisa sair cedo por causa da idade. \u00c9 exatamente o contr\u00e1rio: aqueles que, devido \u00e0 idade, n\u00e3o est\u00e3o mais [&hellip;]\" \/>\n<meta property=\"og:url\" content=\"https:\/\/www.notibras.com\/site\/festa-matine-estreia-um-role-para-amigos-do-fim\/\" \/>\n<meta property=\"og:site_name\" content=\"Notibras\" \/>\n<meta property=\"article:publisher\" content=\"https:\/\/www.facebook.com\/notibras\/\" \/>\n<meta property=\"article:published_time\" content=\"2023-06-21T04:12:17+00:00\" \/>\n<meta property=\"og:image\" content=\"https:\/\/www.notibras.com\/site\/wp-content\/uploads\/2023\/06\/DJ-Odara.jpeg\" \/>\n\t<meta property=\"og:image:width\" content=\"1080\" \/>\n\t<meta property=\"og:image:height\" content=\"720\" \/>\n\t<meta property=\"og:image:type\" content=\"image\/jpeg\" \/>\n<meta name=\"author\" content=\"Reda\u00e7\u00e3o\" \/>\n<meta name=\"twitter:card\" content=\"summary_large_image\" \/>\n<meta name=\"twitter:creator\" content=\"@Notibras\" \/>\n<meta name=\"twitter:site\" content=\"@Notibras\" \/>\n<meta name=\"twitter:label1\" content=\"Escrito por\" \/>\n\t<meta name=\"twitter:data1\" content=\"Reda\u00e7\u00e3o\" \/>\n\t<meta name=\"twitter:label2\" content=\"Est. tempo de leitura\" \/>\n\t<meta name=\"twitter:data2\" content=\"4 minutos\" \/>\n<script type=\"application\/ld+json\" class=\"yoast-schema-graph\">{\"@context\":\"https:\/\/schema.org\",\"@graph\":[{\"@type\":\"Article\",\"@id\":\"https:\/\/www.notibras.com\/site\/festa-matine-estreia-um-role-para-amigos-do-fim\/#article\",\"isPartOf\":{\"@id\":\"https:\/\/www.notibras.com\/site\/festa-matine-estreia-um-role-para-amigos-do-fim\/\"},\"author\":{\"name\":\"Reda\u00e7\u00e3o\",\"@id\":\"https:\/\/www.notibras.com\/site\/#\/schema\/person\/36ab0979449956132d3e5b517ea76ac8\"},\"headline\":\"Festa Matin\u00ea estreia um Rol\u00ea para Amigos do Fim\",\"datePublished\":\"2023-06-21T04:12:17+00:00\",\"mainEntityOfPage\":{\"@id\":\"https:\/\/www.notibras.com\/site\/festa-matine-estreia-um-role-para-amigos-do-fim\/\"},\"wordCount\":643,\"publisher\":{\"@id\":\"https:\/\/www.notibras.com\/site\/#organization\"},\"image\":{\"@id\":\"https:\/\/www.notibras.com\/site\/festa-matine-estreia-um-role-para-amigos-do-fim\/#primaryimage\"},\"thumbnailUrl\":\"https:\/\/www.notibras.com\/site\/wp-content\/uploads\/2023\/06\/DJ-Odara.jpeg\",\"articleSection\":[\"Quadradinho em Foco\"],\"inLanguage\":\"pt-BR\"},{\"@type\":\"WebPage\",\"@id\":\"https:\/\/www.notibras.com\/site\/festa-matine-estreia-um-role-para-amigos-do-fim\/\",\"url\":\"https:\/\/www.notibras.com\/site\/festa-matine-estreia-um-role-para-amigos-do-fim\/\",\"name\":\"Festa Matin\u00ea estreia um Rol\u00ea para Amigos do Fim - Notibras\",\"isPartOf\":{\"@id\":\"https:\/\/www.notibras.com\/site\/#website\"},\"primaryImageOfPage\":{\"@id\":\"https:\/\/www.notibras.com\/site\/festa-matine-estreia-um-role-para-amigos-do-fim\/#primaryimage\"},\"image\":{\"@id\":\"https:\/\/www.notibras.com\/site\/festa-matine-estreia-um-role-para-amigos-do-fim\/#primaryimage\"},\"thumbnailUrl\":\"https:\/\/www.notibras.com\/site\/wp-content\/uploads\/2023\/06\/DJ-Odara.jpeg\",\"datePublished\":\"2023-06-21T04:12:17+00:00\",\"breadcrumb\":{\"@id\":\"https:\/\/www.notibras.com\/site\/festa-matine-estreia-um-role-para-amigos-do-fim\/#breadcrumb\"},\"inLanguage\":\"pt-BR\",\"potentialAction\":[{\"@type\":\"ReadAction\",\"target\":[\"https:\/\/www.notibras.com\/site\/festa-matine-estreia-um-role-para-amigos-do-fim\/\"]}]},{\"@type\":\"ImageObject\",\"inLanguage\":\"pt-BR\",\"@id\":\"https:\/\/www.notibras.com\/site\/festa-matine-estreia-um-role-para-amigos-do-fim\/#primaryimage\",\"url\":\"https:\/\/www.notibras.com\/site\/wp-content\/uploads\/2023\/06\/DJ-Odara.jpeg\",\"contentUrl\":\"https:\/\/www.notibras.com\/site\/wp-content\/uploads\/2023\/06\/DJ-Odara.jpeg\",\"width\":1080,\"height\":720},{\"@type\":\"BreadcrumbList\",\"@id\":\"https:\/\/www.notibras.com\/site\/festa-matine-estreia-um-role-para-amigos-do-fim\/#breadcrumb\",\"itemListElement\":[{\"@type\":\"ListItem\",\"position\":1,\"name\":\"In\u00edcio\",\"item\":\"https:\/\/www.notibras.com\/site\/\"},{\"@type\":\"ListItem\",\"position\":2,\"name\":\"Festa Matin\u00ea estreia um Rol\u00ea para Amigos do Fim\"}]},{\"@type\":\"WebSite\",\"@id\":\"https:\/\/www.notibras.com\/site\/#website\",\"url\":\"https:\/\/www.notibras.com\/site\/\",\"name\":\"Notibras\",\"description\":\"Not\u00edcias de Bras\u00edlia, do Brasil e do Mundo\",\"publisher\":{\"@id\":\"https:\/\/www.notibras.com\/site\/#organization\"},\"potentialAction\":[{\"@type\":\"SearchAction\",\"target\":{\"@type\":\"EntryPoint\",\"urlTemplate\":\"https:\/\/www.notibras.com\/site\/?s={search_term_string}\"},\"query-input\":{\"@type\":\"PropertyValueSpecification\",\"valueRequired\":true,\"valueName\":\"search_term_string\"}}],\"inLanguage\":\"pt-BR\"},{\"@type\":\"Organization\",\"@id\":\"https:\/\/www.notibras.com\/site\/#organization\",\"name\":\"Grupo Notibras de Comunica\u00e7\u00e3o\",\"url\":\"https:\/\/www.notibras.com\/site\/\",\"logo\":{\"@type\":\"ImageObject\",\"inLanguage\":\"pt-BR\",\"@id\":\"https:\/\/www.notibras.com\/site\/#\/schema\/logo\/image\/\",\"url\":\"https:\/\/www.notibras.com\/site\/wp-content\/uploads\/2023\/01\/notibras23.png\",\"contentUrl\":\"https:\/\/www.notibras.com\/site\/wp-content\/uploads\/2023\/01\/notibras23.png\",\"width\":350,\"height\":87,\"caption\":\"Grupo Notibras de Comunica\u00e7\u00e3o\"},\"image\":{\"@id\":\"https:\/\/www.notibras.com\/site\/#\/schema\/logo\/image\/\"},\"sameAs\":[\"https:\/\/www.facebook.com\/notibras\/\",\"https:\/\/x.com\/Notibras\",\"https:\/\/www.instagram.com\/notibras\/\"]},{\"@type\":\"Person\",\"@id\":\"https:\/\/www.notibras.com\/site\/#\/schema\/person\/36ab0979449956132d3e5b517ea76ac8\",\"name\":\"Reda\u00e7\u00e3o\",\"image\":{\"@type\":\"ImageObject\",\"inLanguage\":\"pt-BR\",\"@id\":\"https:\/\/secure.gravatar.com\/avatar\/e0a867bdedb85fd243eadf09663511f96fc81e0720a4a42581f334ad4303aa6b?s=96&d=mm&r=g\",\"url\":\"https:\/\/secure.gravatar.com\/avatar\/e0a867bdedb85fd243eadf09663511f96fc81e0720a4a42581f334ad4303aa6b?s=96&d=mm&r=g\",\"contentUrl\":\"https:\/\/secure.gravatar.com\/avatar\/e0a867bdedb85fd243eadf09663511f96fc81e0720a4a42581f334ad4303aa6b?s=96&d=mm&r=g\",\"caption\":\"Reda\u00e7\u00e3o\"}}]}<\/script>\n<!-- \/ Yoast SEO plugin. -->","yoast_head_json":{"title":"Festa Matin\u00ea estreia um Rol\u00ea para Amigos do Fim - Notibras","robots":{"index":"index","follow":"follow","max-snippet":"max-snippet:-1","max-image-preview":"max-image-preview:large","max-video-preview":"max-video-preview:-1"},"canonical":"https:\/\/www.notibras.com\/site\/festa-matine-estreia-um-role-para-amigos-do-fim\/","og_locale":"pt_BR","og_type":"article","og_title":"Festa Matin\u00ea estreia um Rol\u00ea para Amigos do Fim - Notibras","og_description":"J\u00e1 imaginou a possibilidade de desfrutar de uma festa com diferentes experi\u00eancias, que termine antes da meia-noite? A resposta para essa pergunta \u00e9 a Matin\u00ea. N\u00e3o se trata de uma t\u00edpica matin\u00ea para aquela galera que precisa sair cedo por causa da idade. \u00c9 exatamente o contr\u00e1rio: aqueles que, devido \u00e0 idade, n\u00e3o est\u00e3o mais [&hellip;]","og_url":"https:\/\/www.notibras.com\/site\/festa-matine-estreia-um-role-para-amigos-do-fim\/","og_site_name":"Notibras","article_publisher":"https:\/\/www.facebook.com\/notibras\/","article_published_time":"2023-06-21T04:12:17+00:00","og_image":[{"width":1080,"height":720,"url":"https:\/\/www.notibras.com\/site\/wp-content\/uploads\/2023\/06\/DJ-Odara.jpeg","type":"image\/jpeg"}],"author":"Reda\u00e7\u00e3o","twitter_card":"summary_large_image","twitter_creator":"@Notibras","twitter_site":"@Notibras","twitter_misc":{"Escrito por":"Reda\u00e7\u00e3o","Est. tempo de leitura":"4 minutos"},"schema":{"@context":"https:\/\/schema.org","@graph":[{"@type":"Article","@id":"https:\/\/www.notibras.com\/site\/festa-matine-estreia-um-role-para-amigos-do-fim\/#article","isPartOf":{"@id":"https:\/\/www.notibras.com\/site\/festa-matine-estreia-um-role-para-amigos-do-fim\/"},"author":{"name":"Reda\u00e7\u00e3o","@id":"https:\/\/www.notibras.com\/site\/#\/schema\/person\/36ab0979449956132d3e5b517ea76ac8"},"headline":"Festa Matin\u00ea estreia um Rol\u00ea para Amigos do Fim","datePublished":"2023-06-21T04:12:17+00:00","mainEntityOfPage":{"@id":"https:\/\/www.notibras.com\/site\/festa-matine-estreia-um-role-para-amigos-do-fim\/"},"wordCount":643,"publisher":{"@id":"https:\/\/www.notibras.com\/site\/#organization"},"image":{"@id":"https:\/\/www.notibras.com\/site\/festa-matine-estreia-um-role-para-amigos-do-fim\/#primaryimage"},"thumbnailUrl":"https:\/\/www.notibras.com\/site\/wp-content\/uploads\/2023\/06\/DJ-Odara.jpeg","articleSection":["Quadradinho em Foco"],"inLanguage":"pt-BR"},{"@type":"WebPage","@id":"https:\/\/www.notibras.com\/site\/festa-matine-estreia-um-role-para-amigos-do-fim\/","url":"https:\/\/www.notibras.com\/site\/festa-matine-estreia-um-role-para-amigos-do-fim\/","name":"Festa Matin\u00ea estreia um Rol\u00ea para Amigos do Fim - Notibras","isPartOf":{"@id":"https:\/\/www.notibras.com\/site\/#website"},"primaryImageOfPage":{"@id":"https:\/\/www.notibras.com\/site\/festa-matine-estreia-um-role-para-amigos-do-fim\/#primaryimage"},"image":{"@id":"https:\/\/www.notibras.com\/site\/festa-matine-estreia-um-role-para-amigos-do-fim\/#primaryimage"},"thumbnailUrl":"https:\/\/www.notibras.com\/site\/wp-content\/uploads\/2023\/06\/DJ-Odara.jpeg","datePublished":"2023-06-21T04:12:17+00:00","breadcrumb":{"@id":"https:\/\/www.notibras.com\/site\/festa-matine-estreia-um-role-para-amigos-do-fim\/#breadcrumb"},"inLanguage":"pt-BR","potentialAction":[{"@type":"ReadAction","target":["https:\/\/www.notibras.com\/site\/festa-matine-estreia-um-role-para-amigos-do-fim\/"]}]},{"@type":"ImageObject","inLanguage":"pt-BR","@id":"https:\/\/www.notibras.com\/site\/festa-matine-estreia-um-role-para-amigos-do-fim\/#primaryimage","url":"https:\/\/www.notibras.com\/site\/wp-content\/uploads\/2023\/06\/DJ-Odara.jpeg","contentUrl":"https:\/\/www.notibras.com\/site\/wp-content\/uploads\/2023\/06\/DJ-Odara.jpeg","width":1080,"height":720},{"@type":"BreadcrumbList","@id":"https:\/\/www.notibras.com\/site\/festa-matine-estreia-um-role-para-amigos-do-fim\/#breadcrumb","itemListElement":[{"@type":"ListItem","position":1,"name":"In\u00edcio","item":"https:\/\/www.notibras.com\/site\/"},{"@type":"ListItem","position":2,"name":"Festa Matin\u00ea estreia um Rol\u00ea para Amigos do Fim"}]},{"@type":"WebSite","@id":"https:\/\/www.notibras.com\/site\/#website","url":"https:\/\/www.notibras.com\/site\/","name":"Notibras","description":"Not\u00edcias de Bras\u00edlia, do Brasil e do Mundo","publisher":{"@id":"https:\/\/www.notibras.com\/site\/#organization"},"potentialAction":[{"@type":"SearchAction","target":{"@type":"EntryPoint","urlTemplate":"https:\/\/www.notibras.com\/site\/?s={search_term_string}"},"query-input":{"@type":"PropertyValueSpecification","valueRequired":true,"valueName":"search_term_string"}}],"inLanguage":"pt-BR"},{"@type":"Organization","@id":"https:\/\/www.notibras.com\/site\/#organization","name":"Grupo Notibras de Comunica\u00e7\u00e3o","url":"https:\/\/www.notibras.com\/site\/","logo":{"@type":"ImageObject","inLanguage":"pt-BR","@id":"https:\/\/www.notibras.com\/site\/#\/schema\/logo\/image\/","url":"https:\/\/www.notibras.com\/site\/wp-content\/uploads\/2023\/01\/notibras23.png","contentUrl":"https:\/\/www.notibras.com\/site\/wp-content\/uploads\/2023\/01\/notibras23.png","width":350,"height":87,"caption":"Grupo Notibras de Comunica\u00e7\u00e3o"},"image":{"@id":"https:\/\/www.notibras.com\/site\/#\/schema\/logo\/image\/"},"sameAs":["https:\/\/www.facebook.com\/notibras\/","https:\/\/x.com\/Notibras","https:\/\/www.instagram.com\/notibras\/"]},{"@type":"Person","@id":"https:\/\/www.notibras.com\/site\/#\/schema\/person\/36ab0979449956132d3e5b517ea76ac8","name":"Reda\u00e7\u00e3o","image":{"@type":"ImageObject","inLanguage":"pt-BR","@id":"https:\/\/secure.gravatar.com\/avatar\/e0a867bdedb85fd243eadf09663511f96fc81e0720a4a42581f334ad4303aa6b?s=96&d=mm&r=g","url":"https:\/\/secure.gravatar.com\/avatar\/e0a867bdedb85fd243eadf09663511f96fc81e0720a4a42581f334ad4303aa6b?s=96&d=mm&r=g","contentUrl":"https:\/\/secure.gravatar.com\/avatar\/e0a867bdedb85fd243eadf09663511f96fc81e0720a4a42581f334ad4303aa6b?s=96&d=mm&r=g","caption":"Reda\u00e7\u00e3o"}}]}},"amp_enabled":true,"_links":{"self":[{"href":"https:\/\/www.notibras.com\/site\/wp-json\/wp\/v2\/posts\/307288","targetHints":{"allow":["GET"]}}],"collection":[{"href":"https:\/\/www.notibras.com\/site\/wp-json\/wp\/v2\/posts"}],"about":[{"href":"https:\/\/www.notibras.com\/site\/wp-json\/wp\/v2\/types\/post"}],"author":[{"embeddable":true,"href":"https:\/\/www.notibras.com\/site\/wp-json\/wp\/v2\/users\/2"}],"replies":[{"embeddable":true,"href":"https:\/\/www.notibras.com\/site\/wp-json\/wp\/v2\/comments?post=307288"}],"version-history":[{"count":1,"href":"https:\/\/www.notibras.com\/site\/wp-json\/wp\/v2\/posts\/307288\/revisions"}],"predecessor-version":[{"id":307290,"href":"https:\/\/www.notibras.com\/site\/wp-json\/wp\/v2\/posts\/307288\/revisions\/307290"}],"wp:featuredmedia":[{"embeddable":true,"href":"https:\/\/www.notibras.com\/site\/wp-json\/wp\/v2\/media\/307289"}],"wp:attachment":[{"href":"https:\/\/www.notibras.com\/site\/wp-json\/wp\/v2\/media?parent=307288"}],"wp:term":[{"taxonomy":"category","embeddable":true,"href":"https:\/\/www.notibras.com\/site\/wp-json\/wp\/v2\/categories?post=307288"},{"taxonomy":"post_tag","embeddable":true,"href":"https:\/\/www.notibras.com\/site\/wp-json\/wp\/v2\/tags?post=307288"}],"curies":[{"name":"wp","href":"https:\/\/api.w.org\/{rel}","templated":true}]}}