{"id":307300,"date":"2023-06-21T01:51:48","date_gmt":"2023-06-21T04:51:48","guid":{"rendered":"https:\/\/www.notibras.com\/site\/?p=307300"},"modified":"2023-06-21T01:53:25","modified_gmt":"2023-06-21T04:53:25","slug":"antes-da-cobra-cega-somem-mais-dois-gatos","status":"publish","type":"post","link":"https:\/\/www.notibras.com\/site\/antes-da-cobra-cega-somem-mais-dois-gatos\/","title":{"rendered":"Antes da cobra-cega, somem mais dois gatos"},"content":{"rendered":"<p>O s\u00e1bado amanheceu ensolarado e logo a garotada estava na rua. A brincadeira j\u00e1 ia come\u00e7ar. A maioria escolheu brincar de cobra-cega, que alguns conhecem por cabra-cega. S\u00f3 estavam faltando as g\u00eameas, que ainda n\u00e3o tinham sa\u00eddo de casa. Ent\u00e3o, a Gabriela, que era mandona mesmo, falou pro Iago ir cham\u00e1-las.<\/p>\n<p>&#8211; Poxa, sempre sobra pra mim!, resmungou o garoto de olhos de jabuticaba.<\/p>\n<p>Antes mesmo que o Iago tocasse a campainha da casa da Ana Maria e da Mariana, elas apareceram e falaram ao mesmo tempo:<\/p>\n<p>&#8211; Iago, voc\u00ea viu a Sonjinha e o Dunguinha?<\/p>\n<p>&#8211; N\u00e3o. Por qu\u00ea? N\u00e3o v\u00e3o me dizer que eles sumiram tamb\u00e9m?<\/p>\n<p>&#8211; Isso mesmo, respondeu Ana Maria antes da sua irm\u00e3.<\/p>\n<p>Os tr\u00eas correram para contar a novidade para a galerinha. Ent\u00e3o, a Gabriela dividiu a turma em dois grupos para procurar os dois gatinhos. Ali\u00e1s, os quatro, pois o Virgulino e o Elvis continuavam desaparecidos. Procuraram, procuraram, procuraram e nada de encontrar os felinos. Onde eles poderiam estar?<\/p>\n<p>Depois de mais de uma hora procurando os gatinhos, a Ana Maria veio conversar com a Gabriela.<\/p>\n<p>&#8211; Gabi, estive pensando numa coisa.<\/p>\n<p>&#8211; No qu\u00ea, Aninha? \u2013 quis saber a Gabriela.<\/p>\n<p>&#8211; Olha, j\u00e1 procuramos os nossos amigos gatinhos em v\u00e1rios lugares, mas at\u00e9 agora nem sinal deles. Ent\u00e3o, tive uma ideia!<\/p>\n<p>&#8211; Que ideia, Aninha? \u2013 quis outra vez saber a Gabriela, que al\u00e9m de mandona era muito curiosa.<\/p>\n<p>&#8211; Precisamos da ajuda de mais algu\u00e9m! \u2013 disse a Ana Maria fazendo um certo mist\u00e9rio.<\/p>\n<p>&#8211; E de quem? \u2013 mais uma vez a mandona e curiosa da Gabriela quis saber.<\/p>\n<p>&#8211; Ora bolas, da Cuca!, finalmente disse a Ana Maria.<\/p>\n<p>&#8211; Da Cuca? Mas por que da Cuca?, a Gabriela n\u00e3o entendeu.<\/p>\n<p>&#8211; Olha, a Cuca \u00e9 uma cachorrinha e tem um \u00f3timo faro. Ela conhece o cheiro de todos os gatinhos que sumiram. Ent\u00e3o, ela vai ach\u00e1-los! Tenho certeza de que ela ir\u00e1 encontr\u00e1-los! \u2013 falou a Ana Maria.<\/p>\n<p>&#8211; Boa ideia! \u2013 disse o Diogo, que estava por perto e acabou ouvindo a conversa das duas.<\/p>\n<p>&#8211; \u00c9, pode dar certo \u2013 concordou a Gabriela.<\/p>\n<p>Depois de chamar toda a crian\u00e7ada da rua, a Gabriela falou para o Iago ir buscar a Cuca, que era a cachorrinha da Ana Maria.<\/p>\n<p>&#8211; Iago, vai l\u00e1 na casa da Ana Maria e traga a Cuca aqui.<\/p>\n<p>&#8211; Ah, tudo eu, tudo eu!, resmungou o Iago, mas mesmo assim obedeceu \u00e0 mandona da rua.<\/p>\n<p>Em menos de cinco minutos o Iago estava de volta com a Cuca, que veio abanando o rabinho para a garotada. Ela gosta tanto das crian\u00e7as que acabou por derrubar a Ana Maria e come\u00e7ou a lamber o seu rosto. A Mariana foi tir\u00e1-la de cima da irm\u00e3, mas a Cuca deu um pulo e a jogou no ch\u00e3o e tamb\u00e9m lambeu o seu rosto.<\/p>\n<p>&#8211; Para, Cuca! Voc\u00ea est\u00e1 me fazendo c\u00f3cegas, protestou a Mariana.<\/p>\n<p>&#8211; Au, au, au!, a Cuca latia chamando todos para brincar.<\/p>\n<p>&#8211; Quieta, Cuca!, ordenou a Gabriela.<\/p>\n<p>At\u00e9 a Cuca sabia que a Gabriela era mandona e, por isso mesmo, saiu de cima da Mariana e se sentou ao seu lado. A Mariana limpou seu rosto das lambidas da cachorrinha danada.<\/p>\n<p>&#8211; Aninha, fala pra Cuca procurar os gatinhos, disse a Gabriela.<\/p>\n<p>A Ana Maria se ajoelhou em frente \u00e0 Cuca, pegou a cabe\u00e7a da cachorrinha com as suas duas m\u00e3ozinhas e olhou bem dentro dos olhos dela.<\/p>\n<p>&#8211; Cuca, quero que voc\u00ea ache a Sonjinha, o Dunguinha, o Virgulino e o Elvis, que sumiram. Ningu\u00e9m sabe onde eles est\u00e3o. Voc\u00ea pode encontr\u00e1-los pra mim?, falou a Ana Maria.<\/p>\n<p>&#8211; Au, au, au, respondeu a Cuca.<\/p>\n<p>A cachorrinha, ent\u00e3o, colocou o focinho no ch\u00e3o e saiu em busca de uma pista. Ela vinha e voltava, vinha e voltava com o focinho quase arrastando no ch\u00e3o e a cauda levantada. At\u00e9 que ela foi seguindo para o final da rua, onde parou em frente \u00e0 casa de um tal Ubaldo Canastra, que havia se mudado h\u00e1 poucas semanas para o bairro. A Cuca ficou de p\u00e9 com as patinhas da frente apoiadas no muro da casa. Ela estava inquieta, o rabinho agitado, mas n\u00e3o latia para n\u00e3o chamar a aten\u00e7\u00e3o do dono da casa. A Cuca era danadinha, mas tamb\u00e9m n\u00e3o era boba.<\/p>\n<p>A crian\u00e7ada correu at\u00e9 onde a Cuca estava. Jujuba foi a primeira a falar.<\/p>\n<p>&#8211; Galera, os gatinhos est\u00e3o a\u00ed dentro! Vamos entrar e peg\u00e1-los!<\/p>\n<p>&#8211; N\u00e3o podemos fazer isso, Jujuba. Quem mora a\u00ed \u00e9 aquele homem estranho, o tal Ubaldo Canastra, disse a Ta\u00eds.<\/p>\n<p>&#8211; A Ta\u00eds tem raz\u00e3o. Precisamos bolar um plano para salvar nossos amiguinhos, disse a Amanda.<\/p>\n<p>Ent\u00e3o, a Gabriela, que voc\u00ea j\u00e1 sabe que era mandona e curiosa, convocou toda a galerinha para uma reuni\u00e3o secreta. S\u00f3 que quando todos j\u00e1 estavam na tal reuni\u00e3o secreta, a m\u00e3e da Gabriela a chamou para almo\u00e7ar. N\u00e3o demorou muito e todas a m\u00e3es, pais, av\u00f3s, av\u00f4s, tias e tios da crian\u00e7ada apareceram na rua para avisar que o almo\u00e7o j\u00e1 estava na mesa.<\/p>\n<p><strong>*O cap\u00edtulo IV ser\u00e1 publicado na quinta-feira, 22<\/strong><\/p>\n","protected":false},"excerpt":{"rendered":"<p>O s\u00e1bado amanheceu ensolarado e logo a garotada estava na rua. A brincadeira j\u00e1 ia come\u00e7ar. A maioria escolheu brincar de cobra-cega, que alguns conhecem por cabra-cega. S\u00f3 estavam faltando as g\u00eameas, que ainda n\u00e3o tinham sa\u00eddo de casa. Ent\u00e3o, a Gabriela, que era mandona mesmo, falou pro Iago ir cham\u00e1-las. &#8211; Poxa, sempre sobra [&hellip;]<\/p>\n","protected":false},"author":2,"featured_media":307301,"comment_status":"closed","ping_status":"closed","sticky":false,"template":"","format":"standard","meta":{"_acf_changed":false,"footnotes":""},"categories":[161],"tags":[],"class_list":["post-307300","post","type-post","status-publish","format-standard","has-post-thumbnail","hentry","category-quadradinho-em-foco"],"acf":[],"yoast_head":"<!-- This site is optimized with the Yoast SEO plugin v27.2 - https:\/\/yoast.com\/product\/yoast-seo-wordpress\/ -->\n<title>Antes da cobra-cega, somem mais dois gatos - Notibras<\/title>\n<meta name=\"robots\" content=\"index, follow, max-snippet:-1, max-image-preview:large, max-video-preview:-1\" \/>\n<link rel=\"canonical\" href=\"https:\/\/www.notibras.com\/site\/antes-da-cobra-cega-somem-mais-dois-gatos\/\" \/>\n<meta property=\"og:locale\" content=\"pt_BR\" \/>\n<meta property=\"og:type\" content=\"article\" \/>\n<meta property=\"og:title\" content=\"Antes da cobra-cega, somem mais dois gatos - Notibras\" \/>\n<meta property=\"og:description\" content=\"O s\u00e1bado amanheceu ensolarado e logo a garotada estava na rua. A brincadeira j\u00e1 ia come\u00e7ar. A maioria escolheu brincar de cobra-cega, que alguns conhecem por cabra-cega. S\u00f3 estavam faltando as g\u00eameas, que ainda n\u00e3o tinham sa\u00eddo de casa. Ent\u00e3o, a Gabriela, que era mandona mesmo, falou pro Iago ir cham\u00e1-las. &#8211; Poxa, sempre sobra [&hellip;]\" \/>\n<meta property=\"og:url\" content=\"https:\/\/www.notibras.com\/site\/antes-da-cobra-cega-somem-mais-dois-gatos\/\" \/>\n<meta property=\"og:site_name\" content=\"Notibras\" \/>\n<meta property=\"article:publisher\" content=\"https:\/\/www.facebook.com\/notibras\/\" \/>\n<meta property=\"article:published_time\" content=\"2023-06-21T04:51:48+00:00\" \/>\n<meta property=\"article:modified_time\" content=\"2023-06-21T04:53:25+00:00\" \/>\n<meta property=\"og:image\" content=\"https:\/\/www.notibras.com\/site\/wp-content\/uploads\/2023\/06\/cabra-cega.jpg\" \/>\n\t<meta property=\"og:image:width\" content=\"640\" \/>\n\t<meta property=\"og:image:height\" content=\"426\" \/>\n\t<meta property=\"og:image:type\" content=\"image\/jpeg\" \/>\n<meta name=\"author\" content=\"Reda\u00e7\u00e3o\" \/>\n<meta name=\"twitter:card\" content=\"summary_large_image\" \/>\n<meta name=\"twitter:creator\" content=\"@Notibras\" \/>\n<meta name=\"twitter:site\" content=\"@Notibras\" \/>\n<meta name=\"twitter:label1\" content=\"Escrito por\" \/>\n\t<meta name=\"twitter:data1\" content=\"Reda\u00e7\u00e3o\" \/>\n\t<meta name=\"twitter:label2\" content=\"Est. tempo de leitura\" \/>\n\t<meta name=\"twitter:data2\" content=\"5 minutos\" \/>\n<script type=\"application\/ld+json\" class=\"yoast-schema-graph\">{\"@context\":\"https:\/\/schema.org\",\"@graph\":[{\"@type\":\"Article\",\"@id\":\"https:\/\/www.notibras.com\/site\/antes-da-cobra-cega-somem-mais-dois-gatos\/#article\",\"isPartOf\":{\"@id\":\"https:\/\/www.notibras.com\/site\/antes-da-cobra-cega-somem-mais-dois-gatos\/\"},\"author\":{\"name\":\"Reda\u00e7\u00e3o\",\"@id\":\"https:\/\/www.notibras.com\/site\/#\/schema\/person\/36ab0979449956132d3e5b517ea76ac8\"},\"headline\":\"Antes da cobra-cega, somem mais dois gatos\",\"datePublished\":\"2023-06-21T04:51:48+00:00\",\"dateModified\":\"2023-06-21T04:53:25+00:00\",\"mainEntityOfPage\":{\"@id\":\"https:\/\/www.notibras.com\/site\/antes-da-cobra-cega-somem-mais-dois-gatos\/\"},\"wordCount\":909,\"publisher\":{\"@id\":\"https:\/\/www.notibras.com\/site\/#organization\"},\"image\":{\"@id\":\"https:\/\/www.notibras.com\/site\/antes-da-cobra-cega-somem-mais-dois-gatos\/#primaryimage\"},\"thumbnailUrl\":\"https:\/\/www.notibras.com\/site\/wp-content\/uploads\/2023\/06\/cabra-cega.jpg\",\"articleSection\":[\"Quadradinho em Foco\"],\"inLanguage\":\"pt-BR\"},{\"@type\":\"WebPage\",\"@id\":\"https:\/\/www.notibras.com\/site\/antes-da-cobra-cega-somem-mais-dois-gatos\/\",\"url\":\"https:\/\/www.notibras.com\/site\/antes-da-cobra-cega-somem-mais-dois-gatos\/\",\"name\":\"Antes da cobra-cega, somem mais dois gatos - Notibras\",\"isPartOf\":{\"@id\":\"https:\/\/www.notibras.com\/site\/#website\"},\"primaryImageOfPage\":{\"@id\":\"https:\/\/www.notibras.com\/site\/antes-da-cobra-cega-somem-mais-dois-gatos\/#primaryimage\"},\"image\":{\"@id\":\"https:\/\/www.notibras.com\/site\/antes-da-cobra-cega-somem-mais-dois-gatos\/#primaryimage\"},\"thumbnailUrl\":\"https:\/\/www.notibras.com\/site\/wp-content\/uploads\/2023\/06\/cabra-cega.jpg\",\"datePublished\":\"2023-06-21T04:51:48+00:00\",\"dateModified\":\"2023-06-21T04:53:25+00:00\",\"breadcrumb\":{\"@id\":\"https:\/\/www.notibras.com\/site\/antes-da-cobra-cega-somem-mais-dois-gatos\/#breadcrumb\"},\"inLanguage\":\"pt-BR\",\"potentialAction\":[{\"@type\":\"ReadAction\",\"target\":[\"https:\/\/www.notibras.com\/site\/antes-da-cobra-cega-somem-mais-dois-gatos\/\"]}]},{\"@type\":\"ImageObject\",\"inLanguage\":\"pt-BR\",\"@id\":\"https:\/\/www.notibras.com\/site\/antes-da-cobra-cega-somem-mais-dois-gatos\/#primaryimage\",\"url\":\"https:\/\/www.notibras.com\/site\/wp-content\/uploads\/2023\/06\/cabra-cega.jpg\",\"contentUrl\":\"https:\/\/www.notibras.com\/site\/wp-content\/uploads\/2023\/06\/cabra-cega.jpg\",\"width\":640,\"height\":426},{\"@type\":\"BreadcrumbList\",\"@id\":\"https:\/\/www.notibras.com\/site\/antes-da-cobra-cega-somem-mais-dois-gatos\/#breadcrumb\",\"itemListElement\":[{\"@type\":\"ListItem\",\"position\":1,\"name\":\"In\u00edcio\",\"item\":\"https:\/\/www.notibras.com\/site\/\"},{\"@type\":\"ListItem\",\"position\":2,\"name\":\"Antes da cobra-cega, somem mais dois gatos\"}]},{\"@type\":\"WebSite\",\"@id\":\"https:\/\/www.notibras.com\/site\/#website\",\"url\":\"https:\/\/www.notibras.com\/site\/\",\"name\":\"Notibras\",\"description\":\"Not\u00edcias de Bras\u00edlia, do Brasil e do Mundo\",\"publisher\":{\"@id\":\"https:\/\/www.notibras.com\/site\/#organization\"},\"potentialAction\":[{\"@type\":\"SearchAction\",\"target\":{\"@type\":\"EntryPoint\",\"urlTemplate\":\"https:\/\/www.notibras.com\/site\/?s={search_term_string}\"},\"query-input\":{\"@type\":\"PropertyValueSpecification\",\"valueRequired\":true,\"valueName\":\"search_term_string\"}}],\"inLanguage\":\"pt-BR\"},{\"@type\":\"Organization\",\"@id\":\"https:\/\/www.notibras.com\/site\/#organization\",\"name\":\"Grupo Notibras de Comunica\u00e7\u00e3o\",\"url\":\"https:\/\/www.notibras.com\/site\/\",\"logo\":{\"@type\":\"ImageObject\",\"inLanguage\":\"pt-BR\",\"@id\":\"https:\/\/www.notibras.com\/site\/#\/schema\/logo\/image\/\",\"url\":\"https:\/\/www.notibras.com\/site\/wp-content\/uploads\/2023\/01\/notibras23.png\",\"contentUrl\":\"https:\/\/www.notibras.com\/site\/wp-content\/uploads\/2023\/01\/notibras23.png\",\"width\":350,\"height\":87,\"caption\":\"Grupo Notibras de Comunica\u00e7\u00e3o\"},\"image\":{\"@id\":\"https:\/\/www.notibras.com\/site\/#\/schema\/logo\/image\/\"},\"sameAs\":[\"https:\/\/www.facebook.com\/notibras\/\",\"https:\/\/x.com\/Notibras\",\"https:\/\/www.instagram.com\/notibras\/\"]},{\"@type\":\"Person\",\"@id\":\"https:\/\/www.notibras.com\/site\/#\/schema\/person\/36ab0979449956132d3e5b517ea76ac8\",\"name\":\"Reda\u00e7\u00e3o\",\"image\":{\"@type\":\"ImageObject\",\"inLanguage\":\"pt-BR\",\"@id\":\"https:\/\/secure.gravatar.com\/avatar\/e0a867bdedb85fd243eadf09663511f96fc81e0720a4a42581f334ad4303aa6b?s=96&d=mm&r=g\",\"url\":\"https:\/\/secure.gravatar.com\/avatar\/e0a867bdedb85fd243eadf09663511f96fc81e0720a4a42581f334ad4303aa6b?s=96&d=mm&r=g\",\"contentUrl\":\"https:\/\/secure.gravatar.com\/avatar\/e0a867bdedb85fd243eadf09663511f96fc81e0720a4a42581f334ad4303aa6b?s=96&d=mm&r=g\",\"caption\":\"Reda\u00e7\u00e3o\"}}]}<\/script>\n<!-- \/ Yoast SEO plugin. -->","yoast_head_json":{"title":"Antes da cobra-cega, somem mais dois gatos - Notibras","robots":{"index":"index","follow":"follow","max-snippet":"max-snippet:-1","max-image-preview":"max-image-preview:large","max-video-preview":"max-video-preview:-1"},"canonical":"https:\/\/www.notibras.com\/site\/antes-da-cobra-cega-somem-mais-dois-gatos\/","og_locale":"pt_BR","og_type":"article","og_title":"Antes da cobra-cega, somem mais dois gatos - Notibras","og_description":"O s\u00e1bado amanheceu ensolarado e logo a garotada estava na rua. A brincadeira j\u00e1 ia come\u00e7ar. A maioria escolheu brincar de cobra-cega, que alguns conhecem por cabra-cega. S\u00f3 estavam faltando as g\u00eameas, que ainda n\u00e3o tinham sa\u00eddo de casa. Ent\u00e3o, a Gabriela, que era mandona mesmo, falou pro Iago ir cham\u00e1-las. &#8211; Poxa, sempre sobra [&hellip;]","og_url":"https:\/\/www.notibras.com\/site\/antes-da-cobra-cega-somem-mais-dois-gatos\/","og_site_name":"Notibras","article_publisher":"https:\/\/www.facebook.com\/notibras\/","article_published_time":"2023-06-21T04:51:48+00:00","article_modified_time":"2023-06-21T04:53:25+00:00","og_image":[{"width":640,"height":426,"url":"https:\/\/www.notibras.com\/site\/wp-content\/uploads\/2023\/06\/cabra-cega.jpg","type":"image\/jpeg"}],"author":"Reda\u00e7\u00e3o","twitter_card":"summary_large_image","twitter_creator":"@Notibras","twitter_site":"@Notibras","twitter_misc":{"Escrito por":"Reda\u00e7\u00e3o","Est. tempo de leitura":"5 minutos"},"schema":{"@context":"https:\/\/schema.org","@graph":[{"@type":"Article","@id":"https:\/\/www.notibras.com\/site\/antes-da-cobra-cega-somem-mais-dois-gatos\/#article","isPartOf":{"@id":"https:\/\/www.notibras.com\/site\/antes-da-cobra-cega-somem-mais-dois-gatos\/"},"author":{"name":"Reda\u00e7\u00e3o","@id":"https:\/\/www.notibras.com\/site\/#\/schema\/person\/36ab0979449956132d3e5b517ea76ac8"},"headline":"Antes da cobra-cega, somem mais dois gatos","datePublished":"2023-06-21T04:51:48+00:00","dateModified":"2023-06-21T04:53:25+00:00","mainEntityOfPage":{"@id":"https:\/\/www.notibras.com\/site\/antes-da-cobra-cega-somem-mais-dois-gatos\/"},"wordCount":909,"publisher":{"@id":"https:\/\/www.notibras.com\/site\/#organization"},"image":{"@id":"https:\/\/www.notibras.com\/site\/antes-da-cobra-cega-somem-mais-dois-gatos\/#primaryimage"},"thumbnailUrl":"https:\/\/www.notibras.com\/site\/wp-content\/uploads\/2023\/06\/cabra-cega.jpg","articleSection":["Quadradinho em Foco"],"inLanguage":"pt-BR"},{"@type":"WebPage","@id":"https:\/\/www.notibras.com\/site\/antes-da-cobra-cega-somem-mais-dois-gatos\/","url":"https:\/\/www.notibras.com\/site\/antes-da-cobra-cega-somem-mais-dois-gatos\/","name":"Antes da cobra-cega, somem mais dois gatos - Notibras","isPartOf":{"@id":"https:\/\/www.notibras.com\/site\/#website"},"primaryImageOfPage":{"@id":"https:\/\/www.notibras.com\/site\/antes-da-cobra-cega-somem-mais-dois-gatos\/#primaryimage"},"image":{"@id":"https:\/\/www.notibras.com\/site\/antes-da-cobra-cega-somem-mais-dois-gatos\/#primaryimage"},"thumbnailUrl":"https:\/\/www.notibras.com\/site\/wp-content\/uploads\/2023\/06\/cabra-cega.jpg","datePublished":"2023-06-21T04:51:48+00:00","dateModified":"2023-06-21T04:53:25+00:00","breadcrumb":{"@id":"https:\/\/www.notibras.com\/site\/antes-da-cobra-cega-somem-mais-dois-gatos\/#breadcrumb"},"inLanguage":"pt-BR","potentialAction":[{"@type":"ReadAction","target":["https:\/\/www.notibras.com\/site\/antes-da-cobra-cega-somem-mais-dois-gatos\/"]}]},{"@type":"ImageObject","inLanguage":"pt-BR","@id":"https:\/\/www.notibras.com\/site\/antes-da-cobra-cega-somem-mais-dois-gatos\/#primaryimage","url":"https:\/\/www.notibras.com\/site\/wp-content\/uploads\/2023\/06\/cabra-cega.jpg","contentUrl":"https:\/\/www.notibras.com\/site\/wp-content\/uploads\/2023\/06\/cabra-cega.jpg","width":640,"height":426},{"@type":"BreadcrumbList","@id":"https:\/\/www.notibras.com\/site\/antes-da-cobra-cega-somem-mais-dois-gatos\/#breadcrumb","itemListElement":[{"@type":"ListItem","position":1,"name":"In\u00edcio","item":"https:\/\/www.notibras.com\/site\/"},{"@type":"ListItem","position":2,"name":"Antes da cobra-cega, somem mais dois gatos"}]},{"@type":"WebSite","@id":"https:\/\/www.notibras.com\/site\/#website","url":"https:\/\/www.notibras.com\/site\/","name":"Notibras","description":"Not\u00edcias de Bras\u00edlia, do Brasil e do Mundo","publisher":{"@id":"https:\/\/www.notibras.com\/site\/#organization"},"potentialAction":[{"@type":"SearchAction","target":{"@type":"EntryPoint","urlTemplate":"https:\/\/www.notibras.com\/site\/?s={search_term_string}"},"query-input":{"@type":"PropertyValueSpecification","valueRequired":true,"valueName":"search_term_string"}}],"inLanguage":"pt-BR"},{"@type":"Organization","@id":"https:\/\/www.notibras.com\/site\/#organization","name":"Grupo Notibras de Comunica\u00e7\u00e3o","url":"https:\/\/www.notibras.com\/site\/","logo":{"@type":"ImageObject","inLanguage":"pt-BR","@id":"https:\/\/www.notibras.com\/site\/#\/schema\/logo\/image\/","url":"https:\/\/www.notibras.com\/site\/wp-content\/uploads\/2023\/01\/notibras23.png","contentUrl":"https:\/\/www.notibras.com\/site\/wp-content\/uploads\/2023\/01\/notibras23.png","width":350,"height":87,"caption":"Grupo Notibras de Comunica\u00e7\u00e3o"},"image":{"@id":"https:\/\/www.notibras.com\/site\/#\/schema\/logo\/image\/"},"sameAs":["https:\/\/www.facebook.com\/notibras\/","https:\/\/x.com\/Notibras","https:\/\/www.instagram.com\/notibras\/"]},{"@type":"Person","@id":"https:\/\/www.notibras.com\/site\/#\/schema\/person\/36ab0979449956132d3e5b517ea76ac8","name":"Reda\u00e7\u00e3o","image":{"@type":"ImageObject","inLanguage":"pt-BR","@id":"https:\/\/secure.gravatar.com\/avatar\/e0a867bdedb85fd243eadf09663511f96fc81e0720a4a42581f334ad4303aa6b?s=96&d=mm&r=g","url":"https:\/\/secure.gravatar.com\/avatar\/e0a867bdedb85fd243eadf09663511f96fc81e0720a4a42581f334ad4303aa6b?s=96&d=mm&r=g","contentUrl":"https:\/\/secure.gravatar.com\/avatar\/e0a867bdedb85fd243eadf09663511f96fc81e0720a4a42581f334ad4303aa6b?s=96&d=mm&r=g","caption":"Reda\u00e7\u00e3o"}}]}},"amp_enabled":true,"_links":{"self":[{"href":"https:\/\/www.notibras.com\/site\/wp-json\/wp\/v2\/posts\/307300","targetHints":{"allow":["GET"]}}],"collection":[{"href":"https:\/\/www.notibras.com\/site\/wp-json\/wp\/v2\/posts"}],"about":[{"href":"https:\/\/www.notibras.com\/site\/wp-json\/wp\/v2\/types\/post"}],"author":[{"embeddable":true,"href":"https:\/\/www.notibras.com\/site\/wp-json\/wp\/v2\/users\/2"}],"replies":[{"embeddable":true,"href":"https:\/\/www.notibras.com\/site\/wp-json\/wp\/v2\/comments?post=307300"}],"version-history":[{"count":1,"href":"https:\/\/www.notibras.com\/site\/wp-json\/wp\/v2\/posts\/307300\/revisions"}],"predecessor-version":[{"id":307302,"href":"https:\/\/www.notibras.com\/site\/wp-json\/wp\/v2\/posts\/307300\/revisions\/307302"}],"wp:featuredmedia":[{"embeddable":true,"href":"https:\/\/www.notibras.com\/site\/wp-json\/wp\/v2\/media\/307301"}],"wp:attachment":[{"href":"https:\/\/www.notibras.com\/site\/wp-json\/wp\/v2\/media?parent=307300"}],"wp:term":[{"taxonomy":"category","embeddable":true,"href":"https:\/\/www.notibras.com\/site\/wp-json\/wp\/v2\/categories?post=307300"},{"taxonomy":"post_tag","embeddable":true,"href":"https:\/\/www.notibras.com\/site\/wp-json\/wp\/v2\/tags?post=307300"}],"curies":[{"name":"wp","href":"https:\/\/api.w.org\/{rel}","templated":true}]}}