{"id":307388,"date":"2023-06-22T10:53:09","date_gmt":"2023-06-22T13:53:09","guid":{"rendered":"https:\/\/www.notibras.com\/site\/?p=307388"},"modified":"2023-06-22T10:53:09","modified_gmt":"2023-06-22T13:53:09","slug":"liga-steam-tem-2a-edicao-para-educador-e-aluno-da-rede-publica","status":"publish","type":"post","link":"https:\/\/www.notibras.com\/site\/liga-steam-tem-2a-edicao-para-educador-e-aluno-da-rede-publica\/","title":{"rendered":"Liga Steam tem 2\u00aa edi\u00e7\u00e3o para educador e aluno da rede p\u00fablica"},"content":{"rendered":"<p>Educadores de escolas p\u00fablicas municipais, estaduais e federais e alunos desde a educa\u00e7\u00e3o infantil, a partir de 4 anos de idade, at\u00e9 o ensino m\u00e9dio t\u00eam at\u00e9 o dia 28 deste m\u00eas para se inscrever na segunda edi\u00e7\u00e3o do Pr\u00eamio Liga STEAM. Considerado um dos maiores eventos educacionais do pa\u00eds na abordagem STEAM, a iniciativa envolve habilidades nas \u00e1reas de ci\u00eancias, tecnologia, engenharia, artes e matem\u00e1tica. As inscri\u00e7\u00f5es podem ser feitas no site Liga STEAM.<\/p>\n<p>Ser\u00e3o premiados projetos desenvolvidos pelos alunos e professores para resolver quest\u00f5es relevantes em suas escolas e comunidades, mas n\u00e3o \u00e9 preciso ter um projeto pronto para fazer a inscri\u00e7\u00e3o, informou \u00e0 Ag\u00eancia Brasil a analista de Investimento Social da Funda\u00e7\u00e3o ArcelorMittal, Catarina Lutero Mendes. \u201cOs professores v\u00e3o construir os projetos, com seus alunos, ao longo da iniciativa. Eles n\u00e3o precisam ter o projeto pronto para se inscrever no pr\u00eamio\u201d.<\/p>\n<p>Os educadores participar\u00e3o de forma\u00e7\u00e3o online no dia 27 deste m\u00eas, \u00e0s 19h, onde v\u00e3o aprender sobre abordagem STEAM, sobre metodologias relacionadas ao desenvolvimento e elabora\u00e7\u00e3o de projetos. Clique aqui no link de acesso. \u201c\u00c0 medida que eles forem evoluindo nessa forma\u00e7\u00e3o, v\u00e3o estabelecendo com seus alunos as etapas at\u00e9 que, ao final, tenham o projeto mais desenvolvido\u201d. A ideia \u00e9 que os educadores apresentem j\u00e1 um esbo\u00e7o ou ideia no dia 9 de julho.<\/p>\n<p>\u201cEles v\u00e3o colocar o tema, se pretendem pesquisar, o Objetivo do Desenvolvimento Sustent\u00e1vel (ODS), a que o projeto estar\u00e1 relacionado, a quantidade de alunos no \u00e2mbito escolar, a pergunta norteadora do projeto &#8211; porque precisa ter uma quest\u00e3o de ancoragem que chamr a aten\u00e7\u00e3o dessas crian\u00e7as\u201d. A pergunta norteadora pode estar relacionada a problemas ambientais da pr\u00f3pria escola, da comunidade onde est\u00e3o inseridos. Problemas para os quais pretendem desenvolver solu\u00e7\u00f5es. A partir da escolha da tem\u00e1tica e da pergunta norteadora que vai orientar o trabalho, os candidatos ao pr\u00eamio v\u00e3o entrar na segunda fase, que \u00e9 o desenvolvimento do projeto.<\/p>\n<p><strong>Elabora\u00e7\u00e3o<\/strong><br \/>\nAs melhores ideias ser\u00e3o selecionadas e, a partir de 1\u00ba de agosto, os professores iniciam a elabora\u00e7\u00e3o e execu\u00e7\u00e3o do projeto com seus alunos. Em 29 de outubro, as equipes enviar\u00e3o relat\u00f3rios finais dos projetos, onde v\u00e3o relatar o que foi feito, como foi feito e resultados obtidos. Catarina esclareceu que os educadores e alunos devem propor solu\u00e7\u00f5es para problemas das comunidades, mas n\u00e3o necessariamente precisam resolver os problemas. \u201cPorque, muitas vezes, eles n\u00e3o v\u00e3o conseguir construir uma m\u00e1quina, por exemplo, para separar o lixo, mas podem propor uma m\u00e1quina que tenha essa fun\u00e7\u00e3o. E eles prototipam s\u00f3 para experimentar como seria colocar a tecnologia e a engenharia em prol do desenvolvimento sustent\u00e1vel\u201d. H\u00e1 quest\u00f5es tamb\u00e9m relacionadas a bullying, \u00e0 viol\u00eancia nas escolas, lembrou Catarina. \u201cQuest\u00f5es que extrapolam o meio ambiente, mas que est\u00e3o relacionadas a outras quest\u00f5es maiores que permeiam esse universo da escola\u201d, completou.<\/p>\n<p>Ap\u00f3s a apresenta\u00e7\u00e3o dos relat\u00f3rios, em 29 de outubro, uma comiss\u00e3o selecionar\u00e1 dez projetos de cada categoria (educa\u00e7\u00e3o infantil, que se estende dos 4 anos de idade at\u00e9 o segundo ano do ensino fundamental; ensino fundamental, do terceiro ao nono ano; e ensino m\u00e9dio). Os autores ter\u00e3o de gravar v\u00eddeos contando como foi a experi\u00eancia. No dia 6 de dezembro, ser\u00e3o divulgados e premiados os tr\u00eas primeiros colocados de cada categoria.<\/p>\n<p>A escola do primeiro colocado da educa\u00e7\u00e3o infantil ter\u00e1 implementada uma brinquedoteca, com brinquedos e literatura relacionados \u00e0 abordagem STEAM, para ajudar as crian\u00e7as a desenvolver essas habilidades e compet\u00eancias, relacionadas \u00e0 criatividade e \u00e0 curiosidade.<\/p>\n<p>Para o ensino fundamental e m\u00e9dio, ser\u00e3o implementados laborat\u00f3rios de rob\u00f3tica leve. Para os segundos e terceiros classificados de cada categoria, os pr\u00eamios s\u00e3o em dinheiro, a ser revertido em equipamentos e benfeitorias para as escolas, no valor respectivo de R$ 10 mil e R$ 5 mil<\/p>\n<p>O Pr\u00eamio Liga STEAM 2023 \u00e9 o antigo Pr\u00eamio ArcelorMittal de Meio Ambiente, existente h\u00e1 31 anos. Em 2022, ele se transformou no Pr\u00eamio Liga STEAM, com amplia\u00e7\u00e3o para todo o Brasil, e ganhou roupagem mais relacionada a essa abordagem. A mudan\u00e7a do nome teve por objetivo mostrar a relev\u00e2ncia do tema STEAM dentro da educa\u00e7\u00e3o. Essa abordagem pedag\u00f3gica \u00e9 muito difundida nos Estados Unidos, na China, Austr\u00e1lia e no Reino Unido e desenvolve conhecimento por meio de metodologias ativas, como a aprendizagem baseada em projetos, a partir da resolu\u00e7\u00e3o de problemas reais do dia a dia.<\/p>\n","protected":false},"excerpt":{"rendered":"<p>Educadores de escolas p\u00fablicas municipais, estaduais e federais e alunos desde a educa\u00e7\u00e3o infantil, a partir de 4 anos de idade, at\u00e9 o ensino m\u00e9dio t\u00eam at\u00e9 o dia 28 deste m\u00eas para se inscrever na segunda edi\u00e7\u00e3o do Pr\u00eamio Liga STEAM. Considerado um dos maiores eventos educacionais do pa\u00eds na abordagem STEAM, a iniciativa [&hellip;]<\/p>\n","protected":false},"author":2,"featured_media":307389,"comment_status":"closed","ping_status":"closed","sticky":false,"template":"","format":"standard","meta":{"_acf_changed":false,"footnotes":""},"categories":[161],"tags":[],"class_list":["post-307388","post","type-post","status-publish","format-standard","has-post-thumbnail","hentry","category-quadradinho-em-foco"],"acf":[],"yoast_head":"<!-- This site is optimized with the Yoast SEO plugin v27.2 - https:\/\/yoast.com\/product\/yoast-seo-wordpress\/ -->\n<title>Liga Steam tem 2\u00aa edi\u00e7\u00e3o para educador e aluno da rede p\u00fablica - Notibras<\/title>\n<meta name=\"robots\" content=\"index, follow, max-snippet:-1, max-image-preview:large, max-video-preview:-1\" \/>\n<link rel=\"canonical\" href=\"https:\/\/www.notibras.com\/site\/liga-steam-tem-2a-edicao-para-educador-e-aluno-da-rede-publica\/\" \/>\n<meta property=\"og:locale\" content=\"pt_BR\" \/>\n<meta property=\"og:type\" content=\"article\" \/>\n<meta property=\"og:title\" content=\"Liga Steam tem 2\u00aa edi\u00e7\u00e3o para educador e aluno da rede p\u00fablica - Notibras\" \/>\n<meta property=\"og:description\" content=\"Educadores de escolas p\u00fablicas municipais, estaduais e federais e alunos desde a educa\u00e7\u00e3o infantil, a partir de 4 anos de idade, at\u00e9 o ensino m\u00e9dio t\u00eam at\u00e9 o dia 28 deste m\u00eas para se inscrever na segunda edi\u00e7\u00e3o do Pr\u00eamio Liga STEAM. Considerado um dos maiores eventos educacionais do pa\u00eds na abordagem STEAM, a iniciativa [&hellip;]\" \/>\n<meta property=\"og:url\" content=\"https:\/\/www.notibras.com\/site\/liga-steam-tem-2a-edicao-para-educador-e-aluno-da-rede-publica\/\" \/>\n<meta property=\"og:site_name\" content=\"Notibras\" \/>\n<meta property=\"article:publisher\" content=\"https:\/\/www.facebook.com\/notibras\/\" \/>\n<meta property=\"article:published_time\" content=\"2023-06-22T13:53:09+00:00\" \/>\n<meta property=\"og:image\" content=\"https:\/\/www.notibras.com\/site\/wp-content\/uploads\/2023\/06\/1_0.jpeg\" \/>\n\t<meta property=\"og:image:width\" content=\"1170\" \/>\n\t<meta property=\"og:image:height\" content=\"700\" \/>\n\t<meta property=\"og:image:type\" content=\"image\/jpeg\" \/>\n<meta name=\"author\" content=\"Reda\u00e7\u00e3o\" \/>\n<meta name=\"twitter:card\" content=\"summary_large_image\" \/>\n<meta name=\"twitter:creator\" content=\"@Notibras\" \/>\n<meta name=\"twitter:site\" content=\"@Notibras\" \/>\n<meta name=\"twitter:label1\" content=\"Escrito por\" \/>\n\t<meta name=\"twitter:data1\" content=\"Reda\u00e7\u00e3o\" \/>\n\t<meta name=\"twitter:label2\" content=\"Est. tempo de leitura\" \/>\n\t<meta name=\"twitter:data2\" content=\"4 minutos\" \/>\n<script type=\"application\/ld+json\" class=\"yoast-schema-graph\">{\"@context\":\"https:\/\/schema.org\",\"@graph\":[{\"@type\":\"Article\",\"@id\":\"https:\/\/www.notibras.com\/site\/liga-steam-tem-2a-edicao-para-educador-e-aluno-da-rede-publica\/#article\",\"isPartOf\":{\"@id\":\"https:\/\/www.notibras.com\/site\/liga-steam-tem-2a-edicao-para-educador-e-aluno-da-rede-publica\/\"},\"author\":{\"name\":\"Reda\u00e7\u00e3o\",\"@id\":\"https:\/\/www.notibras.com\/site\/#\/schema\/person\/36ab0979449956132d3e5b517ea76ac8\"},\"headline\":\"Liga Steam tem 2\u00aa edi\u00e7\u00e3o para educador e aluno da rede p\u00fablica\",\"datePublished\":\"2023-06-22T13:53:09+00:00\",\"mainEntityOfPage\":{\"@id\":\"https:\/\/www.notibras.com\/site\/liga-steam-tem-2a-edicao-para-educador-e-aluno-da-rede-publica\/\"},\"wordCount\":795,\"publisher\":{\"@id\":\"https:\/\/www.notibras.com\/site\/#organization\"},\"image\":{\"@id\":\"https:\/\/www.notibras.com\/site\/liga-steam-tem-2a-edicao-para-educador-e-aluno-da-rede-publica\/#primaryimage\"},\"thumbnailUrl\":\"https:\/\/www.notibras.com\/site\/wp-content\/uploads\/2023\/06\/1_0.jpeg\",\"articleSection\":[\"Quadradinho em Foco\"],\"inLanguage\":\"pt-BR\"},{\"@type\":\"WebPage\",\"@id\":\"https:\/\/www.notibras.com\/site\/liga-steam-tem-2a-edicao-para-educador-e-aluno-da-rede-publica\/\",\"url\":\"https:\/\/www.notibras.com\/site\/liga-steam-tem-2a-edicao-para-educador-e-aluno-da-rede-publica\/\",\"name\":\"Liga Steam tem 2\u00aa edi\u00e7\u00e3o para educador e aluno da rede p\u00fablica - Notibras\",\"isPartOf\":{\"@id\":\"https:\/\/www.notibras.com\/site\/#website\"},\"primaryImageOfPage\":{\"@id\":\"https:\/\/www.notibras.com\/site\/liga-steam-tem-2a-edicao-para-educador-e-aluno-da-rede-publica\/#primaryimage\"},\"image\":{\"@id\":\"https:\/\/www.notibras.com\/site\/liga-steam-tem-2a-edicao-para-educador-e-aluno-da-rede-publica\/#primaryimage\"},\"thumbnailUrl\":\"https:\/\/www.notibras.com\/site\/wp-content\/uploads\/2023\/06\/1_0.jpeg\",\"datePublished\":\"2023-06-22T13:53:09+00:00\",\"breadcrumb\":{\"@id\":\"https:\/\/www.notibras.com\/site\/liga-steam-tem-2a-edicao-para-educador-e-aluno-da-rede-publica\/#breadcrumb\"},\"inLanguage\":\"pt-BR\",\"potentialAction\":[{\"@type\":\"ReadAction\",\"target\":[\"https:\/\/www.notibras.com\/site\/liga-steam-tem-2a-edicao-para-educador-e-aluno-da-rede-publica\/\"]}]},{\"@type\":\"ImageObject\",\"inLanguage\":\"pt-BR\",\"@id\":\"https:\/\/www.notibras.com\/site\/liga-steam-tem-2a-edicao-para-educador-e-aluno-da-rede-publica\/#primaryimage\",\"url\":\"https:\/\/www.notibras.com\/site\/wp-content\/uploads\/2023\/06\/1_0.jpeg\",\"contentUrl\":\"https:\/\/www.notibras.com\/site\/wp-content\/uploads\/2023\/06\/1_0.jpeg\",\"width\":1170,\"height\":700,\"caption\":\"Rio de Janeiro (RJ) - Projetos de escolas p\u00fablicas concorrem ao Pr\u00eamio Liga STEAM. Foto: Funda\u00e7\u00e3o AcelorMittal\"},{\"@type\":\"BreadcrumbList\",\"@id\":\"https:\/\/www.notibras.com\/site\/liga-steam-tem-2a-edicao-para-educador-e-aluno-da-rede-publica\/#breadcrumb\",\"itemListElement\":[{\"@type\":\"ListItem\",\"position\":1,\"name\":\"In\u00edcio\",\"item\":\"https:\/\/www.notibras.com\/site\/\"},{\"@type\":\"ListItem\",\"position\":2,\"name\":\"Liga Steam tem 2\u00aa edi\u00e7\u00e3o para educador e aluno da rede p\u00fablica\"}]},{\"@type\":\"WebSite\",\"@id\":\"https:\/\/www.notibras.com\/site\/#website\",\"url\":\"https:\/\/www.notibras.com\/site\/\",\"name\":\"Notibras\",\"description\":\"Not\u00edcias de Bras\u00edlia, do Brasil e do Mundo\",\"publisher\":{\"@id\":\"https:\/\/www.notibras.com\/site\/#organization\"},\"potentialAction\":[{\"@type\":\"SearchAction\",\"target\":{\"@type\":\"EntryPoint\",\"urlTemplate\":\"https:\/\/www.notibras.com\/site\/?s={search_term_string}\"},\"query-input\":{\"@type\":\"PropertyValueSpecification\",\"valueRequired\":true,\"valueName\":\"search_term_string\"}}],\"inLanguage\":\"pt-BR\"},{\"@type\":\"Organization\",\"@id\":\"https:\/\/www.notibras.com\/site\/#organization\",\"name\":\"Grupo Notibras de Comunica\u00e7\u00e3o\",\"url\":\"https:\/\/www.notibras.com\/site\/\",\"logo\":{\"@type\":\"ImageObject\",\"inLanguage\":\"pt-BR\",\"@id\":\"https:\/\/www.notibras.com\/site\/#\/schema\/logo\/image\/\",\"url\":\"https:\/\/www.notibras.com\/site\/wp-content\/uploads\/2023\/01\/notibras23.png\",\"contentUrl\":\"https:\/\/www.notibras.com\/site\/wp-content\/uploads\/2023\/01\/notibras23.png\",\"width\":350,\"height\":87,\"caption\":\"Grupo Notibras de Comunica\u00e7\u00e3o\"},\"image\":{\"@id\":\"https:\/\/www.notibras.com\/site\/#\/schema\/logo\/image\/\"},\"sameAs\":[\"https:\/\/www.facebook.com\/notibras\/\",\"https:\/\/x.com\/Notibras\",\"https:\/\/www.instagram.com\/notibras\/\"]},{\"@type\":\"Person\",\"@id\":\"https:\/\/www.notibras.com\/site\/#\/schema\/person\/36ab0979449956132d3e5b517ea76ac8\",\"name\":\"Reda\u00e7\u00e3o\",\"image\":{\"@type\":\"ImageObject\",\"inLanguage\":\"pt-BR\",\"@id\":\"https:\/\/secure.gravatar.com\/avatar\/e0a867bdedb85fd243eadf09663511f96fc81e0720a4a42581f334ad4303aa6b?s=96&d=mm&r=g\",\"url\":\"https:\/\/secure.gravatar.com\/avatar\/e0a867bdedb85fd243eadf09663511f96fc81e0720a4a42581f334ad4303aa6b?s=96&d=mm&r=g\",\"contentUrl\":\"https:\/\/secure.gravatar.com\/avatar\/e0a867bdedb85fd243eadf09663511f96fc81e0720a4a42581f334ad4303aa6b?s=96&d=mm&r=g\",\"caption\":\"Reda\u00e7\u00e3o\"}}]}<\/script>\n<!-- \/ Yoast SEO plugin. -->","yoast_head_json":{"title":"Liga Steam tem 2\u00aa edi\u00e7\u00e3o para educador e aluno da rede p\u00fablica - Notibras","robots":{"index":"index","follow":"follow","max-snippet":"max-snippet:-1","max-image-preview":"max-image-preview:large","max-video-preview":"max-video-preview:-1"},"canonical":"https:\/\/www.notibras.com\/site\/liga-steam-tem-2a-edicao-para-educador-e-aluno-da-rede-publica\/","og_locale":"pt_BR","og_type":"article","og_title":"Liga Steam tem 2\u00aa edi\u00e7\u00e3o para educador e aluno da rede p\u00fablica - Notibras","og_description":"Educadores de escolas p\u00fablicas municipais, estaduais e federais e alunos desde a educa\u00e7\u00e3o infantil, a partir de 4 anos de idade, at\u00e9 o ensino m\u00e9dio t\u00eam at\u00e9 o dia 28 deste m\u00eas para se inscrever na segunda edi\u00e7\u00e3o do Pr\u00eamio Liga STEAM. Considerado um dos maiores eventos educacionais do pa\u00eds na abordagem STEAM, a iniciativa [&hellip;]","og_url":"https:\/\/www.notibras.com\/site\/liga-steam-tem-2a-edicao-para-educador-e-aluno-da-rede-publica\/","og_site_name":"Notibras","article_publisher":"https:\/\/www.facebook.com\/notibras\/","article_published_time":"2023-06-22T13:53:09+00:00","og_image":[{"width":1170,"height":700,"url":"https:\/\/www.notibras.com\/site\/wp-content\/uploads\/2023\/06\/1_0.jpeg","type":"image\/jpeg"}],"author":"Reda\u00e7\u00e3o","twitter_card":"summary_large_image","twitter_creator":"@Notibras","twitter_site":"@Notibras","twitter_misc":{"Escrito por":"Reda\u00e7\u00e3o","Est. tempo de leitura":"4 minutos"},"schema":{"@context":"https:\/\/schema.org","@graph":[{"@type":"Article","@id":"https:\/\/www.notibras.com\/site\/liga-steam-tem-2a-edicao-para-educador-e-aluno-da-rede-publica\/#article","isPartOf":{"@id":"https:\/\/www.notibras.com\/site\/liga-steam-tem-2a-edicao-para-educador-e-aluno-da-rede-publica\/"},"author":{"name":"Reda\u00e7\u00e3o","@id":"https:\/\/www.notibras.com\/site\/#\/schema\/person\/36ab0979449956132d3e5b517ea76ac8"},"headline":"Liga Steam tem 2\u00aa edi\u00e7\u00e3o para educador e aluno da rede p\u00fablica","datePublished":"2023-06-22T13:53:09+00:00","mainEntityOfPage":{"@id":"https:\/\/www.notibras.com\/site\/liga-steam-tem-2a-edicao-para-educador-e-aluno-da-rede-publica\/"},"wordCount":795,"publisher":{"@id":"https:\/\/www.notibras.com\/site\/#organization"},"image":{"@id":"https:\/\/www.notibras.com\/site\/liga-steam-tem-2a-edicao-para-educador-e-aluno-da-rede-publica\/#primaryimage"},"thumbnailUrl":"https:\/\/www.notibras.com\/site\/wp-content\/uploads\/2023\/06\/1_0.jpeg","articleSection":["Quadradinho em Foco"],"inLanguage":"pt-BR"},{"@type":"WebPage","@id":"https:\/\/www.notibras.com\/site\/liga-steam-tem-2a-edicao-para-educador-e-aluno-da-rede-publica\/","url":"https:\/\/www.notibras.com\/site\/liga-steam-tem-2a-edicao-para-educador-e-aluno-da-rede-publica\/","name":"Liga Steam tem 2\u00aa edi\u00e7\u00e3o para educador e aluno da rede p\u00fablica - Notibras","isPartOf":{"@id":"https:\/\/www.notibras.com\/site\/#website"},"primaryImageOfPage":{"@id":"https:\/\/www.notibras.com\/site\/liga-steam-tem-2a-edicao-para-educador-e-aluno-da-rede-publica\/#primaryimage"},"image":{"@id":"https:\/\/www.notibras.com\/site\/liga-steam-tem-2a-edicao-para-educador-e-aluno-da-rede-publica\/#primaryimage"},"thumbnailUrl":"https:\/\/www.notibras.com\/site\/wp-content\/uploads\/2023\/06\/1_0.jpeg","datePublished":"2023-06-22T13:53:09+00:00","breadcrumb":{"@id":"https:\/\/www.notibras.com\/site\/liga-steam-tem-2a-edicao-para-educador-e-aluno-da-rede-publica\/#breadcrumb"},"inLanguage":"pt-BR","potentialAction":[{"@type":"ReadAction","target":["https:\/\/www.notibras.com\/site\/liga-steam-tem-2a-edicao-para-educador-e-aluno-da-rede-publica\/"]}]},{"@type":"ImageObject","inLanguage":"pt-BR","@id":"https:\/\/www.notibras.com\/site\/liga-steam-tem-2a-edicao-para-educador-e-aluno-da-rede-publica\/#primaryimage","url":"https:\/\/www.notibras.com\/site\/wp-content\/uploads\/2023\/06\/1_0.jpeg","contentUrl":"https:\/\/www.notibras.com\/site\/wp-content\/uploads\/2023\/06\/1_0.jpeg","width":1170,"height":700,"caption":"Rio de Janeiro (RJ) - Projetos de escolas p\u00fablicas concorrem ao Pr\u00eamio Liga STEAM. Foto: Funda\u00e7\u00e3o AcelorMittal"},{"@type":"BreadcrumbList","@id":"https:\/\/www.notibras.com\/site\/liga-steam-tem-2a-edicao-para-educador-e-aluno-da-rede-publica\/#breadcrumb","itemListElement":[{"@type":"ListItem","position":1,"name":"In\u00edcio","item":"https:\/\/www.notibras.com\/site\/"},{"@type":"ListItem","position":2,"name":"Liga Steam tem 2\u00aa edi\u00e7\u00e3o para educador e aluno da rede p\u00fablica"}]},{"@type":"WebSite","@id":"https:\/\/www.notibras.com\/site\/#website","url":"https:\/\/www.notibras.com\/site\/","name":"Notibras","description":"Not\u00edcias de Bras\u00edlia, do Brasil e do Mundo","publisher":{"@id":"https:\/\/www.notibras.com\/site\/#organization"},"potentialAction":[{"@type":"SearchAction","target":{"@type":"EntryPoint","urlTemplate":"https:\/\/www.notibras.com\/site\/?s={search_term_string}"},"query-input":{"@type":"PropertyValueSpecification","valueRequired":true,"valueName":"search_term_string"}}],"inLanguage":"pt-BR"},{"@type":"Organization","@id":"https:\/\/www.notibras.com\/site\/#organization","name":"Grupo Notibras de Comunica\u00e7\u00e3o","url":"https:\/\/www.notibras.com\/site\/","logo":{"@type":"ImageObject","inLanguage":"pt-BR","@id":"https:\/\/www.notibras.com\/site\/#\/schema\/logo\/image\/","url":"https:\/\/www.notibras.com\/site\/wp-content\/uploads\/2023\/01\/notibras23.png","contentUrl":"https:\/\/www.notibras.com\/site\/wp-content\/uploads\/2023\/01\/notibras23.png","width":350,"height":87,"caption":"Grupo Notibras de Comunica\u00e7\u00e3o"},"image":{"@id":"https:\/\/www.notibras.com\/site\/#\/schema\/logo\/image\/"},"sameAs":["https:\/\/www.facebook.com\/notibras\/","https:\/\/x.com\/Notibras","https:\/\/www.instagram.com\/notibras\/"]},{"@type":"Person","@id":"https:\/\/www.notibras.com\/site\/#\/schema\/person\/36ab0979449956132d3e5b517ea76ac8","name":"Reda\u00e7\u00e3o","image":{"@type":"ImageObject","inLanguage":"pt-BR","@id":"https:\/\/secure.gravatar.com\/avatar\/e0a867bdedb85fd243eadf09663511f96fc81e0720a4a42581f334ad4303aa6b?s=96&d=mm&r=g","url":"https:\/\/secure.gravatar.com\/avatar\/e0a867bdedb85fd243eadf09663511f96fc81e0720a4a42581f334ad4303aa6b?s=96&d=mm&r=g","contentUrl":"https:\/\/secure.gravatar.com\/avatar\/e0a867bdedb85fd243eadf09663511f96fc81e0720a4a42581f334ad4303aa6b?s=96&d=mm&r=g","caption":"Reda\u00e7\u00e3o"}}]}},"amp_enabled":true,"_links":{"self":[{"href":"https:\/\/www.notibras.com\/site\/wp-json\/wp\/v2\/posts\/307388","targetHints":{"allow":["GET"]}}],"collection":[{"href":"https:\/\/www.notibras.com\/site\/wp-json\/wp\/v2\/posts"}],"about":[{"href":"https:\/\/www.notibras.com\/site\/wp-json\/wp\/v2\/types\/post"}],"author":[{"embeddable":true,"href":"https:\/\/www.notibras.com\/site\/wp-json\/wp\/v2\/users\/2"}],"replies":[{"embeddable":true,"href":"https:\/\/www.notibras.com\/site\/wp-json\/wp\/v2\/comments?post=307388"}],"version-history":[{"count":1,"href":"https:\/\/www.notibras.com\/site\/wp-json\/wp\/v2\/posts\/307388\/revisions"}],"predecessor-version":[{"id":307390,"href":"https:\/\/www.notibras.com\/site\/wp-json\/wp\/v2\/posts\/307388\/revisions\/307390"}],"wp:featuredmedia":[{"embeddable":true,"href":"https:\/\/www.notibras.com\/site\/wp-json\/wp\/v2\/media\/307389"}],"wp:attachment":[{"href":"https:\/\/www.notibras.com\/site\/wp-json\/wp\/v2\/media?parent=307388"}],"wp:term":[{"taxonomy":"category","embeddable":true,"href":"https:\/\/www.notibras.com\/site\/wp-json\/wp\/v2\/categories?post=307388"},{"taxonomy":"post_tag","embeddable":true,"href":"https:\/\/www.notibras.com\/site\/wp-json\/wp\/v2\/tags?post=307388"}],"curies":[{"name":"wp","href":"https:\/\/api.w.org\/{rel}","templated":true}]}}