{"id":307395,"date":"2023-06-22T11:07:30","date_gmt":"2023-06-22T14:07:30","guid":{"rendered":"https:\/\/www.notibras.com\/site\/?p=307395"},"modified":"2023-06-22T11:07:30","modified_gmt":"2023-06-22T14:07:30","slug":"lei-organica-30-anos-e-o-tropeco-de-wellington-luiz","status":"publish","type":"post","link":"https:\/\/www.notibras.com\/site\/lei-organica-30-anos-e-o-tropeco-de-wellington-luiz\/","title":{"rendered":"Lei Org\u00e2nica, 30 anos, e o trope\u00e7o de Wellington Luiz"},"content":{"rendered":"<p>A C\u00e2mara Legislativa acaba de comemorar o anivers\u00e1rio de 30 anos da promulga\u00e7\u00e3o da Lei Org\u00e2nica do Distrito Federal. Al\u00e9m dos ex-governadores eleitos desde ent\u00e3o, convidou para a sess\u00e3o solene os deputados distritais respons\u00e1veis por sua elabora\u00e7\u00e3o. Nada mais justo que homenage\u00e1-los, reconhecendo o m\u00e9rito daquela iniciativa. Mas o presidente da Casa, deputado Wellington Luiz, cometeu dois importantes deslizes.<\/p>\n<p>Os deputados das primeiras legislaturas, inclusive os que subscreveram a Lei Org\u00e2nica e foram, com justi\u00e7a, agora homenageados, tinham clareza do que representou o trabalho dos servidores que lhes assessoraram naquele trabalho. Tanto que chegaram a distingui-los com um t\u00edtulo de reconhecimento. Tenho certeza que os demais servidores de ent\u00e3o os guardam com o mesmo carinho que eu, que tive o privil\u00e9gio de participar daqueles primeiros anos de C\u00e2mara Legislativa, como assessor e, depois, como Diretor Legislativo.<\/p>\n<p>Aquele foi tamb\u00e9m um justo reconhecimento. De um lado, pela qualidade do assessoramento, inclusive na pr\u00f3pria elabora\u00e7\u00e3o da Lei Org\u00e2nica. De outro, pelas condi\u00e7\u00f5es em que tivemos de trabalhar, a C\u00e2mara ainda desprovida sequer de m\u00f3veis e equipamentos nos primeiros meses. Muitos de n\u00f3s tivemos que levar nossas pr\u00f3prias m\u00e1quinas de datilografia e utiliz\u00e1-las sobre os balc\u00f5es das janelas.<\/p>\n<p>Mas o principal equ\u00edvoco foi o presidente da Casa declarar, na sua fala, que &#8220;a hist\u00f3ria democr\u00e1tica desta capital come\u00e7ou com essas pessoas que hoje est\u00e3o aqui.\u201d<\/p>\n<p>N\u00e3o \u00e9 verdade. Muitos anos antes, a luta pela representa\u00e7\u00e3o e pela autonomia pol\u00edtica encantou e mobilizou amplos segmentos da popula\u00e7\u00e3o do Distrito Federal. H\u00e1 que se destacar o papel da Associa\u00e7\u00e3o Comercial, sob a lideran\u00e7a de seu memor\u00e1vel presidente Lindberg Cury, reivindicando a representa\u00e7\u00e3o dos brasilienses na C\u00e2mara dos Deputados e no Senado.<\/p>\n<p>Mas tamb\u00e9m militantes e mesmo populares an\u00f4nimos de todo o Distrito Federal levaram essa luta para as ruas, exigindo a autonomia pol\u00edtica, com a elei\u00e7\u00e3o de deputados distritais, governador e at\u00e9 mesmo prefeitos e vereadores para as cidades que j\u00e1 ent\u00e3o existiam.<\/p>\n<p>N\u00e3o foram poucas as vezes que essa luta exigiu o enfrentamento com a repress\u00e3o policial. Numa dessas ocasi\u00f5es, um ato diante da Associa\u00e7\u00e3o Comercial foi dissolvido pela pol\u00edcia, diante do testemunho das principais liderancas nacionais de partidos que se opunham ao governo militar: Ulysses Guimar\u00e3es (MDB), Tancredo Neves (PP), Leonel Brizola (PDT) \u00e9 Lula (PT).<\/p>\n<p>Pessoalmente, por minha participa\u00e7\u00e3o nessas lutas, cheguei a merecer a concess\u00e3o do t\u00edtulo de Cidad\u00e3o Honor\u00e1rio do Distrito Federal, numa iniciativa da deputada Eliana Pedrosa.<\/p>\n<p>N\u00e3o foi uma luta em v\u00e3o. Conquistamos inicialmente a representa\u00e7\u00e3o na Assembleia Constituinte, com deputados federais e senadores. E, a partir da\u00ed, o direito a eleger deputados para uma C\u00e2mara Legislativa e o nosso governador.<\/p>\n<p>Muitas s\u00e3o as cr\u00edticas e decep\u00e7\u00f5es com grande parte dos eleitos em todos esses anos. Mas h\u00e1 que se reconhecer que muitas foram as conquistas. E o momento \u00e9 significativo para demonstr\u00e1-lo. Caso n\u00e3o tiv\u00e9ssemos os nossos pr\u00f3prios representantes, n\u00e3o ter\u00edamos sequer conquistado um Fundo Constitucional, quanto mais o \u00eaxito de agora, impedindo que tivesse sido extinto.<\/p>\n","protected":false},"excerpt":{"rendered":"<p>A C\u00e2mara Legislativa acaba de comemorar o anivers\u00e1rio de 30 anos da promulga\u00e7\u00e3o da Lei Org\u00e2nica do Distrito Federal. Al\u00e9m dos ex-governadores eleitos desde ent\u00e3o, convidou para a sess\u00e3o solene os deputados distritais respons\u00e1veis por sua elabora\u00e7\u00e3o. Nada mais justo que homenage\u00e1-los, reconhecendo o m\u00e9rito daquela iniciativa. Mas o presidente da Casa, deputado Wellington Luiz, [&hellip;]<\/p>\n","protected":false},"author":2,"featured_media":307396,"comment_status":"closed","ping_status":"closed","sticky":false,"template":"","format":"standard","meta":{"_acf_changed":false,"footnotes":""},"categories":[161],"tags":[],"class_list":["post-307395","post","type-post","status-publish","format-standard","has-post-thumbnail","hentry","category-quadradinho-em-foco"],"acf":[],"yoast_head":"<!-- This site is optimized with the Yoast SEO plugin v27.2 - https:\/\/yoast.com\/product\/yoast-seo-wordpress\/ -->\n<title>Lei Org\u00e2nica, 30 anos, e o trope\u00e7o de Wellington Luiz - Notibras<\/title>\n<meta name=\"robots\" content=\"index, follow, max-snippet:-1, max-image-preview:large, max-video-preview:-1\" \/>\n<link rel=\"canonical\" href=\"https:\/\/www.notibras.com\/site\/lei-organica-30-anos-e-o-tropeco-de-wellington-luiz\/\" \/>\n<meta property=\"og:locale\" content=\"pt_BR\" \/>\n<meta property=\"og:type\" content=\"article\" \/>\n<meta property=\"og:title\" content=\"Lei Org\u00e2nica, 30 anos, e o trope\u00e7o de Wellington Luiz - Notibras\" \/>\n<meta property=\"og:description\" content=\"A C\u00e2mara Legislativa acaba de comemorar o anivers\u00e1rio de 30 anos da promulga\u00e7\u00e3o da Lei Org\u00e2nica do Distrito Federal. Al\u00e9m dos ex-governadores eleitos desde ent\u00e3o, convidou para a sess\u00e3o solene os deputados distritais respons\u00e1veis por sua elabora\u00e7\u00e3o. Nada mais justo que homenage\u00e1-los, reconhecendo o m\u00e9rito daquela iniciativa. Mas o presidente da Casa, deputado Wellington Luiz, [&hellip;]\" \/>\n<meta property=\"og:url\" content=\"https:\/\/www.notibras.com\/site\/lei-organica-30-anos-e-o-tropeco-de-wellington-luiz\/\" \/>\n<meta property=\"og:site_name\" content=\"Notibras\" \/>\n<meta property=\"article:publisher\" content=\"https:\/\/www.facebook.com\/notibras\/\" \/>\n<meta property=\"article:published_time\" content=\"2023-06-22T14:07:30+00:00\" \/>\n<meta property=\"og:image\" content=\"https:\/\/www.notibras.com\/site\/wp-content\/uploads\/2023\/06\/a4d89700-b3b6-455c-a23d-b6a295a799c5.jpg\" \/>\n\t<meta property=\"og:image:width\" content=\"882\" \/>\n\t<meta property=\"og:image:height\" content=\"566\" \/>\n\t<meta property=\"og:image:type\" content=\"image\/jpeg\" \/>\n<meta name=\"author\" content=\"Reda\u00e7\u00e3o\" \/>\n<meta name=\"twitter:card\" content=\"summary_large_image\" \/>\n<meta name=\"twitter:creator\" content=\"@Notibras\" \/>\n<meta name=\"twitter:site\" content=\"@Notibras\" \/>\n<meta name=\"twitter:label1\" content=\"Escrito por\" \/>\n\t<meta name=\"twitter:data1\" content=\"Reda\u00e7\u00e3o\" \/>\n\t<meta name=\"twitter:label2\" content=\"Est. tempo de leitura\" \/>\n\t<meta name=\"twitter:data2\" content=\"3 minutos\" \/>\n<script type=\"application\/ld+json\" class=\"yoast-schema-graph\">{\"@context\":\"https:\/\/schema.org\",\"@graph\":[{\"@type\":\"Article\",\"@id\":\"https:\/\/www.notibras.com\/site\/lei-organica-30-anos-e-o-tropeco-de-wellington-luiz\/#article\",\"isPartOf\":{\"@id\":\"https:\/\/www.notibras.com\/site\/lei-organica-30-anos-e-o-tropeco-de-wellington-luiz\/\"},\"author\":{\"name\":\"Reda\u00e7\u00e3o\",\"@id\":\"https:\/\/www.notibras.com\/site\/#\/schema\/person\/36ab0979449956132d3e5b517ea76ac8\"},\"headline\":\"Lei Org\u00e2nica, 30 anos, e o trope\u00e7o de Wellington Luiz\",\"datePublished\":\"2023-06-22T14:07:30+00:00\",\"mainEntityOfPage\":{\"@id\":\"https:\/\/www.notibras.com\/site\/lei-organica-30-anos-e-o-tropeco-de-wellington-luiz\/\"},\"wordCount\":569,\"publisher\":{\"@id\":\"https:\/\/www.notibras.com\/site\/#organization\"},\"image\":{\"@id\":\"https:\/\/www.notibras.com\/site\/lei-organica-30-anos-e-o-tropeco-de-wellington-luiz\/#primaryimage\"},\"thumbnailUrl\":\"https:\/\/www.notibras.com\/site\/wp-content\/uploads\/2023\/06\/a4d89700-b3b6-455c-a23d-b6a295a799c5.jpg\",\"articleSection\":[\"Quadradinho em Foco\"],\"inLanguage\":\"pt-BR\"},{\"@type\":\"WebPage\",\"@id\":\"https:\/\/www.notibras.com\/site\/lei-organica-30-anos-e-o-tropeco-de-wellington-luiz\/\",\"url\":\"https:\/\/www.notibras.com\/site\/lei-organica-30-anos-e-o-tropeco-de-wellington-luiz\/\",\"name\":\"Lei Org\u00e2nica, 30 anos, e o trope\u00e7o de Wellington Luiz - Notibras\",\"isPartOf\":{\"@id\":\"https:\/\/www.notibras.com\/site\/#website\"},\"primaryImageOfPage\":{\"@id\":\"https:\/\/www.notibras.com\/site\/lei-organica-30-anos-e-o-tropeco-de-wellington-luiz\/#primaryimage\"},\"image\":{\"@id\":\"https:\/\/www.notibras.com\/site\/lei-organica-30-anos-e-o-tropeco-de-wellington-luiz\/#primaryimage\"},\"thumbnailUrl\":\"https:\/\/www.notibras.com\/site\/wp-content\/uploads\/2023\/06\/a4d89700-b3b6-455c-a23d-b6a295a799c5.jpg\",\"datePublished\":\"2023-06-22T14:07:30+00:00\",\"breadcrumb\":{\"@id\":\"https:\/\/www.notibras.com\/site\/lei-organica-30-anos-e-o-tropeco-de-wellington-luiz\/#breadcrumb\"},\"inLanguage\":\"pt-BR\",\"potentialAction\":[{\"@type\":\"ReadAction\",\"target\":[\"https:\/\/www.notibras.com\/site\/lei-organica-30-anos-e-o-tropeco-de-wellington-luiz\/\"]}]},{\"@type\":\"ImageObject\",\"inLanguage\":\"pt-BR\",\"@id\":\"https:\/\/www.notibras.com\/site\/lei-organica-30-anos-e-o-tropeco-de-wellington-luiz\/#primaryimage\",\"url\":\"https:\/\/www.notibras.com\/site\/wp-content\/uploads\/2023\/06\/a4d89700-b3b6-455c-a23d-b6a295a799c5.jpg\",\"contentUrl\":\"https:\/\/www.notibras.com\/site\/wp-content\/uploads\/2023\/06\/a4d89700-b3b6-455c-a23d-b6a295a799c5.jpg\",\"width\":882,\"height\":566},{\"@type\":\"BreadcrumbList\",\"@id\":\"https:\/\/www.notibras.com\/site\/lei-organica-30-anos-e-o-tropeco-de-wellington-luiz\/#breadcrumb\",\"itemListElement\":[{\"@type\":\"ListItem\",\"position\":1,\"name\":\"In\u00edcio\",\"item\":\"https:\/\/www.notibras.com\/site\/\"},{\"@type\":\"ListItem\",\"position\":2,\"name\":\"Lei Org\u00e2nica, 30 anos, e o trope\u00e7o de Wellington Luiz\"}]},{\"@type\":\"WebSite\",\"@id\":\"https:\/\/www.notibras.com\/site\/#website\",\"url\":\"https:\/\/www.notibras.com\/site\/\",\"name\":\"Notibras\",\"description\":\"Not\u00edcias de Bras\u00edlia, do Brasil e do Mundo\",\"publisher\":{\"@id\":\"https:\/\/www.notibras.com\/site\/#organization\"},\"potentialAction\":[{\"@type\":\"SearchAction\",\"target\":{\"@type\":\"EntryPoint\",\"urlTemplate\":\"https:\/\/www.notibras.com\/site\/?s={search_term_string}\"},\"query-input\":{\"@type\":\"PropertyValueSpecification\",\"valueRequired\":true,\"valueName\":\"search_term_string\"}}],\"inLanguage\":\"pt-BR\"},{\"@type\":\"Organization\",\"@id\":\"https:\/\/www.notibras.com\/site\/#organization\",\"name\":\"Grupo Notibras de Comunica\u00e7\u00e3o\",\"url\":\"https:\/\/www.notibras.com\/site\/\",\"logo\":{\"@type\":\"ImageObject\",\"inLanguage\":\"pt-BR\",\"@id\":\"https:\/\/www.notibras.com\/site\/#\/schema\/logo\/image\/\",\"url\":\"https:\/\/www.notibras.com\/site\/wp-content\/uploads\/2023\/01\/notibras23.png\",\"contentUrl\":\"https:\/\/www.notibras.com\/site\/wp-content\/uploads\/2023\/01\/notibras23.png\",\"width\":350,\"height\":87,\"caption\":\"Grupo Notibras de Comunica\u00e7\u00e3o\"},\"image\":{\"@id\":\"https:\/\/www.notibras.com\/site\/#\/schema\/logo\/image\/\"},\"sameAs\":[\"https:\/\/www.facebook.com\/notibras\/\",\"https:\/\/x.com\/Notibras\",\"https:\/\/www.instagram.com\/notibras\/\"]},{\"@type\":\"Person\",\"@id\":\"https:\/\/www.notibras.com\/site\/#\/schema\/person\/36ab0979449956132d3e5b517ea76ac8\",\"name\":\"Reda\u00e7\u00e3o\",\"image\":{\"@type\":\"ImageObject\",\"inLanguage\":\"pt-BR\",\"@id\":\"https:\/\/secure.gravatar.com\/avatar\/e0a867bdedb85fd243eadf09663511f96fc81e0720a4a42581f334ad4303aa6b?s=96&d=mm&r=g\",\"url\":\"https:\/\/secure.gravatar.com\/avatar\/e0a867bdedb85fd243eadf09663511f96fc81e0720a4a42581f334ad4303aa6b?s=96&d=mm&r=g\",\"contentUrl\":\"https:\/\/secure.gravatar.com\/avatar\/e0a867bdedb85fd243eadf09663511f96fc81e0720a4a42581f334ad4303aa6b?s=96&d=mm&r=g\",\"caption\":\"Reda\u00e7\u00e3o\"}}]}<\/script>\n<!-- \/ Yoast SEO plugin. -->","yoast_head_json":{"title":"Lei Org\u00e2nica, 30 anos, e o trope\u00e7o de Wellington Luiz - Notibras","robots":{"index":"index","follow":"follow","max-snippet":"max-snippet:-1","max-image-preview":"max-image-preview:large","max-video-preview":"max-video-preview:-1"},"canonical":"https:\/\/www.notibras.com\/site\/lei-organica-30-anos-e-o-tropeco-de-wellington-luiz\/","og_locale":"pt_BR","og_type":"article","og_title":"Lei Org\u00e2nica, 30 anos, e o trope\u00e7o de Wellington Luiz - Notibras","og_description":"A C\u00e2mara Legislativa acaba de comemorar o anivers\u00e1rio de 30 anos da promulga\u00e7\u00e3o da Lei Org\u00e2nica do Distrito Federal. Al\u00e9m dos ex-governadores eleitos desde ent\u00e3o, convidou para a sess\u00e3o solene os deputados distritais respons\u00e1veis por sua elabora\u00e7\u00e3o. Nada mais justo que homenage\u00e1-los, reconhecendo o m\u00e9rito daquela iniciativa. Mas o presidente da Casa, deputado Wellington Luiz, [&hellip;]","og_url":"https:\/\/www.notibras.com\/site\/lei-organica-30-anos-e-o-tropeco-de-wellington-luiz\/","og_site_name":"Notibras","article_publisher":"https:\/\/www.facebook.com\/notibras\/","article_published_time":"2023-06-22T14:07:30+00:00","og_image":[{"width":882,"height":566,"url":"https:\/\/www.notibras.com\/site\/wp-content\/uploads\/2023\/06\/a4d89700-b3b6-455c-a23d-b6a295a799c5.jpg","type":"image\/jpeg"}],"author":"Reda\u00e7\u00e3o","twitter_card":"summary_large_image","twitter_creator":"@Notibras","twitter_site":"@Notibras","twitter_misc":{"Escrito por":"Reda\u00e7\u00e3o","Est. tempo de leitura":"3 minutos"},"schema":{"@context":"https:\/\/schema.org","@graph":[{"@type":"Article","@id":"https:\/\/www.notibras.com\/site\/lei-organica-30-anos-e-o-tropeco-de-wellington-luiz\/#article","isPartOf":{"@id":"https:\/\/www.notibras.com\/site\/lei-organica-30-anos-e-o-tropeco-de-wellington-luiz\/"},"author":{"name":"Reda\u00e7\u00e3o","@id":"https:\/\/www.notibras.com\/site\/#\/schema\/person\/36ab0979449956132d3e5b517ea76ac8"},"headline":"Lei Org\u00e2nica, 30 anos, e o trope\u00e7o de Wellington Luiz","datePublished":"2023-06-22T14:07:30+00:00","mainEntityOfPage":{"@id":"https:\/\/www.notibras.com\/site\/lei-organica-30-anos-e-o-tropeco-de-wellington-luiz\/"},"wordCount":569,"publisher":{"@id":"https:\/\/www.notibras.com\/site\/#organization"},"image":{"@id":"https:\/\/www.notibras.com\/site\/lei-organica-30-anos-e-o-tropeco-de-wellington-luiz\/#primaryimage"},"thumbnailUrl":"https:\/\/www.notibras.com\/site\/wp-content\/uploads\/2023\/06\/a4d89700-b3b6-455c-a23d-b6a295a799c5.jpg","articleSection":["Quadradinho em Foco"],"inLanguage":"pt-BR"},{"@type":"WebPage","@id":"https:\/\/www.notibras.com\/site\/lei-organica-30-anos-e-o-tropeco-de-wellington-luiz\/","url":"https:\/\/www.notibras.com\/site\/lei-organica-30-anos-e-o-tropeco-de-wellington-luiz\/","name":"Lei Org\u00e2nica, 30 anos, e o trope\u00e7o de Wellington Luiz - Notibras","isPartOf":{"@id":"https:\/\/www.notibras.com\/site\/#website"},"primaryImageOfPage":{"@id":"https:\/\/www.notibras.com\/site\/lei-organica-30-anos-e-o-tropeco-de-wellington-luiz\/#primaryimage"},"image":{"@id":"https:\/\/www.notibras.com\/site\/lei-organica-30-anos-e-o-tropeco-de-wellington-luiz\/#primaryimage"},"thumbnailUrl":"https:\/\/www.notibras.com\/site\/wp-content\/uploads\/2023\/06\/a4d89700-b3b6-455c-a23d-b6a295a799c5.jpg","datePublished":"2023-06-22T14:07:30+00:00","breadcrumb":{"@id":"https:\/\/www.notibras.com\/site\/lei-organica-30-anos-e-o-tropeco-de-wellington-luiz\/#breadcrumb"},"inLanguage":"pt-BR","potentialAction":[{"@type":"ReadAction","target":["https:\/\/www.notibras.com\/site\/lei-organica-30-anos-e-o-tropeco-de-wellington-luiz\/"]}]},{"@type":"ImageObject","inLanguage":"pt-BR","@id":"https:\/\/www.notibras.com\/site\/lei-organica-30-anos-e-o-tropeco-de-wellington-luiz\/#primaryimage","url":"https:\/\/www.notibras.com\/site\/wp-content\/uploads\/2023\/06\/a4d89700-b3b6-455c-a23d-b6a295a799c5.jpg","contentUrl":"https:\/\/www.notibras.com\/site\/wp-content\/uploads\/2023\/06\/a4d89700-b3b6-455c-a23d-b6a295a799c5.jpg","width":882,"height":566},{"@type":"BreadcrumbList","@id":"https:\/\/www.notibras.com\/site\/lei-organica-30-anos-e-o-tropeco-de-wellington-luiz\/#breadcrumb","itemListElement":[{"@type":"ListItem","position":1,"name":"In\u00edcio","item":"https:\/\/www.notibras.com\/site\/"},{"@type":"ListItem","position":2,"name":"Lei Org\u00e2nica, 30 anos, e o trope\u00e7o de Wellington Luiz"}]},{"@type":"WebSite","@id":"https:\/\/www.notibras.com\/site\/#website","url":"https:\/\/www.notibras.com\/site\/","name":"Notibras","description":"Not\u00edcias de Bras\u00edlia, do Brasil e do Mundo","publisher":{"@id":"https:\/\/www.notibras.com\/site\/#organization"},"potentialAction":[{"@type":"SearchAction","target":{"@type":"EntryPoint","urlTemplate":"https:\/\/www.notibras.com\/site\/?s={search_term_string}"},"query-input":{"@type":"PropertyValueSpecification","valueRequired":true,"valueName":"search_term_string"}}],"inLanguage":"pt-BR"},{"@type":"Organization","@id":"https:\/\/www.notibras.com\/site\/#organization","name":"Grupo Notibras de Comunica\u00e7\u00e3o","url":"https:\/\/www.notibras.com\/site\/","logo":{"@type":"ImageObject","inLanguage":"pt-BR","@id":"https:\/\/www.notibras.com\/site\/#\/schema\/logo\/image\/","url":"https:\/\/www.notibras.com\/site\/wp-content\/uploads\/2023\/01\/notibras23.png","contentUrl":"https:\/\/www.notibras.com\/site\/wp-content\/uploads\/2023\/01\/notibras23.png","width":350,"height":87,"caption":"Grupo Notibras de Comunica\u00e7\u00e3o"},"image":{"@id":"https:\/\/www.notibras.com\/site\/#\/schema\/logo\/image\/"},"sameAs":["https:\/\/www.facebook.com\/notibras\/","https:\/\/x.com\/Notibras","https:\/\/www.instagram.com\/notibras\/"]},{"@type":"Person","@id":"https:\/\/www.notibras.com\/site\/#\/schema\/person\/36ab0979449956132d3e5b517ea76ac8","name":"Reda\u00e7\u00e3o","image":{"@type":"ImageObject","inLanguage":"pt-BR","@id":"https:\/\/secure.gravatar.com\/avatar\/e0a867bdedb85fd243eadf09663511f96fc81e0720a4a42581f334ad4303aa6b?s=96&d=mm&r=g","url":"https:\/\/secure.gravatar.com\/avatar\/e0a867bdedb85fd243eadf09663511f96fc81e0720a4a42581f334ad4303aa6b?s=96&d=mm&r=g","contentUrl":"https:\/\/secure.gravatar.com\/avatar\/e0a867bdedb85fd243eadf09663511f96fc81e0720a4a42581f334ad4303aa6b?s=96&d=mm&r=g","caption":"Reda\u00e7\u00e3o"}}]}},"amp_enabled":true,"_links":{"self":[{"href":"https:\/\/www.notibras.com\/site\/wp-json\/wp\/v2\/posts\/307395","targetHints":{"allow":["GET"]}}],"collection":[{"href":"https:\/\/www.notibras.com\/site\/wp-json\/wp\/v2\/posts"}],"about":[{"href":"https:\/\/www.notibras.com\/site\/wp-json\/wp\/v2\/types\/post"}],"author":[{"embeddable":true,"href":"https:\/\/www.notibras.com\/site\/wp-json\/wp\/v2\/users\/2"}],"replies":[{"embeddable":true,"href":"https:\/\/www.notibras.com\/site\/wp-json\/wp\/v2\/comments?post=307395"}],"version-history":[{"count":1,"href":"https:\/\/www.notibras.com\/site\/wp-json\/wp\/v2\/posts\/307395\/revisions"}],"predecessor-version":[{"id":307397,"href":"https:\/\/www.notibras.com\/site\/wp-json\/wp\/v2\/posts\/307395\/revisions\/307397"}],"wp:featuredmedia":[{"embeddable":true,"href":"https:\/\/www.notibras.com\/site\/wp-json\/wp\/v2\/media\/307396"}],"wp:attachment":[{"href":"https:\/\/www.notibras.com\/site\/wp-json\/wp\/v2\/media?parent=307395"}],"wp:term":[{"taxonomy":"category","embeddable":true,"href":"https:\/\/www.notibras.com\/site\/wp-json\/wp\/v2\/categories?post=307395"},{"taxonomy":"post_tag","embeddable":true,"href":"https:\/\/www.notibras.com\/site\/wp-json\/wp\/v2\/tags?post=307395"}],"curies":[{"name":"wp","href":"https:\/\/api.w.org\/{rel}","templated":true}]}}