{"id":307398,"date":"2023-06-22T10:12:40","date_gmt":"2023-06-22T13:12:40","guid":{"rendered":"https:\/\/www.notibras.com\/site\/?p=307398"},"modified":"2023-06-22T11:14:58","modified_gmt":"2023-06-22T14:14:58","slug":"prazo-para-inscricoes-no-sisu-esta-acabando","status":"publish","type":"post","link":"https:\/\/www.notibras.com\/site\/prazo-para-inscricoes-no-sisu-esta-acabando\/","title":{"rendered":"Prazo para inscri\u00e7\u00f5es no Sisu est\u00e1 acabando"},"content":{"rendered":"<p>Termina \u00e0s 23 horas e 59 minutos desta quinta-feira (23) o prazo para as inscri\u00e7\u00f5es no processo seletivo do Sistema de Sele\u00e7\u00e3o Unificada (Sisu) do segundo semestre de 2021. Para participar do certame, os interessados devem acessar o Portal \u00danico de Acesso ao Ensino Superior.<\/p>\n<p>A previs\u00e3o \u00e9 de que o resultado seja divulgado no dia 27 de junho. A classifica\u00e7\u00e3o dos estudantes tem por base a nota obtida na edi\u00e7\u00e3o de 2022 do Exame Nacional do Ensino M\u00e9dio (Enem). As matr\u00edculas devem ser feitas de 29 de junho a 4 de julho.<\/p>\n<p>O Sisu \u00e9 o programa do Minist\u00e9rio da Educa\u00e7\u00e3o (MEC) que re\u00fane as vagas oferecidas por institui\u00e7\u00f5es p\u00fablicas de ensino superior de todo o Brasil, sendo a maioria delas ofertada por institui\u00e7\u00f5es federais &#8211; universidades e institutos.<\/p>\n<p>As vagas s\u00e3o abertas semestralmente por meio de um sistema informatizado que executa a sele\u00e7\u00e3o dos estudantes com base na nota do Enem, de acordo com as escolhas dos candidatos inscritos. Para isso, o candidato n\u00e3o pode ter tirado zero na reda\u00e7\u00e3o.<\/p>\n<p><strong>Processo seletivo<\/strong><br \/>\nO estudante pode escolher at\u00e9 duas op\u00e7\u00f5es de curso em cada processo seletivo do Sisu. \u00c9 poss\u00edvel alterar as op\u00e7\u00f5es durante o per\u00edodo de inscri\u00e7\u00e3o, sendo que ter\u00e1 validade apenas a \u00faltima delas.<\/p>\n<p>Quem n\u00e3o for selecionado nas duas op\u00e7\u00f5es ainda pode disputar uma das vagas por meio da lista de espera. Para isso, \u00e9 preciso manifestar interesse em entrar na lista no per\u00edodo de 27 de julho a 4 de julho. A convoca\u00e7\u00e3o dos candidatos ser\u00e1 feita pelas institui\u00e7\u00f5es a partir de 10 de julho.<\/p>\n<p>As vagas ofertadas s\u00e3o distribu\u00eddas conforme a Lei de Cotas (Lei n\u00ba 12.711\/2012). As institui\u00e7\u00f5es federais de educa\u00e7\u00e3o superior vinculadas ao MEC devem reservar, no m\u00ednimo, 50% das vagas para estudantes que tenham cursado integralmente o ensino m\u00e9dio em escolas p\u00fablicas. Metade das vagas s\u00e3o reservadas para estudantes oriundos de fam\u00edlias com renda igual ou inferior a 1,5 sal\u00e1rio m\u00ednimo per capita (renda por cabe\u00e7a).<\/p>\n<p>As institui\u00e7\u00f5es podem adotar as pr\u00f3prias pol\u00edticas e a\u00e7\u00f5es, como vagas reservadas e aplica\u00e7\u00e3o de b\u00f4nus sobre a nota do candidato que atenda ao perfil indicado pela institui\u00e7\u00e3o. De acordo com as especifica\u00e7\u00f5es da institui\u00e7\u00e3o, o Sisu faz o c\u00e1lculo automaticamente e gera nova nota.<\/p>\n","protected":false},"excerpt":{"rendered":"<p>Termina \u00e0s 23 horas e 59 minutos desta quinta-feira (23) o prazo para as inscri\u00e7\u00f5es no processo seletivo do Sistema de Sele\u00e7\u00e3o Unificada (Sisu) do segundo semestre de 2021. Para participar do certame, os interessados devem acessar o Portal \u00danico de Acesso ao Ensino Superior. A previs\u00e3o \u00e9 de que o resultado seja divulgado no [&hellip;]<\/p>\n","protected":false},"author":2,"featured_media":307399,"comment_status":"closed","ping_status":"closed","sticky":false,"template":"","format":"standard","meta":{"_acf_changed":false,"footnotes":""},"categories":[161],"tags":[],"class_list":["post-307398","post","type-post","status-publish","format-standard","has-post-thumbnail","hentry","category-quadradinho-em-foco"],"acf":[],"yoast_head":"<!-- This site is optimized with the Yoast SEO plugin v27.2 - https:\/\/yoast.com\/product\/yoast-seo-wordpress\/ -->\n<title>Prazo para inscri\u00e7\u00f5es no Sisu est\u00e1 acabando - Notibras<\/title>\n<meta name=\"robots\" content=\"index, follow, max-snippet:-1, max-image-preview:large, max-video-preview:-1\" \/>\n<link rel=\"canonical\" href=\"https:\/\/www.notibras.com\/site\/prazo-para-inscricoes-no-sisu-esta-acabando\/\" \/>\n<meta property=\"og:locale\" content=\"pt_BR\" \/>\n<meta property=\"og:type\" content=\"article\" \/>\n<meta property=\"og:title\" content=\"Prazo para inscri\u00e7\u00f5es no Sisu est\u00e1 acabando - Notibras\" \/>\n<meta property=\"og:description\" content=\"Termina \u00e0s 23 horas e 59 minutos desta quinta-feira (23) o prazo para as inscri\u00e7\u00f5es no processo seletivo do Sistema de Sele\u00e7\u00e3o Unificada (Sisu) do segundo semestre de 2021. Para participar do certame, os interessados devem acessar o Portal \u00danico de Acesso ao Ensino Superior. A previs\u00e3o \u00e9 de que o resultado seja divulgado no [&hellip;]\" \/>\n<meta property=\"og:url\" content=\"https:\/\/www.notibras.com\/site\/prazo-para-inscricoes-no-sisu-esta-acabando\/\" \/>\n<meta property=\"og:site_name\" content=\"Notibras\" \/>\n<meta property=\"article:publisher\" content=\"https:\/\/www.facebook.com\/notibras\/\" \/>\n<meta property=\"article:published_time\" content=\"2023-06-22T13:12:40+00:00\" \/>\n<meta property=\"article:modified_time\" content=\"2023-06-22T14:14:58+00:00\" \/>\n<meta property=\"og:image\" content=\"https:\/\/www.notibras.com\/site\/wp-content\/uploads\/2023\/06\/unb2-1.jpg\" \/>\n\t<meta property=\"og:image:width\" content=\"1170\" \/>\n\t<meta property=\"og:image:height\" content=\"700\" \/>\n\t<meta property=\"og:image:type\" content=\"image\/jpeg\" \/>\n<meta name=\"author\" content=\"Reda\u00e7\u00e3o\" \/>\n<meta name=\"twitter:card\" content=\"summary_large_image\" \/>\n<meta name=\"twitter:creator\" content=\"@Notibras\" \/>\n<meta name=\"twitter:site\" content=\"@Notibras\" \/>\n<meta name=\"twitter:label1\" content=\"Escrito por\" \/>\n\t<meta name=\"twitter:data1\" content=\"Reda\u00e7\u00e3o\" \/>\n\t<meta name=\"twitter:label2\" content=\"Est. tempo de leitura\" \/>\n\t<meta name=\"twitter:data2\" content=\"3 minutos\" \/>\n<script type=\"application\/ld+json\" class=\"yoast-schema-graph\">{\"@context\":\"https:\/\/schema.org\",\"@graph\":[{\"@type\":\"Article\",\"@id\":\"https:\/\/www.notibras.com\/site\/prazo-para-inscricoes-no-sisu-esta-acabando\/#article\",\"isPartOf\":{\"@id\":\"https:\/\/www.notibras.com\/site\/prazo-para-inscricoes-no-sisu-esta-acabando\/\"},\"author\":{\"name\":\"Reda\u00e7\u00e3o\",\"@id\":\"https:\/\/www.notibras.com\/site\/#\/schema\/person\/36ab0979449956132d3e5b517ea76ac8\"},\"headline\":\"Prazo para inscri\u00e7\u00f5es no Sisu est\u00e1 acabando\",\"datePublished\":\"2023-06-22T13:12:40+00:00\",\"dateModified\":\"2023-06-22T14:14:58+00:00\",\"mainEntityOfPage\":{\"@id\":\"https:\/\/www.notibras.com\/site\/prazo-para-inscricoes-no-sisu-esta-acabando\/\"},\"wordCount\":409,\"publisher\":{\"@id\":\"https:\/\/www.notibras.com\/site\/#organization\"},\"image\":{\"@id\":\"https:\/\/www.notibras.com\/site\/prazo-para-inscricoes-no-sisu-esta-acabando\/#primaryimage\"},\"thumbnailUrl\":\"https:\/\/www.notibras.com\/site\/wp-content\/uploads\/2023\/06\/unb2-1.jpg\",\"articleSection\":[\"Quadradinho em Foco\"],\"inLanguage\":\"pt-BR\"},{\"@type\":\"WebPage\",\"@id\":\"https:\/\/www.notibras.com\/site\/prazo-para-inscricoes-no-sisu-esta-acabando\/\",\"url\":\"https:\/\/www.notibras.com\/site\/prazo-para-inscricoes-no-sisu-esta-acabando\/\",\"name\":\"Prazo para inscri\u00e7\u00f5es no Sisu est\u00e1 acabando - Notibras\",\"isPartOf\":{\"@id\":\"https:\/\/www.notibras.com\/site\/#website\"},\"primaryImageOfPage\":{\"@id\":\"https:\/\/www.notibras.com\/site\/prazo-para-inscricoes-no-sisu-esta-acabando\/#primaryimage\"},\"image\":{\"@id\":\"https:\/\/www.notibras.com\/site\/prazo-para-inscricoes-no-sisu-esta-acabando\/#primaryimage\"},\"thumbnailUrl\":\"https:\/\/www.notibras.com\/site\/wp-content\/uploads\/2023\/06\/unb2-1.jpg\",\"datePublished\":\"2023-06-22T13:12:40+00:00\",\"dateModified\":\"2023-06-22T14:14:58+00:00\",\"breadcrumb\":{\"@id\":\"https:\/\/www.notibras.com\/site\/prazo-para-inscricoes-no-sisu-esta-acabando\/#breadcrumb\"},\"inLanguage\":\"pt-BR\",\"potentialAction\":[{\"@type\":\"ReadAction\",\"target\":[\"https:\/\/www.notibras.com\/site\/prazo-para-inscricoes-no-sisu-esta-acabando\/\"]}]},{\"@type\":\"ImageObject\",\"inLanguage\":\"pt-BR\",\"@id\":\"https:\/\/www.notibras.com\/site\/prazo-para-inscricoes-no-sisu-esta-acabando\/#primaryimage\",\"url\":\"https:\/\/www.notibras.com\/site\/wp-content\/uploads\/2023\/06\/unb2-1.jpg\",\"contentUrl\":\"https:\/\/www.notibras.com\/site\/wp-content\/uploads\/2023\/06\/unb2-1.jpg\",\"width\":1170,\"height\":700},{\"@type\":\"BreadcrumbList\",\"@id\":\"https:\/\/www.notibras.com\/site\/prazo-para-inscricoes-no-sisu-esta-acabando\/#breadcrumb\",\"itemListElement\":[{\"@type\":\"ListItem\",\"position\":1,\"name\":\"In\u00edcio\",\"item\":\"https:\/\/www.notibras.com\/site\/\"},{\"@type\":\"ListItem\",\"position\":2,\"name\":\"Prazo para inscri\u00e7\u00f5es no Sisu est\u00e1 acabando\"}]},{\"@type\":\"WebSite\",\"@id\":\"https:\/\/www.notibras.com\/site\/#website\",\"url\":\"https:\/\/www.notibras.com\/site\/\",\"name\":\"Notibras\",\"description\":\"Not\u00edcias de Bras\u00edlia, do Brasil e do Mundo\",\"publisher\":{\"@id\":\"https:\/\/www.notibras.com\/site\/#organization\"},\"potentialAction\":[{\"@type\":\"SearchAction\",\"target\":{\"@type\":\"EntryPoint\",\"urlTemplate\":\"https:\/\/www.notibras.com\/site\/?s={search_term_string}\"},\"query-input\":{\"@type\":\"PropertyValueSpecification\",\"valueRequired\":true,\"valueName\":\"search_term_string\"}}],\"inLanguage\":\"pt-BR\"},{\"@type\":\"Organization\",\"@id\":\"https:\/\/www.notibras.com\/site\/#organization\",\"name\":\"Grupo Notibras de Comunica\u00e7\u00e3o\",\"url\":\"https:\/\/www.notibras.com\/site\/\",\"logo\":{\"@type\":\"ImageObject\",\"inLanguage\":\"pt-BR\",\"@id\":\"https:\/\/www.notibras.com\/site\/#\/schema\/logo\/image\/\",\"url\":\"https:\/\/www.notibras.com\/site\/wp-content\/uploads\/2023\/01\/notibras23.png\",\"contentUrl\":\"https:\/\/www.notibras.com\/site\/wp-content\/uploads\/2023\/01\/notibras23.png\",\"width\":350,\"height\":87,\"caption\":\"Grupo Notibras de Comunica\u00e7\u00e3o\"},\"image\":{\"@id\":\"https:\/\/www.notibras.com\/site\/#\/schema\/logo\/image\/\"},\"sameAs\":[\"https:\/\/www.facebook.com\/notibras\/\",\"https:\/\/x.com\/Notibras\",\"https:\/\/www.instagram.com\/notibras\/\"]},{\"@type\":\"Person\",\"@id\":\"https:\/\/www.notibras.com\/site\/#\/schema\/person\/36ab0979449956132d3e5b517ea76ac8\",\"name\":\"Reda\u00e7\u00e3o\",\"image\":{\"@type\":\"ImageObject\",\"inLanguage\":\"pt-BR\",\"@id\":\"https:\/\/secure.gravatar.com\/avatar\/e0a867bdedb85fd243eadf09663511f96fc81e0720a4a42581f334ad4303aa6b?s=96&d=mm&r=g\",\"url\":\"https:\/\/secure.gravatar.com\/avatar\/e0a867bdedb85fd243eadf09663511f96fc81e0720a4a42581f334ad4303aa6b?s=96&d=mm&r=g\",\"contentUrl\":\"https:\/\/secure.gravatar.com\/avatar\/e0a867bdedb85fd243eadf09663511f96fc81e0720a4a42581f334ad4303aa6b?s=96&d=mm&r=g\",\"caption\":\"Reda\u00e7\u00e3o\"}}]}<\/script>\n<!-- \/ Yoast SEO plugin. -->","yoast_head_json":{"title":"Prazo para inscri\u00e7\u00f5es no Sisu est\u00e1 acabando - Notibras","robots":{"index":"index","follow":"follow","max-snippet":"max-snippet:-1","max-image-preview":"max-image-preview:large","max-video-preview":"max-video-preview:-1"},"canonical":"https:\/\/www.notibras.com\/site\/prazo-para-inscricoes-no-sisu-esta-acabando\/","og_locale":"pt_BR","og_type":"article","og_title":"Prazo para inscri\u00e7\u00f5es no Sisu est\u00e1 acabando - Notibras","og_description":"Termina \u00e0s 23 horas e 59 minutos desta quinta-feira (23) o prazo para as inscri\u00e7\u00f5es no processo seletivo do Sistema de Sele\u00e7\u00e3o Unificada (Sisu) do segundo semestre de 2021. Para participar do certame, os interessados devem acessar o Portal \u00danico de Acesso ao Ensino Superior. A previs\u00e3o \u00e9 de que o resultado seja divulgado no [&hellip;]","og_url":"https:\/\/www.notibras.com\/site\/prazo-para-inscricoes-no-sisu-esta-acabando\/","og_site_name":"Notibras","article_publisher":"https:\/\/www.facebook.com\/notibras\/","article_published_time":"2023-06-22T13:12:40+00:00","article_modified_time":"2023-06-22T14:14:58+00:00","og_image":[{"width":1170,"height":700,"url":"https:\/\/www.notibras.com\/site\/wp-content\/uploads\/2023\/06\/unb2-1.jpg","type":"image\/jpeg"}],"author":"Reda\u00e7\u00e3o","twitter_card":"summary_large_image","twitter_creator":"@Notibras","twitter_site":"@Notibras","twitter_misc":{"Escrito por":"Reda\u00e7\u00e3o","Est. tempo de leitura":"3 minutos"},"schema":{"@context":"https:\/\/schema.org","@graph":[{"@type":"Article","@id":"https:\/\/www.notibras.com\/site\/prazo-para-inscricoes-no-sisu-esta-acabando\/#article","isPartOf":{"@id":"https:\/\/www.notibras.com\/site\/prazo-para-inscricoes-no-sisu-esta-acabando\/"},"author":{"name":"Reda\u00e7\u00e3o","@id":"https:\/\/www.notibras.com\/site\/#\/schema\/person\/36ab0979449956132d3e5b517ea76ac8"},"headline":"Prazo para inscri\u00e7\u00f5es no Sisu est\u00e1 acabando","datePublished":"2023-06-22T13:12:40+00:00","dateModified":"2023-06-22T14:14:58+00:00","mainEntityOfPage":{"@id":"https:\/\/www.notibras.com\/site\/prazo-para-inscricoes-no-sisu-esta-acabando\/"},"wordCount":409,"publisher":{"@id":"https:\/\/www.notibras.com\/site\/#organization"},"image":{"@id":"https:\/\/www.notibras.com\/site\/prazo-para-inscricoes-no-sisu-esta-acabando\/#primaryimage"},"thumbnailUrl":"https:\/\/www.notibras.com\/site\/wp-content\/uploads\/2023\/06\/unb2-1.jpg","articleSection":["Quadradinho em Foco"],"inLanguage":"pt-BR"},{"@type":"WebPage","@id":"https:\/\/www.notibras.com\/site\/prazo-para-inscricoes-no-sisu-esta-acabando\/","url":"https:\/\/www.notibras.com\/site\/prazo-para-inscricoes-no-sisu-esta-acabando\/","name":"Prazo para inscri\u00e7\u00f5es no Sisu est\u00e1 acabando - Notibras","isPartOf":{"@id":"https:\/\/www.notibras.com\/site\/#website"},"primaryImageOfPage":{"@id":"https:\/\/www.notibras.com\/site\/prazo-para-inscricoes-no-sisu-esta-acabando\/#primaryimage"},"image":{"@id":"https:\/\/www.notibras.com\/site\/prazo-para-inscricoes-no-sisu-esta-acabando\/#primaryimage"},"thumbnailUrl":"https:\/\/www.notibras.com\/site\/wp-content\/uploads\/2023\/06\/unb2-1.jpg","datePublished":"2023-06-22T13:12:40+00:00","dateModified":"2023-06-22T14:14:58+00:00","breadcrumb":{"@id":"https:\/\/www.notibras.com\/site\/prazo-para-inscricoes-no-sisu-esta-acabando\/#breadcrumb"},"inLanguage":"pt-BR","potentialAction":[{"@type":"ReadAction","target":["https:\/\/www.notibras.com\/site\/prazo-para-inscricoes-no-sisu-esta-acabando\/"]}]},{"@type":"ImageObject","inLanguage":"pt-BR","@id":"https:\/\/www.notibras.com\/site\/prazo-para-inscricoes-no-sisu-esta-acabando\/#primaryimage","url":"https:\/\/www.notibras.com\/site\/wp-content\/uploads\/2023\/06\/unb2-1.jpg","contentUrl":"https:\/\/www.notibras.com\/site\/wp-content\/uploads\/2023\/06\/unb2-1.jpg","width":1170,"height":700},{"@type":"BreadcrumbList","@id":"https:\/\/www.notibras.com\/site\/prazo-para-inscricoes-no-sisu-esta-acabando\/#breadcrumb","itemListElement":[{"@type":"ListItem","position":1,"name":"In\u00edcio","item":"https:\/\/www.notibras.com\/site\/"},{"@type":"ListItem","position":2,"name":"Prazo para inscri\u00e7\u00f5es no Sisu est\u00e1 acabando"}]},{"@type":"WebSite","@id":"https:\/\/www.notibras.com\/site\/#website","url":"https:\/\/www.notibras.com\/site\/","name":"Notibras","description":"Not\u00edcias de Bras\u00edlia, do Brasil e do Mundo","publisher":{"@id":"https:\/\/www.notibras.com\/site\/#organization"},"potentialAction":[{"@type":"SearchAction","target":{"@type":"EntryPoint","urlTemplate":"https:\/\/www.notibras.com\/site\/?s={search_term_string}"},"query-input":{"@type":"PropertyValueSpecification","valueRequired":true,"valueName":"search_term_string"}}],"inLanguage":"pt-BR"},{"@type":"Organization","@id":"https:\/\/www.notibras.com\/site\/#organization","name":"Grupo Notibras de Comunica\u00e7\u00e3o","url":"https:\/\/www.notibras.com\/site\/","logo":{"@type":"ImageObject","inLanguage":"pt-BR","@id":"https:\/\/www.notibras.com\/site\/#\/schema\/logo\/image\/","url":"https:\/\/www.notibras.com\/site\/wp-content\/uploads\/2023\/01\/notibras23.png","contentUrl":"https:\/\/www.notibras.com\/site\/wp-content\/uploads\/2023\/01\/notibras23.png","width":350,"height":87,"caption":"Grupo Notibras de Comunica\u00e7\u00e3o"},"image":{"@id":"https:\/\/www.notibras.com\/site\/#\/schema\/logo\/image\/"},"sameAs":["https:\/\/www.facebook.com\/notibras\/","https:\/\/x.com\/Notibras","https:\/\/www.instagram.com\/notibras\/"]},{"@type":"Person","@id":"https:\/\/www.notibras.com\/site\/#\/schema\/person\/36ab0979449956132d3e5b517ea76ac8","name":"Reda\u00e7\u00e3o","image":{"@type":"ImageObject","inLanguage":"pt-BR","@id":"https:\/\/secure.gravatar.com\/avatar\/e0a867bdedb85fd243eadf09663511f96fc81e0720a4a42581f334ad4303aa6b?s=96&d=mm&r=g","url":"https:\/\/secure.gravatar.com\/avatar\/e0a867bdedb85fd243eadf09663511f96fc81e0720a4a42581f334ad4303aa6b?s=96&d=mm&r=g","contentUrl":"https:\/\/secure.gravatar.com\/avatar\/e0a867bdedb85fd243eadf09663511f96fc81e0720a4a42581f334ad4303aa6b?s=96&d=mm&r=g","caption":"Reda\u00e7\u00e3o"}}]}},"amp_enabled":true,"_links":{"self":[{"href":"https:\/\/www.notibras.com\/site\/wp-json\/wp\/v2\/posts\/307398","targetHints":{"allow":["GET"]}}],"collection":[{"href":"https:\/\/www.notibras.com\/site\/wp-json\/wp\/v2\/posts"}],"about":[{"href":"https:\/\/www.notibras.com\/site\/wp-json\/wp\/v2\/types\/post"}],"author":[{"embeddable":true,"href":"https:\/\/www.notibras.com\/site\/wp-json\/wp\/v2\/users\/2"}],"replies":[{"embeddable":true,"href":"https:\/\/www.notibras.com\/site\/wp-json\/wp\/v2\/comments?post=307398"}],"version-history":[{"count":1,"href":"https:\/\/www.notibras.com\/site\/wp-json\/wp\/v2\/posts\/307398\/revisions"}],"predecessor-version":[{"id":307400,"href":"https:\/\/www.notibras.com\/site\/wp-json\/wp\/v2\/posts\/307398\/revisions\/307400"}],"wp:featuredmedia":[{"embeddable":true,"href":"https:\/\/www.notibras.com\/site\/wp-json\/wp\/v2\/media\/307399"}],"wp:attachment":[{"href":"https:\/\/www.notibras.com\/site\/wp-json\/wp\/v2\/media?parent=307398"}],"wp:term":[{"taxonomy":"category","embeddable":true,"href":"https:\/\/www.notibras.com\/site\/wp-json\/wp\/v2\/categories?post=307398"},{"taxonomy":"post_tag","embeddable":true,"href":"https:\/\/www.notibras.com\/site\/wp-json\/wp\/v2\/tags?post=307398"}],"curies":[{"name":"wp","href":"https:\/\/api.w.org\/{rel}","templated":true}]}}