{"id":307401,"date":"2023-06-22T11:47:17","date_gmt":"2023-06-22T14:47:17","guid":{"rendered":"https:\/\/www.notibras.com\/site\/?p=307401"},"modified":"2023-06-22T11:47:39","modified_gmt":"2023-06-22T14:47:39","slug":"suspeito-fica-em-casa-e-plano-de-resgate-e-adiado","status":"publish","type":"post","link":"https:\/\/www.notibras.com\/site\/suspeito-fica-em-casa-e-plano-de-resgate-e-adiado\/","title":{"rendered":"Suspeito fica em casa e plano de resgate \u00e9 adiado"},"content":{"rendered":"<p>Ap\u00f3s o almo\u00e7o, a gurizada foi saindo de casa. Primeiro foram as g\u00eameas Ana Maria e Mariana, depois a Jujuba, a Ta\u00eds, a Gabriela, o Diogo, a Amanda, enfim, todos, menos um, o Iago. Bem, o Iago demorou porque ele \u00e9 meio guloso. Tamb\u00e9m, naquele dia tinha feijoada e o Iago adora comer o feij\u00e3o da sua av\u00f3. Ali\u00e1s, o Iago come de tudo, dizem que at\u00e9 sopa de pedra!<\/p>\n<p>Depois de esperar pelo amiguinho guloso, a crian\u00e7ada finalmente viu surgir o Iago, que vinha co\u00e7ando a barriga de satisfa\u00e7\u00e3o.<\/p>\n<p>&#8211; Ah, que feijoada deliciosa!, disse o glut\u00e3o.<\/p>\n<p>&#8211; Puxa, at\u00e9 que enfim voc\u00ea apareceu, Iago, protestou a Gabi.<\/p>\n<p>&#8211; \u00c9 mesmo, Iago. A gente s\u00f3 estava esperando voc\u00ea pra come\u00e7ar a reuni\u00e3o, disse a Jujuba.<\/p>\n<p>Ent\u00e3o, a reuni\u00e3o teve in\u00edcio com as palavras da Gabriela.<\/p>\n<p>&#8211; Amiguinhos e amiguinhas, debaixo desta linda castanheira digo que a reuni\u00e3o comece. A pauta \u00e9 o salvamento dos nossos amiguinhos gatinhos, disse a mandona.<\/p>\n<p>A Mariana levantou a m\u00e3o para falar. A Gabriela olhou para ela e falou para todos prestarem aten\u00e7\u00e3o nas palavras da colega.<\/p>\n<p>&#8211; Meus amiguinhos, minha irm\u00e3 e eu tivemos uma ideia para salvar os gatinhos. Olha, um de n\u00f3s vai ficar vigiando a casa do Ubaldo Canastra. Quando ele sair, a gente pula o muro e entra na casa dele. A\u00ed, a gente pega os nossos amiguinhos e fugimos, disse a Mariana.<\/p>\n<p>&#8211; Boa!, concordou a Jujuba.<\/p>\n<p>&#8211; Mas e se ele aparecer de repente?, quis saber o Diogo.<\/p>\n<p>&#8211; Bem, \u00e9 s\u00f3 deixar algu\u00e9m vigiando a rua. Quando o Ubaldo Canastra aparecer, quem ficar de vigia avisa os que entrarem na casa, explicou a Mariana.<\/p>\n<p>&#8211; Legal!, disse a Jujuba.<\/p>\n<p>&#8211; \u00c9, acho que o plano das g\u00eameas vai funcionar, concordou a Ta\u00eds.<\/p>\n<p>Ent\u00e3o, a Gabriela perguntou se todos estavam de acordo com o plano, e ningu\u00e9m foi contra. A mandona continuou a falar.<\/p>\n<p>&#8211; Iago, voc\u00ea vai ficar vigiando a casa do Ubaldo Canastra. Assim que ele sair, voc\u00ea avisa a gente.<\/p>\n<p>&#8211; Puxa, tudo eu, tudo eu, resmungou o Iago.<\/p>\n<p>&#8211; E quem vai entrar na casa?, perguntou a Amanda.<\/p>\n<p>&#8211; Eu, a Aninha, a Mariana, a Jujuba e a Ta\u00eds, respondeu a Gabriela.<\/p>\n<p>E assim ficou acertado o plano de resgate dos quatro gatinhos. Mas como o dia foi passando e nada do Ubaldo Canastra sair de casa, a garotada resolveu brincar de queimado. E o tempo foi passando, passando, at\u00e9 que as mam\u00e3es, os papais, as av\u00f3s, os av\u00f4s, as titias e os titios foram chamando a crian\u00e7ada para entrar. Brincadeira s\u00f3 no outro dia!<\/p>\n<p><strong>*O V e \u00faltimo cap\u00edtulo ser\u00e1 publicado na sexta, 23<\/strong><\/p>\n<p>&nbsp;<\/p>\n","protected":false},"excerpt":{"rendered":"<p>Ap\u00f3s o almo\u00e7o, a gurizada foi saindo de casa. Primeiro foram as g\u00eameas Ana Maria e Mariana, depois a Jujuba, a Ta\u00eds, a Gabriela, o Diogo, a Amanda, enfim, todos, menos um, o Iago. Bem, o Iago demorou porque ele \u00e9 meio guloso. Tamb\u00e9m, naquele dia tinha feijoada e o Iago adora comer o feij\u00e3o [&hellip;]<\/p>\n","protected":false},"author":2,"featured_media":307402,"comment_status":"closed","ping_status":"closed","sticky":false,"template":"","format":"standard","meta":{"_acf_changed":false,"footnotes":""},"categories":[161],"tags":[],"class_list":["post-307401","post","type-post","status-publish","format-standard","has-post-thumbnail","hentry","category-quadradinho-em-foco"],"acf":[],"yoast_head":"<!-- This site is optimized with the Yoast SEO plugin v27.2 - https:\/\/yoast.com\/product\/yoast-seo-wordpress\/ -->\n<title>Suspeito fica em casa e plano de resgate \u00e9 adiado - Notibras<\/title>\n<meta name=\"robots\" content=\"index, follow, max-snippet:-1, max-image-preview:large, max-video-preview:-1\" \/>\n<link rel=\"canonical\" href=\"https:\/\/www.notibras.com\/site\/suspeito-fica-em-casa-e-plano-de-resgate-e-adiado\/\" \/>\n<meta property=\"og:locale\" content=\"pt_BR\" \/>\n<meta property=\"og:type\" content=\"article\" \/>\n<meta property=\"og:title\" content=\"Suspeito fica em casa e plano de resgate \u00e9 adiado - Notibras\" \/>\n<meta property=\"og:description\" content=\"Ap\u00f3s o almo\u00e7o, a gurizada foi saindo de casa. Primeiro foram as g\u00eameas Ana Maria e Mariana, depois a Jujuba, a Ta\u00eds, a Gabriela, o Diogo, a Amanda, enfim, todos, menos um, o Iago. Bem, o Iago demorou porque ele \u00e9 meio guloso. Tamb\u00e9m, naquele dia tinha feijoada e o Iago adora comer o feij\u00e3o [&hellip;]\" \/>\n<meta property=\"og:url\" content=\"https:\/\/www.notibras.com\/site\/suspeito-fica-em-casa-e-plano-de-resgate-e-adiado\/\" \/>\n<meta property=\"og:site_name\" content=\"Notibras\" \/>\n<meta property=\"article:publisher\" content=\"https:\/\/www.facebook.com\/notibras\/\" \/>\n<meta property=\"article:published_time\" content=\"2023-06-22T14:47:17+00:00\" \/>\n<meta property=\"article:modified_time\" content=\"2023-06-22T14:47:39+00:00\" \/>\n<meta property=\"og:image\" content=\"https:\/\/www.notibras.com\/site\/wp-content\/uploads\/2023\/06\/solucoes-de-como-impedir-gato-pular-muro.png\" \/>\n\t<meta property=\"og:image:width\" content=\"679\" \/>\n\t<meta property=\"og:image:height\" content=\"445\" \/>\n\t<meta property=\"og:image:type\" content=\"image\/png\" \/>\n<meta name=\"author\" content=\"Reda\u00e7\u00e3o\" \/>\n<meta name=\"twitter:card\" content=\"summary_large_image\" \/>\n<meta name=\"twitter:creator\" content=\"@Notibras\" \/>\n<meta name=\"twitter:site\" content=\"@Notibras\" \/>\n<meta name=\"twitter:label1\" content=\"Escrito por\" \/>\n\t<meta name=\"twitter:data1\" content=\"Reda\u00e7\u00e3o\" \/>\n\t<meta name=\"twitter:label2\" content=\"Est. tempo de leitura\" \/>\n\t<meta name=\"twitter:data2\" content=\"3 minutos\" \/>\n<script type=\"application\/ld+json\" class=\"yoast-schema-graph\">{\"@context\":\"https:\/\/schema.org\",\"@graph\":[{\"@type\":\"Article\",\"@id\":\"https:\/\/www.notibras.com\/site\/suspeito-fica-em-casa-e-plano-de-resgate-e-adiado\/#article\",\"isPartOf\":{\"@id\":\"https:\/\/www.notibras.com\/site\/suspeito-fica-em-casa-e-plano-de-resgate-e-adiado\/\"},\"author\":{\"name\":\"Reda\u00e7\u00e3o\",\"@id\":\"https:\/\/www.notibras.com\/site\/#\/schema\/person\/36ab0979449956132d3e5b517ea76ac8\"},\"headline\":\"Suspeito fica em casa e plano de resgate \u00e9 adiado\",\"datePublished\":\"2023-06-22T14:47:17+00:00\",\"dateModified\":\"2023-06-22T14:47:39+00:00\",\"mainEntityOfPage\":{\"@id\":\"https:\/\/www.notibras.com\/site\/suspeito-fica-em-casa-e-plano-de-resgate-e-adiado\/\"},\"wordCount\":477,\"publisher\":{\"@id\":\"https:\/\/www.notibras.com\/site\/#organization\"},\"image\":{\"@id\":\"https:\/\/www.notibras.com\/site\/suspeito-fica-em-casa-e-plano-de-resgate-e-adiado\/#primaryimage\"},\"thumbnailUrl\":\"https:\/\/www.notibras.com\/site\/wp-content\/uploads\/2023\/06\/solucoes-de-como-impedir-gato-pular-muro.png\",\"articleSection\":[\"Quadradinho em Foco\"],\"inLanguage\":\"pt-BR\"},{\"@type\":\"WebPage\",\"@id\":\"https:\/\/www.notibras.com\/site\/suspeito-fica-em-casa-e-plano-de-resgate-e-adiado\/\",\"url\":\"https:\/\/www.notibras.com\/site\/suspeito-fica-em-casa-e-plano-de-resgate-e-adiado\/\",\"name\":\"Suspeito fica em casa e plano de resgate \u00e9 adiado - Notibras\",\"isPartOf\":{\"@id\":\"https:\/\/www.notibras.com\/site\/#website\"},\"primaryImageOfPage\":{\"@id\":\"https:\/\/www.notibras.com\/site\/suspeito-fica-em-casa-e-plano-de-resgate-e-adiado\/#primaryimage\"},\"image\":{\"@id\":\"https:\/\/www.notibras.com\/site\/suspeito-fica-em-casa-e-plano-de-resgate-e-adiado\/#primaryimage\"},\"thumbnailUrl\":\"https:\/\/www.notibras.com\/site\/wp-content\/uploads\/2023\/06\/solucoes-de-como-impedir-gato-pular-muro.png\",\"datePublished\":\"2023-06-22T14:47:17+00:00\",\"dateModified\":\"2023-06-22T14:47:39+00:00\",\"breadcrumb\":{\"@id\":\"https:\/\/www.notibras.com\/site\/suspeito-fica-em-casa-e-plano-de-resgate-e-adiado\/#breadcrumb\"},\"inLanguage\":\"pt-BR\",\"potentialAction\":[{\"@type\":\"ReadAction\",\"target\":[\"https:\/\/www.notibras.com\/site\/suspeito-fica-em-casa-e-plano-de-resgate-e-adiado\/\"]}]},{\"@type\":\"ImageObject\",\"inLanguage\":\"pt-BR\",\"@id\":\"https:\/\/www.notibras.com\/site\/suspeito-fica-em-casa-e-plano-de-resgate-e-adiado\/#primaryimage\",\"url\":\"https:\/\/www.notibras.com\/site\/wp-content\/uploads\/2023\/06\/solucoes-de-como-impedir-gato-pular-muro.png\",\"contentUrl\":\"https:\/\/www.notibras.com\/site\/wp-content\/uploads\/2023\/06\/solucoes-de-como-impedir-gato-pular-muro.png\",\"width\":679,\"height\":445},{\"@type\":\"BreadcrumbList\",\"@id\":\"https:\/\/www.notibras.com\/site\/suspeito-fica-em-casa-e-plano-de-resgate-e-adiado\/#breadcrumb\",\"itemListElement\":[{\"@type\":\"ListItem\",\"position\":1,\"name\":\"In\u00edcio\",\"item\":\"https:\/\/www.notibras.com\/site\/\"},{\"@type\":\"ListItem\",\"position\":2,\"name\":\"Suspeito fica em casa e plano de resgate \u00e9 adiado\"}]},{\"@type\":\"WebSite\",\"@id\":\"https:\/\/www.notibras.com\/site\/#website\",\"url\":\"https:\/\/www.notibras.com\/site\/\",\"name\":\"Notibras\",\"description\":\"Not\u00edcias de Bras\u00edlia, do Brasil e do Mundo\",\"publisher\":{\"@id\":\"https:\/\/www.notibras.com\/site\/#organization\"},\"potentialAction\":[{\"@type\":\"SearchAction\",\"target\":{\"@type\":\"EntryPoint\",\"urlTemplate\":\"https:\/\/www.notibras.com\/site\/?s={search_term_string}\"},\"query-input\":{\"@type\":\"PropertyValueSpecification\",\"valueRequired\":true,\"valueName\":\"search_term_string\"}}],\"inLanguage\":\"pt-BR\"},{\"@type\":\"Organization\",\"@id\":\"https:\/\/www.notibras.com\/site\/#organization\",\"name\":\"Grupo Notibras de Comunica\u00e7\u00e3o\",\"url\":\"https:\/\/www.notibras.com\/site\/\",\"logo\":{\"@type\":\"ImageObject\",\"inLanguage\":\"pt-BR\",\"@id\":\"https:\/\/www.notibras.com\/site\/#\/schema\/logo\/image\/\",\"url\":\"https:\/\/www.notibras.com\/site\/wp-content\/uploads\/2023\/01\/notibras23.png\",\"contentUrl\":\"https:\/\/www.notibras.com\/site\/wp-content\/uploads\/2023\/01\/notibras23.png\",\"width\":350,\"height\":87,\"caption\":\"Grupo Notibras de Comunica\u00e7\u00e3o\"},\"image\":{\"@id\":\"https:\/\/www.notibras.com\/site\/#\/schema\/logo\/image\/\"},\"sameAs\":[\"https:\/\/www.facebook.com\/notibras\/\",\"https:\/\/x.com\/Notibras\",\"https:\/\/www.instagram.com\/notibras\/\"]},{\"@type\":\"Person\",\"@id\":\"https:\/\/www.notibras.com\/site\/#\/schema\/person\/36ab0979449956132d3e5b517ea76ac8\",\"name\":\"Reda\u00e7\u00e3o\",\"image\":{\"@type\":\"ImageObject\",\"inLanguage\":\"pt-BR\",\"@id\":\"https:\/\/secure.gravatar.com\/avatar\/e0a867bdedb85fd243eadf09663511f96fc81e0720a4a42581f334ad4303aa6b?s=96&d=mm&r=g\",\"url\":\"https:\/\/secure.gravatar.com\/avatar\/e0a867bdedb85fd243eadf09663511f96fc81e0720a4a42581f334ad4303aa6b?s=96&d=mm&r=g\",\"contentUrl\":\"https:\/\/secure.gravatar.com\/avatar\/e0a867bdedb85fd243eadf09663511f96fc81e0720a4a42581f334ad4303aa6b?s=96&d=mm&r=g\",\"caption\":\"Reda\u00e7\u00e3o\"}}]}<\/script>\n<!-- \/ Yoast SEO plugin. -->","yoast_head_json":{"title":"Suspeito fica em casa e plano de resgate \u00e9 adiado - Notibras","robots":{"index":"index","follow":"follow","max-snippet":"max-snippet:-1","max-image-preview":"max-image-preview:large","max-video-preview":"max-video-preview:-1"},"canonical":"https:\/\/www.notibras.com\/site\/suspeito-fica-em-casa-e-plano-de-resgate-e-adiado\/","og_locale":"pt_BR","og_type":"article","og_title":"Suspeito fica em casa e plano de resgate \u00e9 adiado - Notibras","og_description":"Ap\u00f3s o almo\u00e7o, a gurizada foi saindo de casa. Primeiro foram as g\u00eameas Ana Maria e Mariana, depois a Jujuba, a Ta\u00eds, a Gabriela, o Diogo, a Amanda, enfim, todos, menos um, o Iago. Bem, o Iago demorou porque ele \u00e9 meio guloso. Tamb\u00e9m, naquele dia tinha feijoada e o Iago adora comer o feij\u00e3o [&hellip;]","og_url":"https:\/\/www.notibras.com\/site\/suspeito-fica-em-casa-e-plano-de-resgate-e-adiado\/","og_site_name":"Notibras","article_publisher":"https:\/\/www.facebook.com\/notibras\/","article_published_time":"2023-06-22T14:47:17+00:00","article_modified_time":"2023-06-22T14:47:39+00:00","og_image":[{"width":679,"height":445,"url":"https:\/\/www.notibras.com\/site\/wp-content\/uploads\/2023\/06\/solucoes-de-como-impedir-gato-pular-muro.png","type":"image\/png"}],"author":"Reda\u00e7\u00e3o","twitter_card":"summary_large_image","twitter_creator":"@Notibras","twitter_site":"@Notibras","twitter_misc":{"Escrito por":"Reda\u00e7\u00e3o","Est. tempo de leitura":"3 minutos"},"schema":{"@context":"https:\/\/schema.org","@graph":[{"@type":"Article","@id":"https:\/\/www.notibras.com\/site\/suspeito-fica-em-casa-e-plano-de-resgate-e-adiado\/#article","isPartOf":{"@id":"https:\/\/www.notibras.com\/site\/suspeito-fica-em-casa-e-plano-de-resgate-e-adiado\/"},"author":{"name":"Reda\u00e7\u00e3o","@id":"https:\/\/www.notibras.com\/site\/#\/schema\/person\/36ab0979449956132d3e5b517ea76ac8"},"headline":"Suspeito fica em casa e plano de resgate \u00e9 adiado","datePublished":"2023-06-22T14:47:17+00:00","dateModified":"2023-06-22T14:47:39+00:00","mainEntityOfPage":{"@id":"https:\/\/www.notibras.com\/site\/suspeito-fica-em-casa-e-plano-de-resgate-e-adiado\/"},"wordCount":477,"publisher":{"@id":"https:\/\/www.notibras.com\/site\/#organization"},"image":{"@id":"https:\/\/www.notibras.com\/site\/suspeito-fica-em-casa-e-plano-de-resgate-e-adiado\/#primaryimage"},"thumbnailUrl":"https:\/\/www.notibras.com\/site\/wp-content\/uploads\/2023\/06\/solucoes-de-como-impedir-gato-pular-muro.png","articleSection":["Quadradinho em Foco"],"inLanguage":"pt-BR"},{"@type":"WebPage","@id":"https:\/\/www.notibras.com\/site\/suspeito-fica-em-casa-e-plano-de-resgate-e-adiado\/","url":"https:\/\/www.notibras.com\/site\/suspeito-fica-em-casa-e-plano-de-resgate-e-adiado\/","name":"Suspeito fica em casa e plano de resgate \u00e9 adiado - Notibras","isPartOf":{"@id":"https:\/\/www.notibras.com\/site\/#website"},"primaryImageOfPage":{"@id":"https:\/\/www.notibras.com\/site\/suspeito-fica-em-casa-e-plano-de-resgate-e-adiado\/#primaryimage"},"image":{"@id":"https:\/\/www.notibras.com\/site\/suspeito-fica-em-casa-e-plano-de-resgate-e-adiado\/#primaryimage"},"thumbnailUrl":"https:\/\/www.notibras.com\/site\/wp-content\/uploads\/2023\/06\/solucoes-de-como-impedir-gato-pular-muro.png","datePublished":"2023-06-22T14:47:17+00:00","dateModified":"2023-06-22T14:47:39+00:00","breadcrumb":{"@id":"https:\/\/www.notibras.com\/site\/suspeito-fica-em-casa-e-plano-de-resgate-e-adiado\/#breadcrumb"},"inLanguage":"pt-BR","potentialAction":[{"@type":"ReadAction","target":["https:\/\/www.notibras.com\/site\/suspeito-fica-em-casa-e-plano-de-resgate-e-adiado\/"]}]},{"@type":"ImageObject","inLanguage":"pt-BR","@id":"https:\/\/www.notibras.com\/site\/suspeito-fica-em-casa-e-plano-de-resgate-e-adiado\/#primaryimage","url":"https:\/\/www.notibras.com\/site\/wp-content\/uploads\/2023\/06\/solucoes-de-como-impedir-gato-pular-muro.png","contentUrl":"https:\/\/www.notibras.com\/site\/wp-content\/uploads\/2023\/06\/solucoes-de-como-impedir-gato-pular-muro.png","width":679,"height":445},{"@type":"BreadcrumbList","@id":"https:\/\/www.notibras.com\/site\/suspeito-fica-em-casa-e-plano-de-resgate-e-adiado\/#breadcrumb","itemListElement":[{"@type":"ListItem","position":1,"name":"In\u00edcio","item":"https:\/\/www.notibras.com\/site\/"},{"@type":"ListItem","position":2,"name":"Suspeito fica em casa e plano de resgate \u00e9 adiado"}]},{"@type":"WebSite","@id":"https:\/\/www.notibras.com\/site\/#website","url":"https:\/\/www.notibras.com\/site\/","name":"Notibras","description":"Not\u00edcias de Bras\u00edlia, do Brasil e do Mundo","publisher":{"@id":"https:\/\/www.notibras.com\/site\/#organization"},"potentialAction":[{"@type":"SearchAction","target":{"@type":"EntryPoint","urlTemplate":"https:\/\/www.notibras.com\/site\/?s={search_term_string}"},"query-input":{"@type":"PropertyValueSpecification","valueRequired":true,"valueName":"search_term_string"}}],"inLanguage":"pt-BR"},{"@type":"Organization","@id":"https:\/\/www.notibras.com\/site\/#organization","name":"Grupo Notibras de Comunica\u00e7\u00e3o","url":"https:\/\/www.notibras.com\/site\/","logo":{"@type":"ImageObject","inLanguage":"pt-BR","@id":"https:\/\/www.notibras.com\/site\/#\/schema\/logo\/image\/","url":"https:\/\/www.notibras.com\/site\/wp-content\/uploads\/2023\/01\/notibras23.png","contentUrl":"https:\/\/www.notibras.com\/site\/wp-content\/uploads\/2023\/01\/notibras23.png","width":350,"height":87,"caption":"Grupo Notibras de Comunica\u00e7\u00e3o"},"image":{"@id":"https:\/\/www.notibras.com\/site\/#\/schema\/logo\/image\/"},"sameAs":["https:\/\/www.facebook.com\/notibras\/","https:\/\/x.com\/Notibras","https:\/\/www.instagram.com\/notibras\/"]},{"@type":"Person","@id":"https:\/\/www.notibras.com\/site\/#\/schema\/person\/36ab0979449956132d3e5b517ea76ac8","name":"Reda\u00e7\u00e3o","image":{"@type":"ImageObject","inLanguage":"pt-BR","@id":"https:\/\/secure.gravatar.com\/avatar\/e0a867bdedb85fd243eadf09663511f96fc81e0720a4a42581f334ad4303aa6b?s=96&d=mm&r=g","url":"https:\/\/secure.gravatar.com\/avatar\/e0a867bdedb85fd243eadf09663511f96fc81e0720a4a42581f334ad4303aa6b?s=96&d=mm&r=g","contentUrl":"https:\/\/secure.gravatar.com\/avatar\/e0a867bdedb85fd243eadf09663511f96fc81e0720a4a42581f334ad4303aa6b?s=96&d=mm&r=g","caption":"Reda\u00e7\u00e3o"}}]}},"amp_enabled":true,"_links":{"self":[{"href":"https:\/\/www.notibras.com\/site\/wp-json\/wp\/v2\/posts\/307401","targetHints":{"allow":["GET"]}}],"collection":[{"href":"https:\/\/www.notibras.com\/site\/wp-json\/wp\/v2\/posts"}],"about":[{"href":"https:\/\/www.notibras.com\/site\/wp-json\/wp\/v2\/types\/post"}],"author":[{"embeddable":true,"href":"https:\/\/www.notibras.com\/site\/wp-json\/wp\/v2\/users\/2"}],"replies":[{"embeddable":true,"href":"https:\/\/www.notibras.com\/site\/wp-json\/wp\/v2\/comments?post=307401"}],"version-history":[{"count":1,"href":"https:\/\/www.notibras.com\/site\/wp-json\/wp\/v2\/posts\/307401\/revisions"}],"predecessor-version":[{"id":307403,"href":"https:\/\/www.notibras.com\/site\/wp-json\/wp\/v2\/posts\/307401\/revisions\/307403"}],"wp:featuredmedia":[{"embeddable":true,"href":"https:\/\/www.notibras.com\/site\/wp-json\/wp\/v2\/media\/307402"}],"wp:attachment":[{"href":"https:\/\/www.notibras.com\/site\/wp-json\/wp\/v2\/media?parent=307401"}],"wp:term":[{"taxonomy":"category","embeddable":true,"href":"https:\/\/www.notibras.com\/site\/wp-json\/wp\/v2\/categories?post=307401"},{"taxonomy":"post_tag","embeddable":true,"href":"https:\/\/www.notibras.com\/site\/wp-json\/wp\/v2\/tags?post=307401"}],"curies":[{"name":"wp","href":"https:\/\/api.w.org\/{rel}","templated":true}]}}