{"id":307446,"date":"2023-06-23T08:16:17","date_gmt":"2023-06-23T11:16:17","guid":{"rendered":"https:\/\/www.notibras.com\/site\/?p=307446"},"modified":"2023-06-23T09:20:21","modified_gmt":"2023-06-23T12:20:21","slug":"tribunal-sente-cheiro-ruim-na-comida-de-restaurantes-comunitarios","status":"publish","type":"post","link":"https:\/\/www.notibras.com\/site\/tribunal-sente-cheiro-ruim-na-comida-de-restaurantes-comunitarios\/","title":{"rendered":"Tribunal sente cheiro ruim na comida de restaurantes comunit\u00e1rios"},"content":{"rendered":"<p>O Tribunal de Contas deu prazo de dez dias para que a Secretaria de Estado de Desenvolvimento Social apresente esclarecimentos sobre poss\u00edveis irregularidades na contrata\u00e7\u00e3o de empresa que ir\u00e1 preparar 1,3 milh\u00e3o de refei\u00e7\u00f5es no restaurante comunit\u00e1rio do Sol Nascente.<\/p>\n<p>O Preg\u00e3o Eletr\u00f4nico n.\u00ba 16\/22 previa a contrata\u00e7\u00e3o de duas empresas: uma para o restaurante comunit\u00e1rio do Sol Nascente e outra para o de Arniqueira. Ambas deveriam fornecer a mesma quantidade de refei\u00e7\u00f5es por dia: caf\u00e9 da manh\u00e3, almo\u00e7o e jantar. No entanto, a diferen\u00e7a de pre\u00e7os das fornecedoras chamou a aten\u00e7\u00e3o do TCDF.<\/p>\n<p>Apesar de o tipo e a quantidade de refei\u00e7\u00f5es contratadas serem os mesmos, a prestadora de servi\u00e7os para o restaurante comunit\u00e1rio do Sol Nascente vai receber quase R$ 800 mil a mais do que a empresa contratada para atuar na unidade de Arniqueira.<\/p>\n<p>A licita\u00e7\u00e3o foi lan\u00e7ada no final do ano passado, mas as atas de registro de pre\u00e7os foram publicadas no Di\u00e1rio Oficial do DF somente no \u00faltimo dia 12 de junho. Al\u00e9m da diferen\u00e7a nos valores identificada pelo Tribunal, h\u00e1 outro ind\u00edcio de irregularidade.<\/p>\n<p>O TCDF recebeu uma representa\u00e7\u00e3o, formulada por uma empresa participante da licita\u00e7\u00e3o, alegando que a vencedora do Sol Nascente \u2013 a sociedade empres\u00e1ria Refei\u00e7\u00f5es Norte Sul Ltda. \u2013 n\u00e3o apresentou quantitativo de funcion\u00e1rios compat\u00edvel com a presta\u00e7\u00e3o do servi\u00e7o. Ao examinar a documenta\u00e7\u00e3o, o conselheiro relator do processo ressaltou que um quantitativo inadequado de colaboradores poder\u00e1 impactar a seguran\u00e7a microbiol\u00f3gica, a qualidade de atendimento e a gest\u00e3o dos servi\u00e7os de alimenta\u00e7\u00e3o a serem prestados nos restaurantes comunit\u00e1rios do Distrito Federal.<\/p>\n<p>Com a decis\u00e3o da Corte de Contas, a Secretaria de Desenvolvimento Social e a licitante Refei\u00e7\u00f5es Norte Sul Ltda. dever\u00e3o se manifestar no prazo de dez dias. A decis\u00e3o ocorreu na sess\u00e3o plen\u00e1ria do dia 14 de junho (processo n\u00ba 00600-00012725\/2022-96-e). A Sedes\/DF e a empresa foram notificadas no dia 19 de junho. O prazo come\u00e7a a contar a partir da data de notifica\u00e7\u00e3o.<\/p>\n","protected":false},"excerpt":{"rendered":"<p>O Tribunal de Contas deu prazo de dez dias para que a Secretaria de Estado de Desenvolvimento Social apresente esclarecimentos sobre poss\u00edveis irregularidades na contrata\u00e7\u00e3o de empresa que ir\u00e1 preparar 1,3 milh\u00e3o de refei\u00e7\u00f5es no restaurante comunit\u00e1rio do Sol Nascente. O Preg\u00e3o Eletr\u00f4nico n.\u00ba 16\/22 previa a contrata\u00e7\u00e3o de duas empresas: uma para o restaurante [&hellip;]<\/p>\n","protected":false},"author":2,"featured_media":307447,"comment_status":"closed","ping_status":"closed","sticky":false,"template":"","format":"standard","meta":{"_acf_changed":false,"footnotes":""},"categories":[161],"tags":[95],"class_list":["post-307446","post","type-post","status-publish","format-standard","has-post-thumbnail","hentry","category-quadradinho-em-foco","tag-capa"],"acf":[],"yoast_head":"<!-- This site is optimized with the Yoast SEO plugin v27.2 - https:\/\/yoast.com\/product\/yoast-seo-wordpress\/ -->\n<title>Tribunal sente cheiro ruim na comida de restaurantes comunit\u00e1rios - Notibras<\/title>\n<meta name=\"robots\" content=\"index, follow, max-snippet:-1, max-image-preview:large, max-video-preview:-1\" \/>\n<link rel=\"canonical\" href=\"https:\/\/www.notibras.com\/site\/tribunal-sente-cheiro-ruim-na-comida-de-restaurantes-comunitarios\/\" \/>\n<meta property=\"og:locale\" content=\"pt_BR\" \/>\n<meta property=\"og:type\" content=\"article\" \/>\n<meta property=\"og:title\" content=\"Tribunal sente cheiro ruim na comida de restaurantes comunit\u00e1rios - Notibras\" \/>\n<meta property=\"og:description\" content=\"O Tribunal de Contas deu prazo de dez dias para que a Secretaria de Estado de Desenvolvimento Social apresente esclarecimentos sobre poss\u00edveis irregularidades na contrata\u00e7\u00e3o de empresa que ir\u00e1 preparar 1,3 milh\u00e3o de refei\u00e7\u00f5es no restaurante comunit\u00e1rio do Sol Nascente. O Preg\u00e3o Eletr\u00f4nico n.\u00ba 16\/22 previa a contrata\u00e7\u00e3o de duas empresas: uma para o restaurante [&hellip;]\" \/>\n<meta property=\"og:url\" content=\"https:\/\/www.notibras.com\/site\/tribunal-sente-cheiro-ruim-na-comida-de-restaurantes-comunitarios\/\" \/>\n<meta property=\"og:site_name\" content=\"Notibras\" \/>\n<meta property=\"article:publisher\" content=\"https:\/\/www.facebook.com\/notibras\/\" \/>\n<meta property=\"article:published_time\" content=\"2023-06-23T11:16:17+00:00\" \/>\n<meta property=\"article:modified_time\" content=\"2023-06-23T12:20:21+00:00\" \/>\n<meta property=\"og:image\" content=\"https:\/\/www.notibras.com\/site\/wp-content\/uploads\/2023\/06\/img_1715.jpg\" \/>\n\t<meta property=\"og:image:width\" content=\"770\" \/>\n\t<meta property=\"og:image:height\" content=\"513\" \/>\n\t<meta property=\"og:image:type\" content=\"image\/jpeg\" \/>\n<meta name=\"author\" content=\"Reda\u00e7\u00e3o\" \/>\n<meta name=\"twitter:card\" content=\"summary_large_image\" \/>\n<meta name=\"twitter:creator\" content=\"@Notibras\" \/>\n<meta name=\"twitter:site\" content=\"@Notibras\" \/>\n<meta name=\"twitter:label1\" content=\"Escrito por\" \/>\n\t<meta name=\"twitter:data1\" content=\"Reda\u00e7\u00e3o\" \/>\n\t<meta name=\"twitter:label2\" content=\"Est. tempo de leitura\" \/>\n\t<meta name=\"twitter:data2\" content=\"2 minutos\" \/>\n<script type=\"application\/ld+json\" class=\"yoast-schema-graph\">{\"@context\":\"https:\/\/schema.org\",\"@graph\":[{\"@type\":\"Article\",\"@id\":\"https:\/\/www.notibras.com\/site\/tribunal-sente-cheiro-ruim-na-comida-de-restaurantes-comunitarios\/#article\",\"isPartOf\":{\"@id\":\"https:\/\/www.notibras.com\/site\/tribunal-sente-cheiro-ruim-na-comida-de-restaurantes-comunitarios\/\"},\"author\":{\"name\":\"Reda\u00e7\u00e3o\",\"@id\":\"https:\/\/www.notibras.com\/site\/#\/schema\/person\/36ab0979449956132d3e5b517ea76ac8\"},\"headline\":\"Tribunal sente cheiro ruim na comida de restaurantes comunit\u00e1rios\",\"datePublished\":\"2023-06-23T11:16:17+00:00\",\"dateModified\":\"2023-06-23T12:20:21+00:00\",\"mainEntityOfPage\":{\"@id\":\"https:\/\/www.notibras.com\/site\/tribunal-sente-cheiro-ruim-na-comida-de-restaurantes-comunitarios\/\"},\"wordCount\":377,\"publisher\":{\"@id\":\"https:\/\/www.notibras.com\/site\/#organization\"},\"image\":{\"@id\":\"https:\/\/www.notibras.com\/site\/tribunal-sente-cheiro-ruim-na-comida-de-restaurantes-comunitarios\/#primaryimage\"},\"thumbnailUrl\":\"https:\/\/www.notibras.com\/site\/wp-content\/uploads\/2023\/06\/img_1715.jpg\",\"keywords\":[\"capa\"],\"articleSection\":[\"Quadradinho em Foco\"],\"inLanguage\":\"pt-BR\"},{\"@type\":\"WebPage\",\"@id\":\"https:\/\/www.notibras.com\/site\/tribunal-sente-cheiro-ruim-na-comida-de-restaurantes-comunitarios\/\",\"url\":\"https:\/\/www.notibras.com\/site\/tribunal-sente-cheiro-ruim-na-comida-de-restaurantes-comunitarios\/\",\"name\":\"Tribunal sente cheiro ruim na comida de restaurantes comunit\u00e1rios - Notibras\",\"isPartOf\":{\"@id\":\"https:\/\/www.notibras.com\/site\/#website\"},\"primaryImageOfPage\":{\"@id\":\"https:\/\/www.notibras.com\/site\/tribunal-sente-cheiro-ruim-na-comida-de-restaurantes-comunitarios\/#primaryimage\"},\"image\":{\"@id\":\"https:\/\/www.notibras.com\/site\/tribunal-sente-cheiro-ruim-na-comida-de-restaurantes-comunitarios\/#primaryimage\"},\"thumbnailUrl\":\"https:\/\/www.notibras.com\/site\/wp-content\/uploads\/2023\/06\/img_1715.jpg\",\"datePublished\":\"2023-06-23T11:16:17+00:00\",\"dateModified\":\"2023-06-23T12:20:21+00:00\",\"breadcrumb\":{\"@id\":\"https:\/\/www.notibras.com\/site\/tribunal-sente-cheiro-ruim-na-comida-de-restaurantes-comunitarios\/#breadcrumb\"},\"inLanguage\":\"pt-BR\",\"potentialAction\":[{\"@type\":\"ReadAction\",\"target\":[\"https:\/\/www.notibras.com\/site\/tribunal-sente-cheiro-ruim-na-comida-de-restaurantes-comunitarios\/\"]}]},{\"@type\":\"ImageObject\",\"inLanguage\":\"pt-BR\",\"@id\":\"https:\/\/www.notibras.com\/site\/tribunal-sente-cheiro-ruim-na-comida-de-restaurantes-comunitarios\/#primaryimage\",\"url\":\"https:\/\/www.notibras.com\/site\/wp-content\/uploads\/2023\/06\/img_1715.jpg\",\"contentUrl\":\"https:\/\/www.notibras.com\/site\/wp-content\/uploads\/2023\/06\/img_1715.jpg\",\"width\":770,\"height\":513,\"caption\":\"EMEF Espa\u00e7o de Bitita\"},{\"@type\":\"BreadcrumbList\",\"@id\":\"https:\/\/www.notibras.com\/site\/tribunal-sente-cheiro-ruim-na-comida-de-restaurantes-comunitarios\/#breadcrumb\",\"itemListElement\":[{\"@type\":\"ListItem\",\"position\":1,\"name\":\"In\u00edcio\",\"item\":\"https:\/\/www.notibras.com\/site\/\"},{\"@type\":\"ListItem\",\"position\":2,\"name\":\"Tribunal sente cheiro ruim na comida de restaurantes comunit\u00e1rios\"}]},{\"@type\":\"WebSite\",\"@id\":\"https:\/\/www.notibras.com\/site\/#website\",\"url\":\"https:\/\/www.notibras.com\/site\/\",\"name\":\"Notibras\",\"description\":\"Not\u00edcias de Bras\u00edlia, do Brasil e do Mundo\",\"publisher\":{\"@id\":\"https:\/\/www.notibras.com\/site\/#organization\"},\"potentialAction\":[{\"@type\":\"SearchAction\",\"target\":{\"@type\":\"EntryPoint\",\"urlTemplate\":\"https:\/\/www.notibras.com\/site\/?s={search_term_string}\"},\"query-input\":{\"@type\":\"PropertyValueSpecification\",\"valueRequired\":true,\"valueName\":\"search_term_string\"}}],\"inLanguage\":\"pt-BR\"},{\"@type\":\"Organization\",\"@id\":\"https:\/\/www.notibras.com\/site\/#organization\",\"name\":\"Grupo Notibras de Comunica\u00e7\u00e3o\",\"url\":\"https:\/\/www.notibras.com\/site\/\",\"logo\":{\"@type\":\"ImageObject\",\"inLanguage\":\"pt-BR\",\"@id\":\"https:\/\/www.notibras.com\/site\/#\/schema\/logo\/image\/\",\"url\":\"https:\/\/www.notibras.com\/site\/wp-content\/uploads\/2023\/01\/notibras23.png\",\"contentUrl\":\"https:\/\/www.notibras.com\/site\/wp-content\/uploads\/2023\/01\/notibras23.png\",\"width\":350,\"height\":87,\"caption\":\"Grupo Notibras de Comunica\u00e7\u00e3o\"},\"image\":{\"@id\":\"https:\/\/www.notibras.com\/site\/#\/schema\/logo\/image\/\"},\"sameAs\":[\"https:\/\/www.facebook.com\/notibras\/\",\"https:\/\/x.com\/Notibras\",\"https:\/\/www.instagram.com\/notibras\/\"]},{\"@type\":\"Person\",\"@id\":\"https:\/\/www.notibras.com\/site\/#\/schema\/person\/36ab0979449956132d3e5b517ea76ac8\",\"name\":\"Reda\u00e7\u00e3o\",\"image\":{\"@type\":\"ImageObject\",\"inLanguage\":\"pt-BR\",\"@id\":\"https:\/\/secure.gravatar.com\/avatar\/e0a867bdedb85fd243eadf09663511f96fc81e0720a4a42581f334ad4303aa6b?s=96&d=mm&r=g\",\"url\":\"https:\/\/secure.gravatar.com\/avatar\/e0a867bdedb85fd243eadf09663511f96fc81e0720a4a42581f334ad4303aa6b?s=96&d=mm&r=g\",\"contentUrl\":\"https:\/\/secure.gravatar.com\/avatar\/e0a867bdedb85fd243eadf09663511f96fc81e0720a4a42581f334ad4303aa6b?s=96&d=mm&r=g\",\"caption\":\"Reda\u00e7\u00e3o\"}}]}<\/script>\n<!-- \/ Yoast SEO plugin. -->","yoast_head_json":{"title":"Tribunal sente cheiro ruim na comida de restaurantes comunit\u00e1rios - Notibras","robots":{"index":"index","follow":"follow","max-snippet":"max-snippet:-1","max-image-preview":"max-image-preview:large","max-video-preview":"max-video-preview:-1"},"canonical":"https:\/\/www.notibras.com\/site\/tribunal-sente-cheiro-ruim-na-comida-de-restaurantes-comunitarios\/","og_locale":"pt_BR","og_type":"article","og_title":"Tribunal sente cheiro ruim na comida de restaurantes comunit\u00e1rios - Notibras","og_description":"O Tribunal de Contas deu prazo de dez dias para que a Secretaria de Estado de Desenvolvimento Social apresente esclarecimentos sobre poss\u00edveis irregularidades na contrata\u00e7\u00e3o de empresa que ir\u00e1 preparar 1,3 milh\u00e3o de refei\u00e7\u00f5es no restaurante comunit\u00e1rio do Sol Nascente. O Preg\u00e3o Eletr\u00f4nico n.\u00ba 16\/22 previa a contrata\u00e7\u00e3o de duas empresas: uma para o restaurante [&hellip;]","og_url":"https:\/\/www.notibras.com\/site\/tribunal-sente-cheiro-ruim-na-comida-de-restaurantes-comunitarios\/","og_site_name":"Notibras","article_publisher":"https:\/\/www.facebook.com\/notibras\/","article_published_time":"2023-06-23T11:16:17+00:00","article_modified_time":"2023-06-23T12:20:21+00:00","og_image":[{"width":770,"height":513,"url":"https:\/\/www.notibras.com\/site\/wp-content\/uploads\/2023\/06\/img_1715.jpg","type":"image\/jpeg"}],"author":"Reda\u00e7\u00e3o","twitter_card":"summary_large_image","twitter_creator":"@Notibras","twitter_site":"@Notibras","twitter_misc":{"Escrito por":"Reda\u00e7\u00e3o","Est. tempo de leitura":"2 minutos"},"schema":{"@context":"https:\/\/schema.org","@graph":[{"@type":"Article","@id":"https:\/\/www.notibras.com\/site\/tribunal-sente-cheiro-ruim-na-comida-de-restaurantes-comunitarios\/#article","isPartOf":{"@id":"https:\/\/www.notibras.com\/site\/tribunal-sente-cheiro-ruim-na-comida-de-restaurantes-comunitarios\/"},"author":{"name":"Reda\u00e7\u00e3o","@id":"https:\/\/www.notibras.com\/site\/#\/schema\/person\/36ab0979449956132d3e5b517ea76ac8"},"headline":"Tribunal sente cheiro ruim na comida de restaurantes comunit\u00e1rios","datePublished":"2023-06-23T11:16:17+00:00","dateModified":"2023-06-23T12:20:21+00:00","mainEntityOfPage":{"@id":"https:\/\/www.notibras.com\/site\/tribunal-sente-cheiro-ruim-na-comida-de-restaurantes-comunitarios\/"},"wordCount":377,"publisher":{"@id":"https:\/\/www.notibras.com\/site\/#organization"},"image":{"@id":"https:\/\/www.notibras.com\/site\/tribunal-sente-cheiro-ruim-na-comida-de-restaurantes-comunitarios\/#primaryimage"},"thumbnailUrl":"https:\/\/www.notibras.com\/site\/wp-content\/uploads\/2023\/06\/img_1715.jpg","keywords":["capa"],"articleSection":["Quadradinho em Foco"],"inLanguage":"pt-BR"},{"@type":"WebPage","@id":"https:\/\/www.notibras.com\/site\/tribunal-sente-cheiro-ruim-na-comida-de-restaurantes-comunitarios\/","url":"https:\/\/www.notibras.com\/site\/tribunal-sente-cheiro-ruim-na-comida-de-restaurantes-comunitarios\/","name":"Tribunal sente cheiro ruim na comida de restaurantes comunit\u00e1rios - Notibras","isPartOf":{"@id":"https:\/\/www.notibras.com\/site\/#website"},"primaryImageOfPage":{"@id":"https:\/\/www.notibras.com\/site\/tribunal-sente-cheiro-ruim-na-comida-de-restaurantes-comunitarios\/#primaryimage"},"image":{"@id":"https:\/\/www.notibras.com\/site\/tribunal-sente-cheiro-ruim-na-comida-de-restaurantes-comunitarios\/#primaryimage"},"thumbnailUrl":"https:\/\/www.notibras.com\/site\/wp-content\/uploads\/2023\/06\/img_1715.jpg","datePublished":"2023-06-23T11:16:17+00:00","dateModified":"2023-06-23T12:20:21+00:00","breadcrumb":{"@id":"https:\/\/www.notibras.com\/site\/tribunal-sente-cheiro-ruim-na-comida-de-restaurantes-comunitarios\/#breadcrumb"},"inLanguage":"pt-BR","potentialAction":[{"@type":"ReadAction","target":["https:\/\/www.notibras.com\/site\/tribunal-sente-cheiro-ruim-na-comida-de-restaurantes-comunitarios\/"]}]},{"@type":"ImageObject","inLanguage":"pt-BR","@id":"https:\/\/www.notibras.com\/site\/tribunal-sente-cheiro-ruim-na-comida-de-restaurantes-comunitarios\/#primaryimage","url":"https:\/\/www.notibras.com\/site\/wp-content\/uploads\/2023\/06\/img_1715.jpg","contentUrl":"https:\/\/www.notibras.com\/site\/wp-content\/uploads\/2023\/06\/img_1715.jpg","width":770,"height":513,"caption":"EMEF Espa\u00e7o de Bitita"},{"@type":"BreadcrumbList","@id":"https:\/\/www.notibras.com\/site\/tribunal-sente-cheiro-ruim-na-comida-de-restaurantes-comunitarios\/#breadcrumb","itemListElement":[{"@type":"ListItem","position":1,"name":"In\u00edcio","item":"https:\/\/www.notibras.com\/site\/"},{"@type":"ListItem","position":2,"name":"Tribunal sente cheiro ruim na comida de restaurantes comunit\u00e1rios"}]},{"@type":"WebSite","@id":"https:\/\/www.notibras.com\/site\/#website","url":"https:\/\/www.notibras.com\/site\/","name":"Notibras","description":"Not\u00edcias de Bras\u00edlia, do Brasil e do Mundo","publisher":{"@id":"https:\/\/www.notibras.com\/site\/#organization"},"potentialAction":[{"@type":"SearchAction","target":{"@type":"EntryPoint","urlTemplate":"https:\/\/www.notibras.com\/site\/?s={search_term_string}"},"query-input":{"@type":"PropertyValueSpecification","valueRequired":true,"valueName":"search_term_string"}}],"inLanguage":"pt-BR"},{"@type":"Organization","@id":"https:\/\/www.notibras.com\/site\/#organization","name":"Grupo Notibras de Comunica\u00e7\u00e3o","url":"https:\/\/www.notibras.com\/site\/","logo":{"@type":"ImageObject","inLanguage":"pt-BR","@id":"https:\/\/www.notibras.com\/site\/#\/schema\/logo\/image\/","url":"https:\/\/www.notibras.com\/site\/wp-content\/uploads\/2023\/01\/notibras23.png","contentUrl":"https:\/\/www.notibras.com\/site\/wp-content\/uploads\/2023\/01\/notibras23.png","width":350,"height":87,"caption":"Grupo Notibras de Comunica\u00e7\u00e3o"},"image":{"@id":"https:\/\/www.notibras.com\/site\/#\/schema\/logo\/image\/"},"sameAs":["https:\/\/www.facebook.com\/notibras\/","https:\/\/x.com\/Notibras","https:\/\/www.instagram.com\/notibras\/"]},{"@type":"Person","@id":"https:\/\/www.notibras.com\/site\/#\/schema\/person\/36ab0979449956132d3e5b517ea76ac8","name":"Reda\u00e7\u00e3o","image":{"@type":"ImageObject","inLanguage":"pt-BR","@id":"https:\/\/secure.gravatar.com\/avatar\/e0a867bdedb85fd243eadf09663511f96fc81e0720a4a42581f334ad4303aa6b?s=96&d=mm&r=g","url":"https:\/\/secure.gravatar.com\/avatar\/e0a867bdedb85fd243eadf09663511f96fc81e0720a4a42581f334ad4303aa6b?s=96&d=mm&r=g","contentUrl":"https:\/\/secure.gravatar.com\/avatar\/e0a867bdedb85fd243eadf09663511f96fc81e0720a4a42581f334ad4303aa6b?s=96&d=mm&r=g","caption":"Reda\u00e7\u00e3o"}}]}},"amp_enabled":true,"_links":{"self":[{"href":"https:\/\/www.notibras.com\/site\/wp-json\/wp\/v2\/posts\/307446","targetHints":{"allow":["GET"]}}],"collection":[{"href":"https:\/\/www.notibras.com\/site\/wp-json\/wp\/v2\/posts"}],"about":[{"href":"https:\/\/www.notibras.com\/site\/wp-json\/wp\/v2\/types\/post"}],"author":[{"embeddable":true,"href":"https:\/\/www.notibras.com\/site\/wp-json\/wp\/v2\/users\/2"}],"replies":[{"embeddable":true,"href":"https:\/\/www.notibras.com\/site\/wp-json\/wp\/v2\/comments?post=307446"}],"version-history":[{"count":1,"href":"https:\/\/www.notibras.com\/site\/wp-json\/wp\/v2\/posts\/307446\/revisions"}],"predecessor-version":[{"id":307448,"href":"https:\/\/www.notibras.com\/site\/wp-json\/wp\/v2\/posts\/307446\/revisions\/307448"}],"wp:featuredmedia":[{"embeddable":true,"href":"https:\/\/www.notibras.com\/site\/wp-json\/wp\/v2\/media\/307447"}],"wp:attachment":[{"href":"https:\/\/www.notibras.com\/site\/wp-json\/wp\/v2\/media?parent=307446"}],"wp:term":[{"taxonomy":"category","embeddable":true,"href":"https:\/\/www.notibras.com\/site\/wp-json\/wp\/v2\/categories?post=307446"},{"taxonomy":"post_tag","embeddable":true,"href":"https:\/\/www.notibras.com\/site\/wp-json\/wp\/v2\/tags?post=307446"}],"curies":[{"name":"wp","href":"https:\/\/api.w.org\/{rel}","templated":true}]}}