{"id":307456,"date":"2023-06-23T07:25:23","date_gmt":"2023-06-23T10:25:23","guid":{"rendered":"https:\/\/www.notibras.com\/site\/?p=307456"},"modified":"2023-06-23T10:31:31","modified_gmt":"2023-06-23T13:31:31","slug":"escolas-de-samba-voltam-a-desfilar-apos-dez-anos","status":"publish","type":"post","link":"https:\/\/www.notibras.com\/site\/escolas-de-samba-voltam-a-desfilar-apos-dez-anos\/","title":{"rendered":"Escolas de samba voltam a desfilar ap\u00f3s dez anos"},"content":{"rendered":"<p>O batuque da bateria, a dedica\u00e7\u00e3o nas fantasias, o gingado e o ritmo de cada passo para mostrar o samba no p\u00e9 anunciam um \u201csextou\u201d diferente em Bras\u00edlia. Depois de quase dez anos, a capital federal ter\u00e1 um desfile de escola de samba.<\/p>\n<p>O eixo cultural Ibero-americano ser\u00e1 o palco neste final de semana, 23 a 25 de junho, do desfile de 13 agremia\u00e7\u00f5es da cidade, com expectativa de p\u00fablico de 40 mil pessoas.<\/p>\n<p>Do total de agremia\u00e7\u00f5es, seis s\u00e3o do grupo especial e sete do grupo de acesso.<\/p>\n<p><strong>Inclus\u00e3o e acessibilidade<\/strong><br \/>\nO desfile ser\u00e1 tamb\u00e9m momento de realiza\u00e7\u00e3o de sonhos, inclus\u00e3o e acessibilidade. Um desses sonhos \u00e9 o de Thaynnara Ramos, que sair\u00e1 como terceira porta-bandeira da escola de samba Associa\u00e7\u00e3o Recreativa Cultural Unidos do Cruzeiro, a Aruc.<\/p>\n<p>Um desejo que carrega desde a inf\u00e2ncia, passada nos barrac\u00f5es e tamb\u00e9m nos desfiles das escolas. Brilhando ao carregar o estandarte da escola, Thaynnara perdeu o bra\u00e7o para um c\u00e2ncer, mas n\u00e3o abandonou o sonho. E agora entra para hist\u00f3ria do carnaval brasileiro como a primeira pessoa com defici\u00eancia a se tornar porta-bandeira de uma escola de samba.<\/p>\n<p>\u201cOito anos sem pisar na avenida e volto assim no destaque. Come\u00e7ou com a minha av\u00f3, depois minha m\u00e3e. E a\u00ed eu fui, vieram meus irm\u00e3os. Estou a\u00ed at\u00e9 hoje, cresci aqui na quadra. Todo mundo me conhece desde a barriga\u201d, contou.<\/p>\n<p>Os desfiles das escolas de samba do grupo especial do DF ser\u00e3o transmitidos pela <em>TV Brasil<\/em>. Na sexta-feira (23), as escolas do grupo de acesso iniciam o desfile \u00e0s 20h, o do grupo especial, ter\u00e1 in\u00edcio \u00e0s 0h15. No s\u00e1bado (24), grupo de acesso inicia \u00e0s 20h, e o grupo especial, \u00e0s 23h10. No domingo (25), haver\u00e1 a apura\u00e7\u00e3o \u00e0s 14h (grupo de acesso) e 16h (grupo especial).<\/p>\n","protected":false},"excerpt":{"rendered":"<p>O batuque da bateria, a dedica\u00e7\u00e3o nas fantasias, o gingado e o ritmo de cada passo para mostrar o samba no p\u00e9 anunciam um \u201csextou\u201d diferente em Bras\u00edlia. Depois de quase dez anos, a capital federal ter\u00e1 um desfile de escola de samba. O eixo cultural Ibero-americano ser\u00e1 o palco neste final de semana, 23 [&hellip;]<\/p>\n","protected":false},"author":2,"featured_media":307457,"comment_status":"closed","ping_status":"closed","sticky":false,"template":"","format":"standard","meta":{"_acf_changed":false,"footnotes":""},"categories":[161],"tags":[],"class_list":["post-307456","post","type-post","status-publish","format-standard","has-post-thumbnail","hentry","category-quadradinho-em-foco"],"acf":[],"yoast_head":"<!-- This site is optimized with the Yoast SEO plugin v27.2 - https:\/\/yoast.com\/product\/yoast-seo-wordpress\/ -->\n<title>Escolas de samba voltam a desfilar ap\u00f3s dez anos - Notibras<\/title>\n<meta name=\"robots\" content=\"index, follow, max-snippet:-1, max-image-preview:large, max-video-preview:-1\" \/>\n<link rel=\"canonical\" href=\"https:\/\/www.notibras.com\/site\/escolas-de-samba-voltam-a-desfilar-apos-dez-anos\/\" \/>\n<meta property=\"og:locale\" content=\"pt_BR\" \/>\n<meta property=\"og:type\" content=\"article\" \/>\n<meta property=\"og:title\" content=\"Escolas de samba voltam a desfilar ap\u00f3s dez anos - Notibras\" \/>\n<meta property=\"og:description\" content=\"O batuque da bateria, a dedica\u00e7\u00e3o nas fantasias, o gingado e o ritmo de cada passo para mostrar o samba no p\u00e9 anunciam um \u201csextou\u201d diferente em Bras\u00edlia. Depois de quase dez anos, a capital federal ter\u00e1 um desfile de escola de samba. O eixo cultural Ibero-americano ser\u00e1 o palco neste final de semana, 23 [&hellip;]\" \/>\n<meta property=\"og:url\" content=\"https:\/\/www.notibras.com\/site\/escolas-de-samba-voltam-a-desfilar-apos-dez-anos\/\" \/>\n<meta property=\"og:site_name\" content=\"Notibras\" \/>\n<meta property=\"article:publisher\" content=\"https:\/\/www.facebook.com\/notibras\/\" \/>\n<meta property=\"article:published_time\" content=\"2023-06-23T10:25:23+00:00\" \/>\n<meta property=\"article:modified_time\" content=\"2023-06-23T13:31:31+00:00\" \/>\n<meta property=\"og:image\" content=\"https:\/\/www.notibras.com\/site\/wp-content\/uploads\/2023\/06\/raf08899.jpg\" \/>\n\t<meta property=\"og:image:width\" content=\"1170\" \/>\n\t<meta property=\"og:image:height\" content=\"700\" \/>\n\t<meta property=\"og:image:type\" content=\"image\/jpeg\" \/>\n<meta name=\"author\" content=\"Reda\u00e7\u00e3o\" \/>\n<meta name=\"twitter:card\" content=\"summary_large_image\" \/>\n<meta name=\"twitter:creator\" content=\"@Notibras\" \/>\n<meta name=\"twitter:site\" content=\"@Notibras\" \/>\n<meta name=\"twitter:label1\" content=\"Escrito por\" \/>\n\t<meta name=\"twitter:data1\" content=\"Reda\u00e7\u00e3o\" \/>\n\t<meta name=\"twitter:label2\" content=\"Est. tempo de leitura\" \/>\n\t<meta name=\"twitter:data2\" content=\"2 minutos\" \/>\n<script type=\"application\/ld+json\" class=\"yoast-schema-graph\">{\"@context\":\"https:\/\/schema.org\",\"@graph\":[{\"@type\":\"Article\",\"@id\":\"https:\/\/www.notibras.com\/site\/escolas-de-samba-voltam-a-desfilar-apos-dez-anos\/#article\",\"isPartOf\":{\"@id\":\"https:\/\/www.notibras.com\/site\/escolas-de-samba-voltam-a-desfilar-apos-dez-anos\/\"},\"author\":{\"name\":\"Reda\u00e7\u00e3o\",\"@id\":\"https:\/\/www.notibras.com\/site\/#\/schema\/person\/36ab0979449956132d3e5b517ea76ac8\"},\"headline\":\"Escolas de samba voltam a desfilar ap\u00f3s dez anos\",\"datePublished\":\"2023-06-23T10:25:23+00:00\",\"dateModified\":\"2023-06-23T13:31:31+00:00\",\"mainEntityOfPage\":{\"@id\":\"https:\/\/www.notibras.com\/site\/escolas-de-samba-voltam-a-desfilar-apos-dez-anos\/\"},\"wordCount\":325,\"publisher\":{\"@id\":\"https:\/\/www.notibras.com\/site\/#organization\"},\"image\":{\"@id\":\"https:\/\/www.notibras.com\/site\/escolas-de-samba-voltam-a-desfilar-apos-dez-anos\/#primaryimage\"},\"thumbnailUrl\":\"https:\/\/www.notibras.com\/site\/wp-content\/uploads\/2023\/06\/raf08899.jpg\",\"articleSection\":[\"Quadradinho em Foco\"],\"inLanguage\":\"pt-BR\"},{\"@type\":\"WebPage\",\"@id\":\"https:\/\/www.notibras.com\/site\/escolas-de-samba-voltam-a-desfilar-apos-dez-anos\/\",\"url\":\"https:\/\/www.notibras.com\/site\/escolas-de-samba-voltam-a-desfilar-apos-dez-anos\/\",\"name\":\"Escolas de samba voltam a desfilar ap\u00f3s dez anos - Notibras\",\"isPartOf\":{\"@id\":\"https:\/\/www.notibras.com\/site\/#website\"},\"primaryImageOfPage\":{\"@id\":\"https:\/\/www.notibras.com\/site\/escolas-de-samba-voltam-a-desfilar-apos-dez-anos\/#primaryimage\"},\"image\":{\"@id\":\"https:\/\/www.notibras.com\/site\/escolas-de-samba-voltam-a-desfilar-apos-dez-anos\/#primaryimage\"},\"thumbnailUrl\":\"https:\/\/www.notibras.com\/site\/wp-content\/uploads\/2023\/06\/raf08899.jpg\",\"datePublished\":\"2023-06-23T10:25:23+00:00\",\"dateModified\":\"2023-06-23T13:31:31+00:00\",\"breadcrumb\":{\"@id\":\"https:\/\/www.notibras.com\/site\/escolas-de-samba-voltam-a-desfilar-apos-dez-anos\/#breadcrumb\"},\"inLanguage\":\"pt-BR\",\"potentialAction\":[{\"@type\":\"ReadAction\",\"target\":[\"https:\/\/www.notibras.com\/site\/escolas-de-samba-voltam-a-desfilar-apos-dez-anos\/\"]}]},{\"@type\":\"ImageObject\",\"inLanguage\":\"pt-BR\",\"@id\":\"https:\/\/www.notibras.com\/site\/escolas-de-samba-voltam-a-desfilar-apos-dez-anos\/#primaryimage\",\"url\":\"https:\/\/www.notibras.com\/site\/wp-content\/uploads\/2023\/06\/raf08899.jpg\",\"contentUrl\":\"https:\/\/www.notibras.com\/site\/wp-content\/uploads\/2023\/06\/raf08899.jpg\",\"width\":1170,\"height\":700,\"caption\":\"Bras\u00edlia - 22\/06\/2023 - Escolas de Samba de Bras\u00edlia fazem os preparativos finais para o desfile de Carnaval de 2023, desfile que n\u00e3o acontece h\u00e1 9 anos na capital. Foto: Rafa Neddermeyer\/Ag\u00eancia Brasil\"},{\"@type\":\"BreadcrumbList\",\"@id\":\"https:\/\/www.notibras.com\/site\/escolas-de-samba-voltam-a-desfilar-apos-dez-anos\/#breadcrumb\",\"itemListElement\":[{\"@type\":\"ListItem\",\"position\":1,\"name\":\"In\u00edcio\",\"item\":\"https:\/\/www.notibras.com\/site\/\"},{\"@type\":\"ListItem\",\"position\":2,\"name\":\"Escolas de samba voltam a desfilar ap\u00f3s dez anos\"}]},{\"@type\":\"WebSite\",\"@id\":\"https:\/\/www.notibras.com\/site\/#website\",\"url\":\"https:\/\/www.notibras.com\/site\/\",\"name\":\"Notibras\",\"description\":\"Not\u00edcias de Bras\u00edlia, do Brasil e do Mundo\",\"publisher\":{\"@id\":\"https:\/\/www.notibras.com\/site\/#organization\"},\"potentialAction\":[{\"@type\":\"SearchAction\",\"target\":{\"@type\":\"EntryPoint\",\"urlTemplate\":\"https:\/\/www.notibras.com\/site\/?s={search_term_string}\"},\"query-input\":{\"@type\":\"PropertyValueSpecification\",\"valueRequired\":true,\"valueName\":\"search_term_string\"}}],\"inLanguage\":\"pt-BR\"},{\"@type\":\"Organization\",\"@id\":\"https:\/\/www.notibras.com\/site\/#organization\",\"name\":\"Grupo Notibras de Comunica\u00e7\u00e3o\",\"url\":\"https:\/\/www.notibras.com\/site\/\",\"logo\":{\"@type\":\"ImageObject\",\"inLanguage\":\"pt-BR\",\"@id\":\"https:\/\/www.notibras.com\/site\/#\/schema\/logo\/image\/\",\"url\":\"https:\/\/www.notibras.com\/site\/wp-content\/uploads\/2023\/01\/notibras23.png\",\"contentUrl\":\"https:\/\/www.notibras.com\/site\/wp-content\/uploads\/2023\/01\/notibras23.png\",\"width\":350,\"height\":87,\"caption\":\"Grupo Notibras de Comunica\u00e7\u00e3o\"},\"image\":{\"@id\":\"https:\/\/www.notibras.com\/site\/#\/schema\/logo\/image\/\"},\"sameAs\":[\"https:\/\/www.facebook.com\/notibras\/\",\"https:\/\/x.com\/Notibras\",\"https:\/\/www.instagram.com\/notibras\/\"]},{\"@type\":\"Person\",\"@id\":\"https:\/\/www.notibras.com\/site\/#\/schema\/person\/36ab0979449956132d3e5b517ea76ac8\",\"name\":\"Reda\u00e7\u00e3o\",\"image\":{\"@type\":\"ImageObject\",\"inLanguage\":\"pt-BR\",\"@id\":\"https:\/\/secure.gravatar.com\/avatar\/e0a867bdedb85fd243eadf09663511f96fc81e0720a4a42581f334ad4303aa6b?s=96&d=mm&r=g\",\"url\":\"https:\/\/secure.gravatar.com\/avatar\/e0a867bdedb85fd243eadf09663511f96fc81e0720a4a42581f334ad4303aa6b?s=96&d=mm&r=g\",\"contentUrl\":\"https:\/\/secure.gravatar.com\/avatar\/e0a867bdedb85fd243eadf09663511f96fc81e0720a4a42581f334ad4303aa6b?s=96&d=mm&r=g\",\"caption\":\"Reda\u00e7\u00e3o\"}}]}<\/script>\n<!-- \/ Yoast SEO plugin. -->","yoast_head_json":{"title":"Escolas de samba voltam a desfilar ap\u00f3s dez anos - Notibras","robots":{"index":"index","follow":"follow","max-snippet":"max-snippet:-1","max-image-preview":"max-image-preview:large","max-video-preview":"max-video-preview:-1"},"canonical":"https:\/\/www.notibras.com\/site\/escolas-de-samba-voltam-a-desfilar-apos-dez-anos\/","og_locale":"pt_BR","og_type":"article","og_title":"Escolas de samba voltam a desfilar ap\u00f3s dez anos - Notibras","og_description":"O batuque da bateria, a dedica\u00e7\u00e3o nas fantasias, o gingado e o ritmo de cada passo para mostrar o samba no p\u00e9 anunciam um \u201csextou\u201d diferente em Bras\u00edlia. Depois de quase dez anos, a capital federal ter\u00e1 um desfile de escola de samba. O eixo cultural Ibero-americano ser\u00e1 o palco neste final de semana, 23 [&hellip;]","og_url":"https:\/\/www.notibras.com\/site\/escolas-de-samba-voltam-a-desfilar-apos-dez-anos\/","og_site_name":"Notibras","article_publisher":"https:\/\/www.facebook.com\/notibras\/","article_published_time":"2023-06-23T10:25:23+00:00","article_modified_time":"2023-06-23T13:31:31+00:00","og_image":[{"width":1170,"height":700,"url":"https:\/\/www.notibras.com\/site\/wp-content\/uploads\/2023\/06\/raf08899.jpg","type":"image\/jpeg"}],"author":"Reda\u00e7\u00e3o","twitter_card":"summary_large_image","twitter_creator":"@Notibras","twitter_site":"@Notibras","twitter_misc":{"Escrito por":"Reda\u00e7\u00e3o","Est. tempo de leitura":"2 minutos"},"schema":{"@context":"https:\/\/schema.org","@graph":[{"@type":"Article","@id":"https:\/\/www.notibras.com\/site\/escolas-de-samba-voltam-a-desfilar-apos-dez-anos\/#article","isPartOf":{"@id":"https:\/\/www.notibras.com\/site\/escolas-de-samba-voltam-a-desfilar-apos-dez-anos\/"},"author":{"name":"Reda\u00e7\u00e3o","@id":"https:\/\/www.notibras.com\/site\/#\/schema\/person\/36ab0979449956132d3e5b517ea76ac8"},"headline":"Escolas de samba voltam a desfilar ap\u00f3s dez anos","datePublished":"2023-06-23T10:25:23+00:00","dateModified":"2023-06-23T13:31:31+00:00","mainEntityOfPage":{"@id":"https:\/\/www.notibras.com\/site\/escolas-de-samba-voltam-a-desfilar-apos-dez-anos\/"},"wordCount":325,"publisher":{"@id":"https:\/\/www.notibras.com\/site\/#organization"},"image":{"@id":"https:\/\/www.notibras.com\/site\/escolas-de-samba-voltam-a-desfilar-apos-dez-anos\/#primaryimage"},"thumbnailUrl":"https:\/\/www.notibras.com\/site\/wp-content\/uploads\/2023\/06\/raf08899.jpg","articleSection":["Quadradinho em Foco"],"inLanguage":"pt-BR"},{"@type":"WebPage","@id":"https:\/\/www.notibras.com\/site\/escolas-de-samba-voltam-a-desfilar-apos-dez-anos\/","url":"https:\/\/www.notibras.com\/site\/escolas-de-samba-voltam-a-desfilar-apos-dez-anos\/","name":"Escolas de samba voltam a desfilar ap\u00f3s dez anos - Notibras","isPartOf":{"@id":"https:\/\/www.notibras.com\/site\/#website"},"primaryImageOfPage":{"@id":"https:\/\/www.notibras.com\/site\/escolas-de-samba-voltam-a-desfilar-apos-dez-anos\/#primaryimage"},"image":{"@id":"https:\/\/www.notibras.com\/site\/escolas-de-samba-voltam-a-desfilar-apos-dez-anos\/#primaryimage"},"thumbnailUrl":"https:\/\/www.notibras.com\/site\/wp-content\/uploads\/2023\/06\/raf08899.jpg","datePublished":"2023-06-23T10:25:23+00:00","dateModified":"2023-06-23T13:31:31+00:00","breadcrumb":{"@id":"https:\/\/www.notibras.com\/site\/escolas-de-samba-voltam-a-desfilar-apos-dez-anos\/#breadcrumb"},"inLanguage":"pt-BR","potentialAction":[{"@type":"ReadAction","target":["https:\/\/www.notibras.com\/site\/escolas-de-samba-voltam-a-desfilar-apos-dez-anos\/"]}]},{"@type":"ImageObject","inLanguage":"pt-BR","@id":"https:\/\/www.notibras.com\/site\/escolas-de-samba-voltam-a-desfilar-apos-dez-anos\/#primaryimage","url":"https:\/\/www.notibras.com\/site\/wp-content\/uploads\/2023\/06\/raf08899.jpg","contentUrl":"https:\/\/www.notibras.com\/site\/wp-content\/uploads\/2023\/06\/raf08899.jpg","width":1170,"height":700,"caption":"Bras\u00edlia - 22\/06\/2023 - Escolas de Samba de Bras\u00edlia fazem os preparativos finais para o desfile de Carnaval de 2023, desfile que n\u00e3o acontece h\u00e1 9 anos na capital. Foto: Rafa Neddermeyer\/Ag\u00eancia Brasil"},{"@type":"BreadcrumbList","@id":"https:\/\/www.notibras.com\/site\/escolas-de-samba-voltam-a-desfilar-apos-dez-anos\/#breadcrumb","itemListElement":[{"@type":"ListItem","position":1,"name":"In\u00edcio","item":"https:\/\/www.notibras.com\/site\/"},{"@type":"ListItem","position":2,"name":"Escolas de samba voltam a desfilar ap\u00f3s dez anos"}]},{"@type":"WebSite","@id":"https:\/\/www.notibras.com\/site\/#website","url":"https:\/\/www.notibras.com\/site\/","name":"Notibras","description":"Not\u00edcias de Bras\u00edlia, do Brasil e do Mundo","publisher":{"@id":"https:\/\/www.notibras.com\/site\/#organization"},"potentialAction":[{"@type":"SearchAction","target":{"@type":"EntryPoint","urlTemplate":"https:\/\/www.notibras.com\/site\/?s={search_term_string}"},"query-input":{"@type":"PropertyValueSpecification","valueRequired":true,"valueName":"search_term_string"}}],"inLanguage":"pt-BR"},{"@type":"Organization","@id":"https:\/\/www.notibras.com\/site\/#organization","name":"Grupo Notibras de Comunica\u00e7\u00e3o","url":"https:\/\/www.notibras.com\/site\/","logo":{"@type":"ImageObject","inLanguage":"pt-BR","@id":"https:\/\/www.notibras.com\/site\/#\/schema\/logo\/image\/","url":"https:\/\/www.notibras.com\/site\/wp-content\/uploads\/2023\/01\/notibras23.png","contentUrl":"https:\/\/www.notibras.com\/site\/wp-content\/uploads\/2023\/01\/notibras23.png","width":350,"height":87,"caption":"Grupo Notibras de Comunica\u00e7\u00e3o"},"image":{"@id":"https:\/\/www.notibras.com\/site\/#\/schema\/logo\/image\/"},"sameAs":["https:\/\/www.facebook.com\/notibras\/","https:\/\/x.com\/Notibras","https:\/\/www.instagram.com\/notibras\/"]},{"@type":"Person","@id":"https:\/\/www.notibras.com\/site\/#\/schema\/person\/36ab0979449956132d3e5b517ea76ac8","name":"Reda\u00e7\u00e3o","image":{"@type":"ImageObject","inLanguage":"pt-BR","@id":"https:\/\/secure.gravatar.com\/avatar\/e0a867bdedb85fd243eadf09663511f96fc81e0720a4a42581f334ad4303aa6b?s=96&d=mm&r=g","url":"https:\/\/secure.gravatar.com\/avatar\/e0a867bdedb85fd243eadf09663511f96fc81e0720a4a42581f334ad4303aa6b?s=96&d=mm&r=g","contentUrl":"https:\/\/secure.gravatar.com\/avatar\/e0a867bdedb85fd243eadf09663511f96fc81e0720a4a42581f334ad4303aa6b?s=96&d=mm&r=g","caption":"Reda\u00e7\u00e3o"}}]}},"amp_enabled":true,"_links":{"self":[{"href":"https:\/\/www.notibras.com\/site\/wp-json\/wp\/v2\/posts\/307456","targetHints":{"allow":["GET"]}}],"collection":[{"href":"https:\/\/www.notibras.com\/site\/wp-json\/wp\/v2\/posts"}],"about":[{"href":"https:\/\/www.notibras.com\/site\/wp-json\/wp\/v2\/types\/post"}],"author":[{"embeddable":true,"href":"https:\/\/www.notibras.com\/site\/wp-json\/wp\/v2\/users\/2"}],"replies":[{"embeddable":true,"href":"https:\/\/www.notibras.com\/site\/wp-json\/wp\/v2\/comments?post=307456"}],"version-history":[{"count":1,"href":"https:\/\/www.notibras.com\/site\/wp-json\/wp\/v2\/posts\/307456\/revisions"}],"predecessor-version":[{"id":307458,"href":"https:\/\/www.notibras.com\/site\/wp-json\/wp\/v2\/posts\/307456\/revisions\/307458"}],"wp:featuredmedia":[{"embeddable":true,"href":"https:\/\/www.notibras.com\/site\/wp-json\/wp\/v2\/media\/307457"}],"wp:attachment":[{"href":"https:\/\/www.notibras.com\/site\/wp-json\/wp\/v2\/media?parent=307456"}],"wp:term":[{"taxonomy":"category","embeddable":true,"href":"https:\/\/www.notibras.com\/site\/wp-json\/wp\/v2\/categories?post=307456"},{"taxonomy":"post_tag","embeddable":true,"href":"https:\/\/www.notibras.com\/site\/wp-json\/wp\/v2\/tags?post=307456"}],"curies":[{"name":"wp","href":"https:\/\/api.w.org\/{rel}","templated":true}]}}