{"id":307459,"date":"2023-06-23T00:00:51","date_gmt":"2023-06-23T03:00:51","guid":{"rendered":"https:\/\/www.notibras.com\/site\/?p=307459"},"modified":"2023-06-23T10:37:30","modified_gmt":"2023-06-23T13:37:30","slug":"cotas-na-unb-abriram-as-portas-para-38-mil-alunos","status":"publish","type":"post","link":"https:\/\/www.notibras.com\/site\/cotas-na-unb-abriram-as-portas-para-38-mil-alunos\/","title":{"rendered":"Cotas na UnB abriram as portas para 38 mil alunos"},"content":{"rendered":"<p>A Universidade de Bras\u00edlia (Unb) realizou nesta quinta-feira (22) uma cerim\u00f4nia para celebrar os 20 anos da implanta\u00e7\u00e3o da pol\u00edtica de cotas raciais na institui\u00e7\u00e3o, completados no \u00faltimo dia 6 deste m\u00eas. A universidade foi a primeira institui\u00e7\u00e3o federal de ensino superior do pa\u00eds a adotar a iniciativa.<\/p>\n<p>Desde 2004, primeiro ano de implanta\u00e7\u00e3o da pol\u00edtica, 38.042 estudantes entraram na universidade pelo sistema. No in\u00edcio, a pol\u00edtica previa que 20% das vagas de gradua\u00e7\u00e3o seriam destinadas a candidatos negros. Ap\u00f3s a Lei de Cotas, de 2012, a institui\u00e7\u00e3o destina 50% para estudantes de escolas p\u00fablicas, com base nos crit\u00e9rios de renda e ra\u00e7a e mant\u00e9m 5% das vagas exclusivas para negros.<\/p>\n<p>Na reuni\u00e3o extraordin\u00e1ria do Conselho de Ensino, Pesquisa e Extens\u00e3o (Cepe), \u00f3rg\u00e3o que aprovou e estruturou a pol\u00edtica na UnB, o pedagogo e representante dos cotistas da universidade, Jonhatan Gon\u00e7alves, relatou como a pol\u00edtica de cotas lhe permitiu acessar a educa\u00e7\u00e3o.<\/p>\n<p>\u201cMinha fam\u00edlia sequer tinha condi\u00e7\u00f5es f\u00edsicas, ps\u00edquicas, emocionais e culturais para tamanho apoio, suporte ou investimento \u00e0 minha educa\u00e7\u00e3o\u201d.<\/p>\n<p><strong>Avan\u00e7os<\/strong><br \/>\nO vice-reitor da UnB, Henrique Huelva, destaca que ado\u00e7\u00e3o das cotas foi o primeiro passo para saldar uma d\u00edvida do pa\u00eds com a popula\u00e7\u00e3o negra, v\u00edtima de um processo de escravid\u00e3o, uma das maiores atrocidades cometidas pela humanidade. Segundo ele, o caminho ainda \u00e9 longo.<\/p>\n<p>Conforme pesquisas internas da universidade, quase 12% dos alunos se declaram pretos e 34% pardos. Entre os docentes, o percentual dos que se declaram pretos cai para 4%, e 20% pardos.<\/p>\n<p>\u201cIsso mostra a necessidade de termos cotas, a\u00e7\u00f5es afirmativas em mestrado e doutorado, os dois passos seguintes, para que se permita a entrada de novos docentes e pesquisadores e tenhamos uma aproxima\u00e7\u00e3o um pouco mais satisfat\u00f3ria entre a composi\u00e7\u00e3o \u00e9tnico-racial da sociedade brasileira e composi\u00e7\u00e3o interna da universidade\u201d<\/p>\n<p>Em 2020, a universidade estendeu a pol\u00edtica de cotas para a p\u00f3s-gradua\u00e7\u00e3o, destinando 20% das vagas de cada edital para candidatos negros e ao menos uma vaga adicional em todas as sele\u00e7\u00f5es de stricto sensu para ind\u00edgenas e quilombolas, As regras entraram em vigor no primeiro semestre de 2021. Est\u00e1 em discuss\u00e3o pelo Cepe a reserva de vagas para docentes.<\/p>\n<p>A reitora da UnB, M\u00e1rcia Abrah\u00e3o, contou as press\u00f5es e desafios enfrentados pela UnB, ao ser a pioneira na implanta\u00e7\u00e3o das cotas raciais para ingresso na gradua\u00e7\u00e3o. Um dos epis\u00f3dios mais marcantes foi a contesta\u00e7\u00e3o da iniciativa no Supremo Tribunal Federal (STF).<\/p>\n<p>Na ocasi\u00e3o, a universidade teve de realizar um estudo sobre o n\u00edvel de conhecimento dos estudantes cotistas para contestar a\u00e7\u00e3o judicial. Em abril de 2012, a Corte Suprema reconheceu que a pol\u00edtica era constitucional. No mesmo ano, o governo federal instituiu a Lei de Cotas.<\/p>\n<p>Em outro momento, a universidade teve de lidar com as in\u00fameras fraudes decorrentes da autodeclara\u00e7\u00e3o dos candidatos.<\/p>\n<p>\u201cA universidade foi ousada e vai experimentando. Foi um momento em que a universidade confiou que autodeclara\u00e7\u00e3o, de acordo com a lei [de Cotas], seria suficiente para que as pessoas entendessem que \u00e9 uma pol\u00edtica espec\u00edfica. Infelizmente, tivemos muitos casos de fraudes, estabelecemos comiss\u00f5es de investiga\u00e7\u00e3o. Retornamos com as comiss\u00f5es de heteroidentifica\u00e7\u00e3o\u201d, afirmou.<\/p>\n<p>A UnB recriou a comiss\u00e3o de heteroidentifica\u00e7\u00e3o em 2022, quando uma banca avalia a autodeclara\u00e7\u00e3o de candidatos negros, ind\u00edgenas e quilombolas para ingresso nos cursos de gradua\u00e7\u00e3o. Dois anos antes, em decis\u00e3o in\u00e9dita, a institui\u00e7\u00e3o expulsou 15 estudantes ap\u00f3s intensa investiga\u00e7\u00e3o comprovar fraude na autodeclara\u00e7\u00e3o.<\/p>\n<p><strong>Perman\u00eancia na universidade<\/strong><br \/>\nPara a ministra da Igualdade Racial, Anielle Franco, as cotas precisam ter como suporte pol\u00edticas de incentivo \u00e0 perman\u00eancia dos cotistas na universidade.<\/p>\n<p>\u201cQuem \u00e9 estudante sabe o quanto o dinheiro para as refei\u00e7\u00f5es, lanches e xerox s\u00e3o fundamentais para a gente se manter e viver estudando, sem precisar abandonar o estudo e correr atr\u00e1s de outros modos de sobreviv\u00eancia. \u00c9 um aux\u00edlio fundamental para estudantes quilombolas, ind\u00edgenas em situa\u00e7\u00e3o de vulnerabilidade socio-econ\u00f4mica\u201d.<\/p>\n<p>Em fevereiro, o governo federal anunciou reajuste da Bolsa Perman\u00eancia, com percentuais de 55% a 75%, o que n\u00e3o ocorria desde 2013. Atualmente, os valores v\u00e3o de R$ 400 a R$ 900.<\/p>\n","protected":false},"excerpt":{"rendered":"<p>A Universidade de Bras\u00edlia (Unb) realizou nesta quinta-feira (22) uma cerim\u00f4nia para celebrar os 20 anos da implanta\u00e7\u00e3o da pol\u00edtica de cotas raciais na institui\u00e7\u00e3o, completados no \u00faltimo dia 6 deste m\u00eas. A universidade foi a primeira institui\u00e7\u00e3o federal de ensino superior do pa\u00eds a adotar a iniciativa. Desde 2004, primeiro ano de implanta\u00e7\u00e3o da [&hellip;]<\/p>\n","protected":false},"author":2,"featured_media":307460,"comment_status":"closed","ping_status":"closed","sticky":false,"template":"","format":"standard","meta":{"_acf_changed":false,"footnotes":""},"categories":[161],"tags":[],"class_list":["post-307459","post","type-post","status-publish","format-standard","has-post-thumbnail","hentry","category-quadradinho-em-foco"],"acf":[],"yoast_head":"<!-- This site is optimized with the Yoast SEO plugin v27.2 - https:\/\/yoast.com\/product\/yoast-seo-wordpress\/ -->\n<title>Cotas na UnB abriram as portas para 38 mil alunos - Notibras<\/title>\n<meta name=\"robots\" content=\"index, follow, max-snippet:-1, max-image-preview:large, max-video-preview:-1\" \/>\n<link rel=\"canonical\" href=\"https:\/\/www.notibras.com\/site\/cotas-na-unb-abriram-as-portas-para-38-mil-alunos\/\" \/>\n<meta property=\"og:locale\" content=\"pt_BR\" \/>\n<meta property=\"og:type\" content=\"article\" \/>\n<meta property=\"og:title\" content=\"Cotas na UnB abriram as portas para 38 mil alunos - Notibras\" \/>\n<meta property=\"og:description\" content=\"A Universidade de Bras\u00edlia (Unb) realizou nesta quinta-feira (22) uma cerim\u00f4nia para celebrar os 20 anos da implanta\u00e7\u00e3o da pol\u00edtica de cotas raciais na institui\u00e7\u00e3o, completados no \u00faltimo dia 6 deste m\u00eas. A universidade foi a primeira institui\u00e7\u00e3o federal de ensino superior do pa\u00eds a adotar a iniciativa. Desde 2004, primeiro ano de implanta\u00e7\u00e3o da [&hellip;]\" \/>\n<meta property=\"og:url\" content=\"https:\/\/www.notibras.com\/site\/cotas-na-unb-abriram-as-portas-para-38-mil-alunos\/\" \/>\n<meta property=\"og:site_name\" content=\"Notibras\" \/>\n<meta property=\"article:publisher\" content=\"https:\/\/www.facebook.com\/notibras\/\" \/>\n<meta property=\"article:published_time\" content=\"2023-06-23T03:00:51+00:00\" \/>\n<meta property=\"article:modified_time\" content=\"2023-06-23T13:37:30+00:00\" \/>\n<meta property=\"og:image\" content=\"https:\/\/www.notibras.com\/site\/wp-content\/uploads\/2023\/06\/vac_abr2206233111.jpg\" \/>\n\t<meta property=\"og:image:width\" content=\"1170\" \/>\n\t<meta property=\"og:image:height\" content=\"700\" \/>\n\t<meta property=\"og:image:type\" content=\"image\/jpeg\" \/>\n<meta name=\"author\" content=\"Reda\u00e7\u00e3o\" \/>\n<meta name=\"twitter:card\" content=\"summary_large_image\" \/>\n<meta name=\"twitter:creator\" content=\"@Notibras\" \/>\n<meta name=\"twitter:site\" content=\"@Notibras\" \/>\n<meta name=\"twitter:label1\" content=\"Escrito por\" \/>\n\t<meta name=\"twitter:data1\" content=\"Reda\u00e7\u00e3o\" \/>\n\t<meta name=\"twitter:label2\" content=\"Est. tempo de leitura\" \/>\n\t<meta name=\"twitter:data2\" content=\"4 minutos\" \/>\n<script type=\"application\/ld+json\" class=\"yoast-schema-graph\">{\"@context\":\"https:\/\/schema.org\",\"@graph\":[{\"@type\":\"Article\",\"@id\":\"https:\/\/www.notibras.com\/site\/cotas-na-unb-abriram-as-portas-para-38-mil-alunos\/#article\",\"isPartOf\":{\"@id\":\"https:\/\/www.notibras.com\/site\/cotas-na-unb-abriram-as-portas-para-38-mil-alunos\/\"},\"author\":{\"name\":\"Reda\u00e7\u00e3o\",\"@id\":\"https:\/\/www.notibras.com\/site\/#\/schema\/person\/36ab0979449956132d3e5b517ea76ac8\"},\"headline\":\"Cotas na UnB abriram as portas para 38 mil alunos\",\"datePublished\":\"2023-06-23T03:00:51+00:00\",\"dateModified\":\"2023-06-23T13:37:30+00:00\",\"mainEntityOfPage\":{\"@id\":\"https:\/\/www.notibras.com\/site\/cotas-na-unb-abriram-as-portas-para-38-mil-alunos\/\"},\"wordCount\":740,\"publisher\":{\"@id\":\"https:\/\/www.notibras.com\/site\/#organization\"},\"image\":{\"@id\":\"https:\/\/www.notibras.com\/site\/cotas-na-unb-abriram-as-portas-para-38-mil-alunos\/#primaryimage\"},\"thumbnailUrl\":\"https:\/\/www.notibras.com\/site\/wp-content\/uploads\/2023\/06\/vac_abr2206233111.jpg\",\"articleSection\":[\"Quadradinho em Foco\"],\"inLanguage\":\"pt-BR\"},{\"@type\":\"WebPage\",\"@id\":\"https:\/\/www.notibras.com\/site\/cotas-na-unb-abriram-as-portas-para-38-mil-alunos\/\",\"url\":\"https:\/\/www.notibras.com\/site\/cotas-na-unb-abriram-as-portas-para-38-mil-alunos\/\",\"name\":\"Cotas na UnB abriram as portas para 38 mil alunos - Notibras\",\"isPartOf\":{\"@id\":\"https:\/\/www.notibras.com\/site\/#website\"},\"primaryImageOfPage\":{\"@id\":\"https:\/\/www.notibras.com\/site\/cotas-na-unb-abriram-as-portas-para-38-mil-alunos\/#primaryimage\"},\"image\":{\"@id\":\"https:\/\/www.notibras.com\/site\/cotas-na-unb-abriram-as-portas-para-38-mil-alunos\/#primaryimage\"},\"thumbnailUrl\":\"https:\/\/www.notibras.com\/site\/wp-content\/uploads\/2023\/06\/vac_abr2206233111.jpg\",\"datePublished\":\"2023-06-23T03:00:51+00:00\",\"dateModified\":\"2023-06-23T13:37:30+00:00\",\"breadcrumb\":{\"@id\":\"https:\/\/www.notibras.com\/site\/cotas-na-unb-abriram-as-portas-para-38-mil-alunos\/#breadcrumb\"},\"inLanguage\":\"pt-BR\",\"potentialAction\":[{\"@type\":\"ReadAction\",\"target\":[\"https:\/\/www.notibras.com\/site\/cotas-na-unb-abriram-as-portas-para-38-mil-alunos\/\"]}]},{\"@type\":\"ImageObject\",\"inLanguage\":\"pt-BR\",\"@id\":\"https:\/\/www.notibras.com\/site\/cotas-na-unb-abriram-as-portas-para-38-mil-alunos\/#primaryimage\",\"url\":\"https:\/\/www.notibras.com\/site\/wp-content\/uploads\/2023\/06\/vac_abr2206233111.jpg\",\"contentUrl\":\"https:\/\/www.notibras.com\/site\/wp-content\/uploads\/2023\/06\/vac_abr2206233111.jpg\",\"width\":1170,\"height\":700,\"caption\":\"Bras\u00edlia (DF), 22\/06\/2023 \u2013 A ministra da Igualdade Racial, Anielle Franco, participa na \u00a0UnB do evento para comemorar os 20 anos do sistema de cotas da institui\u00e7\u00e3o.E\/D. Vice Reitor da UNB, Enrique Huelva, Reitora da UNB, M\u00e1rcia Abrah\u00e3o, Ministra da Igualdade Racial, Anielle Franco, e a Secretaria de Direitos Humanos da UNB, Deborah Silva Santos. Foto Valter Campanato\/Ag\u00eancia Brasil.\"},{\"@type\":\"BreadcrumbList\",\"@id\":\"https:\/\/www.notibras.com\/site\/cotas-na-unb-abriram-as-portas-para-38-mil-alunos\/#breadcrumb\",\"itemListElement\":[{\"@type\":\"ListItem\",\"position\":1,\"name\":\"In\u00edcio\",\"item\":\"https:\/\/www.notibras.com\/site\/\"},{\"@type\":\"ListItem\",\"position\":2,\"name\":\"Cotas na UnB abriram as portas para 38 mil alunos\"}]},{\"@type\":\"WebSite\",\"@id\":\"https:\/\/www.notibras.com\/site\/#website\",\"url\":\"https:\/\/www.notibras.com\/site\/\",\"name\":\"Notibras\",\"description\":\"Not\u00edcias de Bras\u00edlia, do Brasil e do Mundo\",\"publisher\":{\"@id\":\"https:\/\/www.notibras.com\/site\/#organization\"},\"potentialAction\":[{\"@type\":\"SearchAction\",\"target\":{\"@type\":\"EntryPoint\",\"urlTemplate\":\"https:\/\/www.notibras.com\/site\/?s={search_term_string}\"},\"query-input\":{\"@type\":\"PropertyValueSpecification\",\"valueRequired\":true,\"valueName\":\"search_term_string\"}}],\"inLanguage\":\"pt-BR\"},{\"@type\":\"Organization\",\"@id\":\"https:\/\/www.notibras.com\/site\/#organization\",\"name\":\"Grupo Notibras de Comunica\u00e7\u00e3o\",\"url\":\"https:\/\/www.notibras.com\/site\/\",\"logo\":{\"@type\":\"ImageObject\",\"inLanguage\":\"pt-BR\",\"@id\":\"https:\/\/www.notibras.com\/site\/#\/schema\/logo\/image\/\",\"url\":\"https:\/\/www.notibras.com\/site\/wp-content\/uploads\/2023\/01\/notibras23.png\",\"contentUrl\":\"https:\/\/www.notibras.com\/site\/wp-content\/uploads\/2023\/01\/notibras23.png\",\"width\":350,\"height\":87,\"caption\":\"Grupo Notibras de Comunica\u00e7\u00e3o\"},\"image\":{\"@id\":\"https:\/\/www.notibras.com\/site\/#\/schema\/logo\/image\/\"},\"sameAs\":[\"https:\/\/www.facebook.com\/notibras\/\",\"https:\/\/x.com\/Notibras\",\"https:\/\/www.instagram.com\/notibras\/\"]},{\"@type\":\"Person\",\"@id\":\"https:\/\/www.notibras.com\/site\/#\/schema\/person\/36ab0979449956132d3e5b517ea76ac8\",\"name\":\"Reda\u00e7\u00e3o\",\"image\":{\"@type\":\"ImageObject\",\"inLanguage\":\"pt-BR\",\"@id\":\"https:\/\/secure.gravatar.com\/avatar\/e0a867bdedb85fd243eadf09663511f96fc81e0720a4a42581f334ad4303aa6b?s=96&d=mm&r=g\",\"url\":\"https:\/\/secure.gravatar.com\/avatar\/e0a867bdedb85fd243eadf09663511f96fc81e0720a4a42581f334ad4303aa6b?s=96&d=mm&r=g\",\"contentUrl\":\"https:\/\/secure.gravatar.com\/avatar\/e0a867bdedb85fd243eadf09663511f96fc81e0720a4a42581f334ad4303aa6b?s=96&d=mm&r=g\",\"caption\":\"Reda\u00e7\u00e3o\"}}]}<\/script>\n<!-- \/ Yoast SEO plugin. -->","yoast_head_json":{"title":"Cotas na UnB abriram as portas para 38 mil alunos - Notibras","robots":{"index":"index","follow":"follow","max-snippet":"max-snippet:-1","max-image-preview":"max-image-preview:large","max-video-preview":"max-video-preview:-1"},"canonical":"https:\/\/www.notibras.com\/site\/cotas-na-unb-abriram-as-portas-para-38-mil-alunos\/","og_locale":"pt_BR","og_type":"article","og_title":"Cotas na UnB abriram as portas para 38 mil alunos - Notibras","og_description":"A Universidade de Bras\u00edlia (Unb) realizou nesta quinta-feira (22) uma cerim\u00f4nia para celebrar os 20 anos da implanta\u00e7\u00e3o da pol\u00edtica de cotas raciais na institui\u00e7\u00e3o, completados no \u00faltimo dia 6 deste m\u00eas. A universidade foi a primeira institui\u00e7\u00e3o federal de ensino superior do pa\u00eds a adotar a iniciativa. Desde 2004, primeiro ano de implanta\u00e7\u00e3o da [&hellip;]","og_url":"https:\/\/www.notibras.com\/site\/cotas-na-unb-abriram-as-portas-para-38-mil-alunos\/","og_site_name":"Notibras","article_publisher":"https:\/\/www.facebook.com\/notibras\/","article_published_time":"2023-06-23T03:00:51+00:00","article_modified_time":"2023-06-23T13:37:30+00:00","og_image":[{"width":1170,"height":700,"url":"https:\/\/www.notibras.com\/site\/wp-content\/uploads\/2023\/06\/vac_abr2206233111.jpg","type":"image\/jpeg"}],"author":"Reda\u00e7\u00e3o","twitter_card":"summary_large_image","twitter_creator":"@Notibras","twitter_site":"@Notibras","twitter_misc":{"Escrito por":"Reda\u00e7\u00e3o","Est. tempo de leitura":"4 minutos"},"schema":{"@context":"https:\/\/schema.org","@graph":[{"@type":"Article","@id":"https:\/\/www.notibras.com\/site\/cotas-na-unb-abriram-as-portas-para-38-mil-alunos\/#article","isPartOf":{"@id":"https:\/\/www.notibras.com\/site\/cotas-na-unb-abriram-as-portas-para-38-mil-alunos\/"},"author":{"name":"Reda\u00e7\u00e3o","@id":"https:\/\/www.notibras.com\/site\/#\/schema\/person\/36ab0979449956132d3e5b517ea76ac8"},"headline":"Cotas na UnB abriram as portas para 38 mil alunos","datePublished":"2023-06-23T03:00:51+00:00","dateModified":"2023-06-23T13:37:30+00:00","mainEntityOfPage":{"@id":"https:\/\/www.notibras.com\/site\/cotas-na-unb-abriram-as-portas-para-38-mil-alunos\/"},"wordCount":740,"publisher":{"@id":"https:\/\/www.notibras.com\/site\/#organization"},"image":{"@id":"https:\/\/www.notibras.com\/site\/cotas-na-unb-abriram-as-portas-para-38-mil-alunos\/#primaryimage"},"thumbnailUrl":"https:\/\/www.notibras.com\/site\/wp-content\/uploads\/2023\/06\/vac_abr2206233111.jpg","articleSection":["Quadradinho em Foco"],"inLanguage":"pt-BR"},{"@type":"WebPage","@id":"https:\/\/www.notibras.com\/site\/cotas-na-unb-abriram-as-portas-para-38-mil-alunos\/","url":"https:\/\/www.notibras.com\/site\/cotas-na-unb-abriram-as-portas-para-38-mil-alunos\/","name":"Cotas na UnB abriram as portas para 38 mil alunos - Notibras","isPartOf":{"@id":"https:\/\/www.notibras.com\/site\/#website"},"primaryImageOfPage":{"@id":"https:\/\/www.notibras.com\/site\/cotas-na-unb-abriram-as-portas-para-38-mil-alunos\/#primaryimage"},"image":{"@id":"https:\/\/www.notibras.com\/site\/cotas-na-unb-abriram-as-portas-para-38-mil-alunos\/#primaryimage"},"thumbnailUrl":"https:\/\/www.notibras.com\/site\/wp-content\/uploads\/2023\/06\/vac_abr2206233111.jpg","datePublished":"2023-06-23T03:00:51+00:00","dateModified":"2023-06-23T13:37:30+00:00","breadcrumb":{"@id":"https:\/\/www.notibras.com\/site\/cotas-na-unb-abriram-as-portas-para-38-mil-alunos\/#breadcrumb"},"inLanguage":"pt-BR","potentialAction":[{"@type":"ReadAction","target":["https:\/\/www.notibras.com\/site\/cotas-na-unb-abriram-as-portas-para-38-mil-alunos\/"]}]},{"@type":"ImageObject","inLanguage":"pt-BR","@id":"https:\/\/www.notibras.com\/site\/cotas-na-unb-abriram-as-portas-para-38-mil-alunos\/#primaryimage","url":"https:\/\/www.notibras.com\/site\/wp-content\/uploads\/2023\/06\/vac_abr2206233111.jpg","contentUrl":"https:\/\/www.notibras.com\/site\/wp-content\/uploads\/2023\/06\/vac_abr2206233111.jpg","width":1170,"height":700,"caption":"Bras\u00edlia (DF), 22\/06\/2023 \u2013 A ministra da Igualdade Racial, Anielle Franco, participa na \u00a0UnB do evento para comemorar os 20 anos do sistema de cotas da institui\u00e7\u00e3o.E\/D. Vice Reitor da UNB, Enrique Huelva, Reitora da UNB, M\u00e1rcia Abrah\u00e3o, Ministra da Igualdade Racial, Anielle Franco, e a Secretaria de Direitos Humanos da UNB, Deborah Silva Santos. Foto Valter Campanato\/Ag\u00eancia Brasil."},{"@type":"BreadcrumbList","@id":"https:\/\/www.notibras.com\/site\/cotas-na-unb-abriram-as-portas-para-38-mil-alunos\/#breadcrumb","itemListElement":[{"@type":"ListItem","position":1,"name":"In\u00edcio","item":"https:\/\/www.notibras.com\/site\/"},{"@type":"ListItem","position":2,"name":"Cotas na UnB abriram as portas para 38 mil alunos"}]},{"@type":"WebSite","@id":"https:\/\/www.notibras.com\/site\/#website","url":"https:\/\/www.notibras.com\/site\/","name":"Notibras","description":"Not\u00edcias de Bras\u00edlia, do Brasil e do Mundo","publisher":{"@id":"https:\/\/www.notibras.com\/site\/#organization"},"potentialAction":[{"@type":"SearchAction","target":{"@type":"EntryPoint","urlTemplate":"https:\/\/www.notibras.com\/site\/?s={search_term_string}"},"query-input":{"@type":"PropertyValueSpecification","valueRequired":true,"valueName":"search_term_string"}}],"inLanguage":"pt-BR"},{"@type":"Organization","@id":"https:\/\/www.notibras.com\/site\/#organization","name":"Grupo Notibras de Comunica\u00e7\u00e3o","url":"https:\/\/www.notibras.com\/site\/","logo":{"@type":"ImageObject","inLanguage":"pt-BR","@id":"https:\/\/www.notibras.com\/site\/#\/schema\/logo\/image\/","url":"https:\/\/www.notibras.com\/site\/wp-content\/uploads\/2023\/01\/notibras23.png","contentUrl":"https:\/\/www.notibras.com\/site\/wp-content\/uploads\/2023\/01\/notibras23.png","width":350,"height":87,"caption":"Grupo Notibras de Comunica\u00e7\u00e3o"},"image":{"@id":"https:\/\/www.notibras.com\/site\/#\/schema\/logo\/image\/"},"sameAs":["https:\/\/www.facebook.com\/notibras\/","https:\/\/x.com\/Notibras","https:\/\/www.instagram.com\/notibras\/"]},{"@type":"Person","@id":"https:\/\/www.notibras.com\/site\/#\/schema\/person\/36ab0979449956132d3e5b517ea76ac8","name":"Reda\u00e7\u00e3o","image":{"@type":"ImageObject","inLanguage":"pt-BR","@id":"https:\/\/secure.gravatar.com\/avatar\/e0a867bdedb85fd243eadf09663511f96fc81e0720a4a42581f334ad4303aa6b?s=96&d=mm&r=g","url":"https:\/\/secure.gravatar.com\/avatar\/e0a867bdedb85fd243eadf09663511f96fc81e0720a4a42581f334ad4303aa6b?s=96&d=mm&r=g","contentUrl":"https:\/\/secure.gravatar.com\/avatar\/e0a867bdedb85fd243eadf09663511f96fc81e0720a4a42581f334ad4303aa6b?s=96&d=mm&r=g","caption":"Reda\u00e7\u00e3o"}}]}},"amp_enabled":true,"_links":{"self":[{"href":"https:\/\/www.notibras.com\/site\/wp-json\/wp\/v2\/posts\/307459","targetHints":{"allow":["GET"]}}],"collection":[{"href":"https:\/\/www.notibras.com\/site\/wp-json\/wp\/v2\/posts"}],"about":[{"href":"https:\/\/www.notibras.com\/site\/wp-json\/wp\/v2\/types\/post"}],"author":[{"embeddable":true,"href":"https:\/\/www.notibras.com\/site\/wp-json\/wp\/v2\/users\/2"}],"replies":[{"embeddable":true,"href":"https:\/\/www.notibras.com\/site\/wp-json\/wp\/v2\/comments?post=307459"}],"version-history":[{"count":1,"href":"https:\/\/www.notibras.com\/site\/wp-json\/wp\/v2\/posts\/307459\/revisions"}],"predecessor-version":[{"id":307461,"href":"https:\/\/www.notibras.com\/site\/wp-json\/wp\/v2\/posts\/307459\/revisions\/307461"}],"wp:featuredmedia":[{"embeddable":true,"href":"https:\/\/www.notibras.com\/site\/wp-json\/wp\/v2\/media\/307460"}],"wp:attachment":[{"href":"https:\/\/www.notibras.com\/site\/wp-json\/wp\/v2\/media?parent=307459"}],"wp:term":[{"taxonomy":"category","embeddable":true,"href":"https:\/\/www.notibras.com\/site\/wp-json\/wp\/v2\/categories?post=307459"},{"taxonomy":"post_tag","embeddable":true,"href":"https:\/\/www.notibras.com\/site\/wp-json\/wp\/v2\/tags?post=307459"}],"curies":[{"name":"wp","href":"https:\/\/api.w.org\/{rel}","templated":true}]}}