{"id":307465,"date":"2023-06-23T00:00:25","date_gmt":"2023-06-23T03:00:25","guid":{"rendered":"https:\/\/www.notibras.com\/site\/?p=307465"},"modified":"2023-06-23T10:50:23","modified_gmt":"2023-06-23T13:50:23","slug":"operacao-escola-segura-registra-368-prisoes-e-apreensoes","status":"publish","type":"post","link":"https:\/\/www.notibras.com\/site\/operacao-escola-segura-registra-368-prisoes-e-apreensoes\/","title":{"rendered":"Opera\u00e7\u00e3o Escola Segura registra 368 pris\u00f5es e apreens\u00f5es"},"content":{"rendered":"<p>O ministro da Justi\u00e7a e Seguran\u00e7a P\u00fablica, Fl\u00e1vio Dino, atualizou, nesta quinta-feira (22), os dados da Opera\u00e7\u00e3o Escola Segura, coordenada pela pasta, por meio da Secretaria Nacional de Seguran\u00e7a P\u00fablica (Senasp \/ MJSP). Desde 6 de abril, foram realizadas 368 pris\u00f5es e, no caso de menores de idade, apreens\u00f5es.<\/p>\n<p>A Opera\u00e7\u00e3o Escola Segura atua com a\u00e7\u00f5es preventivas e repressivas 24 horas por dia. O ministro Fl\u00e1vio Dino enfatiza que as a\u00e7\u00f5es n\u00e3o t\u00eam data para acabar. \u201cA Opera\u00e7\u00e3o Escola Segura continua. Temos eventos desafiadores, eventos tristes, trag\u00e9dias. Por isso, infelizmente, n\u00f3s lamentamos e nos solidarizamos profundamente\u201d.<\/p>\n<p>At\u00e9 o momento, Opera\u00e7\u00e3o Escola Segura registra 3.396 boletins de ocorr\u00eancias relacionadas \u00e0 viol\u00eancia nas escolas de todo o Brasil. Al\u00e9m disso, 1.595 adolescentes e suspeitos foram conduzidos a delegacias para serem ouvidos pelas pol\u00edcias estaduais. O ministro divulgou que 2.830 casos est\u00e3o sendo investigados. O balan\u00e7o da Opera\u00e7\u00e3o Escola Segura ainda registra 368 buscas e apreens\u00f5es pelos agentes do Estado de objetos que podem auxiliar em investiga\u00e7\u00f5es.<\/p>\n<p>Os policiais integrantes da opera\u00e7\u00e3o solicitaram \u00e0s plataformas digitais a preserva\u00e7\u00e3o e a retirada de 901 conte\u00fados de incita\u00e7\u00e3o \u00e0 viol\u00eancia no ambiente escolar. Tamb\u00e9m foram feitas 384 solicita\u00e7\u00f5es de dados cadastrais em plataformas de redes sociais.<\/p>\n<p>Com a inten\u00e7\u00e3o de juntar esfor\u00e7os para prevenir e reprimir ataques \u00e0s escolas, o MJSP mant\u00e9m o fluxo continuo de envio de informa\u00e7\u00f5es \u00e0s pol\u00edcias estaduais. Em abril, foram 48 notifica\u00e7\u00f5es \u00e0s secretarias estaduais de seguran\u00e7a p\u00fablica. Em maio, 19. E 12 envios de dados, no m\u00eas corrente.<\/p>\n<p>Sobre o ataque desta ter\u00e7a-feira, em que um atirador matou dois jovens no Col\u00e9gio Estadual Professora Helena Kolody, em Camb\u00e9, no Paran\u00e1, Dino diz que o governo federal est\u00e1 colaborando para ampliar as investiga\u00e7\u00f5es. \u201cTrabalhamos desde o in\u00edcio em parceria com a Pol\u00edcia do Paran\u00e1. Ajudamos na presta\u00e7\u00e3o de informa\u00e7\u00f5es que foram colhidas juntos \u00e0s plataformas [digitais] para identificar o engendramento para al\u00e9m do indiv\u00edduo, autor direto dos disparos. Mostrando, assim que havia um envolvimento de outras pessoas\u201d.<\/p>\n<p>O ministro adiantou que, nesta sexta-feira (23), a Senasp\/MJSP realizar\u00e1 uma reuni\u00e3o nacional com representantes dos segmentos de intelig\u00eancia das pol\u00edcias estaduais para incrementar a Opera\u00e7\u00e3o Escola Segura e contribuir para elucidar os crimes.<\/p>\n<p><strong>Canal de den\u00fancias<\/strong><br \/>\nO Minist\u00e9rio da Justi\u00e7a e Seguran\u00e7a P\u00fablica, em parceria com organiza\u00e7\u00e3o n\u00e3o-governamental SaferNet Brasil, mant\u00e9m um canal virtual exclusivo para recebimento de informa\u00e7\u00f5es de amea\u00e7as e ataques contra as escolas. Todas as den\u00fancias s\u00e3o an\u00f4nimas e as informa\u00e7\u00f5es enviadas ser\u00e3o mantidas sob sigilo. N\u00e3o \u00e9 exigida a identifica\u00e7\u00e3o do denunciante.<\/p>\n<p>O interessado em fazer a den\u00fancia dever\u00e1 inserir o maior n\u00famero de informa\u00e7\u00f5es poss\u00edvel para que se possa analisar corretamente a ocorr\u00eancia. Pode, inclusive, incluir o endere\u00e7o eletr\u00f4nico de uma postagem suspeita da internet. Acesse: https:\/\/www.gov.br\/mj\/pt-br\/canais-de-denuncias\/escolasegura<\/p>\n","protected":false},"excerpt":{"rendered":"<p>O ministro da Justi\u00e7a e Seguran\u00e7a P\u00fablica, Fl\u00e1vio Dino, atualizou, nesta quinta-feira (22), os dados da Opera\u00e7\u00e3o Escola Segura, coordenada pela pasta, por meio da Secretaria Nacional de Seguran\u00e7a P\u00fablica (Senasp \/ MJSP). Desde 6 de abril, foram realizadas 368 pris\u00f5es e, no caso de menores de idade, apreens\u00f5es. A Opera\u00e7\u00e3o Escola Segura atua com [&hellip;]<\/p>\n","protected":false},"author":2,"featured_media":307466,"comment_status":"closed","ping_status":"closed","sticky":false,"template":"","format":"standard","meta":{"_acf_changed":false,"footnotes":""},"categories":[161],"tags":[],"class_list":["post-307465","post","type-post","status-publish","format-standard","has-post-thumbnail","hentry","category-quadradinho-em-foco"],"acf":[],"yoast_head":"<!-- This site is optimized with the Yoast SEO plugin v27.2 - https:\/\/yoast.com\/product\/yoast-seo-wordpress\/ -->\n<title>Opera\u00e7\u00e3o Escola Segura registra 368 pris\u00f5es e apreens\u00f5es - Notibras<\/title>\n<meta name=\"robots\" content=\"index, follow, max-snippet:-1, max-image-preview:large, max-video-preview:-1\" \/>\n<link rel=\"canonical\" href=\"https:\/\/www.notibras.com\/site\/operacao-escola-segura-registra-368-prisoes-e-apreensoes\/\" \/>\n<meta property=\"og:locale\" content=\"pt_BR\" \/>\n<meta property=\"og:type\" content=\"article\" \/>\n<meta property=\"og:title\" content=\"Opera\u00e7\u00e3o Escola Segura registra 368 pris\u00f5es e apreens\u00f5es - Notibras\" \/>\n<meta property=\"og:description\" content=\"O ministro da Justi\u00e7a e Seguran\u00e7a P\u00fablica, Fl\u00e1vio Dino, atualizou, nesta quinta-feira (22), os dados da Opera\u00e7\u00e3o Escola Segura, coordenada pela pasta, por meio da Secretaria Nacional de Seguran\u00e7a P\u00fablica (Senasp \/ MJSP). Desde 6 de abril, foram realizadas 368 pris\u00f5es e, no caso de menores de idade, apreens\u00f5es. A Opera\u00e7\u00e3o Escola Segura atua com [&hellip;]\" \/>\n<meta property=\"og:url\" content=\"https:\/\/www.notibras.com\/site\/operacao-escola-segura-registra-368-prisoes-e-apreensoes\/\" \/>\n<meta property=\"og:site_name\" content=\"Notibras\" \/>\n<meta property=\"article:publisher\" content=\"https:\/\/www.facebook.com\/notibras\/\" \/>\n<meta property=\"article:published_time\" content=\"2023-06-23T03:00:25+00:00\" \/>\n<meta property=\"article:modified_time\" content=\"2023-06-23T13:50:23+00:00\" \/>\n<meta property=\"og:image\" content=\"https:\/\/www.notibras.com\/site\/wp-content\/uploads\/2023\/06\/mg_6900_0.jpg\" \/>\n\t<meta property=\"og:image:width\" content=\"1170\" \/>\n\t<meta property=\"og:image:height\" content=\"700\" \/>\n\t<meta property=\"og:image:type\" content=\"image\/jpeg\" \/>\n<meta name=\"author\" content=\"Reda\u00e7\u00e3o\" \/>\n<meta name=\"twitter:card\" content=\"summary_large_image\" \/>\n<meta name=\"twitter:creator\" content=\"@Notibras\" \/>\n<meta name=\"twitter:site\" content=\"@Notibras\" \/>\n<meta name=\"twitter:label1\" content=\"Escrito por\" \/>\n\t<meta name=\"twitter:data1\" content=\"Reda\u00e7\u00e3o\" \/>\n\t<meta name=\"twitter:label2\" content=\"Est. tempo de leitura\" \/>\n\t<meta name=\"twitter:data2\" content=\"3 minutos\" \/>\n<script type=\"application\/ld+json\" class=\"yoast-schema-graph\">{\"@context\":\"https:\/\/schema.org\",\"@graph\":[{\"@type\":\"Article\",\"@id\":\"https:\/\/www.notibras.com\/site\/operacao-escola-segura-registra-368-prisoes-e-apreensoes\/#article\",\"isPartOf\":{\"@id\":\"https:\/\/www.notibras.com\/site\/operacao-escola-segura-registra-368-prisoes-e-apreensoes\/\"},\"author\":{\"name\":\"Reda\u00e7\u00e3o\",\"@id\":\"https:\/\/www.notibras.com\/site\/#\/schema\/person\/36ab0979449956132d3e5b517ea76ac8\"},\"headline\":\"Opera\u00e7\u00e3o Escola Segura registra 368 pris\u00f5es e apreens\u00f5es\",\"datePublished\":\"2023-06-23T03:00:25+00:00\",\"dateModified\":\"2023-06-23T13:50:23+00:00\",\"mainEntityOfPage\":{\"@id\":\"https:\/\/www.notibras.com\/site\/operacao-escola-segura-registra-368-prisoes-e-apreensoes\/\"},\"wordCount\":531,\"publisher\":{\"@id\":\"https:\/\/www.notibras.com\/site\/#organization\"},\"image\":{\"@id\":\"https:\/\/www.notibras.com\/site\/operacao-escola-segura-registra-368-prisoes-e-apreensoes\/#primaryimage\"},\"thumbnailUrl\":\"https:\/\/www.notibras.com\/site\/wp-content\/uploads\/2023\/06\/mg_6900_0.jpg\",\"articleSection\":[\"Quadradinho em Foco\"],\"inLanguage\":\"pt-BR\"},{\"@type\":\"WebPage\",\"@id\":\"https:\/\/www.notibras.com\/site\/operacao-escola-segura-registra-368-prisoes-e-apreensoes\/\",\"url\":\"https:\/\/www.notibras.com\/site\/operacao-escola-segura-registra-368-prisoes-e-apreensoes\/\",\"name\":\"Opera\u00e7\u00e3o Escola Segura registra 368 pris\u00f5es e apreens\u00f5es - Notibras\",\"isPartOf\":{\"@id\":\"https:\/\/www.notibras.com\/site\/#website\"},\"primaryImageOfPage\":{\"@id\":\"https:\/\/www.notibras.com\/site\/operacao-escola-segura-registra-368-prisoes-e-apreensoes\/#primaryimage\"},\"image\":{\"@id\":\"https:\/\/www.notibras.com\/site\/operacao-escola-segura-registra-368-prisoes-e-apreensoes\/#primaryimage\"},\"thumbnailUrl\":\"https:\/\/www.notibras.com\/site\/wp-content\/uploads\/2023\/06\/mg_6900_0.jpg\",\"datePublished\":\"2023-06-23T03:00:25+00:00\",\"dateModified\":\"2023-06-23T13:50:23+00:00\",\"breadcrumb\":{\"@id\":\"https:\/\/www.notibras.com\/site\/operacao-escola-segura-registra-368-prisoes-e-apreensoes\/#breadcrumb\"},\"inLanguage\":\"pt-BR\",\"potentialAction\":[{\"@type\":\"ReadAction\",\"target\":[\"https:\/\/www.notibras.com\/site\/operacao-escola-segura-registra-368-prisoes-e-apreensoes\/\"]}]},{\"@type\":\"ImageObject\",\"inLanguage\":\"pt-BR\",\"@id\":\"https:\/\/www.notibras.com\/site\/operacao-escola-segura-registra-368-prisoes-e-apreensoes\/#primaryimage\",\"url\":\"https:\/\/www.notibras.com\/site\/wp-content\/uploads\/2023\/06\/mg_6900_0.jpg\",\"contentUrl\":\"https:\/\/www.notibras.com\/site\/wp-content\/uploads\/2023\/06\/mg_6900_0.jpg\",\"width\":1170,\"height\":700,\"caption\":\"S\u00e3o Paulo (SP), 29\/03\/2023 - Professores de S\u00e3o Paulo protestam contra a viol\u00eancia nas escolas em frente \u00e0 Secretaria de Educa\u00e7\u00e3o, na Pra\u00e7a da Rep\u00fablica, ap\u00f3s o ataque na escola Thomazia Montoro. Foto: Fernando Fraz\u00e3o\/Ag\u00eancia Brasil\"},{\"@type\":\"BreadcrumbList\",\"@id\":\"https:\/\/www.notibras.com\/site\/operacao-escola-segura-registra-368-prisoes-e-apreensoes\/#breadcrumb\",\"itemListElement\":[{\"@type\":\"ListItem\",\"position\":1,\"name\":\"In\u00edcio\",\"item\":\"https:\/\/www.notibras.com\/site\/\"},{\"@type\":\"ListItem\",\"position\":2,\"name\":\"Opera\u00e7\u00e3o Escola Segura registra 368 pris\u00f5es e apreens\u00f5es\"}]},{\"@type\":\"WebSite\",\"@id\":\"https:\/\/www.notibras.com\/site\/#website\",\"url\":\"https:\/\/www.notibras.com\/site\/\",\"name\":\"Notibras\",\"description\":\"Not\u00edcias de Bras\u00edlia, do Brasil e do Mundo\",\"publisher\":{\"@id\":\"https:\/\/www.notibras.com\/site\/#organization\"},\"potentialAction\":[{\"@type\":\"SearchAction\",\"target\":{\"@type\":\"EntryPoint\",\"urlTemplate\":\"https:\/\/www.notibras.com\/site\/?s={search_term_string}\"},\"query-input\":{\"@type\":\"PropertyValueSpecification\",\"valueRequired\":true,\"valueName\":\"search_term_string\"}}],\"inLanguage\":\"pt-BR\"},{\"@type\":\"Organization\",\"@id\":\"https:\/\/www.notibras.com\/site\/#organization\",\"name\":\"Grupo Notibras de Comunica\u00e7\u00e3o\",\"url\":\"https:\/\/www.notibras.com\/site\/\",\"logo\":{\"@type\":\"ImageObject\",\"inLanguage\":\"pt-BR\",\"@id\":\"https:\/\/www.notibras.com\/site\/#\/schema\/logo\/image\/\",\"url\":\"https:\/\/www.notibras.com\/site\/wp-content\/uploads\/2023\/01\/notibras23.png\",\"contentUrl\":\"https:\/\/www.notibras.com\/site\/wp-content\/uploads\/2023\/01\/notibras23.png\",\"width\":350,\"height\":87,\"caption\":\"Grupo Notibras de Comunica\u00e7\u00e3o\"},\"image\":{\"@id\":\"https:\/\/www.notibras.com\/site\/#\/schema\/logo\/image\/\"},\"sameAs\":[\"https:\/\/www.facebook.com\/notibras\/\",\"https:\/\/x.com\/Notibras\",\"https:\/\/www.instagram.com\/notibras\/\"]},{\"@type\":\"Person\",\"@id\":\"https:\/\/www.notibras.com\/site\/#\/schema\/person\/36ab0979449956132d3e5b517ea76ac8\",\"name\":\"Reda\u00e7\u00e3o\",\"image\":{\"@type\":\"ImageObject\",\"inLanguage\":\"pt-BR\",\"@id\":\"https:\/\/secure.gravatar.com\/avatar\/e0a867bdedb85fd243eadf09663511f96fc81e0720a4a42581f334ad4303aa6b?s=96&d=mm&r=g\",\"url\":\"https:\/\/secure.gravatar.com\/avatar\/e0a867bdedb85fd243eadf09663511f96fc81e0720a4a42581f334ad4303aa6b?s=96&d=mm&r=g\",\"contentUrl\":\"https:\/\/secure.gravatar.com\/avatar\/e0a867bdedb85fd243eadf09663511f96fc81e0720a4a42581f334ad4303aa6b?s=96&d=mm&r=g\",\"caption\":\"Reda\u00e7\u00e3o\"}}]}<\/script>\n<!-- \/ Yoast SEO plugin. -->","yoast_head_json":{"title":"Opera\u00e7\u00e3o Escola Segura registra 368 pris\u00f5es e apreens\u00f5es - Notibras","robots":{"index":"index","follow":"follow","max-snippet":"max-snippet:-1","max-image-preview":"max-image-preview:large","max-video-preview":"max-video-preview:-1"},"canonical":"https:\/\/www.notibras.com\/site\/operacao-escola-segura-registra-368-prisoes-e-apreensoes\/","og_locale":"pt_BR","og_type":"article","og_title":"Opera\u00e7\u00e3o Escola Segura registra 368 pris\u00f5es e apreens\u00f5es - Notibras","og_description":"O ministro da Justi\u00e7a e Seguran\u00e7a P\u00fablica, Fl\u00e1vio Dino, atualizou, nesta quinta-feira (22), os dados da Opera\u00e7\u00e3o Escola Segura, coordenada pela pasta, por meio da Secretaria Nacional de Seguran\u00e7a P\u00fablica (Senasp \/ MJSP). Desde 6 de abril, foram realizadas 368 pris\u00f5es e, no caso de menores de idade, apreens\u00f5es. A Opera\u00e7\u00e3o Escola Segura atua com [&hellip;]","og_url":"https:\/\/www.notibras.com\/site\/operacao-escola-segura-registra-368-prisoes-e-apreensoes\/","og_site_name":"Notibras","article_publisher":"https:\/\/www.facebook.com\/notibras\/","article_published_time":"2023-06-23T03:00:25+00:00","article_modified_time":"2023-06-23T13:50:23+00:00","og_image":[{"width":1170,"height":700,"url":"https:\/\/www.notibras.com\/site\/wp-content\/uploads\/2023\/06\/mg_6900_0.jpg","type":"image\/jpeg"}],"author":"Reda\u00e7\u00e3o","twitter_card":"summary_large_image","twitter_creator":"@Notibras","twitter_site":"@Notibras","twitter_misc":{"Escrito por":"Reda\u00e7\u00e3o","Est. tempo de leitura":"3 minutos"},"schema":{"@context":"https:\/\/schema.org","@graph":[{"@type":"Article","@id":"https:\/\/www.notibras.com\/site\/operacao-escola-segura-registra-368-prisoes-e-apreensoes\/#article","isPartOf":{"@id":"https:\/\/www.notibras.com\/site\/operacao-escola-segura-registra-368-prisoes-e-apreensoes\/"},"author":{"name":"Reda\u00e7\u00e3o","@id":"https:\/\/www.notibras.com\/site\/#\/schema\/person\/36ab0979449956132d3e5b517ea76ac8"},"headline":"Opera\u00e7\u00e3o Escola Segura registra 368 pris\u00f5es e apreens\u00f5es","datePublished":"2023-06-23T03:00:25+00:00","dateModified":"2023-06-23T13:50:23+00:00","mainEntityOfPage":{"@id":"https:\/\/www.notibras.com\/site\/operacao-escola-segura-registra-368-prisoes-e-apreensoes\/"},"wordCount":531,"publisher":{"@id":"https:\/\/www.notibras.com\/site\/#organization"},"image":{"@id":"https:\/\/www.notibras.com\/site\/operacao-escola-segura-registra-368-prisoes-e-apreensoes\/#primaryimage"},"thumbnailUrl":"https:\/\/www.notibras.com\/site\/wp-content\/uploads\/2023\/06\/mg_6900_0.jpg","articleSection":["Quadradinho em Foco"],"inLanguage":"pt-BR"},{"@type":"WebPage","@id":"https:\/\/www.notibras.com\/site\/operacao-escola-segura-registra-368-prisoes-e-apreensoes\/","url":"https:\/\/www.notibras.com\/site\/operacao-escola-segura-registra-368-prisoes-e-apreensoes\/","name":"Opera\u00e7\u00e3o Escola Segura registra 368 pris\u00f5es e apreens\u00f5es - Notibras","isPartOf":{"@id":"https:\/\/www.notibras.com\/site\/#website"},"primaryImageOfPage":{"@id":"https:\/\/www.notibras.com\/site\/operacao-escola-segura-registra-368-prisoes-e-apreensoes\/#primaryimage"},"image":{"@id":"https:\/\/www.notibras.com\/site\/operacao-escola-segura-registra-368-prisoes-e-apreensoes\/#primaryimage"},"thumbnailUrl":"https:\/\/www.notibras.com\/site\/wp-content\/uploads\/2023\/06\/mg_6900_0.jpg","datePublished":"2023-06-23T03:00:25+00:00","dateModified":"2023-06-23T13:50:23+00:00","breadcrumb":{"@id":"https:\/\/www.notibras.com\/site\/operacao-escola-segura-registra-368-prisoes-e-apreensoes\/#breadcrumb"},"inLanguage":"pt-BR","potentialAction":[{"@type":"ReadAction","target":["https:\/\/www.notibras.com\/site\/operacao-escola-segura-registra-368-prisoes-e-apreensoes\/"]}]},{"@type":"ImageObject","inLanguage":"pt-BR","@id":"https:\/\/www.notibras.com\/site\/operacao-escola-segura-registra-368-prisoes-e-apreensoes\/#primaryimage","url":"https:\/\/www.notibras.com\/site\/wp-content\/uploads\/2023\/06\/mg_6900_0.jpg","contentUrl":"https:\/\/www.notibras.com\/site\/wp-content\/uploads\/2023\/06\/mg_6900_0.jpg","width":1170,"height":700,"caption":"S\u00e3o Paulo (SP), 29\/03\/2023 - Professores de S\u00e3o Paulo protestam contra a viol\u00eancia nas escolas em frente \u00e0 Secretaria de Educa\u00e7\u00e3o, na Pra\u00e7a da Rep\u00fablica, ap\u00f3s o ataque na escola Thomazia Montoro. Foto: Fernando Fraz\u00e3o\/Ag\u00eancia Brasil"},{"@type":"BreadcrumbList","@id":"https:\/\/www.notibras.com\/site\/operacao-escola-segura-registra-368-prisoes-e-apreensoes\/#breadcrumb","itemListElement":[{"@type":"ListItem","position":1,"name":"In\u00edcio","item":"https:\/\/www.notibras.com\/site\/"},{"@type":"ListItem","position":2,"name":"Opera\u00e7\u00e3o Escola Segura registra 368 pris\u00f5es e apreens\u00f5es"}]},{"@type":"WebSite","@id":"https:\/\/www.notibras.com\/site\/#website","url":"https:\/\/www.notibras.com\/site\/","name":"Notibras","description":"Not\u00edcias de Bras\u00edlia, do Brasil e do Mundo","publisher":{"@id":"https:\/\/www.notibras.com\/site\/#organization"},"potentialAction":[{"@type":"SearchAction","target":{"@type":"EntryPoint","urlTemplate":"https:\/\/www.notibras.com\/site\/?s={search_term_string}"},"query-input":{"@type":"PropertyValueSpecification","valueRequired":true,"valueName":"search_term_string"}}],"inLanguage":"pt-BR"},{"@type":"Organization","@id":"https:\/\/www.notibras.com\/site\/#organization","name":"Grupo Notibras de Comunica\u00e7\u00e3o","url":"https:\/\/www.notibras.com\/site\/","logo":{"@type":"ImageObject","inLanguage":"pt-BR","@id":"https:\/\/www.notibras.com\/site\/#\/schema\/logo\/image\/","url":"https:\/\/www.notibras.com\/site\/wp-content\/uploads\/2023\/01\/notibras23.png","contentUrl":"https:\/\/www.notibras.com\/site\/wp-content\/uploads\/2023\/01\/notibras23.png","width":350,"height":87,"caption":"Grupo Notibras de Comunica\u00e7\u00e3o"},"image":{"@id":"https:\/\/www.notibras.com\/site\/#\/schema\/logo\/image\/"},"sameAs":["https:\/\/www.facebook.com\/notibras\/","https:\/\/x.com\/Notibras","https:\/\/www.instagram.com\/notibras\/"]},{"@type":"Person","@id":"https:\/\/www.notibras.com\/site\/#\/schema\/person\/36ab0979449956132d3e5b517ea76ac8","name":"Reda\u00e7\u00e3o","image":{"@type":"ImageObject","inLanguage":"pt-BR","@id":"https:\/\/secure.gravatar.com\/avatar\/e0a867bdedb85fd243eadf09663511f96fc81e0720a4a42581f334ad4303aa6b?s=96&d=mm&r=g","url":"https:\/\/secure.gravatar.com\/avatar\/e0a867bdedb85fd243eadf09663511f96fc81e0720a4a42581f334ad4303aa6b?s=96&d=mm&r=g","contentUrl":"https:\/\/secure.gravatar.com\/avatar\/e0a867bdedb85fd243eadf09663511f96fc81e0720a4a42581f334ad4303aa6b?s=96&d=mm&r=g","caption":"Reda\u00e7\u00e3o"}}]}},"amp_enabled":true,"_links":{"self":[{"href":"https:\/\/www.notibras.com\/site\/wp-json\/wp\/v2\/posts\/307465","targetHints":{"allow":["GET"]}}],"collection":[{"href":"https:\/\/www.notibras.com\/site\/wp-json\/wp\/v2\/posts"}],"about":[{"href":"https:\/\/www.notibras.com\/site\/wp-json\/wp\/v2\/types\/post"}],"author":[{"embeddable":true,"href":"https:\/\/www.notibras.com\/site\/wp-json\/wp\/v2\/users\/2"}],"replies":[{"embeddable":true,"href":"https:\/\/www.notibras.com\/site\/wp-json\/wp\/v2\/comments?post=307465"}],"version-history":[{"count":1,"href":"https:\/\/www.notibras.com\/site\/wp-json\/wp\/v2\/posts\/307465\/revisions"}],"predecessor-version":[{"id":307467,"href":"https:\/\/www.notibras.com\/site\/wp-json\/wp\/v2\/posts\/307465\/revisions\/307467"}],"wp:featuredmedia":[{"embeddable":true,"href":"https:\/\/www.notibras.com\/site\/wp-json\/wp\/v2\/media\/307466"}],"wp:attachment":[{"href":"https:\/\/www.notibras.com\/site\/wp-json\/wp\/v2\/media?parent=307465"}],"wp:term":[{"taxonomy":"category","embeddable":true,"href":"https:\/\/www.notibras.com\/site\/wp-json\/wp\/v2\/categories?post=307465"},{"taxonomy":"post_tag","embeddable":true,"href":"https:\/\/www.notibras.com\/site\/wp-json\/wp\/v2\/tags?post=307465"}],"curies":[{"name":"wp","href":"https:\/\/api.w.org\/{rel}","templated":true}]}}