{"id":307468,"date":"2023-06-23T10:27:18","date_gmt":"2023-06-23T13:27:18","guid":{"rendered":"https:\/\/www.notibras.com\/site\/?p=307468"},"modified":"2023-06-23T11:28:36","modified_gmt":"2023-06-23T14:28:36","slug":"ratoeiras-ficam-presas-em-ubaldo-e-gatos-livres","status":"publish","type":"post","link":"https:\/\/www.notibras.com\/site\/ratoeiras-ficam-presas-em-ubaldo-e-gatos-livres\/","title":{"rendered":"Ratoeiras ficam presas em Ubaldo, e gatos, livres"},"content":{"rendered":"<p>Domingo! O primeiro a sair \u00e0 rua foi o Diogo. Ele estava brincando de rodar pi\u00e3o. Logo chegou a Jujuba, que brincou um pouco tamb\u00e9m. Depois apareceram a Ta\u00eds e a Gabriela quase ao mesmo tempo. A crian\u00e7ada foi chegando aos poucos, mas ainda faltava um. E voc\u00ea pode adivinhar quem era esse retardat\u00e1rio? Pois \u00e9, era o guloso do Iago, que n\u00e3o se contentava com um p\u00e3o. Ele come pelo menos tr\u00eas! E olha que ele \u00e9 magrinho que nem palito!<\/p>\n<p>E brinca daqui, brinca dali&#8230; A meninada estava com todo g\u00e1s esse dia. E o Iago, mesmo brincando, n\u00e3o desgrudava os olhos de jabuticaba madura da casa l\u00e1 no final da rua, onde morava o tal Ubaldo Canastra.<\/p>\n<p>Ih, agora me lembrei que n\u00e3o disse como era esse tal Ubaldo Canastra. Pois bem, ele \u00e9 um homem de mais de 1,80 metro de altura, pelo menos uns cem quilos ou mais, m\u00e3os enormes com dedos grossos, as unhas s\u00e3o t\u00e3o grandes e cheias de sujeira, \u00e9 calvo e o pouco dos cabelos que lhe restam s\u00e3o quase pretos. Tem um enorme nariz de batata e sua pele \u00e9 branca encardida de terra. Seus olhos s\u00e3o maiores do que os de uma coruja e sua boca mais fedorenta que um penico. Pois \u00e9 assim mesmo esse Ubaldo Canastra!<\/p>\n<p>De repente o Iago come\u00e7ou a pular e apontar para o final da rua. Mas ele n\u00e3o conseguia dizer coisa com coisa. Teve crian\u00e7a at\u00e9 que achou que o guloso da rua tinha pirado. Tamb\u00e9m teve uma menina, acho at\u00e9 que foi a Jujuba, que achou que o Iago estivesse com dor de barriga.<\/p>\n<p>&#8211; O que foi, Iago?, perguntou a Gabriela.<\/p>\n<p>&#8211; E&#8230;e&#8230; ele saiu!, gaguejou o guloso.<\/p>\n<p>&#8211; Ele quem, Iago?, quis saber a Jujuba.<\/p>\n<p>&#8211; O&#8230; o&#8230; Ubal&#8230; Ubaldo Canastra!, finalmente falou o Iago.<\/p>\n<p>&#8211; Vamos turma! Temos de agir o mais r\u00e1pido poss\u00edvel, disse a Gabriela.<\/p>\n<p>Enquanto a crian\u00e7ada corria para frente da casa do Ubaldo Canastra, a Ana Maria e a Mariana correram para o lado oposto. A Gabriela n\u00e3o entendeu e as chamou.<\/p>\n<p>&#8211; Ei, Ana Maria! Ei, Mariana! Aonde voc\u00eas est\u00e3o indo?, falou a Gabriela.<\/p>\n<p>&#8211; V\u00e3o indo na frente. A gente s\u00f3 vai pegar umas coisas l\u00e1 em casa. Logo estaremos com voc\u00eas, respondeu a Mariana.<\/p>\n<p>Ent\u00e3o, a crian\u00e7ada ficou em frente \u00e0 casa do Ubaldo Canastra. Em menos de cinco minutos apareceram as g\u00eameas carregando um balde e cinco ratoeiras.<\/p>\n<p>&#8211; Pra que voc\u00eas trouxeram essas coisas?, quis saber a Gabriela.<\/p>\n<p>&#8211; Depois a gente fala. Agora precisamos agir o mais r\u00e1pido poss\u00edvel, disse a Ana Maria, j\u00e1 pulando o muro da casa do Ubaldo Canastra.<\/p>\n<p>Ent\u00e3o, a Mariana passou o balde e as ratoeiras para a sua irm\u00e3. Depois tamb\u00e9m pulou o muro. Vieram atr\u00e1s dela a Gabriela, a Jujuba e a Ta\u00eds. As outras crian\u00e7as ficaram ajudando o Iago a ver se o Ubaldo estava voltando.<\/p>\n<p>A porta da frente estava fechada. Ent\u00e3o, as g\u00eameas tiveram a ideia de olharem se a porta dos fundos estava aberta. As cinco meninas deram a volta na casa. A porta de tr\u00e1s tamb\u00e9m estava trancada. Mas havia uma janela aberta, s\u00f3 que era um pouco alta para as meninas.<\/p>\n<p>&#8211; Puxa, e agora?, falou uma desanimada Jujuba.<\/p>\n<p>&#8211; J\u00e1 sei! J\u00e1 sei!, disse a Ta\u00eds.<\/p>\n<p>&#8211; O que voc\u00ea j\u00e1 sabe, Ta\u00eds?, perguntou a Gabriela.<\/p>\n<p>&#8211; Olha, a gente vai fazer uma pir\u00e2mide humana! Eu j\u00e1 vi isso no circo, respondeu a Ta\u00eds.<\/p>\n<p>&#8211; Pir\u00e2mide humana? Mas o que \u00e9 isso?, quis saber a Jujuba.<\/p>\n<p>&#8211; Pir\u00e2mide humana \u00e9 o seguinte: a gente vai subindo uma em cima da outra at\u00e9 ficar bem alta. Entendeu?,\u00a0 respondeu mais uma vez a Ta\u00eds.<\/p>\n<p>&#8211; E isso vai dar certo?, perguntou a Gabriela.<\/p>\n<p>&#8211; S\u00f3 saberemos tentando, disse a Ana Maria.<\/p>\n<p>Como a Gabriela era a mais velha e mais forte, ela ficou sendo a base da pir\u00e2mide. Ent\u00e3o, ela encostou o corpo na parede da casa e falou para a Jujuba subir nos seus ombros. Ajudada pelas outras meninas, a Jujuba conseguiu ficar em cima da Gabriela. Depois foi a vez da Ana Maria subir nos ombros da Juliana. Ela foi ajudada pela Ta\u00eds e pela Mariana. Com bastante esfor\u00e7o ela conseguiu.<\/p>\n<p>&#8211; Vai logo, Ana Maria, pula logo a janela, pois n\u00e3o estou aguentando todo esse peso, disse a Gabriela.<\/p>\n<p>A Ana Maria n\u00e3o perdeu tempo e entrou na casa atrav\u00e9s da janela. Ela estava no quarto do Ubaldo Canastra. Estava tudo escuro, apesar de ainda ser dia. \u00c9 que as cortinas estavam todas fechadas. Tratou logo de descer a escada da casa de dois andares e foi abrir a porta de tr\u00e1s para a sua irm\u00e3 e as suas amigas entrarem. Por sorte a chave estava na porta.<\/p>\n<p>Assim que as meninas colocaram os p\u00e9s na casa, ouviram um barulho&#8230;<\/p>\n<p>&#8211; Miaaauuuuuu!<\/p>\n<p>&#8211; \u00c9 a Sonjinha!!!, explodiu de alegria a Mariana.<\/p>\n<p>&#8211; Acho que o som veio dali, disse a Ta\u00eds.<\/p>\n<p>As meninas foram andando sempre de m\u00e3os dadas pela sinistra casa. Os miados continuaram, agora mais fortes, agora de todos os quatro gatinhos. Finalmente descobriram onde o malvado Ubaldo Canastra os havia escondido: presos numa gaiola dentro do banheiro.<\/p>\n<p>Assim que os gatinhos viram as corajosas meninas, eles come\u00e7aram a miar, principalmente a Sonjinha e o Dunguinha. As garotas soltaram os gatinhos. A Gabriela pegou o Elvis no colo, a Jujuba ficou com o Virgulino, a Ta\u00eds carregou a Sonjinha e o Dunguinha.<\/p>\n<p>&#8211; Meninas, voc\u00eas v\u00e3o indo na frente. A gente tem de preparar uma surpresa pra esse malvado Ubaldo Canastra, disse a Ana Maria.<\/p>\n<p>&#8211; O que voc\u00eas v\u00e3o fazer?, quis saber a Gabriela.<\/p>\n<p>&#8211; Depois voc\u00ea vai saber, disse a Mariana.<\/p>\n<p>As amigas das g\u00eameas, ent\u00e3o, sa\u00edram da casa carregando todos os gatinhos. L\u00e1 fora estavam as outras crian\u00e7as esperando ansiosas pelas cinco meninas. Mas s\u00f3 apareceram tr\u00eas.<\/p>\n<p>&#8211; Onde est\u00e3o as g\u00eameas?, perguntaram todos quase ao mesmo tempo.<\/p>\n<p>&#8211; Elas j\u00e1 est\u00e3o vindo. Foram preparar uma surpresa pro Ubaldo Canastra, explicou a Gabriela.<\/p>\n<p>O tempo foi passando, passando&#8230; Dez minutos! Quinze minutos! Vinte minutos!<\/p>\n<p>&#8211; O Ubaldo Canastra est\u00e1 voltando, galera!, anunciou o Iago.<\/p>\n<p>&#8211; Temos de avisar as g\u00eameas!, disse a Jujuba.<\/p>\n<p>Mas n\u00e3o foi preciso cham\u00e1-las, pois antes mesmo do malvado raptor de gatinhos aparecer na rua, as duas irm\u00e3s sa\u00edram triunfantes da casa. A\u00ed, todos correram para debaixo da amendoeira que ficava em frente \u00e0 casa da Jujuba.<\/p>\n<p>&#8211; O que voc\u00eas fizeram l\u00e1 dentro?, perguntou o Iago.<\/p>\n<p>&#8211; A gente colocou \u00e1gua no balde. Depois o pusemos em cima da porta do quarto do Ubaldo. E espalhamos as ratoeiras pelo ch\u00e3o, respondeu a Ana Maria.<\/p>\n<p>&#8211; U\u00e9, mas pra que voc\u00eas fizeram isso?, perguntou a Amanda.<\/p>\n<p>Mas antes que uma das g\u00eameas respondesse, a crian\u00e7ada ouviu v\u00e1rios gritos vindos da casa do final da rua. Logo ap\u00f3s surgiu o malvado Ubaldo Canastra todo molhado e com cinco ratoeiras penduradas pelo corpo: uma em cada m\u00e3o, uma em cada orelha e uma pendurada no nariz de batata. A crian\u00e7ada caiu na gargalhada. E essa foi a \u00faltima vez que todos naquela rua viram aquele homem malvado que, segundo as pessoas, pegava gatinhos para fazer churrasquinho e tamborim.<\/p>\n<p>As duas irm\u00e3s continuam morando na mesma rua, uma rua sem sa\u00edda, numa quadra bem distante, numa cidade bem grande, num pa\u00eds chamado Brasil. Talvez seja at\u00e9 uma rua bem parecida com a sua.<\/p>\n","protected":false},"excerpt":{"rendered":"<p>Domingo! O primeiro a sair \u00e0 rua foi o Diogo. Ele estava brincando de rodar pi\u00e3o. Logo chegou a Jujuba, que brincou um pouco tamb\u00e9m. Depois apareceram a Ta\u00eds e a Gabriela quase ao mesmo tempo. A crian\u00e7ada foi chegando aos poucos, mas ainda faltava um. E voc\u00ea pode adivinhar quem era esse retardat\u00e1rio? Pois [&hellip;]<\/p>\n","protected":false},"author":2,"featured_media":307469,"comment_status":"closed","ping_status":"closed","sticky":false,"template":"","format":"standard","meta":{"_acf_changed":false,"footnotes":""},"categories":[161],"tags":[],"class_list":["post-307468","post","type-post","status-publish","format-standard","has-post-thumbnail","hentry","category-quadradinho-em-foco"],"acf":[],"yoast_head":"<!-- This site is optimized with the Yoast SEO plugin v27.2 - https:\/\/yoast.com\/product\/yoast-seo-wordpress\/ -->\n<title>Ratoeiras ficam presas em Ubaldo, e gatos, livres - Notibras<\/title>\n<meta name=\"robots\" content=\"index, follow, max-snippet:-1, max-image-preview:large, max-video-preview:-1\" \/>\n<link rel=\"canonical\" href=\"https:\/\/www.notibras.com\/site\/ratoeiras-ficam-presas-em-ubaldo-e-gatos-livres\/\" \/>\n<meta property=\"og:locale\" content=\"pt_BR\" \/>\n<meta property=\"og:type\" content=\"article\" \/>\n<meta property=\"og:title\" content=\"Ratoeiras ficam presas em Ubaldo, e gatos, livres - Notibras\" \/>\n<meta property=\"og:description\" content=\"Domingo! O primeiro a sair \u00e0 rua foi o Diogo. Ele estava brincando de rodar pi\u00e3o. Logo chegou a Jujuba, que brincou um pouco tamb\u00e9m. Depois apareceram a Ta\u00eds e a Gabriela quase ao mesmo tempo. A crian\u00e7ada foi chegando aos poucos, mas ainda faltava um. E voc\u00ea pode adivinhar quem era esse retardat\u00e1rio? Pois [&hellip;]\" \/>\n<meta property=\"og:url\" content=\"https:\/\/www.notibras.com\/site\/ratoeiras-ficam-presas-em-ubaldo-e-gatos-livres\/\" \/>\n<meta property=\"og:site_name\" content=\"Notibras\" \/>\n<meta property=\"article:publisher\" content=\"https:\/\/www.facebook.com\/notibras\/\" \/>\n<meta property=\"article:published_time\" content=\"2023-06-23T13:27:18+00:00\" \/>\n<meta property=\"article:modified_time\" content=\"2023-06-23T14:28:36+00:00\" \/>\n<meta property=\"og:image\" content=\"https:\/\/www.notibras.com\/site\/wp-content\/uploads\/2023\/06\/gato-deitado-no-colo-alegremente_35150-685.jpg\" \/>\n\t<meta property=\"og:image:width\" content=\"740\" \/>\n\t<meta property=\"og:image:height\" content=\"493\" \/>\n\t<meta property=\"og:image:type\" content=\"image\/jpeg\" \/>\n<meta name=\"author\" content=\"Reda\u00e7\u00e3o\" \/>\n<meta name=\"twitter:card\" content=\"summary_large_image\" \/>\n<meta name=\"twitter:creator\" content=\"@Notibras\" \/>\n<meta name=\"twitter:site\" content=\"@Notibras\" \/>\n<meta name=\"twitter:label1\" content=\"Escrito por\" \/>\n\t<meta name=\"twitter:data1\" content=\"Reda\u00e7\u00e3o\" \/>\n\t<meta name=\"twitter:label2\" content=\"Est. tempo de leitura\" \/>\n\t<meta name=\"twitter:data2\" content=\"7 minutos\" \/>\n<script type=\"application\/ld+json\" class=\"yoast-schema-graph\">{\"@context\":\"https:\/\/schema.org\",\"@graph\":[{\"@type\":\"Article\",\"@id\":\"https:\/\/www.notibras.com\/site\/ratoeiras-ficam-presas-em-ubaldo-e-gatos-livres\/#article\",\"isPartOf\":{\"@id\":\"https:\/\/www.notibras.com\/site\/ratoeiras-ficam-presas-em-ubaldo-e-gatos-livres\/\"},\"author\":{\"name\":\"Reda\u00e7\u00e3o\",\"@id\":\"https:\/\/www.notibras.com\/site\/#\/schema\/person\/36ab0979449956132d3e5b517ea76ac8\"},\"headline\":\"Ratoeiras ficam presas em Ubaldo, e gatos, livres\",\"datePublished\":\"2023-06-23T13:27:18+00:00\",\"dateModified\":\"2023-06-23T14:28:36+00:00\",\"mainEntityOfPage\":{\"@id\":\"https:\/\/www.notibras.com\/site\/ratoeiras-ficam-presas-em-ubaldo-e-gatos-livres\/\"},\"wordCount\":1323,\"publisher\":{\"@id\":\"https:\/\/www.notibras.com\/site\/#organization\"},\"image\":{\"@id\":\"https:\/\/www.notibras.com\/site\/ratoeiras-ficam-presas-em-ubaldo-e-gatos-livres\/#primaryimage\"},\"thumbnailUrl\":\"https:\/\/www.notibras.com\/site\/wp-content\/uploads\/2023\/06\/gato-deitado-no-colo-alegremente_35150-685.jpg\",\"articleSection\":[\"Quadradinho em Foco\"],\"inLanguage\":\"pt-BR\"},{\"@type\":\"WebPage\",\"@id\":\"https:\/\/www.notibras.com\/site\/ratoeiras-ficam-presas-em-ubaldo-e-gatos-livres\/\",\"url\":\"https:\/\/www.notibras.com\/site\/ratoeiras-ficam-presas-em-ubaldo-e-gatos-livres\/\",\"name\":\"Ratoeiras ficam presas em Ubaldo, e gatos, livres - Notibras\",\"isPartOf\":{\"@id\":\"https:\/\/www.notibras.com\/site\/#website\"},\"primaryImageOfPage\":{\"@id\":\"https:\/\/www.notibras.com\/site\/ratoeiras-ficam-presas-em-ubaldo-e-gatos-livres\/#primaryimage\"},\"image\":{\"@id\":\"https:\/\/www.notibras.com\/site\/ratoeiras-ficam-presas-em-ubaldo-e-gatos-livres\/#primaryimage\"},\"thumbnailUrl\":\"https:\/\/www.notibras.com\/site\/wp-content\/uploads\/2023\/06\/gato-deitado-no-colo-alegremente_35150-685.jpg\",\"datePublished\":\"2023-06-23T13:27:18+00:00\",\"dateModified\":\"2023-06-23T14:28:36+00:00\",\"breadcrumb\":{\"@id\":\"https:\/\/www.notibras.com\/site\/ratoeiras-ficam-presas-em-ubaldo-e-gatos-livres\/#breadcrumb\"},\"inLanguage\":\"pt-BR\",\"potentialAction\":[{\"@type\":\"ReadAction\",\"target\":[\"https:\/\/www.notibras.com\/site\/ratoeiras-ficam-presas-em-ubaldo-e-gatos-livres\/\"]}]},{\"@type\":\"ImageObject\",\"inLanguage\":\"pt-BR\",\"@id\":\"https:\/\/www.notibras.com\/site\/ratoeiras-ficam-presas-em-ubaldo-e-gatos-livres\/#primaryimage\",\"url\":\"https:\/\/www.notibras.com\/site\/wp-content\/uploads\/2023\/06\/gato-deitado-no-colo-alegremente_35150-685.jpg\",\"contentUrl\":\"https:\/\/www.notibras.com\/site\/wp-content\/uploads\/2023\/06\/gato-deitado-no-colo-alegremente_35150-685.jpg\",\"width\":740,\"height\":493},{\"@type\":\"BreadcrumbList\",\"@id\":\"https:\/\/www.notibras.com\/site\/ratoeiras-ficam-presas-em-ubaldo-e-gatos-livres\/#breadcrumb\",\"itemListElement\":[{\"@type\":\"ListItem\",\"position\":1,\"name\":\"In\u00edcio\",\"item\":\"https:\/\/www.notibras.com\/site\/\"},{\"@type\":\"ListItem\",\"position\":2,\"name\":\"Ratoeiras ficam presas em Ubaldo, e gatos, livres\"}]},{\"@type\":\"WebSite\",\"@id\":\"https:\/\/www.notibras.com\/site\/#website\",\"url\":\"https:\/\/www.notibras.com\/site\/\",\"name\":\"Notibras\",\"description\":\"Not\u00edcias de Bras\u00edlia, do Brasil e do Mundo\",\"publisher\":{\"@id\":\"https:\/\/www.notibras.com\/site\/#organization\"},\"potentialAction\":[{\"@type\":\"SearchAction\",\"target\":{\"@type\":\"EntryPoint\",\"urlTemplate\":\"https:\/\/www.notibras.com\/site\/?s={search_term_string}\"},\"query-input\":{\"@type\":\"PropertyValueSpecification\",\"valueRequired\":true,\"valueName\":\"search_term_string\"}}],\"inLanguage\":\"pt-BR\"},{\"@type\":\"Organization\",\"@id\":\"https:\/\/www.notibras.com\/site\/#organization\",\"name\":\"Grupo Notibras de Comunica\u00e7\u00e3o\",\"url\":\"https:\/\/www.notibras.com\/site\/\",\"logo\":{\"@type\":\"ImageObject\",\"inLanguage\":\"pt-BR\",\"@id\":\"https:\/\/www.notibras.com\/site\/#\/schema\/logo\/image\/\",\"url\":\"https:\/\/www.notibras.com\/site\/wp-content\/uploads\/2023\/01\/notibras23.png\",\"contentUrl\":\"https:\/\/www.notibras.com\/site\/wp-content\/uploads\/2023\/01\/notibras23.png\",\"width\":350,\"height\":87,\"caption\":\"Grupo Notibras de Comunica\u00e7\u00e3o\"},\"image\":{\"@id\":\"https:\/\/www.notibras.com\/site\/#\/schema\/logo\/image\/\"},\"sameAs\":[\"https:\/\/www.facebook.com\/notibras\/\",\"https:\/\/x.com\/Notibras\",\"https:\/\/www.instagram.com\/notibras\/\"]},{\"@type\":\"Person\",\"@id\":\"https:\/\/www.notibras.com\/site\/#\/schema\/person\/36ab0979449956132d3e5b517ea76ac8\",\"name\":\"Reda\u00e7\u00e3o\",\"image\":{\"@type\":\"ImageObject\",\"inLanguage\":\"pt-BR\",\"@id\":\"https:\/\/secure.gravatar.com\/avatar\/e0a867bdedb85fd243eadf09663511f96fc81e0720a4a42581f334ad4303aa6b?s=96&d=mm&r=g\",\"url\":\"https:\/\/secure.gravatar.com\/avatar\/e0a867bdedb85fd243eadf09663511f96fc81e0720a4a42581f334ad4303aa6b?s=96&d=mm&r=g\",\"contentUrl\":\"https:\/\/secure.gravatar.com\/avatar\/e0a867bdedb85fd243eadf09663511f96fc81e0720a4a42581f334ad4303aa6b?s=96&d=mm&r=g\",\"caption\":\"Reda\u00e7\u00e3o\"}}]}<\/script>\n<!-- \/ Yoast SEO plugin. -->","yoast_head_json":{"title":"Ratoeiras ficam presas em Ubaldo, e gatos, livres - Notibras","robots":{"index":"index","follow":"follow","max-snippet":"max-snippet:-1","max-image-preview":"max-image-preview:large","max-video-preview":"max-video-preview:-1"},"canonical":"https:\/\/www.notibras.com\/site\/ratoeiras-ficam-presas-em-ubaldo-e-gatos-livres\/","og_locale":"pt_BR","og_type":"article","og_title":"Ratoeiras ficam presas em Ubaldo, e gatos, livres - Notibras","og_description":"Domingo! O primeiro a sair \u00e0 rua foi o Diogo. Ele estava brincando de rodar pi\u00e3o. Logo chegou a Jujuba, que brincou um pouco tamb\u00e9m. Depois apareceram a Ta\u00eds e a Gabriela quase ao mesmo tempo. A crian\u00e7ada foi chegando aos poucos, mas ainda faltava um. E voc\u00ea pode adivinhar quem era esse retardat\u00e1rio? Pois [&hellip;]","og_url":"https:\/\/www.notibras.com\/site\/ratoeiras-ficam-presas-em-ubaldo-e-gatos-livres\/","og_site_name":"Notibras","article_publisher":"https:\/\/www.facebook.com\/notibras\/","article_published_time":"2023-06-23T13:27:18+00:00","article_modified_time":"2023-06-23T14:28:36+00:00","og_image":[{"width":740,"height":493,"url":"https:\/\/www.notibras.com\/site\/wp-content\/uploads\/2023\/06\/gato-deitado-no-colo-alegremente_35150-685.jpg","type":"image\/jpeg"}],"author":"Reda\u00e7\u00e3o","twitter_card":"summary_large_image","twitter_creator":"@Notibras","twitter_site":"@Notibras","twitter_misc":{"Escrito por":"Reda\u00e7\u00e3o","Est. tempo de leitura":"7 minutos"},"schema":{"@context":"https:\/\/schema.org","@graph":[{"@type":"Article","@id":"https:\/\/www.notibras.com\/site\/ratoeiras-ficam-presas-em-ubaldo-e-gatos-livres\/#article","isPartOf":{"@id":"https:\/\/www.notibras.com\/site\/ratoeiras-ficam-presas-em-ubaldo-e-gatos-livres\/"},"author":{"name":"Reda\u00e7\u00e3o","@id":"https:\/\/www.notibras.com\/site\/#\/schema\/person\/36ab0979449956132d3e5b517ea76ac8"},"headline":"Ratoeiras ficam presas em Ubaldo, e gatos, livres","datePublished":"2023-06-23T13:27:18+00:00","dateModified":"2023-06-23T14:28:36+00:00","mainEntityOfPage":{"@id":"https:\/\/www.notibras.com\/site\/ratoeiras-ficam-presas-em-ubaldo-e-gatos-livres\/"},"wordCount":1323,"publisher":{"@id":"https:\/\/www.notibras.com\/site\/#organization"},"image":{"@id":"https:\/\/www.notibras.com\/site\/ratoeiras-ficam-presas-em-ubaldo-e-gatos-livres\/#primaryimage"},"thumbnailUrl":"https:\/\/www.notibras.com\/site\/wp-content\/uploads\/2023\/06\/gato-deitado-no-colo-alegremente_35150-685.jpg","articleSection":["Quadradinho em Foco"],"inLanguage":"pt-BR"},{"@type":"WebPage","@id":"https:\/\/www.notibras.com\/site\/ratoeiras-ficam-presas-em-ubaldo-e-gatos-livres\/","url":"https:\/\/www.notibras.com\/site\/ratoeiras-ficam-presas-em-ubaldo-e-gatos-livres\/","name":"Ratoeiras ficam presas em Ubaldo, e gatos, livres - Notibras","isPartOf":{"@id":"https:\/\/www.notibras.com\/site\/#website"},"primaryImageOfPage":{"@id":"https:\/\/www.notibras.com\/site\/ratoeiras-ficam-presas-em-ubaldo-e-gatos-livres\/#primaryimage"},"image":{"@id":"https:\/\/www.notibras.com\/site\/ratoeiras-ficam-presas-em-ubaldo-e-gatos-livres\/#primaryimage"},"thumbnailUrl":"https:\/\/www.notibras.com\/site\/wp-content\/uploads\/2023\/06\/gato-deitado-no-colo-alegremente_35150-685.jpg","datePublished":"2023-06-23T13:27:18+00:00","dateModified":"2023-06-23T14:28:36+00:00","breadcrumb":{"@id":"https:\/\/www.notibras.com\/site\/ratoeiras-ficam-presas-em-ubaldo-e-gatos-livres\/#breadcrumb"},"inLanguage":"pt-BR","potentialAction":[{"@type":"ReadAction","target":["https:\/\/www.notibras.com\/site\/ratoeiras-ficam-presas-em-ubaldo-e-gatos-livres\/"]}]},{"@type":"ImageObject","inLanguage":"pt-BR","@id":"https:\/\/www.notibras.com\/site\/ratoeiras-ficam-presas-em-ubaldo-e-gatos-livres\/#primaryimage","url":"https:\/\/www.notibras.com\/site\/wp-content\/uploads\/2023\/06\/gato-deitado-no-colo-alegremente_35150-685.jpg","contentUrl":"https:\/\/www.notibras.com\/site\/wp-content\/uploads\/2023\/06\/gato-deitado-no-colo-alegremente_35150-685.jpg","width":740,"height":493},{"@type":"BreadcrumbList","@id":"https:\/\/www.notibras.com\/site\/ratoeiras-ficam-presas-em-ubaldo-e-gatos-livres\/#breadcrumb","itemListElement":[{"@type":"ListItem","position":1,"name":"In\u00edcio","item":"https:\/\/www.notibras.com\/site\/"},{"@type":"ListItem","position":2,"name":"Ratoeiras ficam presas em Ubaldo, e gatos, livres"}]},{"@type":"WebSite","@id":"https:\/\/www.notibras.com\/site\/#website","url":"https:\/\/www.notibras.com\/site\/","name":"Notibras","description":"Not\u00edcias de Bras\u00edlia, do Brasil e do Mundo","publisher":{"@id":"https:\/\/www.notibras.com\/site\/#organization"},"potentialAction":[{"@type":"SearchAction","target":{"@type":"EntryPoint","urlTemplate":"https:\/\/www.notibras.com\/site\/?s={search_term_string}"},"query-input":{"@type":"PropertyValueSpecification","valueRequired":true,"valueName":"search_term_string"}}],"inLanguage":"pt-BR"},{"@type":"Organization","@id":"https:\/\/www.notibras.com\/site\/#organization","name":"Grupo Notibras de Comunica\u00e7\u00e3o","url":"https:\/\/www.notibras.com\/site\/","logo":{"@type":"ImageObject","inLanguage":"pt-BR","@id":"https:\/\/www.notibras.com\/site\/#\/schema\/logo\/image\/","url":"https:\/\/www.notibras.com\/site\/wp-content\/uploads\/2023\/01\/notibras23.png","contentUrl":"https:\/\/www.notibras.com\/site\/wp-content\/uploads\/2023\/01\/notibras23.png","width":350,"height":87,"caption":"Grupo Notibras de Comunica\u00e7\u00e3o"},"image":{"@id":"https:\/\/www.notibras.com\/site\/#\/schema\/logo\/image\/"},"sameAs":["https:\/\/www.facebook.com\/notibras\/","https:\/\/x.com\/Notibras","https:\/\/www.instagram.com\/notibras\/"]},{"@type":"Person","@id":"https:\/\/www.notibras.com\/site\/#\/schema\/person\/36ab0979449956132d3e5b517ea76ac8","name":"Reda\u00e7\u00e3o","image":{"@type":"ImageObject","inLanguage":"pt-BR","@id":"https:\/\/secure.gravatar.com\/avatar\/e0a867bdedb85fd243eadf09663511f96fc81e0720a4a42581f334ad4303aa6b?s=96&d=mm&r=g","url":"https:\/\/secure.gravatar.com\/avatar\/e0a867bdedb85fd243eadf09663511f96fc81e0720a4a42581f334ad4303aa6b?s=96&d=mm&r=g","contentUrl":"https:\/\/secure.gravatar.com\/avatar\/e0a867bdedb85fd243eadf09663511f96fc81e0720a4a42581f334ad4303aa6b?s=96&d=mm&r=g","caption":"Reda\u00e7\u00e3o"}}]}},"amp_enabled":true,"_links":{"self":[{"href":"https:\/\/www.notibras.com\/site\/wp-json\/wp\/v2\/posts\/307468","targetHints":{"allow":["GET"]}}],"collection":[{"href":"https:\/\/www.notibras.com\/site\/wp-json\/wp\/v2\/posts"}],"about":[{"href":"https:\/\/www.notibras.com\/site\/wp-json\/wp\/v2\/types\/post"}],"author":[{"embeddable":true,"href":"https:\/\/www.notibras.com\/site\/wp-json\/wp\/v2\/users\/2"}],"replies":[{"embeddable":true,"href":"https:\/\/www.notibras.com\/site\/wp-json\/wp\/v2\/comments?post=307468"}],"version-history":[{"count":1,"href":"https:\/\/www.notibras.com\/site\/wp-json\/wp\/v2\/posts\/307468\/revisions"}],"predecessor-version":[{"id":307470,"href":"https:\/\/www.notibras.com\/site\/wp-json\/wp\/v2\/posts\/307468\/revisions\/307470"}],"wp:featuredmedia":[{"embeddable":true,"href":"https:\/\/www.notibras.com\/site\/wp-json\/wp\/v2\/media\/307469"}],"wp:attachment":[{"href":"https:\/\/www.notibras.com\/site\/wp-json\/wp\/v2\/media?parent=307468"}],"wp:term":[{"taxonomy":"category","embeddable":true,"href":"https:\/\/www.notibras.com\/site\/wp-json\/wp\/v2\/categories?post=307468"},{"taxonomy":"post_tag","embeddable":true,"href":"https:\/\/www.notibras.com\/site\/wp-json\/wp\/v2\/tags?post=307468"}],"curies":[{"name":"wp","href":"https:\/\/api.w.org\/{rel}","templated":true}]}}