{"id":307523,"date":"2023-06-24T00:15:43","date_gmt":"2023-06-24T03:15:43","guid":{"rendered":"https:\/\/www.notibras.com\/site\/?p=307523"},"modified":"2023-06-24T12:19:33","modified_gmt":"2023-06-24T15:19:33","slug":"stf-nao-da-mole-e-inicia-julgamento-de-mais-45-golpistas","status":"publish","type":"post","link":"https:\/\/www.notibras.com\/site\/stf-nao-da-mole-e-inicia-julgamento-de-mais-45-golpistas\/","title":{"rendered":"STF n\u00e3o d\u00e1 mole e inicia julgamento de mais 45 golpistas"},"content":{"rendered":"<p>O Supremo Tribunal Federal (STF) iniciou o julgamento de mais 45 acusados de participa\u00e7\u00e3o nos atos golpistas de 8 de janeiro na Pra\u00e7a dos Tr\u00eas Poderes, em Bras\u00edlia. A Corte vai analisar o oitavo bloco de investigados denunciados pela Procuradoria-Geral da Rep\u00fablica (PGR). At\u00e9 o momento, o relator, ministro Alexandre de Moraes, e o ministro Gilmar Mendes, proferiram votos para tornar r\u00e9us os acusados.<\/p>\n<p>Entre os investigados est\u00e3o Ant\u00f4nio Claudio Alves Ferreira, acusado de destruir o rel\u00f3gio de Dom Jo\u00e3o VI, trazido ao Brasil em 1808. O item estava no Pal\u00e1cio do Planalto e foi lan\u00e7ado ao ch\u00e3o. Marcelo Fernandes Lima, acusado de furtar uma r\u00e9plica da Constitui\u00e7\u00e3o, STF, a Wiliam da Silva, acusado de furtar a toga de um dos ministros. Todos foram identificados por c\u00e2meras de seguran\u00e7a.<\/p>\n<p>O julgamento ocorre no plen\u00e1rio virtual, modalidade na qual os ministros inserem os votos no sistema eletr\u00f4nico da Corte e n\u00e3o h\u00e1 delibera\u00e7\u00e3o presencial. A vota\u00e7\u00e3o vai at\u00e9 segunda-feira (26).<\/p>\n<p>Desde o in\u00edcio das investiga\u00e7\u00f5es, o STF abriu a\u00e7\u00f5es penais contra 1.245 acusados. No total, foram apresentadas 1.390 den\u00fancias pela PGR. Cerca de 250 acusados continuam presos sob a acusa\u00e7\u00e3o de atuarem como autores e instigadores dos atos.<\/p>\n","protected":false},"excerpt":{"rendered":"<p>O Supremo Tribunal Federal (STF) iniciou o julgamento de mais 45 acusados de participa\u00e7\u00e3o nos atos golpistas de 8 de janeiro na Pra\u00e7a dos Tr\u00eas Poderes, em Bras\u00edlia. A Corte vai analisar o oitavo bloco de investigados denunciados pela Procuradoria-Geral da Rep\u00fablica (PGR). At\u00e9 o momento, o relator, ministro Alexandre de Moraes, e o ministro [&hellip;]<\/p>\n","protected":false},"author":2,"featured_media":307524,"comment_status":"closed","ping_status":"closed","sticky":false,"template":"","format":"standard","meta":{"_acf_changed":false,"footnotes":""},"categories":[161],"tags":[],"class_list":["post-307523","post","type-post","status-publish","format-standard","has-post-thumbnail","hentry","category-quadradinho-em-foco"],"acf":[],"yoast_head":"<!-- This site is optimized with the Yoast SEO plugin v27.2 - https:\/\/yoast.com\/product\/yoast-seo-wordpress\/ -->\n<title>STF n\u00e3o d\u00e1 mole e inicia julgamento de mais 45 golpistas - Notibras<\/title>\n<meta name=\"robots\" content=\"index, follow, max-snippet:-1, max-image-preview:large, max-video-preview:-1\" \/>\n<link rel=\"canonical\" href=\"https:\/\/www.notibras.com\/site\/stf-nao-da-mole-e-inicia-julgamento-de-mais-45-golpistas\/\" \/>\n<meta property=\"og:locale\" content=\"pt_BR\" \/>\n<meta property=\"og:type\" content=\"article\" \/>\n<meta property=\"og:title\" content=\"STF n\u00e3o d\u00e1 mole e inicia julgamento de mais 45 golpistas - Notibras\" \/>\n<meta property=\"og:description\" content=\"O Supremo Tribunal Federal (STF) iniciou o julgamento de mais 45 acusados de participa\u00e7\u00e3o nos atos golpistas de 8 de janeiro na Pra\u00e7a dos Tr\u00eas Poderes, em Bras\u00edlia. A Corte vai analisar o oitavo bloco de investigados denunciados pela Procuradoria-Geral da Rep\u00fablica (PGR). At\u00e9 o momento, o relator, ministro Alexandre de Moraes, e o ministro [&hellip;]\" \/>\n<meta property=\"og:url\" content=\"https:\/\/www.notibras.com\/site\/stf-nao-da-mole-e-inicia-julgamento-de-mais-45-golpistas\/\" \/>\n<meta property=\"og:site_name\" content=\"Notibras\" \/>\n<meta property=\"article:publisher\" content=\"https:\/\/www.facebook.com\/notibras\/\" \/>\n<meta property=\"article:published_time\" content=\"2023-06-24T03:15:43+00:00\" \/>\n<meta property=\"article:modified_time\" content=\"2023-06-24T15:19:33+00:00\" \/>\n<meta property=\"og:image\" content=\"https:\/\/www.notibras.com\/site\/wp-content\/uploads\/2023\/06\/manifestacao_mcamgo_abr_080120231818-9-2.jpg\" \/>\n\t<meta property=\"og:image:width\" content=\"1170\" \/>\n\t<meta property=\"og:image:height\" content=\"700\" \/>\n\t<meta property=\"og:image:type\" content=\"image\/jpeg\" \/>\n<meta name=\"author\" content=\"Reda\u00e7\u00e3o\" \/>\n<meta name=\"twitter:card\" content=\"summary_large_image\" \/>\n<meta name=\"twitter:creator\" content=\"@Notibras\" \/>\n<meta name=\"twitter:site\" content=\"@Notibras\" \/>\n<meta name=\"twitter:label1\" content=\"Escrito por\" \/>\n\t<meta name=\"twitter:data1\" content=\"Reda\u00e7\u00e3o\" \/>\n\t<meta name=\"twitter:label2\" content=\"Est. tempo de leitura\" \/>\n\t<meta name=\"twitter:data2\" content=\"2 minutos\" \/>\n<script type=\"application\/ld+json\" class=\"yoast-schema-graph\">{\"@context\":\"https:\/\/schema.org\",\"@graph\":[{\"@type\":\"Article\",\"@id\":\"https:\/\/www.notibras.com\/site\/stf-nao-da-mole-e-inicia-julgamento-de-mais-45-golpistas\/#article\",\"isPartOf\":{\"@id\":\"https:\/\/www.notibras.com\/site\/stf-nao-da-mole-e-inicia-julgamento-de-mais-45-golpistas\/\"},\"author\":{\"name\":\"Reda\u00e7\u00e3o\",\"@id\":\"https:\/\/www.notibras.com\/site\/#\/schema\/person\/36ab0979449956132d3e5b517ea76ac8\"},\"headline\":\"STF n\u00e3o d\u00e1 mole e inicia julgamento de mais 45 golpistas\",\"datePublished\":\"2023-06-24T03:15:43+00:00\",\"dateModified\":\"2023-06-24T15:19:33+00:00\",\"mainEntityOfPage\":{\"@id\":\"https:\/\/www.notibras.com\/site\/stf-nao-da-mole-e-inicia-julgamento-de-mais-45-golpistas\/\"},\"wordCount\":228,\"publisher\":{\"@id\":\"https:\/\/www.notibras.com\/site\/#organization\"},\"image\":{\"@id\":\"https:\/\/www.notibras.com\/site\/stf-nao-da-mole-e-inicia-julgamento-de-mais-45-golpistas\/#primaryimage\"},\"thumbnailUrl\":\"https:\/\/www.notibras.com\/site\/wp-content\/uploads\/2023\/06\/manifestacao_mcamgo_abr_080120231818-9-2.jpg\",\"articleSection\":[\"Quadradinho em Foco\"],\"inLanguage\":\"pt-BR\"},{\"@type\":\"WebPage\",\"@id\":\"https:\/\/www.notibras.com\/site\/stf-nao-da-mole-e-inicia-julgamento-de-mais-45-golpistas\/\",\"url\":\"https:\/\/www.notibras.com\/site\/stf-nao-da-mole-e-inicia-julgamento-de-mais-45-golpistas\/\",\"name\":\"STF n\u00e3o d\u00e1 mole e inicia julgamento de mais 45 golpistas - Notibras\",\"isPartOf\":{\"@id\":\"https:\/\/www.notibras.com\/site\/#website\"},\"primaryImageOfPage\":{\"@id\":\"https:\/\/www.notibras.com\/site\/stf-nao-da-mole-e-inicia-julgamento-de-mais-45-golpistas\/#primaryimage\"},\"image\":{\"@id\":\"https:\/\/www.notibras.com\/site\/stf-nao-da-mole-e-inicia-julgamento-de-mais-45-golpistas\/#primaryimage\"},\"thumbnailUrl\":\"https:\/\/www.notibras.com\/site\/wp-content\/uploads\/2023\/06\/manifestacao_mcamgo_abr_080120231818-9-2.jpg\",\"datePublished\":\"2023-06-24T03:15:43+00:00\",\"dateModified\":\"2023-06-24T15:19:33+00:00\",\"breadcrumb\":{\"@id\":\"https:\/\/www.notibras.com\/site\/stf-nao-da-mole-e-inicia-julgamento-de-mais-45-golpistas\/#breadcrumb\"},\"inLanguage\":\"pt-BR\",\"potentialAction\":[{\"@type\":\"ReadAction\",\"target\":[\"https:\/\/www.notibras.com\/site\/stf-nao-da-mole-e-inicia-julgamento-de-mais-45-golpistas\/\"]}]},{\"@type\":\"ImageObject\",\"inLanguage\":\"pt-BR\",\"@id\":\"https:\/\/www.notibras.com\/site\/stf-nao-da-mole-e-inicia-julgamento-de-mais-45-golpistas\/#primaryimage\",\"url\":\"https:\/\/www.notibras.com\/site\/wp-content\/uploads\/2023\/06\/manifestacao_mcamgo_abr_080120231818-9-2.jpg\",\"contentUrl\":\"https:\/\/www.notibras.com\/site\/wp-content\/uploads\/2023\/06\/manifestacao_mcamgo_abr_080120231818-9-2.jpg\",\"width\":1170,\"height\":700,\"caption\":\"Manifestantes invadem Congresso, STF e Pal\u00e1cio do Planalto.\"},{\"@type\":\"BreadcrumbList\",\"@id\":\"https:\/\/www.notibras.com\/site\/stf-nao-da-mole-e-inicia-julgamento-de-mais-45-golpistas\/#breadcrumb\",\"itemListElement\":[{\"@type\":\"ListItem\",\"position\":1,\"name\":\"In\u00edcio\",\"item\":\"https:\/\/www.notibras.com\/site\/\"},{\"@type\":\"ListItem\",\"position\":2,\"name\":\"STF n\u00e3o d\u00e1 mole e inicia julgamento de mais 45 golpistas\"}]},{\"@type\":\"WebSite\",\"@id\":\"https:\/\/www.notibras.com\/site\/#website\",\"url\":\"https:\/\/www.notibras.com\/site\/\",\"name\":\"Notibras\",\"description\":\"Not\u00edcias de Bras\u00edlia, do Brasil e do Mundo\",\"publisher\":{\"@id\":\"https:\/\/www.notibras.com\/site\/#organization\"},\"potentialAction\":[{\"@type\":\"SearchAction\",\"target\":{\"@type\":\"EntryPoint\",\"urlTemplate\":\"https:\/\/www.notibras.com\/site\/?s={search_term_string}\"},\"query-input\":{\"@type\":\"PropertyValueSpecification\",\"valueRequired\":true,\"valueName\":\"search_term_string\"}}],\"inLanguage\":\"pt-BR\"},{\"@type\":\"Organization\",\"@id\":\"https:\/\/www.notibras.com\/site\/#organization\",\"name\":\"Grupo Notibras de Comunica\u00e7\u00e3o\",\"url\":\"https:\/\/www.notibras.com\/site\/\",\"logo\":{\"@type\":\"ImageObject\",\"inLanguage\":\"pt-BR\",\"@id\":\"https:\/\/www.notibras.com\/site\/#\/schema\/logo\/image\/\",\"url\":\"https:\/\/www.notibras.com\/site\/wp-content\/uploads\/2023\/01\/notibras23.png\",\"contentUrl\":\"https:\/\/www.notibras.com\/site\/wp-content\/uploads\/2023\/01\/notibras23.png\",\"width\":350,\"height\":87,\"caption\":\"Grupo Notibras de Comunica\u00e7\u00e3o\"},\"image\":{\"@id\":\"https:\/\/www.notibras.com\/site\/#\/schema\/logo\/image\/\"},\"sameAs\":[\"https:\/\/www.facebook.com\/notibras\/\",\"https:\/\/x.com\/Notibras\",\"https:\/\/www.instagram.com\/notibras\/\"]},{\"@type\":\"Person\",\"@id\":\"https:\/\/www.notibras.com\/site\/#\/schema\/person\/36ab0979449956132d3e5b517ea76ac8\",\"name\":\"Reda\u00e7\u00e3o\",\"image\":{\"@type\":\"ImageObject\",\"inLanguage\":\"pt-BR\",\"@id\":\"https:\/\/secure.gravatar.com\/avatar\/e0a867bdedb85fd243eadf09663511f96fc81e0720a4a42581f334ad4303aa6b?s=96&d=mm&r=g\",\"url\":\"https:\/\/secure.gravatar.com\/avatar\/e0a867bdedb85fd243eadf09663511f96fc81e0720a4a42581f334ad4303aa6b?s=96&d=mm&r=g\",\"contentUrl\":\"https:\/\/secure.gravatar.com\/avatar\/e0a867bdedb85fd243eadf09663511f96fc81e0720a4a42581f334ad4303aa6b?s=96&d=mm&r=g\",\"caption\":\"Reda\u00e7\u00e3o\"}}]}<\/script>\n<!-- \/ Yoast SEO plugin. -->","yoast_head_json":{"title":"STF n\u00e3o d\u00e1 mole e inicia julgamento de mais 45 golpistas - Notibras","robots":{"index":"index","follow":"follow","max-snippet":"max-snippet:-1","max-image-preview":"max-image-preview:large","max-video-preview":"max-video-preview:-1"},"canonical":"https:\/\/www.notibras.com\/site\/stf-nao-da-mole-e-inicia-julgamento-de-mais-45-golpistas\/","og_locale":"pt_BR","og_type":"article","og_title":"STF n\u00e3o d\u00e1 mole e inicia julgamento de mais 45 golpistas - Notibras","og_description":"O Supremo Tribunal Federal (STF) iniciou o julgamento de mais 45 acusados de participa\u00e7\u00e3o nos atos golpistas de 8 de janeiro na Pra\u00e7a dos Tr\u00eas Poderes, em Bras\u00edlia. A Corte vai analisar o oitavo bloco de investigados denunciados pela Procuradoria-Geral da Rep\u00fablica (PGR). At\u00e9 o momento, o relator, ministro Alexandre de Moraes, e o ministro [&hellip;]","og_url":"https:\/\/www.notibras.com\/site\/stf-nao-da-mole-e-inicia-julgamento-de-mais-45-golpistas\/","og_site_name":"Notibras","article_publisher":"https:\/\/www.facebook.com\/notibras\/","article_published_time":"2023-06-24T03:15:43+00:00","article_modified_time":"2023-06-24T15:19:33+00:00","og_image":[{"width":1170,"height":700,"url":"https:\/\/www.notibras.com\/site\/wp-content\/uploads\/2023\/06\/manifestacao_mcamgo_abr_080120231818-9-2.jpg","type":"image\/jpeg"}],"author":"Reda\u00e7\u00e3o","twitter_card":"summary_large_image","twitter_creator":"@Notibras","twitter_site":"@Notibras","twitter_misc":{"Escrito por":"Reda\u00e7\u00e3o","Est. tempo de leitura":"2 minutos"},"schema":{"@context":"https:\/\/schema.org","@graph":[{"@type":"Article","@id":"https:\/\/www.notibras.com\/site\/stf-nao-da-mole-e-inicia-julgamento-de-mais-45-golpistas\/#article","isPartOf":{"@id":"https:\/\/www.notibras.com\/site\/stf-nao-da-mole-e-inicia-julgamento-de-mais-45-golpistas\/"},"author":{"name":"Reda\u00e7\u00e3o","@id":"https:\/\/www.notibras.com\/site\/#\/schema\/person\/36ab0979449956132d3e5b517ea76ac8"},"headline":"STF n\u00e3o d\u00e1 mole e inicia julgamento de mais 45 golpistas","datePublished":"2023-06-24T03:15:43+00:00","dateModified":"2023-06-24T15:19:33+00:00","mainEntityOfPage":{"@id":"https:\/\/www.notibras.com\/site\/stf-nao-da-mole-e-inicia-julgamento-de-mais-45-golpistas\/"},"wordCount":228,"publisher":{"@id":"https:\/\/www.notibras.com\/site\/#organization"},"image":{"@id":"https:\/\/www.notibras.com\/site\/stf-nao-da-mole-e-inicia-julgamento-de-mais-45-golpistas\/#primaryimage"},"thumbnailUrl":"https:\/\/www.notibras.com\/site\/wp-content\/uploads\/2023\/06\/manifestacao_mcamgo_abr_080120231818-9-2.jpg","articleSection":["Quadradinho em Foco"],"inLanguage":"pt-BR"},{"@type":"WebPage","@id":"https:\/\/www.notibras.com\/site\/stf-nao-da-mole-e-inicia-julgamento-de-mais-45-golpistas\/","url":"https:\/\/www.notibras.com\/site\/stf-nao-da-mole-e-inicia-julgamento-de-mais-45-golpistas\/","name":"STF n\u00e3o d\u00e1 mole e inicia julgamento de mais 45 golpistas - Notibras","isPartOf":{"@id":"https:\/\/www.notibras.com\/site\/#website"},"primaryImageOfPage":{"@id":"https:\/\/www.notibras.com\/site\/stf-nao-da-mole-e-inicia-julgamento-de-mais-45-golpistas\/#primaryimage"},"image":{"@id":"https:\/\/www.notibras.com\/site\/stf-nao-da-mole-e-inicia-julgamento-de-mais-45-golpistas\/#primaryimage"},"thumbnailUrl":"https:\/\/www.notibras.com\/site\/wp-content\/uploads\/2023\/06\/manifestacao_mcamgo_abr_080120231818-9-2.jpg","datePublished":"2023-06-24T03:15:43+00:00","dateModified":"2023-06-24T15:19:33+00:00","breadcrumb":{"@id":"https:\/\/www.notibras.com\/site\/stf-nao-da-mole-e-inicia-julgamento-de-mais-45-golpistas\/#breadcrumb"},"inLanguage":"pt-BR","potentialAction":[{"@type":"ReadAction","target":["https:\/\/www.notibras.com\/site\/stf-nao-da-mole-e-inicia-julgamento-de-mais-45-golpistas\/"]}]},{"@type":"ImageObject","inLanguage":"pt-BR","@id":"https:\/\/www.notibras.com\/site\/stf-nao-da-mole-e-inicia-julgamento-de-mais-45-golpistas\/#primaryimage","url":"https:\/\/www.notibras.com\/site\/wp-content\/uploads\/2023\/06\/manifestacao_mcamgo_abr_080120231818-9-2.jpg","contentUrl":"https:\/\/www.notibras.com\/site\/wp-content\/uploads\/2023\/06\/manifestacao_mcamgo_abr_080120231818-9-2.jpg","width":1170,"height":700,"caption":"Manifestantes invadem Congresso, STF e Pal\u00e1cio do Planalto."},{"@type":"BreadcrumbList","@id":"https:\/\/www.notibras.com\/site\/stf-nao-da-mole-e-inicia-julgamento-de-mais-45-golpistas\/#breadcrumb","itemListElement":[{"@type":"ListItem","position":1,"name":"In\u00edcio","item":"https:\/\/www.notibras.com\/site\/"},{"@type":"ListItem","position":2,"name":"STF n\u00e3o d\u00e1 mole e inicia julgamento de mais 45 golpistas"}]},{"@type":"WebSite","@id":"https:\/\/www.notibras.com\/site\/#website","url":"https:\/\/www.notibras.com\/site\/","name":"Notibras","description":"Not\u00edcias de Bras\u00edlia, do Brasil e do Mundo","publisher":{"@id":"https:\/\/www.notibras.com\/site\/#organization"},"potentialAction":[{"@type":"SearchAction","target":{"@type":"EntryPoint","urlTemplate":"https:\/\/www.notibras.com\/site\/?s={search_term_string}"},"query-input":{"@type":"PropertyValueSpecification","valueRequired":true,"valueName":"search_term_string"}}],"inLanguage":"pt-BR"},{"@type":"Organization","@id":"https:\/\/www.notibras.com\/site\/#organization","name":"Grupo Notibras de Comunica\u00e7\u00e3o","url":"https:\/\/www.notibras.com\/site\/","logo":{"@type":"ImageObject","inLanguage":"pt-BR","@id":"https:\/\/www.notibras.com\/site\/#\/schema\/logo\/image\/","url":"https:\/\/www.notibras.com\/site\/wp-content\/uploads\/2023\/01\/notibras23.png","contentUrl":"https:\/\/www.notibras.com\/site\/wp-content\/uploads\/2023\/01\/notibras23.png","width":350,"height":87,"caption":"Grupo Notibras de Comunica\u00e7\u00e3o"},"image":{"@id":"https:\/\/www.notibras.com\/site\/#\/schema\/logo\/image\/"},"sameAs":["https:\/\/www.facebook.com\/notibras\/","https:\/\/x.com\/Notibras","https:\/\/www.instagram.com\/notibras\/"]},{"@type":"Person","@id":"https:\/\/www.notibras.com\/site\/#\/schema\/person\/36ab0979449956132d3e5b517ea76ac8","name":"Reda\u00e7\u00e3o","image":{"@type":"ImageObject","inLanguage":"pt-BR","@id":"https:\/\/secure.gravatar.com\/avatar\/e0a867bdedb85fd243eadf09663511f96fc81e0720a4a42581f334ad4303aa6b?s=96&d=mm&r=g","url":"https:\/\/secure.gravatar.com\/avatar\/e0a867bdedb85fd243eadf09663511f96fc81e0720a4a42581f334ad4303aa6b?s=96&d=mm&r=g","contentUrl":"https:\/\/secure.gravatar.com\/avatar\/e0a867bdedb85fd243eadf09663511f96fc81e0720a4a42581f334ad4303aa6b?s=96&d=mm&r=g","caption":"Reda\u00e7\u00e3o"}}]}},"amp_enabled":true,"_links":{"self":[{"href":"https:\/\/www.notibras.com\/site\/wp-json\/wp\/v2\/posts\/307523","targetHints":{"allow":["GET"]}}],"collection":[{"href":"https:\/\/www.notibras.com\/site\/wp-json\/wp\/v2\/posts"}],"about":[{"href":"https:\/\/www.notibras.com\/site\/wp-json\/wp\/v2\/types\/post"}],"author":[{"embeddable":true,"href":"https:\/\/www.notibras.com\/site\/wp-json\/wp\/v2\/users\/2"}],"replies":[{"embeddable":true,"href":"https:\/\/www.notibras.com\/site\/wp-json\/wp\/v2\/comments?post=307523"}],"version-history":[{"count":1,"href":"https:\/\/www.notibras.com\/site\/wp-json\/wp\/v2\/posts\/307523\/revisions"}],"predecessor-version":[{"id":307525,"href":"https:\/\/www.notibras.com\/site\/wp-json\/wp\/v2\/posts\/307523\/revisions\/307525"}],"wp:featuredmedia":[{"embeddable":true,"href":"https:\/\/www.notibras.com\/site\/wp-json\/wp\/v2\/media\/307524"}],"wp:attachment":[{"href":"https:\/\/www.notibras.com\/site\/wp-json\/wp\/v2\/media?parent=307523"}],"wp:term":[{"taxonomy":"category","embeddable":true,"href":"https:\/\/www.notibras.com\/site\/wp-json\/wp\/v2\/categories?post=307523"},{"taxonomy":"post_tag","embeddable":true,"href":"https:\/\/www.notibras.com\/site\/wp-json\/wp\/v2\/tags?post=307523"}],"curies":[{"name":"wp","href":"https:\/\/api.w.org\/{rel}","templated":true}]}}