{"id":307526,"date":"2023-06-24T09:21:08","date_gmt":"2023-06-24T12:21:08","guid":{"rendered":"https:\/\/www.notibras.com\/site\/?p=307526"},"modified":"2023-06-24T12:24:51","modified_gmt":"2023-06-24T15:24:51","slug":"piso-da-enfermagem-volta-a-pauta-do-supremo","status":"publish","type":"post","link":"https:\/\/www.notibras.com\/site\/piso-da-enfermagem-volta-a-pauta-do-supremo\/","title":{"rendered":"Piso da enfermagem volta \u00e0 pauta do Supremo"},"content":{"rendered":"<p>O Supremo Tribunal Federal (STF) retomou o julgamento da a\u00e7\u00e3o sobre a validade do pagamento do piso salarial nacional para os profissionais de enfermagem.<\/p>\n<p>Em maio, o relator do processo, ministro Lu\u00eds Roberto Barroso, estabeleceu regras para o pagamento do piso aos profissionais que trabalham no sistema de sa\u00fade de estados e munic\u00edpios nos limites dos valores recebidos pelo governo federal.<\/p>\n<p>Agora, os demais ministros da Corte julgam se referendam a decis\u00e3o de Barroso. A an\u00e1lise ocorre no plen\u00e1rio virtual, modalidade na qual os ministros inserem votos no sistema eletr\u00f4nico e n\u00e3o h\u00e1 delibera\u00e7\u00e3o presencial. A an\u00e1lise vai at\u00e9 30 de junho.<\/p>\n<p>O julgamento est\u00e1 sendo retomado ap\u00f3s dois pedidos de vista diante de diverg\u00eancias apresentadas pelos ministros em rela\u00e7\u00e3o \u00e0 operacionaliza\u00e7\u00e3o do pagamento.<\/p>\n<p>O novo piso para enfermeiros contratados sob o regime da Consolida\u00e7\u00e3o das Leis do Trabalho (CLT) \u00e9 de R$ 4.750, conforme definido pela Lei n\u00ba 14.434. T\u00e9cnicos de enfermagem recebem, no m\u00ednimo, 70% desse valor (R$ 3.325) e auxiliares de enfermagem e parteiras, 50% (R$ 2.375). Pela lei, o piso vale para trabalhadores dos setores p\u00fablico e privado.<\/p>\n<p><strong>Vota\u00e7\u00e3o<\/strong><br \/>\nAt\u00e9 o momento, n\u00e3o h\u00e1 defini\u00e7\u00e3o no placar do julgamento. Barroso e Gilmar Mendes se manifestaram para manter as condi\u00e7\u00f5es da decis\u00e3o que liberou o piso.<\/p>\n<p>Os ministros Dias Toffoli e Alexandre de Moraes apresentaram diverg\u00eancia em rela\u00e7\u00e3o ao pagamento para profissionais celetistas. O ministro Edson Fachin determinou o pagamento para todos os contratos p\u00fablicos e privados de trabalho.<\/p>\n<p>Mas Toffoli abriu uma nova via de entendimento para definir que, no caso de profissionais celetistas, o pagamento do piso deve ocorrer conforme negocia\u00e7\u00e3o coletiva da categoria na regi\u00e3o do pa\u00eds em que o profissional trabalha, devendo prevalecer o \u201cnegociado sobre o legislado\u201d.<\/p>\n<p>Toffoli tamb\u00e9m mant\u00e9m as condi\u00e7\u00f5es sugeridas pelos demais ministros. Para ele, o piso nacional deve ser pago conforme a lei para os profissionais que s\u00e3o servidores p\u00fablicos da Uni\u00e3o, de autarquias e de funda\u00e7\u00f5es p\u00fablicas federais.<\/p>\n<p>O piso tamb\u00e9m fica valendo para servidores p\u00fablicos dos estados e munic\u00edpios e do Distrito Federal, al\u00e9m dos enfermeiros contratados por entidades privadas que atendam 60% de pacientes oriundos do SUS.<\/p>\n<p><strong>Suspens\u00e3o<\/strong><br \/>\nNo ano passado, o pagamento do piso havia sido suspenso pelo STF devido \u00e0 falta de previs\u00e3o de recursos para garantir o pagamento dos profissionais, mas foi liberado ap\u00f3s o presidente Luiz In\u00e1cio Lula da Silva abrir cr\u00e9dito especial para o repasse de R$ 7,3 bilh\u00f5es para estados e munic\u00edpios pagarem o piso.<\/p>\n","protected":false},"excerpt":{"rendered":"<p>O Supremo Tribunal Federal (STF) retomou o julgamento da a\u00e7\u00e3o sobre a validade do pagamento do piso salarial nacional para os profissionais de enfermagem. Em maio, o relator do processo, ministro Lu\u00eds Roberto Barroso, estabeleceu regras para o pagamento do piso aos profissionais que trabalham no sistema de sa\u00fade de estados e munic\u00edpios nos limites [&hellip;]<\/p>\n","protected":false},"author":2,"featured_media":307527,"comment_status":"closed","ping_status":"closed","sticky":false,"template":"","format":"standard","meta":{"_acf_changed":false,"footnotes":""},"categories":[161],"tags":[],"class_list":["post-307526","post","type-post","status-publish","format-standard","has-post-thumbnail","hentry","category-quadradinho-em-foco"],"acf":[],"yoast_head":"<!-- This site is optimized with the Yoast SEO plugin v27.2 - https:\/\/yoast.com\/product\/yoast-seo-wordpress\/ -->\n<title>Piso da enfermagem volta \u00e0 pauta do Supremo - Notibras<\/title>\n<meta name=\"robots\" content=\"index, follow, max-snippet:-1, max-image-preview:large, max-video-preview:-1\" \/>\n<link rel=\"canonical\" href=\"https:\/\/www.notibras.com\/site\/piso-da-enfermagem-volta-a-pauta-do-supremo\/\" \/>\n<meta property=\"og:locale\" content=\"pt_BR\" \/>\n<meta property=\"og:type\" content=\"article\" \/>\n<meta property=\"og:title\" content=\"Piso da enfermagem volta \u00e0 pauta do Supremo - Notibras\" \/>\n<meta property=\"og:description\" content=\"O Supremo Tribunal Federal (STF) retomou o julgamento da a\u00e7\u00e3o sobre a validade do pagamento do piso salarial nacional para os profissionais de enfermagem. Em maio, o relator do processo, ministro Lu\u00eds Roberto Barroso, estabeleceu regras para o pagamento do piso aos profissionais que trabalham no sistema de sa\u00fade de estados e munic\u00edpios nos limites [&hellip;]\" \/>\n<meta property=\"og:url\" content=\"https:\/\/www.notibras.com\/site\/piso-da-enfermagem-volta-a-pauta-do-supremo\/\" \/>\n<meta property=\"og:site_name\" content=\"Notibras\" \/>\n<meta property=\"article:publisher\" content=\"https:\/\/www.facebook.com\/notibras\/\" \/>\n<meta property=\"article:published_time\" content=\"2023-06-24T12:21:08+00:00\" \/>\n<meta property=\"article:modified_time\" content=\"2023-06-24T15:24:51+00:00\" \/>\n<meta property=\"og:image\" content=\"https:\/\/www.notibras.com\/site\/wp-content\/uploads\/2023\/06\/pronto-socorro_do_hospital_de_santa_maria_recebe_30_enfermeiros_voluntarios_25556795627-1.jpg\" \/>\n\t<meta property=\"og:image:width\" content=\"1170\" \/>\n\t<meta property=\"og:image:height\" content=\"700\" \/>\n\t<meta property=\"og:image:type\" content=\"image\/jpeg\" \/>\n<meta name=\"author\" content=\"Reda\u00e7\u00e3o\" \/>\n<meta name=\"twitter:card\" content=\"summary_large_image\" \/>\n<meta name=\"twitter:creator\" content=\"@Notibras\" \/>\n<meta name=\"twitter:site\" content=\"@Notibras\" \/>\n<meta name=\"twitter:label1\" content=\"Escrito por\" \/>\n\t<meta name=\"twitter:data1\" content=\"Reda\u00e7\u00e3o\" \/>\n\t<meta name=\"twitter:label2\" content=\"Est. tempo de leitura\" \/>\n\t<meta name=\"twitter:data2\" content=\"3 minutos\" \/>\n<script type=\"application\/ld+json\" class=\"yoast-schema-graph\">{\"@context\":\"https:\/\/schema.org\",\"@graph\":[{\"@type\":\"Article\",\"@id\":\"https:\/\/www.notibras.com\/site\/piso-da-enfermagem-volta-a-pauta-do-supremo\/#article\",\"isPartOf\":{\"@id\":\"https:\/\/www.notibras.com\/site\/piso-da-enfermagem-volta-a-pauta-do-supremo\/\"},\"author\":{\"name\":\"Reda\u00e7\u00e3o\",\"@id\":\"https:\/\/www.notibras.com\/site\/#\/schema\/person\/36ab0979449956132d3e5b517ea76ac8\"},\"headline\":\"Piso da enfermagem volta \u00e0 pauta do Supremo\",\"datePublished\":\"2023-06-24T12:21:08+00:00\",\"dateModified\":\"2023-06-24T15:24:51+00:00\",\"mainEntityOfPage\":{\"@id\":\"https:\/\/www.notibras.com\/site\/piso-da-enfermagem-volta-a-pauta-do-supremo\/\"},\"wordCount\":450,\"publisher\":{\"@id\":\"https:\/\/www.notibras.com\/site\/#organization\"},\"image\":{\"@id\":\"https:\/\/www.notibras.com\/site\/piso-da-enfermagem-volta-a-pauta-do-supremo\/#primaryimage\"},\"thumbnailUrl\":\"https:\/\/www.notibras.com\/site\/wp-content\/uploads\/2023\/06\/pronto-socorro_do_hospital_de_santa_maria_recebe_30_enfermeiros_voluntarios_25556795627-1.jpg\",\"articleSection\":[\"Quadradinho em Foco\"],\"inLanguage\":\"pt-BR\"},{\"@type\":\"WebPage\",\"@id\":\"https:\/\/www.notibras.com\/site\/piso-da-enfermagem-volta-a-pauta-do-supremo\/\",\"url\":\"https:\/\/www.notibras.com\/site\/piso-da-enfermagem-volta-a-pauta-do-supremo\/\",\"name\":\"Piso da enfermagem volta \u00e0 pauta do Supremo - Notibras\",\"isPartOf\":{\"@id\":\"https:\/\/www.notibras.com\/site\/#website\"},\"primaryImageOfPage\":{\"@id\":\"https:\/\/www.notibras.com\/site\/piso-da-enfermagem-volta-a-pauta-do-supremo\/#primaryimage\"},\"image\":{\"@id\":\"https:\/\/www.notibras.com\/site\/piso-da-enfermagem-volta-a-pauta-do-supremo\/#primaryimage\"},\"thumbnailUrl\":\"https:\/\/www.notibras.com\/site\/wp-content\/uploads\/2023\/06\/pronto-socorro_do_hospital_de_santa_maria_recebe_30_enfermeiros_voluntarios_25556795627-1.jpg\",\"datePublished\":\"2023-06-24T12:21:08+00:00\",\"dateModified\":\"2023-06-24T15:24:51+00:00\",\"breadcrumb\":{\"@id\":\"https:\/\/www.notibras.com\/site\/piso-da-enfermagem-volta-a-pauta-do-supremo\/#breadcrumb\"},\"inLanguage\":\"pt-BR\",\"potentialAction\":[{\"@type\":\"ReadAction\",\"target\":[\"https:\/\/www.notibras.com\/site\/piso-da-enfermagem-volta-a-pauta-do-supremo\/\"]}]},{\"@type\":\"ImageObject\",\"inLanguage\":\"pt-BR\",\"@id\":\"https:\/\/www.notibras.com\/site\/piso-da-enfermagem-volta-a-pauta-do-supremo\/#primaryimage\",\"url\":\"https:\/\/www.notibras.com\/site\/wp-content\/uploads\/2023\/06\/pronto-socorro_do_hospital_de_santa_maria_recebe_30_enfermeiros_voluntarios_25556795627-1.jpg\",\"contentUrl\":\"https:\/\/www.notibras.com\/site\/wp-content\/uploads\/2023\/06\/pronto-socorro_do_hospital_de_santa_maria_recebe_30_enfermeiros_voluntarios_25556795627-1.jpg\",\"width\":1170,\"height\":700,\"caption\":\"Bras\u00edlia (DF) - Supremo Tribunal Federal (STF) dar\u00e1 continuidade ao julgamento a lei que obriga hospitais a criarem uma sala de descompress\u00e3o para enfermeiros, t\u00e9cnicos e auxiliares de enfermagem. Foto: Pedro Ventura\/Ag\u00eancia Bras\u00edlia\/Divulga\u00e7\u0101o.\"},{\"@type\":\"BreadcrumbList\",\"@id\":\"https:\/\/www.notibras.com\/site\/piso-da-enfermagem-volta-a-pauta-do-supremo\/#breadcrumb\",\"itemListElement\":[{\"@type\":\"ListItem\",\"position\":1,\"name\":\"In\u00edcio\",\"item\":\"https:\/\/www.notibras.com\/site\/\"},{\"@type\":\"ListItem\",\"position\":2,\"name\":\"Piso da enfermagem volta \u00e0 pauta do Supremo\"}]},{\"@type\":\"WebSite\",\"@id\":\"https:\/\/www.notibras.com\/site\/#website\",\"url\":\"https:\/\/www.notibras.com\/site\/\",\"name\":\"Notibras\",\"description\":\"Not\u00edcias de Bras\u00edlia, do Brasil e do Mundo\",\"publisher\":{\"@id\":\"https:\/\/www.notibras.com\/site\/#organization\"},\"potentialAction\":[{\"@type\":\"SearchAction\",\"target\":{\"@type\":\"EntryPoint\",\"urlTemplate\":\"https:\/\/www.notibras.com\/site\/?s={search_term_string}\"},\"query-input\":{\"@type\":\"PropertyValueSpecification\",\"valueRequired\":true,\"valueName\":\"search_term_string\"}}],\"inLanguage\":\"pt-BR\"},{\"@type\":\"Organization\",\"@id\":\"https:\/\/www.notibras.com\/site\/#organization\",\"name\":\"Grupo Notibras de Comunica\u00e7\u00e3o\",\"url\":\"https:\/\/www.notibras.com\/site\/\",\"logo\":{\"@type\":\"ImageObject\",\"inLanguage\":\"pt-BR\",\"@id\":\"https:\/\/www.notibras.com\/site\/#\/schema\/logo\/image\/\",\"url\":\"https:\/\/www.notibras.com\/site\/wp-content\/uploads\/2023\/01\/notibras23.png\",\"contentUrl\":\"https:\/\/www.notibras.com\/site\/wp-content\/uploads\/2023\/01\/notibras23.png\",\"width\":350,\"height\":87,\"caption\":\"Grupo Notibras de Comunica\u00e7\u00e3o\"},\"image\":{\"@id\":\"https:\/\/www.notibras.com\/site\/#\/schema\/logo\/image\/\"},\"sameAs\":[\"https:\/\/www.facebook.com\/notibras\/\",\"https:\/\/x.com\/Notibras\",\"https:\/\/www.instagram.com\/notibras\/\"]},{\"@type\":\"Person\",\"@id\":\"https:\/\/www.notibras.com\/site\/#\/schema\/person\/36ab0979449956132d3e5b517ea76ac8\",\"name\":\"Reda\u00e7\u00e3o\",\"image\":{\"@type\":\"ImageObject\",\"inLanguage\":\"pt-BR\",\"@id\":\"https:\/\/secure.gravatar.com\/avatar\/e0a867bdedb85fd243eadf09663511f96fc81e0720a4a42581f334ad4303aa6b?s=96&d=mm&r=g\",\"url\":\"https:\/\/secure.gravatar.com\/avatar\/e0a867bdedb85fd243eadf09663511f96fc81e0720a4a42581f334ad4303aa6b?s=96&d=mm&r=g\",\"contentUrl\":\"https:\/\/secure.gravatar.com\/avatar\/e0a867bdedb85fd243eadf09663511f96fc81e0720a4a42581f334ad4303aa6b?s=96&d=mm&r=g\",\"caption\":\"Reda\u00e7\u00e3o\"}}]}<\/script>\n<!-- \/ Yoast SEO plugin. -->","yoast_head_json":{"title":"Piso da enfermagem volta \u00e0 pauta do Supremo - Notibras","robots":{"index":"index","follow":"follow","max-snippet":"max-snippet:-1","max-image-preview":"max-image-preview:large","max-video-preview":"max-video-preview:-1"},"canonical":"https:\/\/www.notibras.com\/site\/piso-da-enfermagem-volta-a-pauta-do-supremo\/","og_locale":"pt_BR","og_type":"article","og_title":"Piso da enfermagem volta \u00e0 pauta do Supremo - Notibras","og_description":"O Supremo Tribunal Federal (STF) retomou o julgamento da a\u00e7\u00e3o sobre a validade do pagamento do piso salarial nacional para os profissionais de enfermagem. Em maio, o relator do processo, ministro Lu\u00eds Roberto Barroso, estabeleceu regras para o pagamento do piso aos profissionais que trabalham no sistema de sa\u00fade de estados e munic\u00edpios nos limites [&hellip;]","og_url":"https:\/\/www.notibras.com\/site\/piso-da-enfermagem-volta-a-pauta-do-supremo\/","og_site_name":"Notibras","article_publisher":"https:\/\/www.facebook.com\/notibras\/","article_published_time":"2023-06-24T12:21:08+00:00","article_modified_time":"2023-06-24T15:24:51+00:00","og_image":[{"width":1170,"height":700,"url":"https:\/\/www.notibras.com\/site\/wp-content\/uploads\/2023\/06\/pronto-socorro_do_hospital_de_santa_maria_recebe_30_enfermeiros_voluntarios_25556795627-1.jpg","type":"image\/jpeg"}],"author":"Reda\u00e7\u00e3o","twitter_card":"summary_large_image","twitter_creator":"@Notibras","twitter_site":"@Notibras","twitter_misc":{"Escrito por":"Reda\u00e7\u00e3o","Est. tempo de leitura":"3 minutos"},"schema":{"@context":"https:\/\/schema.org","@graph":[{"@type":"Article","@id":"https:\/\/www.notibras.com\/site\/piso-da-enfermagem-volta-a-pauta-do-supremo\/#article","isPartOf":{"@id":"https:\/\/www.notibras.com\/site\/piso-da-enfermagem-volta-a-pauta-do-supremo\/"},"author":{"name":"Reda\u00e7\u00e3o","@id":"https:\/\/www.notibras.com\/site\/#\/schema\/person\/36ab0979449956132d3e5b517ea76ac8"},"headline":"Piso da enfermagem volta \u00e0 pauta do Supremo","datePublished":"2023-06-24T12:21:08+00:00","dateModified":"2023-06-24T15:24:51+00:00","mainEntityOfPage":{"@id":"https:\/\/www.notibras.com\/site\/piso-da-enfermagem-volta-a-pauta-do-supremo\/"},"wordCount":450,"publisher":{"@id":"https:\/\/www.notibras.com\/site\/#organization"},"image":{"@id":"https:\/\/www.notibras.com\/site\/piso-da-enfermagem-volta-a-pauta-do-supremo\/#primaryimage"},"thumbnailUrl":"https:\/\/www.notibras.com\/site\/wp-content\/uploads\/2023\/06\/pronto-socorro_do_hospital_de_santa_maria_recebe_30_enfermeiros_voluntarios_25556795627-1.jpg","articleSection":["Quadradinho em Foco"],"inLanguage":"pt-BR"},{"@type":"WebPage","@id":"https:\/\/www.notibras.com\/site\/piso-da-enfermagem-volta-a-pauta-do-supremo\/","url":"https:\/\/www.notibras.com\/site\/piso-da-enfermagem-volta-a-pauta-do-supremo\/","name":"Piso da enfermagem volta \u00e0 pauta do Supremo - Notibras","isPartOf":{"@id":"https:\/\/www.notibras.com\/site\/#website"},"primaryImageOfPage":{"@id":"https:\/\/www.notibras.com\/site\/piso-da-enfermagem-volta-a-pauta-do-supremo\/#primaryimage"},"image":{"@id":"https:\/\/www.notibras.com\/site\/piso-da-enfermagem-volta-a-pauta-do-supremo\/#primaryimage"},"thumbnailUrl":"https:\/\/www.notibras.com\/site\/wp-content\/uploads\/2023\/06\/pronto-socorro_do_hospital_de_santa_maria_recebe_30_enfermeiros_voluntarios_25556795627-1.jpg","datePublished":"2023-06-24T12:21:08+00:00","dateModified":"2023-06-24T15:24:51+00:00","breadcrumb":{"@id":"https:\/\/www.notibras.com\/site\/piso-da-enfermagem-volta-a-pauta-do-supremo\/#breadcrumb"},"inLanguage":"pt-BR","potentialAction":[{"@type":"ReadAction","target":["https:\/\/www.notibras.com\/site\/piso-da-enfermagem-volta-a-pauta-do-supremo\/"]}]},{"@type":"ImageObject","inLanguage":"pt-BR","@id":"https:\/\/www.notibras.com\/site\/piso-da-enfermagem-volta-a-pauta-do-supremo\/#primaryimage","url":"https:\/\/www.notibras.com\/site\/wp-content\/uploads\/2023\/06\/pronto-socorro_do_hospital_de_santa_maria_recebe_30_enfermeiros_voluntarios_25556795627-1.jpg","contentUrl":"https:\/\/www.notibras.com\/site\/wp-content\/uploads\/2023\/06\/pronto-socorro_do_hospital_de_santa_maria_recebe_30_enfermeiros_voluntarios_25556795627-1.jpg","width":1170,"height":700,"caption":"Bras\u00edlia (DF) - Supremo Tribunal Federal (STF) dar\u00e1 continuidade ao julgamento a lei que obriga hospitais a criarem uma sala de descompress\u00e3o para enfermeiros, t\u00e9cnicos e auxiliares de enfermagem. Foto: Pedro Ventura\/Ag\u00eancia Bras\u00edlia\/Divulga\u00e7\u0101o."},{"@type":"BreadcrumbList","@id":"https:\/\/www.notibras.com\/site\/piso-da-enfermagem-volta-a-pauta-do-supremo\/#breadcrumb","itemListElement":[{"@type":"ListItem","position":1,"name":"In\u00edcio","item":"https:\/\/www.notibras.com\/site\/"},{"@type":"ListItem","position":2,"name":"Piso da enfermagem volta \u00e0 pauta do Supremo"}]},{"@type":"WebSite","@id":"https:\/\/www.notibras.com\/site\/#website","url":"https:\/\/www.notibras.com\/site\/","name":"Notibras","description":"Not\u00edcias de Bras\u00edlia, do Brasil e do Mundo","publisher":{"@id":"https:\/\/www.notibras.com\/site\/#organization"},"potentialAction":[{"@type":"SearchAction","target":{"@type":"EntryPoint","urlTemplate":"https:\/\/www.notibras.com\/site\/?s={search_term_string}"},"query-input":{"@type":"PropertyValueSpecification","valueRequired":true,"valueName":"search_term_string"}}],"inLanguage":"pt-BR"},{"@type":"Organization","@id":"https:\/\/www.notibras.com\/site\/#organization","name":"Grupo Notibras de Comunica\u00e7\u00e3o","url":"https:\/\/www.notibras.com\/site\/","logo":{"@type":"ImageObject","inLanguage":"pt-BR","@id":"https:\/\/www.notibras.com\/site\/#\/schema\/logo\/image\/","url":"https:\/\/www.notibras.com\/site\/wp-content\/uploads\/2023\/01\/notibras23.png","contentUrl":"https:\/\/www.notibras.com\/site\/wp-content\/uploads\/2023\/01\/notibras23.png","width":350,"height":87,"caption":"Grupo Notibras de Comunica\u00e7\u00e3o"},"image":{"@id":"https:\/\/www.notibras.com\/site\/#\/schema\/logo\/image\/"},"sameAs":["https:\/\/www.facebook.com\/notibras\/","https:\/\/x.com\/Notibras","https:\/\/www.instagram.com\/notibras\/"]},{"@type":"Person","@id":"https:\/\/www.notibras.com\/site\/#\/schema\/person\/36ab0979449956132d3e5b517ea76ac8","name":"Reda\u00e7\u00e3o","image":{"@type":"ImageObject","inLanguage":"pt-BR","@id":"https:\/\/secure.gravatar.com\/avatar\/e0a867bdedb85fd243eadf09663511f96fc81e0720a4a42581f334ad4303aa6b?s=96&d=mm&r=g","url":"https:\/\/secure.gravatar.com\/avatar\/e0a867bdedb85fd243eadf09663511f96fc81e0720a4a42581f334ad4303aa6b?s=96&d=mm&r=g","contentUrl":"https:\/\/secure.gravatar.com\/avatar\/e0a867bdedb85fd243eadf09663511f96fc81e0720a4a42581f334ad4303aa6b?s=96&d=mm&r=g","caption":"Reda\u00e7\u00e3o"}}]}},"amp_enabled":true,"_links":{"self":[{"href":"https:\/\/www.notibras.com\/site\/wp-json\/wp\/v2\/posts\/307526","targetHints":{"allow":["GET"]}}],"collection":[{"href":"https:\/\/www.notibras.com\/site\/wp-json\/wp\/v2\/posts"}],"about":[{"href":"https:\/\/www.notibras.com\/site\/wp-json\/wp\/v2\/types\/post"}],"author":[{"embeddable":true,"href":"https:\/\/www.notibras.com\/site\/wp-json\/wp\/v2\/users\/2"}],"replies":[{"embeddable":true,"href":"https:\/\/www.notibras.com\/site\/wp-json\/wp\/v2\/comments?post=307526"}],"version-history":[{"count":1,"href":"https:\/\/www.notibras.com\/site\/wp-json\/wp\/v2\/posts\/307526\/revisions"}],"predecessor-version":[{"id":307528,"href":"https:\/\/www.notibras.com\/site\/wp-json\/wp\/v2\/posts\/307526\/revisions\/307528"}],"wp:featuredmedia":[{"embeddable":true,"href":"https:\/\/www.notibras.com\/site\/wp-json\/wp\/v2\/media\/307527"}],"wp:attachment":[{"href":"https:\/\/www.notibras.com\/site\/wp-json\/wp\/v2\/media?parent=307526"}],"wp:term":[{"taxonomy":"category","embeddable":true,"href":"https:\/\/www.notibras.com\/site\/wp-json\/wp\/v2\/categories?post=307526"},{"taxonomy":"post_tag","embeddable":true,"href":"https:\/\/www.notibras.com\/site\/wp-json\/wp\/v2\/tags?post=307526"}],"curies":[{"name":"wp","href":"https:\/\/api.w.org\/{rel}","templated":true}]}}