{"id":307551,"date":"2023-06-24T14:16:51","date_gmt":"2023-06-24T17:16:51","guid":{"rendered":"https:\/\/www.notibras.com\/site\/?p=307551"},"modified":"2023-06-24T16:29:01","modified_gmt":"2023-06-24T19:29:01","slug":"carnaval-fora-de-epoca-engana-e-pode-queimar-quem-pula-datas","status":"publish","type":"post","link":"https:\/\/www.notibras.com\/site\/carnaval-fora-de-epoca-engana-e-pode-queimar-quem-pula-datas\/","title":{"rendered":"Carnaval fora de \u00e9poca engana e pode queimar quem pula datas"},"content":{"rendered":"<p>Minha av\u00f3 possu\u00eda um nome relativamente esdr\u00faxulo: Esther Stella. Al\u00e9m disso, ela adorava criar hist\u00f3rias, e eu, o neto mais apegado, adorava ouvir aquela voz t\u00e3o doce. Apesar de tanta candura, diziam que ela era chegada a adivinhar o futuro. Hoje tenho quase certeza de que as pessoas estavam certas.<\/p>\n<p>Pois bem, uma dessas hist\u00f3rias contadas pela minha av\u00f3 era sobre um antigo reino. E, como todas esses contos de fada, tamb\u00e9m come\u00e7ava com o tradicional &#8220;Era uma vez&#8230;&#8221;. Por isso, deixemos as delongas de lado e vamos direto \u00e0 tal f\u00e1bula. E, por favor, imaginem aquela voz que me embalou por tantas e tantas vezes.<\/p>\n<p>Era uma vez um reino bem distante chamado Braz\u00edlia. Sim, Braz\u00edlia com &#8220;Z&#8221;. E, como qualquer reino que se preze, possu\u00eda um rei. Todavia, n\u00e3o um rei alto, loiro, olhos azuis e lindo. Na verdade, era o oposto disso tudo, pois era baixinho, gordinho, zarolho e feio de dar d\u00f3. Seu nome? Enganeis I.<\/p>\n<p>Aficionado desde sempre por circo, Enganeis I acabou se encantando por um velho palha\u00e7o chamado Bozo, que era casado com a dissimulada Micaela, com quem possu\u00eda duas filhas: as g\u00eameas Eva e Ang\u00e9lica. Como Enganeis I era rei, quis porque quis fazer uma festan\u00e7a em fevereiro e contratou os servi\u00e7os do Bozo, que faria palha\u00e7adas para os in\u00fameros convidados.<\/p>\n<p>E eis que chegou o grande dia. L\u00e1 estava o Bozo, montado em uma motocicleta, passeando pelo enorme picadeiro instalado no gigantesco jardim do pal\u00e1cio rodeado de buritis. A cada manobra de Bozo sobre a tal motocicleta, Enganeis I gargalhava embriagado com as perip\u00e9cias do motoqueiro, ao mesmo tempo em que devorava as empadinhas estrategicamente postas ao seu lado.<\/p>\n<p>Ap\u00f3s a festan\u00e7a, Enganeis I e Bozo ficaram cada vez mais \u00edntimos. Tanto \u00e9 que, j\u00e1 em junho, famoso m\u00eas marcado por festas que homenageiam \u00edcones do catolicismo, como Santo Ant\u00f4nio, S\u00e3o Jo\u00e3o e S\u00e3o Pedro, aquela amizade ainda perdurava. Por isso, o rei resolveu atender o pedido das g\u00eameas Eva e Ang\u00e9lica, que n\u00e3o eram f\u00e3s de santos.<\/p>\n<p>Por certo eram mais ligadas \u00e0quele dono de um rebanho que quebrava imagens santificadas. Dessa forma, Enganeis I, para agradar as duas meninas, decidiu fazer um baita carnaval, cheio de confetes e serpentinas. Fogueira que \u00e9 bom, como reza a tradi\u00e7\u00e3o, nada.<\/p>\n<p>Acabou o carnaval fora de \u00e9poca, veio julho, agosto, setembro e todos os meses daquele long\u00ednquo ano. Depois aconteceu a famosa festa pag\u00e3 do ano seguinte, at\u00e9 que chegou a Semana Santa. Ali\u00e1s, nessa \u00e9poca, Enganeis I mandava abrir os port\u00f5es para seus s\u00faditos.<\/p>\n<p>A ral\u00e9, esfomeada que era, correu no rumo do grande lago repleto de lindas carpas coloridas. Aquele povo todo, no entanto, teve a maior decep\u00e7\u00e3o da vida. Os peixes boiavam mortos sobre as \u00e1guas, que emanavam um cheiro de podrid\u00e3o. Enquanto isso, Bozo, Micaela e as g\u00eameas fugiam em uma luxuosa carruagem puxada por lindos garanh\u00f5es brancos.<\/p>\n<p>Curiosamente, a esposa do palha\u00e7o carregava uma sacola contendo 30 moedas de ouro. Quanto ao final, nem todos viveram felizes para sempre.<\/p>\n","protected":false},"excerpt":{"rendered":"<p>Minha av\u00f3 possu\u00eda um nome relativamente esdr\u00faxulo: Esther Stella. Al\u00e9m disso, ela adorava criar hist\u00f3rias, e eu, o neto mais apegado, adorava ouvir aquela voz t\u00e3o doce. Apesar de tanta candura, diziam que ela era chegada a adivinhar o futuro. Hoje tenho quase certeza de que as pessoas estavam certas. Pois bem, uma dessas hist\u00f3rias [&hellip;]<\/p>\n","protected":false},"author":2,"featured_media":307552,"comment_status":"closed","ping_status":"closed","sticky":false,"template":"","format":"standard","meta":{"_acf_changed":false,"footnotes":""},"categories":[161],"tags":[],"class_list":["post-307551","post","type-post","status-publish","format-standard","has-post-thumbnail","hentry","category-quadradinho-em-foco"],"acf":[],"yoast_head":"<!-- This site is optimized with the Yoast SEO plugin v27.2 - https:\/\/yoast.com\/product\/yoast-seo-wordpress\/ -->\n<title>Carnaval fora de \u00e9poca engana e pode queimar quem pula datas - Notibras<\/title>\n<meta name=\"robots\" content=\"index, follow, max-snippet:-1, max-image-preview:large, max-video-preview:-1\" \/>\n<link rel=\"canonical\" href=\"https:\/\/www.notibras.com\/site\/carnaval-fora-de-epoca-engana-e-pode-queimar-quem-pula-datas\/\" \/>\n<meta property=\"og:locale\" content=\"pt_BR\" \/>\n<meta property=\"og:type\" content=\"article\" \/>\n<meta property=\"og:title\" content=\"Carnaval fora de \u00e9poca engana e pode queimar quem pula datas - Notibras\" \/>\n<meta property=\"og:description\" content=\"Minha av\u00f3 possu\u00eda um nome relativamente esdr\u00faxulo: Esther Stella. Al\u00e9m disso, ela adorava criar hist\u00f3rias, e eu, o neto mais apegado, adorava ouvir aquela voz t\u00e3o doce. Apesar de tanta candura, diziam que ela era chegada a adivinhar o futuro. Hoje tenho quase certeza de que as pessoas estavam certas. Pois bem, uma dessas hist\u00f3rias [&hellip;]\" \/>\n<meta property=\"og:url\" content=\"https:\/\/www.notibras.com\/site\/carnaval-fora-de-epoca-engana-e-pode-queimar-quem-pula-datas\/\" \/>\n<meta property=\"og:site_name\" content=\"Notibras\" \/>\n<meta property=\"article:publisher\" content=\"https:\/\/www.facebook.com\/notibras\/\" \/>\n<meta property=\"article:published_time\" content=\"2023-06-24T17:16:51+00:00\" \/>\n<meta property=\"article:modified_time\" content=\"2023-06-24T19:29:01+00:00\" \/>\n<meta property=\"og:image\" content=\"https:\/\/www.notibras.com\/site\/wp-content\/uploads\/2023\/06\/1079419-smvla_abr_05.06.2017-203039.jpg\" \/>\n\t<meta property=\"og:image:width\" content=\"770\" \/>\n\t<meta property=\"og:image:height\" content=\"433\" \/>\n\t<meta property=\"og:image:type\" content=\"image\/jpeg\" \/>\n<meta name=\"author\" content=\"Reda\u00e7\u00e3o\" \/>\n<meta name=\"twitter:card\" content=\"summary_large_image\" \/>\n<meta name=\"twitter:creator\" content=\"@Notibras\" \/>\n<meta name=\"twitter:site\" content=\"@Notibras\" \/>\n<meta name=\"twitter:label1\" content=\"Escrito por\" \/>\n\t<meta name=\"twitter:data1\" content=\"Reda\u00e7\u00e3o\" \/>\n\t<meta name=\"twitter:label2\" content=\"Est. tempo de leitura\" \/>\n\t<meta name=\"twitter:data2\" content=\"3 minutos\" \/>\n<script type=\"application\/ld+json\" class=\"yoast-schema-graph\">{\"@context\":\"https:\/\/schema.org\",\"@graph\":[{\"@type\":\"Article\",\"@id\":\"https:\/\/www.notibras.com\/site\/carnaval-fora-de-epoca-engana-e-pode-queimar-quem-pula-datas\/#article\",\"isPartOf\":{\"@id\":\"https:\/\/www.notibras.com\/site\/carnaval-fora-de-epoca-engana-e-pode-queimar-quem-pula-datas\/\"},\"author\":{\"name\":\"Reda\u00e7\u00e3o\",\"@id\":\"https:\/\/www.notibras.com\/site\/#\/schema\/person\/36ab0979449956132d3e5b517ea76ac8\"},\"headline\":\"Carnaval fora de \u00e9poca engana e pode queimar quem pula datas\",\"datePublished\":\"2023-06-24T17:16:51+00:00\",\"dateModified\":\"2023-06-24T19:29:01+00:00\",\"mainEntityOfPage\":{\"@id\":\"https:\/\/www.notibras.com\/site\/carnaval-fora-de-epoca-engana-e-pode-queimar-quem-pula-datas\/\"},\"wordCount\":553,\"publisher\":{\"@id\":\"https:\/\/www.notibras.com\/site\/#organization\"},\"image\":{\"@id\":\"https:\/\/www.notibras.com\/site\/carnaval-fora-de-epoca-engana-e-pode-queimar-quem-pula-datas\/#primaryimage\"},\"thumbnailUrl\":\"https:\/\/www.notibras.com\/site\/wp-content\/uploads\/2023\/06\/1079419-smvla_abr_05.06.2017-203039.jpg\",\"articleSection\":[\"Quadradinho em Foco\"],\"inLanguage\":\"pt-BR\"},{\"@type\":\"WebPage\",\"@id\":\"https:\/\/www.notibras.com\/site\/carnaval-fora-de-epoca-engana-e-pode-queimar-quem-pula-datas\/\",\"url\":\"https:\/\/www.notibras.com\/site\/carnaval-fora-de-epoca-engana-e-pode-queimar-quem-pula-datas\/\",\"name\":\"Carnaval fora de \u00e9poca engana e pode queimar quem pula datas - Notibras\",\"isPartOf\":{\"@id\":\"https:\/\/www.notibras.com\/site\/#website\"},\"primaryImageOfPage\":{\"@id\":\"https:\/\/www.notibras.com\/site\/carnaval-fora-de-epoca-engana-e-pode-queimar-quem-pula-datas\/#primaryimage\"},\"image\":{\"@id\":\"https:\/\/www.notibras.com\/site\/carnaval-fora-de-epoca-engana-e-pode-queimar-quem-pula-datas\/#primaryimage\"},\"thumbnailUrl\":\"https:\/\/www.notibras.com\/site\/wp-content\/uploads\/2023\/06\/1079419-smvla_abr_05.06.2017-203039.jpg\",\"datePublished\":\"2023-06-24T17:16:51+00:00\",\"dateModified\":\"2023-06-24T19:29:01+00:00\",\"breadcrumb\":{\"@id\":\"https:\/\/www.notibras.com\/site\/carnaval-fora-de-epoca-engana-e-pode-queimar-quem-pula-datas\/#breadcrumb\"},\"inLanguage\":\"pt-BR\",\"potentialAction\":[{\"@type\":\"ReadAction\",\"target\":[\"https:\/\/www.notibras.com\/site\/carnaval-fora-de-epoca-engana-e-pode-queimar-quem-pula-datas\/\"]}]},{\"@type\":\"ImageObject\",\"inLanguage\":\"pt-BR\",\"@id\":\"https:\/\/www.notibras.com\/site\/carnaval-fora-de-epoca-engana-e-pode-queimar-quem-pula-datas\/#primaryimage\",\"url\":\"https:\/\/www.notibras.com\/site\/wp-content\/uploads\/2023\/06\/1079419-smvla_abr_05.06.2017-203039.jpg\",\"contentUrl\":\"https:\/\/www.notibras.com\/site\/wp-content\/uploads\/2023\/06\/1079419-smvla_abr_05.06.2017-203039.jpg\",\"width\":770,\"height\":433,\"caption\":\"Pernambuco -Maior S\u00e3o Jo\u00e3o do Brasil come\u00e7ou no s\u00e1bado em Caruaru, no agreste de Pernambuco (Sumaia Vilela\/Ag\u00earncia Brasil)\"},{\"@type\":\"BreadcrumbList\",\"@id\":\"https:\/\/www.notibras.com\/site\/carnaval-fora-de-epoca-engana-e-pode-queimar-quem-pula-datas\/#breadcrumb\",\"itemListElement\":[{\"@type\":\"ListItem\",\"position\":1,\"name\":\"In\u00edcio\",\"item\":\"https:\/\/www.notibras.com\/site\/\"},{\"@type\":\"ListItem\",\"position\":2,\"name\":\"Carnaval fora de \u00e9poca engana e pode queimar quem pula datas\"}]},{\"@type\":\"WebSite\",\"@id\":\"https:\/\/www.notibras.com\/site\/#website\",\"url\":\"https:\/\/www.notibras.com\/site\/\",\"name\":\"Notibras\",\"description\":\"Not\u00edcias de Bras\u00edlia, do Brasil e do Mundo\",\"publisher\":{\"@id\":\"https:\/\/www.notibras.com\/site\/#organization\"},\"potentialAction\":[{\"@type\":\"SearchAction\",\"target\":{\"@type\":\"EntryPoint\",\"urlTemplate\":\"https:\/\/www.notibras.com\/site\/?s={search_term_string}\"},\"query-input\":{\"@type\":\"PropertyValueSpecification\",\"valueRequired\":true,\"valueName\":\"search_term_string\"}}],\"inLanguage\":\"pt-BR\"},{\"@type\":\"Organization\",\"@id\":\"https:\/\/www.notibras.com\/site\/#organization\",\"name\":\"Grupo Notibras de Comunica\u00e7\u00e3o\",\"url\":\"https:\/\/www.notibras.com\/site\/\",\"logo\":{\"@type\":\"ImageObject\",\"inLanguage\":\"pt-BR\",\"@id\":\"https:\/\/www.notibras.com\/site\/#\/schema\/logo\/image\/\",\"url\":\"https:\/\/www.notibras.com\/site\/wp-content\/uploads\/2023\/01\/notibras23.png\",\"contentUrl\":\"https:\/\/www.notibras.com\/site\/wp-content\/uploads\/2023\/01\/notibras23.png\",\"width\":350,\"height\":87,\"caption\":\"Grupo Notibras de Comunica\u00e7\u00e3o\"},\"image\":{\"@id\":\"https:\/\/www.notibras.com\/site\/#\/schema\/logo\/image\/\"},\"sameAs\":[\"https:\/\/www.facebook.com\/notibras\/\",\"https:\/\/x.com\/Notibras\",\"https:\/\/www.instagram.com\/notibras\/\"]},{\"@type\":\"Person\",\"@id\":\"https:\/\/www.notibras.com\/site\/#\/schema\/person\/36ab0979449956132d3e5b517ea76ac8\",\"name\":\"Reda\u00e7\u00e3o\",\"image\":{\"@type\":\"ImageObject\",\"inLanguage\":\"pt-BR\",\"@id\":\"https:\/\/secure.gravatar.com\/avatar\/e0a867bdedb85fd243eadf09663511f96fc81e0720a4a42581f334ad4303aa6b?s=96&d=mm&r=g\",\"url\":\"https:\/\/secure.gravatar.com\/avatar\/e0a867bdedb85fd243eadf09663511f96fc81e0720a4a42581f334ad4303aa6b?s=96&d=mm&r=g\",\"contentUrl\":\"https:\/\/secure.gravatar.com\/avatar\/e0a867bdedb85fd243eadf09663511f96fc81e0720a4a42581f334ad4303aa6b?s=96&d=mm&r=g\",\"caption\":\"Reda\u00e7\u00e3o\"}}]}<\/script>\n<!-- \/ Yoast SEO plugin. -->","yoast_head_json":{"title":"Carnaval fora de \u00e9poca engana e pode queimar quem pula datas - Notibras","robots":{"index":"index","follow":"follow","max-snippet":"max-snippet:-1","max-image-preview":"max-image-preview:large","max-video-preview":"max-video-preview:-1"},"canonical":"https:\/\/www.notibras.com\/site\/carnaval-fora-de-epoca-engana-e-pode-queimar-quem-pula-datas\/","og_locale":"pt_BR","og_type":"article","og_title":"Carnaval fora de \u00e9poca engana e pode queimar quem pula datas - Notibras","og_description":"Minha av\u00f3 possu\u00eda um nome relativamente esdr\u00faxulo: Esther Stella. Al\u00e9m disso, ela adorava criar hist\u00f3rias, e eu, o neto mais apegado, adorava ouvir aquela voz t\u00e3o doce. Apesar de tanta candura, diziam que ela era chegada a adivinhar o futuro. Hoje tenho quase certeza de que as pessoas estavam certas. Pois bem, uma dessas hist\u00f3rias [&hellip;]","og_url":"https:\/\/www.notibras.com\/site\/carnaval-fora-de-epoca-engana-e-pode-queimar-quem-pula-datas\/","og_site_name":"Notibras","article_publisher":"https:\/\/www.facebook.com\/notibras\/","article_published_time":"2023-06-24T17:16:51+00:00","article_modified_time":"2023-06-24T19:29:01+00:00","og_image":[{"width":770,"height":433,"url":"https:\/\/www.notibras.com\/site\/wp-content\/uploads\/2023\/06\/1079419-smvla_abr_05.06.2017-203039.jpg","type":"image\/jpeg"}],"author":"Reda\u00e7\u00e3o","twitter_card":"summary_large_image","twitter_creator":"@Notibras","twitter_site":"@Notibras","twitter_misc":{"Escrito por":"Reda\u00e7\u00e3o","Est. tempo de leitura":"3 minutos"},"schema":{"@context":"https:\/\/schema.org","@graph":[{"@type":"Article","@id":"https:\/\/www.notibras.com\/site\/carnaval-fora-de-epoca-engana-e-pode-queimar-quem-pula-datas\/#article","isPartOf":{"@id":"https:\/\/www.notibras.com\/site\/carnaval-fora-de-epoca-engana-e-pode-queimar-quem-pula-datas\/"},"author":{"name":"Reda\u00e7\u00e3o","@id":"https:\/\/www.notibras.com\/site\/#\/schema\/person\/36ab0979449956132d3e5b517ea76ac8"},"headline":"Carnaval fora de \u00e9poca engana e pode queimar quem pula datas","datePublished":"2023-06-24T17:16:51+00:00","dateModified":"2023-06-24T19:29:01+00:00","mainEntityOfPage":{"@id":"https:\/\/www.notibras.com\/site\/carnaval-fora-de-epoca-engana-e-pode-queimar-quem-pula-datas\/"},"wordCount":553,"publisher":{"@id":"https:\/\/www.notibras.com\/site\/#organization"},"image":{"@id":"https:\/\/www.notibras.com\/site\/carnaval-fora-de-epoca-engana-e-pode-queimar-quem-pula-datas\/#primaryimage"},"thumbnailUrl":"https:\/\/www.notibras.com\/site\/wp-content\/uploads\/2023\/06\/1079419-smvla_abr_05.06.2017-203039.jpg","articleSection":["Quadradinho em Foco"],"inLanguage":"pt-BR"},{"@type":"WebPage","@id":"https:\/\/www.notibras.com\/site\/carnaval-fora-de-epoca-engana-e-pode-queimar-quem-pula-datas\/","url":"https:\/\/www.notibras.com\/site\/carnaval-fora-de-epoca-engana-e-pode-queimar-quem-pula-datas\/","name":"Carnaval fora de \u00e9poca engana e pode queimar quem pula datas - Notibras","isPartOf":{"@id":"https:\/\/www.notibras.com\/site\/#website"},"primaryImageOfPage":{"@id":"https:\/\/www.notibras.com\/site\/carnaval-fora-de-epoca-engana-e-pode-queimar-quem-pula-datas\/#primaryimage"},"image":{"@id":"https:\/\/www.notibras.com\/site\/carnaval-fora-de-epoca-engana-e-pode-queimar-quem-pula-datas\/#primaryimage"},"thumbnailUrl":"https:\/\/www.notibras.com\/site\/wp-content\/uploads\/2023\/06\/1079419-smvla_abr_05.06.2017-203039.jpg","datePublished":"2023-06-24T17:16:51+00:00","dateModified":"2023-06-24T19:29:01+00:00","breadcrumb":{"@id":"https:\/\/www.notibras.com\/site\/carnaval-fora-de-epoca-engana-e-pode-queimar-quem-pula-datas\/#breadcrumb"},"inLanguage":"pt-BR","potentialAction":[{"@type":"ReadAction","target":["https:\/\/www.notibras.com\/site\/carnaval-fora-de-epoca-engana-e-pode-queimar-quem-pula-datas\/"]}]},{"@type":"ImageObject","inLanguage":"pt-BR","@id":"https:\/\/www.notibras.com\/site\/carnaval-fora-de-epoca-engana-e-pode-queimar-quem-pula-datas\/#primaryimage","url":"https:\/\/www.notibras.com\/site\/wp-content\/uploads\/2023\/06\/1079419-smvla_abr_05.06.2017-203039.jpg","contentUrl":"https:\/\/www.notibras.com\/site\/wp-content\/uploads\/2023\/06\/1079419-smvla_abr_05.06.2017-203039.jpg","width":770,"height":433,"caption":"Pernambuco -Maior S\u00e3o Jo\u00e3o do Brasil come\u00e7ou no s\u00e1bado em Caruaru, no agreste de Pernambuco (Sumaia Vilela\/Ag\u00earncia Brasil)"},{"@type":"BreadcrumbList","@id":"https:\/\/www.notibras.com\/site\/carnaval-fora-de-epoca-engana-e-pode-queimar-quem-pula-datas\/#breadcrumb","itemListElement":[{"@type":"ListItem","position":1,"name":"In\u00edcio","item":"https:\/\/www.notibras.com\/site\/"},{"@type":"ListItem","position":2,"name":"Carnaval fora de \u00e9poca engana e pode queimar quem pula datas"}]},{"@type":"WebSite","@id":"https:\/\/www.notibras.com\/site\/#website","url":"https:\/\/www.notibras.com\/site\/","name":"Notibras","description":"Not\u00edcias de Bras\u00edlia, do Brasil e do Mundo","publisher":{"@id":"https:\/\/www.notibras.com\/site\/#organization"},"potentialAction":[{"@type":"SearchAction","target":{"@type":"EntryPoint","urlTemplate":"https:\/\/www.notibras.com\/site\/?s={search_term_string}"},"query-input":{"@type":"PropertyValueSpecification","valueRequired":true,"valueName":"search_term_string"}}],"inLanguage":"pt-BR"},{"@type":"Organization","@id":"https:\/\/www.notibras.com\/site\/#organization","name":"Grupo Notibras de Comunica\u00e7\u00e3o","url":"https:\/\/www.notibras.com\/site\/","logo":{"@type":"ImageObject","inLanguage":"pt-BR","@id":"https:\/\/www.notibras.com\/site\/#\/schema\/logo\/image\/","url":"https:\/\/www.notibras.com\/site\/wp-content\/uploads\/2023\/01\/notibras23.png","contentUrl":"https:\/\/www.notibras.com\/site\/wp-content\/uploads\/2023\/01\/notibras23.png","width":350,"height":87,"caption":"Grupo Notibras de Comunica\u00e7\u00e3o"},"image":{"@id":"https:\/\/www.notibras.com\/site\/#\/schema\/logo\/image\/"},"sameAs":["https:\/\/www.facebook.com\/notibras\/","https:\/\/x.com\/Notibras","https:\/\/www.instagram.com\/notibras\/"]},{"@type":"Person","@id":"https:\/\/www.notibras.com\/site\/#\/schema\/person\/36ab0979449956132d3e5b517ea76ac8","name":"Reda\u00e7\u00e3o","image":{"@type":"ImageObject","inLanguage":"pt-BR","@id":"https:\/\/secure.gravatar.com\/avatar\/e0a867bdedb85fd243eadf09663511f96fc81e0720a4a42581f334ad4303aa6b?s=96&d=mm&r=g","url":"https:\/\/secure.gravatar.com\/avatar\/e0a867bdedb85fd243eadf09663511f96fc81e0720a4a42581f334ad4303aa6b?s=96&d=mm&r=g","contentUrl":"https:\/\/secure.gravatar.com\/avatar\/e0a867bdedb85fd243eadf09663511f96fc81e0720a4a42581f334ad4303aa6b?s=96&d=mm&r=g","caption":"Reda\u00e7\u00e3o"}}]}},"amp_enabled":true,"_links":{"self":[{"href":"https:\/\/www.notibras.com\/site\/wp-json\/wp\/v2\/posts\/307551","targetHints":{"allow":["GET"]}}],"collection":[{"href":"https:\/\/www.notibras.com\/site\/wp-json\/wp\/v2\/posts"}],"about":[{"href":"https:\/\/www.notibras.com\/site\/wp-json\/wp\/v2\/types\/post"}],"author":[{"embeddable":true,"href":"https:\/\/www.notibras.com\/site\/wp-json\/wp\/v2\/users\/2"}],"replies":[{"embeddable":true,"href":"https:\/\/www.notibras.com\/site\/wp-json\/wp\/v2\/comments?post=307551"}],"version-history":[{"count":1,"href":"https:\/\/www.notibras.com\/site\/wp-json\/wp\/v2\/posts\/307551\/revisions"}],"predecessor-version":[{"id":307553,"href":"https:\/\/www.notibras.com\/site\/wp-json\/wp\/v2\/posts\/307551\/revisions\/307553"}],"wp:featuredmedia":[{"embeddable":true,"href":"https:\/\/www.notibras.com\/site\/wp-json\/wp\/v2\/media\/307552"}],"wp:attachment":[{"href":"https:\/\/www.notibras.com\/site\/wp-json\/wp\/v2\/media?parent=307551"}],"wp:term":[{"taxonomy":"category","embeddable":true,"href":"https:\/\/www.notibras.com\/site\/wp-json\/wp\/v2\/categories?post=307551"},{"taxonomy":"post_tag","embeddable":true,"href":"https:\/\/www.notibras.com\/site\/wp-json\/wp\/v2\/tags?post=307551"}],"curies":[{"name":"wp","href":"https:\/\/api.w.org\/{rel}","templated":true}]}}