{"id":307585,"date":"2023-06-25T00:00:40","date_gmt":"2023-06-25T03:00:40","guid":{"rendered":"https:\/\/www.notibras.com\/site\/?p=307585"},"modified":"2023-06-25T10:00:12","modified_gmt":"2023-06-25T13:00:12","slug":"inep-aplica-as-ultimas-provas-do-revalida","status":"publish","type":"post","link":"https:\/\/www.notibras.com\/site\/inep-aplica-as-ultimas-provas-do-revalida\/","title":{"rendered":"Inep aplica as \u00faltimas provas do Revalida"},"content":{"rendered":"<p>O Instituto Nacional de Estudos e Pesquisas Educacionais An\u00edsio Teixeira (Inep) aplica neste domingo, 15, as \u00faltimas provas do Revalida, exame para validar os diplomas m\u00e9dicos obtidos por alunos que se formaram no exterior.<\/p>\n<p>O Revalida est\u00e1 na segunda fase de aplica\u00e7\u00e3o de provas, que \u00e9 destinada a m\u00e9dicos aprovados na etapa anterior, composta pela avalia\u00e7\u00e3o objetiva e discursiva.<\/p>\n<p><strong>Habilidades cl\u00ednicas<\/strong><br \/>\nOs candidatos far\u00e3o as provas pr\u00e1ticas de habilidades cl\u00ednicas. Os m\u00e9dicos ser\u00e3o avaliados nas \u00e1reas de cl\u00ednica m\u00e9dica, cirurgia geral, pediatria, ginecologia e obstetr\u00edcia, al\u00e9m de medicina da fam\u00edlia. Segundo o Inep, a nota m\u00ednima para aprova\u00e7\u00e3o \u00e9 de 60,722 pontos de 100.<\/p>\n<p>A aprova\u00e7\u00e3o no exame atesta que o diploma emitido no exterior \u00e9 compat\u00edvel com as exig\u00eancias de forma\u00e7\u00e3o das universidades brasileiras.<\/p>\n<p>As refer\u00eancias exigidas no Brasil s\u00e3o os atendimentos no contexto de aten\u00e7\u00e3o prim\u00e1ria, ambulatorial, hospitalar, de urg\u00eancia, de emerg\u00eancia e comunit\u00e1ria, com base na Diretriz Curricular Nacional do Curso de Medicina e na legisla\u00e7\u00e3o da profiss\u00e3o.<\/p>\n","protected":false},"excerpt":{"rendered":"<p>O Instituto Nacional de Estudos e Pesquisas Educacionais An\u00edsio Teixeira (Inep) aplica neste domingo, 15, as \u00faltimas provas do Revalida, exame para validar os diplomas m\u00e9dicos obtidos por alunos que se formaram no exterior. O Revalida est\u00e1 na segunda fase de aplica\u00e7\u00e3o de provas, que \u00e9 destinada a m\u00e9dicos aprovados na etapa anterior, composta pela [&hellip;]<\/p>\n","protected":false},"author":2,"featured_media":307586,"comment_status":"closed","ping_status":"closed","sticky":false,"template":"","format":"standard","meta":{"_acf_changed":false,"footnotes":""},"categories":[161],"tags":[],"class_list":["post-307585","post","type-post","status-publish","format-standard","has-post-thumbnail","hentry","category-quadradinho-em-foco"],"acf":[],"yoast_head":"<!-- This site is optimized with the Yoast SEO plugin v27.2 - https:\/\/yoast.com\/product\/yoast-seo-wordpress\/ -->\n<title>Inep aplica as \u00faltimas provas do Revalida - Notibras<\/title>\n<meta name=\"robots\" content=\"index, follow, max-snippet:-1, max-image-preview:large, max-video-preview:-1\" \/>\n<link rel=\"canonical\" href=\"https:\/\/www.notibras.com\/site\/inep-aplica-as-ultimas-provas-do-revalida\/\" \/>\n<meta property=\"og:locale\" content=\"pt_BR\" \/>\n<meta property=\"og:type\" content=\"article\" \/>\n<meta property=\"og:title\" content=\"Inep aplica as \u00faltimas provas do Revalida - Notibras\" \/>\n<meta property=\"og:description\" content=\"O Instituto Nacional de Estudos e Pesquisas Educacionais An\u00edsio Teixeira (Inep) aplica neste domingo, 15, as \u00faltimas provas do Revalida, exame para validar os diplomas m\u00e9dicos obtidos por alunos que se formaram no exterior. O Revalida est\u00e1 na segunda fase de aplica\u00e7\u00e3o de provas, que \u00e9 destinada a m\u00e9dicos aprovados na etapa anterior, composta pela [&hellip;]\" \/>\n<meta property=\"og:url\" content=\"https:\/\/www.notibras.com\/site\/inep-aplica-as-ultimas-provas-do-revalida\/\" \/>\n<meta property=\"og:site_name\" content=\"Notibras\" \/>\n<meta property=\"article:publisher\" content=\"https:\/\/www.facebook.com\/notibras\/\" \/>\n<meta property=\"article:published_time\" content=\"2023-06-25T03:00:40+00:00\" \/>\n<meta property=\"article:modified_time\" content=\"2023-06-25T13:00:12+00:00\" \/>\n<meta property=\"og:image\" content=\"https:\/\/www.notibras.com\/site\/wp-content\/uploads\/2023\/06\/revalida_mcamgo_abr_100720211818-7-1.jpg\" \/>\n\t<meta property=\"og:image:width\" content=\"1170\" \/>\n\t<meta property=\"og:image:height\" content=\"700\" \/>\n\t<meta property=\"og:image:type\" content=\"image\/jpeg\" \/>\n<meta name=\"author\" content=\"Reda\u00e7\u00e3o\" \/>\n<meta name=\"twitter:card\" content=\"summary_large_image\" \/>\n<meta name=\"twitter:creator\" content=\"@Notibras\" \/>\n<meta name=\"twitter:site\" content=\"@Notibras\" \/>\n<meta name=\"twitter:label1\" content=\"Escrito por\" \/>\n\t<meta name=\"twitter:data1\" content=\"Reda\u00e7\u00e3o\" \/>\n\t<meta name=\"twitter:label2\" content=\"Est. tempo de leitura\" \/>\n\t<meta name=\"twitter:data2\" content=\"1 minuto\" \/>\n<script type=\"application\/ld+json\" class=\"yoast-schema-graph\">{\"@context\":\"https:\/\/schema.org\",\"@graph\":[{\"@type\":\"Article\",\"@id\":\"https:\/\/www.notibras.com\/site\/inep-aplica-as-ultimas-provas-do-revalida\/#article\",\"isPartOf\":{\"@id\":\"https:\/\/www.notibras.com\/site\/inep-aplica-as-ultimas-provas-do-revalida\/\"},\"author\":{\"name\":\"Reda\u00e7\u00e3o\",\"@id\":\"https:\/\/www.notibras.com\/site\/#\/schema\/person\/36ab0979449956132d3e5b517ea76ac8\"},\"headline\":\"Inep aplica as \u00faltimas provas do Revalida\",\"datePublished\":\"2023-06-25T03:00:40+00:00\",\"dateModified\":\"2023-06-25T13:00:12+00:00\",\"mainEntityOfPage\":{\"@id\":\"https:\/\/www.notibras.com\/site\/inep-aplica-as-ultimas-provas-do-revalida\/\"},\"wordCount\":193,\"publisher\":{\"@id\":\"https:\/\/www.notibras.com\/site\/#organization\"},\"image\":{\"@id\":\"https:\/\/www.notibras.com\/site\/inep-aplica-as-ultimas-provas-do-revalida\/#primaryimage\"},\"thumbnailUrl\":\"https:\/\/www.notibras.com\/site\/wp-content\/uploads\/2023\/06\/revalida_mcamgo_abr_100720211818-7-1.jpg\",\"articleSection\":[\"Quadradinho em Foco\"],\"inLanguage\":\"pt-BR\"},{\"@type\":\"WebPage\",\"@id\":\"https:\/\/www.notibras.com\/site\/inep-aplica-as-ultimas-provas-do-revalida\/\",\"url\":\"https:\/\/www.notibras.com\/site\/inep-aplica-as-ultimas-provas-do-revalida\/\",\"name\":\"Inep aplica as \u00faltimas provas do Revalida - Notibras\",\"isPartOf\":{\"@id\":\"https:\/\/www.notibras.com\/site\/#website\"},\"primaryImageOfPage\":{\"@id\":\"https:\/\/www.notibras.com\/site\/inep-aplica-as-ultimas-provas-do-revalida\/#primaryimage\"},\"image\":{\"@id\":\"https:\/\/www.notibras.com\/site\/inep-aplica-as-ultimas-provas-do-revalida\/#primaryimage\"},\"thumbnailUrl\":\"https:\/\/www.notibras.com\/site\/wp-content\/uploads\/2023\/06\/revalida_mcamgo_abr_100720211818-7-1.jpg\",\"datePublished\":\"2023-06-25T03:00:40+00:00\",\"dateModified\":\"2023-06-25T13:00:12+00:00\",\"breadcrumb\":{\"@id\":\"https:\/\/www.notibras.com\/site\/inep-aplica-as-ultimas-provas-do-revalida\/#breadcrumb\"},\"inLanguage\":\"pt-BR\",\"potentialAction\":[{\"@type\":\"ReadAction\",\"target\":[\"https:\/\/www.notibras.com\/site\/inep-aplica-as-ultimas-provas-do-revalida\/\"]}]},{\"@type\":\"ImageObject\",\"inLanguage\":\"pt-BR\",\"@id\":\"https:\/\/www.notibras.com\/site\/inep-aplica-as-ultimas-provas-do-revalida\/#primaryimage\",\"url\":\"https:\/\/www.notibras.com\/site\/wp-content\/uploads\/2023\/06\/revalida_mcamgo_abr_100720211818-7-1.jpg\",\"contentUrl\":\"https:\/\/www.notibras.com\/site\/wp-content\/uploads\/2023\/06\/revalida_mcamgo_abr_100720211818-7-1.jpg\",\"width\":1170,\"height\":700,\"caption\":\"M\u00e9dicos chegam ao local de prova para a segunda etapa do Exame Nacional de Revalida\u00e7\u00e3o de Diplomas M\u00e9dicos Expedidos por Institui\u00e7\u00e3o de Educa\u00e7\u00e3o Superior Estrangeira (Revalida) 2020, em Bras\u00edlia.\"},{\"@type\":\"BreadcrumbList\",\"@id\":\"https:\/\/www.notibras.com\/site\/inep-aplica-as-ultimas-provas-do-revalida\/#breadcrumb\",\"itemListElement\":[{\"@type\":\"ListItem\",\"position\":1,\"name\":\"In\u00edcio\",\"item\":\"https:\/\/www.notibras.com\/site\/\"},{\"@type\":\"ListItem\",\"position\":2,\"name\":\"Inep aplica as \u00faltimas provas do Revalida\"}]},{\"@type\":\"WebSite\",\"@id\":\"https:\/\/www.notibras.com\/site\/#website\",\"url\":\"https:\/\/www.notibras.com\/site\/\",\"name\":\"Notibras\",\"description\":\"Not\u00edcias de Bras\u00edlia, do Brasil e do Mundo\",\"publisher\":{\"@id\":\"https:\/\/www.notibras.com\/site\/#organization\"},\"potentialAction\":[{\"@type\":\"SearchAction\",\"target\":{\"@type\":\"EntryPoint\",\"urlTemplate\":\"https:\/\/www.notibras.com\/site\/?s={search_term_string}\"},\"query-input\":{\"@type\":\"PropertyValueSpecification\",\"valueRequired\":true,\"valueName\":\"search_term_string\"}}],\"inLanguage\":\"pt-BR\"},{\"@type\":\"Organization\",\"@id\":\"https:\/\/www.notibras.com\/site\/#organization\",\"name\":\"Grupo Notibras de Comunica\u00e7\u00e3o\",\"url\":\"https:\/\/www.notibras.com\/site\/\",\"logo\":{\"@type\":\"ImageObject\",\"inLanguage\":\"pt-BR\",\"@id\":\"https:\/\/www.notibras.com\/site\/#\/schema\/logo\/image\/\",\"url\":\"https:\/\/www.notibras.com\/site\/wp-content\/uploads\/2023\/01\/notibras23.png\",\"contentUrl\":\"https:\/\/www.notibras.com\/site\/wp-content\/uploads\/2023\/01\/notibras23.png\",\"width\":350,\"height\":87,\"caption\":\"Grupo Notibras de Comunica\u00e7\u00e3o\"},\"image\":{\"@id\":\"https:\/\/www.notibras.com\/site\/#\/schema\/logo\/image\/\"},\"sameAs\":[\"https:\/\/www.facebook.com\/notibras\/\",\"https:\/\/x.com\/Notibras\",\"https:\/\/www.instagram.com\/notibras\/\"]},{\"@type\":\"Person\",\"@id\":\"https:\/\/www.notibras.com\/site\/#\/schema\/person\/36ab0979449956132d3e5b517ea76ac8\",\"name\":\"Reda\u00e7\u00e3o\",\"image\":{\"@type\":\"ImageObject\",\"inLanguage\":\"pt-BR\",\"@id\":\"https:\/\/secure.gravatar.com\/avatar\/e0a867bdedb85fd243eadf09663511f96fc81e0720a4a42581f334ad4303aa6b?s=96&d=mm&r=g\",\"url\":\"https:\/\/secure.gravatar.com\/avatar\/e0a867bdedb85fd243eadf09663511f96fc81e0720a4a42581f334ad4303aa6b?s=96&d=mm&r=g\",\"contentUrl\":\"https:\/\/secure.gravatar.com\/avatar\/e0a867bdedb85fd243eadf09663511f96fc81e0720a4a42581f334ad4303aa6b?s=96&d=mm&r=g\",\"caption\":\"Reda\u00e7\u00e3o\"}}]}<\/script>\n<!-- \/ Yoast SEO plugin. -->","yoast_head_json":{"title":"Inep aplica as \u00faltimas provas do Revalida - Notibras","robots":{"index":"index","follow":"follow","max-snippet":"max-snippet:-1","max-image-preview":"max-image-preview:large","max-video-preview":"max-video-preview:-1"},"canonical":"https:\/\/www.notibras.com\/site\/inep-aplica-as-ultimas-provas-do-revalida\/","og_locale":"pt_BR","og_type":"article","og_title":"Inep aplica as \u00faltimas provas do Revalida - Notibras","og_description":"O Instituto Nacional de Estudos e Pesquisas Educacionais An\u00edsio Teixeira (Inep) aplica neste domingo, 15, as \u00faltimas provas do Revalida, exame para validar os diplomas m\u00e9dicos obtidos por alunos que se formaram no exterior. O Revalida est\u00e1 na segunda fase de aplica\u00e7\u00e3o de provas, que \u00e9 destinada a m\u00e9dicos aprovados na etapa anterior, composta pela [&hellip;]","og_url":"https:\/\/www.notibras.com\/site\/inep-aplica-as-ultimas-provas-do-revalida\/","og_site_name":"Notibras","article_publisher":"https:\/\/www.facebook.com\/notibras\/","article_published_time":"2023-06-25T03:00:40+00:00","article_modified_time":"2023-06-25T13:00:12+00:00","og_image":[{"width":1170,"height":700,"url":"https:\/\/www.notibras.com\/site\/wp-content\/uploads\/2023\/06\/revalida_mcamgo_abr_100720211818-7-1.jpg","type":"image\/jpeg"}],"author":"Reda\u00e7\u00e3o","twitter_card":"summary_large_image","twitter_creator":"@Notibras","twitter_site":"@Notibras","twitter_misc":{"Escrito por":"Reda\u00e7\u00e3o","Est. tempo de leitura":"1 minuto"},"schema":{"@context":"https:\/\/schema.org","@graph":[{"@type":"Article","@id":"https:\/\/www.notibras.com\/site\/inep-aplica-as-ultimas-provas-do-revalida\/#article","isPartOf":{"@id":"https:\/\/www.notibras.com\/site\/inep-aplica-as-ultimas-provas-do-revalida\/"},"author":{"name":"Reda\u00e7\u00e3o","@id":"https:\/\/www.notibras.com\/site\/#\/schema\/person\/36ab0979449956132d3e5b517ea76ac8"},"headline":"Inep aplica as \u00faltimas provas do Revalida","datePublished":"2023-06-25T03:00:40+00:00","dateModified":"2023-06-25T13:00:12+00:00","mainEntityOfPage":{"@id":"https:\/\/www.notibras.com\/site\/inep-aplica-as-ultimas-provas-do-revalida\/"},"wordCount":193,"publisher":{"@id":"https:\/\/www.notibras.com\/site\/#organization"},"image":{"@id":"https:\/\/www.notibras.com\/site\/inep-aplica-as-ultimas-provas-do-revalida\/#primaryimage"},"thumbnailUrl":"https:\/\/www.notibras.com\/site\/wp-content\/uploads\/2023\/06\/revalida_mcamgo_abr_100720211818-7-1.jpg","articleSection":["Quadradinho em Foco"],"inLanguage":"pt-BR"},{"@type":"WebPage","@id":"https:\/\/www.notibras.com\/site\/inep-aplica-as-ultimas-provas-do-revalida\/","url":"https:\/\/www.notibras.com\/site\/inep-aplica-as-ultimas-provas-do-revalida\/","name":"Inep aplica as \u00faltimas provas do Revalida - Notibras","isPartOf":{"@id":"https:\/\/www.notibras.com\/site\/#website"},"primaryImageOfPage":{"@id":"https:\/\/www.notibras.com\/site\/inep-aplica-as-ultimas-provas-do-revalida\/#primaryimage"},"image":{"@id":"https:\/\/www.notibras.com\/site\/inep-aplica-as-ultimas-provas-do-revalida\/#primaryimage"},"thumbnailUrl":"https:\/\/www.notibras.com\/site\/wp-content\/uploads\/2023\/06\/revalida_mcamgo_abr_100720211818-7-1.jpg","datePublished":"2023-06-25T03:00:40+00:00","dateModified":"2023-06-25T13:00:12+00:00","breadcrumb":{"@id":"https:\/\/www.notibras.com\/site\/inep-aplica-as-ultimas-provas-do-revalida\/#breadcrumb"},"inLanguage":"pt-BR","potentialAction":[{"@type":"ReadAction","target":["https:\/\/www.notibras.com\/site\/inep-aplica-as-ultimas-provas-do-revalida\/"]}]},{"@type":"ImageObject","inLanguage":"pt-BR","@id":"https:\/\/www.notibras.com\/site\/inep-aplica-as-ultimas-provas-do-revalida\/#primaryimage","url":"https:\/\/www.notibras.com\/site\/wp-content\/uploads\/2023\/06\/revalida_mcamgo_abr_100720211818-7-1.jpg","contentUrl":"https:\/\/www.notibras.com\/site\/wp-content\/uploads\/2023\/06\/revalida_mcamgo_abr_100720211818-7-1.jpg","width":1170,"height":700,"caption":"M\u00e9dicos chegam ao local de prova para a segunda etapa do Exame Nacional de Revalida\u00e7\u00e3o de Diplomas M\u00e9dicos Expedidos por Institui\u00e7\u00e3o de Educa\u00e7\u00e3o Superior Estrangeira (Revalida) 2020, em Bras\u00edlia."},{"@type":"BreadcrumbList","@id":"https:\/\/www.notibras.com\/site\/inep-aplica-as-ultimas-provas-do-revalida\/#breadcrumb","itemListElement":[{"@type":"ListItem","position":1,"name":"In\u00edcio","item":"https:\/\/www.notibras.com\/site\/"},{"@type":"ListItem","position":2,"name":"Inep aplica as \u00faltimas provas do Revalida"}]},{"@type":"WebSite","@id":"https:\/\/www.notibras.com\/site\/#website","url":"https:\/\/www.notibras.com\/site\/","name":"Notibras","description":"Not\u00edcias de Bras\u00edlia, do Brasil e do Mundo","publisher":{"@id":"https:\/\/www.notibras.com\/site\/#organization"},"potentialAction":[{"@type":"SearchAction","target":{"@type":"EntryPoint","urlTemplate":"https:\/\/www.notibras.com\/site\/?s={search_term_string}"},"query-input":{"@type":"PropertyValueSpecification","valueRequired":true,"valueName":"search_term_string"}}],"inLanguage":"pt-BR"},{"@type":"Organization","@id":"https:\/\/www.notibras.com\/site\/#organization","name":"Grupo Notibras de Comunica\u00e7\u00e3o","url":"https:\/\/www.notibras.com\/site\/","logo":{"@type":"ImageObject","inLanguage":"pt-BR","@id":"https:\/\/www.notibras.com\/site\/#\/schema\/logo\/image\/","url":"https:\/\/www.notibras.com\/site\/wp-content\/uploads\/2023\/01\/notibras23.png","contentUrl":"https:\/\/www.notibras.com\/site\/wp-content\/uploads\/2023\/01\/notibras23.png","width":350,"height":87,"caption":"Grupo Notibras de Comunica\u00e7\u00e3o"},"image":{"@id":"https:\/\/www.notibras.com\/site\/#\/schema\/logo\/image\/"},"sameAs":["https:\/\/www.facebook.com\/notibras\/","https:\/\/x.com\/Notibras","https:\/\/www.instagram.com\/notibras\/"]},{"@type":"Person","@id":"https:\/\/www.notibras.com\/site\/#\/schema\/person\/36ab0979449956132d3e5b517ea76ac8","name":"Reda\u00e7\u00e3o","image":{"@type":"ImageObject","inLanguage":"pt-BR","@id":"https:\/\/secure.gravatar.com\/avatar\/e0a867bdedb85fd243eadf09663511f96fc81e0720a4a42581f334ad4303aa6b?s=96&d=mm&r=g","url":"https:\/\/secure.gravatar.com\/avatar\/e0a867bdedb85fd243eadf09663511f96fc81e0720a4a42581f334ad4303aa6b?s=96&d=mm&r=g","contentUrl":"https:\/\/secure.gravatar.com\/avatar\/e0a867bdedb85fd243eadf09663511f96fc81e0720a4a42581f334ad4303aa6b?s=96&d=mm&r=g","caption":"Reda\u00e7\u00e3o"}}]}},"amp_enabled":true,"_links":{"self":[{"href":"https:\/\/www.notibras.com\/site\/wp-json\/wp\/v2\/posts\/307585","targetHints":{"allow":["GET"]}}],"collection":[{"href":"https:\/\/www.notibras.com\/site\/wp-json\/wp\/v2\/posts"}],"about":[{"href":"https:\/\/www.notibras.com\/site\/wp-json\/wp\/v2\/types\/post"}],"author":[{"embeddable":true,"href":"https:\/\/www.notibras.com\/site\/wp-json\/wp\/v2\/users\/2"}],"replies":[{"embeddable":true,"href":"https:\/\/www.notibras.com\/site\/wp-json\/wp\/v2\/comments?post=307585"}],"version-history":[{"count":1,"href":"https:\/\/www.notibras.com\/site\/wp-json\/wp\/v2\/posts\/307585\/revisions"}],"predecessor-version":[{"id":307587,"href":"https:\/\/www.notibras.com\/site\/wp-json\/wp\/v2\/posts\/307585\/revisions\/307587"}],"wp:featuredmedia":[{"embeddable":true,"href":"https:\/\/www.notibras.com\/site\/wp-json\/wp\/v2\/media\/307586"}],"wp:attachment":[{"href":"https:\/\/www.notibras.com\/site\/wp-json\/wp\/v2\/media?parent=307585"}],"wp:term":[{"taxonomy":"category","embeddable":true,"href":"https:\/\/www.notibras.com\/site\/wp-json\/wp\/v2\/categories?post=307585"},{"taxonomy":"post_tag","embeddable":true,"href":"https:\/\/www.notibras.com\/site\/wp-json\/wp\/v2\/tags?post=307585"}],"curies":[{"name":"wp","href":"https:\/\/api.w.org\/{rel}","templated":true}]}}