{"id":307588,"date":"2023-06-25T00:02:53","date_gmt":"2023-06-25T03:02:53","guid":{"rendered":"https:\/\/www.notibras.com\/site\/?p=307588"},"modified":"2023-06-25T10:06:14","modified_gmt":"2023-06-25T13:06:14","slug":"idoso-precisa-ter-cuidado-para-nao-cair-a-toa","status":"publish","type":"post","link":"https:\/\/www.notibras.com\/site\/idoso-precisa-ter-cuidado-para-nao-cair-a-toa\/","title":{"rendered":"Idoso precisa ter cuidado para n\u00e3o cair a toa"},"content":{"rendered":"<p>O Instituto Nacional de Traumatologia e Ortopedia (Into), fez um alerta pela passagem no s\u00e1bado, 24, Dia Mundial de Preven\u00e7\u00e3o de Quedas, para a import\u00e2ncia da ado\u00e7\u00e3o de atitudes preventivas que contribuem para evitar traumas e fraturas provocados por esse tipo de acidente. Segundo o ortopedista do Instituto, Tito Rocha, a aten\u00e7\u00e3o deve ser redobrada com os idosos, que est\u00e3o ainda mais sujeitos a quedas, dentro de casa e na rua.<\/p>\n<p>De acordo com o especialista, dois fatores s\u00e3o respons\u00e1veis para o aumento dessas ocorr\u00eancias com o avan\u00e7o da idade. Entre os idosos com mais de 80 anos, a sarcopenia e a osteoporose s\u00e3o os principais deles. \u201cA fragilidade muscular provocada pela sarcopenia faz com que esses idosos caiam mais e, por conta da fragilidade \u00f3ssea causada pela osteoporose, ao cair, h\u00e1 a fratura do osso\u201d, explica Rocha.<\/p>\n<p>Al\u00e9m das condi\u00e7\u00f5es associadas \u00e0 perda de massa muscular, que comprometem a for\u00e7a e o equil\u00edbrio, as chances de quedas nesta faixa et\u00e1ria tamb\u00e9m est\u00e3o relacionadas a outros fatores de risco, como os dist\u00farbios de vis\u00e3o e a presen\u00e7a de doen\u00e7as degenerativas.<\/p>\n<p>O especialista enumera ainda que \u00e9 dentro de casa que boa parte desses acidentes acontecem. Pisos escorregadios, tapetes, objetos deixados no ch\u00e3o e a baixa ilumina\u00e7\u00e3o podem resultar em quedas. Ele ressalta tamb\u00e9m que \u00e9 preciso estar atento aos obst\u00e1culos que os idosos podem enfrentar na rua: cal\u00e7adas com desn\u00edveis, buracos e at\u00e9 mesmo as dificuldades no acesso aos degraus dos transportes p\u00fablicos.<\/p>\n<p>Cinco regi\u00f5es do corpo humano s\u00e3o as mais afetadas pela queda: o f\u00eamur, a bacia, a coluna lombar, o punho e o ombro. Tito Rocha explica que a maioria das fraturas de f\u00eamur necessita de tratamento cir\u00fargico, j\u00e1 que este \u00e9 um osso sustentador de carga. \u201cA cirurgia \u00e9 fundamental para que o paciente consiga se reabilitar o mais r\u00e1pido poss\u00edvel e retorne a sua condi\u00e7\u00e3o pr\u00e9via\u201d.<\/p>\n<p><strong>Preven\u00e7\u00e3o<\/strong><br \/>\nMedidas simples podem ajudar a evitar as quedas dentro e fora de casa, como a retirada dos tapetes, a instala\u00e7\u00e3o de barras de seguran\u00e7a nos banheiros e o uso de cal\u00e7ados antiderrapantes. Rocha alerta ainda para a import\u00e2ncia da pr\u00e1tica regular de atividade f\u00edsica. \u201cO exerc\u00edcio melhora o equil\u00edbrio e a for\u00e7a, al\u00e9m de ser um tipo de preven\u00e7\u00e3o barata, sem contraindica\u00e7\u00e3o e eficiente\u201d, avalia o especialista.<\/p>\n","protected":false},"excerpt":{"rendered":"<p>O Instituto Nacional de Traumatologia e Ortopedia (Into), fez um alerta pela passagem no s\u00e1bado, 24, Dia Mundial de Preven\u00e7\u00e3o de Quedas, para a import\u00e2ncia da ado\u00e7\u00e3o de atitudes preventivas que contribuem para evitar traumas e fraturas provocados por esse tipo de acidente. Segundo o ortopedista do Instituto, Tito Rocha, a aten\u00e7\u00e3o deve ser redobrada [&hellip;]<\/p>\n","protected":false},"author":2,"featured_media":307589,"comment_status":"closed","ping_status":"closed","sticky":false,"template":"","format":"standard","meta":{"_acf_changed":false,"footnotes":""},"categories":[161],"tags":[],"class_list":["post-307588","post","type-post","status-publish","format-standard","has-post-thumbnail","hentry","category-quadradinho-em-foco"],"acf":[],"yoast_head":"<!-- This site is optimized with the Yoast SEO plugin v27.2 - https:\/\/yoast.com\/product\/yoast-seo-wordpress\/ -->\n<title>Idoso precisa ter cuidado para n\u00e3o cair a toa - Notibras<\/title>\n<meta name=\"robots\" content=\"index, follow, max-snippet:-1, max-image-preview:large, max-video-preview:-1\" \/>\n<link rel=\"canonical\" href=\"https:\/\/www.notibras.com\/site\/idoso-precisa-ter-cuidado-para-nao-cair-a-toa\/\" \/>\n<meta property=\"og:locale\" content=\"pt_BR\" \/>\n<meta property=\"og:type\" content=\"article\" \/>\n<meta property=\"og:title\" content=\"Idoso precisa ter cuidado para n\u00e3o cair a toa - Notibras\" \/>\n<meta property=\"og:description\" content=\"O Instituto Nacional de Traumatologia e Ortopedia (Into), fez um alerta pela passagem no s\u00e1bado, 24, Dia Mundial de Preven\u00e7\u00e3o de Quedas, para a import\u00e2ncia da ado\u00e7\u00e3o de atitudes preventivas que contribuem para evitar traumas e fraturas provocados por esse tipo de acidente. Segundo o ortopedista do Instituto, Tito Rocha, a aten\u00e7\u00e3o deve ser redobrada [&hellip;]\" \/>\n<meta property=\"og:url\" content=\"https:\/\/www.notibras.com\/site\/idoso-precisa-ter-cuidado-para-nao-cair-a-toa\/\" \/>\n<meta property=\"og:site_name\" content=\"Notibras\" \/>\n<meta property=\"article:publisher\" content=\"https:\/\/www.facebook.com\/notibras\/\" \/>\n<meta property=\"article:published_time\" content=\"2023-06-25T03:02:53+00:00\" \/>\n<meta property=\"article:modified_time\" content=\"2023-06-25T13:06:14+00:00\" \/>\n<meta property=\"og:image\" content=\"https:\/\/www.notibras.com\/site\/wp-content\/uploads\/2023\/06\/mcamg_abr_280918_6330_1-1.jpg\" \/>\n\t<meta property=\"og:image:width\" content=\"1170\" \/>\n\t<meta property=\"og:image:height\" content=\"700\" \/>\n\t<meta property=\"og:image:type\" content=\"image\/jpeg\" \/>\n<meta name=\"author\" content=\"Reda\u00e7\u00e3o\" \/>\n<meta name=\"twitter:card\" content=\"summary_large_image\" \/>\n<meta name=\"twitter:creator\" content=\"@Notibras\" \/>\n<meta name=\"twitter:site\" content=\"@Notibras\" \/>\n<meta name=\"twitter:label1\" content=\"Escrito por\" \/>\n\t<meta name=\"twitter:data1\" content=\"Reda\u00e7\u00e3o\" \/>\n\t<meta name=\"twitter:label2\" content=\"Est. tempo de leitura\" \/>\n\t<meta name=\"twitter:data2\" content=\"3 minutos\" \/>\n<script type=\"application\/ld+json\" class=\"yoast-schema-graph\">{\"@context\":\"https:\/\/schema.org\",\"@graph\":[{\"@type\":\"Article\",\"@id\":\"https:\/\/www.notibras.com\/site\/idoso-precisa-ter-cuidado-para-nao-cair-a-toa\/#article\",\"isPartOf\":{\"@id\":\"https:\/\/www.notibras.com\/site\/idoso-precisa-ter-cuidado-para-nao-cair-a-toa\/\"},\"author\":{\"name\":\"Reda\u00e7\u00e3o\",\"@id\":\"https:\/\/www.notibras.com\/site\/#\/schema\/person\/36ab0979449956132d3e5b517ea76ac8\"},\"headline\":\"Idoso precisa ter cuidado para n\u00e3o cair a toa\",\"datePublished\":\"2023-06-25T03:02:53+00:00\",\"dateModified\":\"2023-06-25T13:06:14+00:00\",\"mainEntityOfPage\":{\"@id\":\"https:\/\/www.notibras.com\/site\/idoso-precisa-ter-cuidado-para-nao-cair-a-toa\/\"},\"wordCount\":432,\"publisher\":{\"@id\":\"https:\/\/www.notibras.com\/site\/#organization\"},\"image\":{\"@id\":\"https:\/\/www.notibras.com\/site\/idoso-precisa-ter-cuidado-para-nao-cair-a-toa\/#primaryimage\"},\"thumbnailUrl\":\"https:\/\/www.notibras.com\/site\/wp-content\/uploads\/2023\/06\/mcamg_abr_280918_6330_1-1.jpg\",\"articleSection\":[\"Quadradinho em Foco\"],\"inLanguage\":\"pt-BR\"},{\"@type\":\"WebPage\",\"@id\":\"https:\/\/www.notibras.com\/site\/idoso-precisa-ter-cuidado-para-nao-cair-a-toa\/\",\"url\":\"https:\/\/www.notibras.com\/site\/idoso-precisa-ter-cuidado-para-nao-cair-a-toa\/\",\"name\":\"Idoso precisa ter cuidado para n\u00e3o cair a toa - Notibras\",\"isPartOf\":{\"@id\":\"https:\/\/www.notibras.com\/site\/#website\"},\"primaryImageOfPage\":{\"@id\":\"https:\/\/www.notibras.com\/site\/idoso-precisa-ter-cuidado-para-nao-cair-a-toa\/#primaryimage\"},\"image\":{\"@id\":\"https:\/\/www.notibras.com\/site\/idoso-precisa-ter-cuidado-para-nao-cair-a-toa\/#primaryimage\"},\"thumbnailUrl\":\"https:\/\/www.notibras.com\/site\/wp-content\/uploads\/2023\/06\/mcamg_abr_280918_6330_1-1.jpg\",\"datePublished\":\"2023-06-25T03:02:53+00:00\",\"dateModified\":\"2023-06-25T13:06:14+00:00\",\"breadcrumb\":{\"@id\":\"https:\/\/www.notibras.com\/site\/idoso-precisa-ter-cuidado-para-nao-cair-a-toa\/#breadcrumb\"},\"inLanguage\":\"pt-BR\",\"potentialAction\":[{\"@type\":\"ReadAction\",\"target\":[\"https:\/\/www.notibras.com\/site\/idoso-precisa-ter-cuidado-para-nao-cair-a-toa\/\"]}]},{\"@type\":\"ImageObject\",\"inLanguage\":\"pt-BR\",\"@id\":\"https:\/\/www.notibras.com\/site\/idoso-precisa-ter-cuidado-para-nao-cair-a-toa\/#primaryimage\",\"url\":\"https:\/\/www.notibras.com\/site\/wp-content\/uploads\/2023\/06\/mcamg_abr_280918_6330_1-1.jpg\",\"contentUrl\":\"https:\/\/www.notibras.com\/site\/wp-content\/uploads\/2023\/06\/mcamg_abr_280918_6330_1-1.jpg\",\"width\":1170,\"height\":700,\"caption\":\"Idosos na regi\u00e3o central de Bras\u00edlia.\"},{\"@type\":\"BreadcrumbList\",\"@id\":\"https:\/\/www.notibras.com\/site\/idoso-precisa-ter-cuidado-para-nao-cair-a-toa\/#breadcrumb\",\"itemListElement\":[{\"@type\":\"ListItem\",\"position\":1,\"name\":\"In\u00edcio\",\"item\":\"https:\/\/www.notibras.com\/site\/\"},{\"@type\":\"ListItem\",\"position\":2,\"name\":\"Idoso precisa ter cuidado para n\u00e3o cair a toa\"}]},{\"@type\":\"WebSite\",\"@id\":\"https:\/\/www.notibras.com\/site\/#website\",\"url\":\"https:\/\/www.notibras.com\/site\/\",\"name\":\"Notibras\",\"description\":\"Not\u00edcias de Bras\u00edlia, do Brasil e do Mundo\",\"publisher\":{\"@id\":\"https:\/\/www.notibras.com\/site\/#organization\"},\"potentialAction\":[{\"@type\":\"SearchAction\",\"target\":{\"@type\":\"EntryPoint\",\"urlTemplate\":\"https:\/\/www.notibras.com\/site\/?s={search_term_string}\"},\"query-input\":{\"@type\":\"PropertyValueSpecification\",\"valueRequired\":true,\"valueName\":\"search_term_string\"}}],\"inLanguage\":\"pt-BR\"},{\"@type\":\"Organization\",\"@id\":\"https:\/\/www.notibras.com\/site\/#organization\",\"name\":\"Grupo Notibras de Comunica\u00e7\u00e3o\",\"url\":\"https:\/\/www.notibras.com\/site\/\",\"logo\":{\"@type\":\"ImageObject\",\"inLanguage\":\"pt-BR\",\"@id\":\"https:\/\/www.notibras.com\/site\/#\/schema\/logo\/image\/\",\"url\":\"https:\/\/www.notibras.com\/site\/wp-content\/uploads\/2023\/01\/notibras23.png\",\"contentUrl\":\"https:\/\/www.notibras.com\/site\/wp-content\/uploads\/2023\/01\/notibras23.png\",\"width\":350,\"height\":87,\"caption\":\"Grupo Notibras de Comunica\u00e7\u00e3o\"},\"image\":{\"@id\":\"https:\/\/www.notibras.com\/site\/#\/schema\/logo\/image\/\"},\"sameAs\":[\"https:\/\/www.facebook.com\/notibras\/\",\"https:\/\/x.com\/Notibras\",\"https:\/\/www.instagram.com\/notibras\/\"]},{\"@type\":\"Person\",\"@id\":\"https:\/\/www.notibras.com\/site\/#\/schema\/person\/36ab0979449956132d3e5b517ea76ac8\",\"name\":\"Reda\u00e7\u00e3o\",\"image\":{\"@type\":\"ImageObject\",\"inLanguage\":\"pt-BR\",\"@id\":\"https:\/\/secure.gravatar.com\/avatar\/e0a867bdedb85fd243eadf09663511f96fc81e0720a4a42581f334ad4303aa6b?s=96&d=mm&r=g\",\"url\":\"https:\/\/secure.gravatar.com\/avatar\/e0a867bdedb85fd243eadf09663511f96fc81e0720a4a42581f334ad4303aa6b?s=96&d=mm&r=g\",\"contentUrl\":\"https:\/\/secure.gravatar.com\/avatar\/e0a867bdedb85fd243eadf09663511f96fc81e0720a4a42581f334ad4303aa6b?s=96&d=mm&r=g\",\"caption\":\"Reda\u00e7\u00e3o\"}}]}<\/script>\n<!-- \/ Yoast SEO plugin. -->","yoast_head_json":{"title":"Idoso precisa ter cuidado para n\u00e3o cair a toa - Notibras","robots":{"index":"index","follow":"follow","max-snippet":"max-snippet:-1","max-image-preview":"max-image-preview:large","max-video-preview":"max-video-preview:-1"},"canonical":"https:\/\/www.notibras.com\/site\/idoso-precisa-ter-cuidado-para-nao-cair-a-toa\/","og_locale":"pt_BR","og_type":"article","og_title":"Idoso precisa ter cuidado para n\u00e3o cair a toa - Notibras","og_description":"O Instituto Nacional de Traumatologia e Ortopedia (Into), fez um alerta pela passagem no s\u00e1bado, 24, Dia Mundial de Preven\u00e7\u00e3o de Quedas, para a import\u00e2ncia da ado\u00e7\u00e3o de atitudes preventivas que contribuem para evitar traumas e fraturas provocados por esse tipo de acidente. Segundo o ortopedista do Instituto, Tito Rocha, a aten\u00e7\u00e3o deve ser redobrada [&hellip;]","og_url":"https:\/\/www.notibras.com\/site\/idoso-precisa-ter-cuidado-para-nao-cair-a-toa\/","og_site_name":"Notibras","article_publisher":"https:\/\/www.facebook.com\/notibras\/","article_published_time":"2023-06-25T03:02:53+00:00","article_modified_time":"2023-06-25T13:06:14+00:00","og_image":[{"width":1170,"height":700,"url":"https:\/\/www.notibras.com\/site\/wp-content\/uploads\/2023\/06\/mcamg_abr_280918_6330_1-1.jpg","type":"image\/jpeg"}],"author":"Reda\u00e7\u00e3o","twitter_card":"summary_large_image","twitter_creator":"@Notibras","twitter_site":"@Notibras","twitter_misc":{"Escrito por":"Reda\u00e7\u00e3o","Est. tempo de leitura":"3 minutos"},"schema":{"@context":"https:\/\/schema.org","@graph":[{"@type":"Article","@id":"https:\/\/www.notibras.com\/site\/idoso-precisa-ter-cuidado-para-nao-cair-a-toa\/#article","isPartOf":{"@id":"https:\/\/www.notibras.com\/site\/idoso-precisa-ter-cuidado-para-nao-cair-a-toa\/"},"author":{"name":"Reda\u00e7\u00e3o","@id":"https:\/\/www.notibras.com\/site\/#\/schema\/person\/36ab0979449956132d3e5b517ea76ac8"},"headline":"Idoso precisa ter cuidado para n\u00e3o cair a toa","datePublished":"2023-06-25T03:02:53+00:00","dateModified":"2023-06-25T13:06:14+00:00","mainEntityOfPage":{"@id":"https:\/\/www.notibras.com\/site\/idoso-precisa-ter-cuidado-para-nao-cair-a-toa\/"},"wordCount":432,"publisher":{"@id":"https:\/\/www.notibras.com\/site\/#organization"},"image":{"@id":"https:\/\/www.notibras.com\/site\/idoso-precisa-ter-cuidado-para-nao-cair-a-toa\/#primaryimage"},"thumbnailUrl":"https:\/\/www.notibras.com\/site\/wp-content\/uploads\/2023\/06\/mcamg_abr_280918_6330_1-1.jpg","articleSection":["Quadradinho em Foco"],"inLanguage":"pt-BR"},{"@type":"WebPage","@id":"https:\/\/www.notibras.com\/site\/idoso-precisa-ter-cuidado-para-nao-cair-a-toa\/","url":"https:\/\/www.notibras.com\/site\/idoso-precisa-ter-cuidado-para-nao-cair-a-toa\/","name":"Idoso precisa ter cuidado para n\u00e3o cair a toa - Notibras","isPartOf":{"@id":"https:\/\/www.notibras.com\/site\/#website"},"primaryImageOfPage":{"@id":"https:\/\/www.notibras.com\/site\/idoso-precisa-ter-cuidado-para-nao-cair-a-toa\/#primaryimage"},"image":{"@id":"https:\/\/www.notibras.com\/site\/idoso-precisa-ter-cuidado-para-nao-cair-a-toa\/#primaryimage"},"thumbnailUrl":"https:\/\/www.notibras.com\/site\/wp-content\/uploads\/2023\/06\/mcamg_abr_280918_6330_1-1.jpg","datePublished":"2023-06-25T03:02:53+00:00","dateModified":"2023-06-25T13:06:14+00:00","breadcrumb":{"@id":"https:\/\/www.notibras.com\/site\/idoso-precisa-ter-cuidado-para-nao-cair-a-toa\/#breadcrumb"},"inLanguage":"pt-BR","potentialAction":[{"@type":"ReadAction","target":["https:\/\/www.notibras.com\/site\/idoso-precisa-ter-cuidado-para-nao-cair-a-toa\/"]}]},{"@type":"ImageObject","inLanguage":"pt-BR","@id":"https:\/\/www.notibras.com\/site\/idoso-precisa-ter-cuidado-para-nao-cair-a-toa\/#primaryimage","url":"https:\/\/www.notibras.com\/site\/wp-content\/uploads\/2023\/06\/mcamg_abr_280918_6330_1-1.jpg","contentUrl":"https:\/\/www.notibras.com\/site\/wp-content\/uploads\/2023\/06\/mcamg_abr_280918_6330_1-1.jpg","width":1170,"height":700,"caption":"Idosos na regi\u00e3o central de Bras\u00edlia."},{"@type":"BreadcrumbList","@id":"https:\/\/www.notibras.com\/site\/idoso-precisa-ter-cuidado-para-nao-cair-a-toa\/#breadcrumb","itemListElement":[{"@type":"ListItem","position":1,"name":"In\u00edcio","item":"https:\/\/www.notibras.com\/site\/"},{"@type":"ListItem","position":2,"name":"Idoso precisa ter cuidado para n\u00e3o cair a toa"}]},{"@type":"WebSite","@id":"https:\/\/www.notibras.com\/site\/#website","url":"https:\/\/www.notibras.com\/site\/","name":"Notibras","description":"Not\u00edcias de Bras\u00edlia, do Brasil e do Mundo","publisher":{"@id":"https:\/\/www.notibras.com\/site\/#organization"},"potentialAction":[{"@type":"SearchAction","target":{"@type":"EntryPoint","urlTemplate":"https:\/\/www.notibras.com\/site\/?s={search_term_string}"},"query-input":{"@type":"PropertyValueSpecification","valueRequired":true,"valueName":"search_term_string"}}],"inLanguage":"pt-BR"},{"@type":"Organization","@id":"https:\/\/www.notibras.com\/site\/#organization","name":"Grupo Notibras de Comunica\u00e7\u00e3o","url":"https:\/\/www.notibras.com\/site\/","logo":{"@type":"ImageObject","inLanguage":"pt-BR","@id":"https:\/\/www.notibras.com\/site\/#\/schema\/logo\/image\/","url":"https:\/\/www.notibras.com\/site\/wp-content\/uploads\/2023\/01\/notibras23.png","contentUrl":"https:\/\/www.notibras.com\/site\/wp-content\/uploads\/2023\/01\/notibras23.png","width":350,"height":87,"caption":"Grupo Notibras de Comunica\u00e7\u00e3o"},"image":{"@id":"https:\/\/www.notibras.com\/site\/#\/schema\/logo\/image\/"},"sameAs":["https:\/\/www.facebook.com\/notibras\/","https:\/\/x.com\/Notibras","https:\/\/www.instagram.com\/notibras\/"]},{"@type":"Person","@id":"https:\/\/www.notibras.com\/site\/#\/schema\/person\/36ab0979449956132d3e5b517ea76ac8","name":"Reda\u00e7\u00e3o","image":{"@type":"ImageObject","inLanguage":"pt-BR","@id":"https:\/\/secure.gravatar.com\/avatar\/e0a867bdedb85fd243eadf09663511f96fc81e0720a4a42581f334ad4303aa6b?s=96&d=mm&r=g","url":"https:\/\/secure.gravatar.com\/avatar\/e0a867bdedb85fd243eadf09663511f96fc81e0720a4a42581f334ad4303aa6b?s=96&d=mm&r=g","contentUrl":"https:\/\/secure.gravatar.com\/avatar\/e0a867bdedb85fd243eadf09663511f96fc81e0720a4a42581f334ad4303aa6b?s=96&d=mm&r=g","caption":"Reda\u00e7\u00e3o"}}]}},"amp_enabled":true,"_links":{"self":[{"href":"https:\/\/www.notibras.com\/site\/wp-json\/wp\/v2\/posts\/307588","targetHints":{"allow":["GET"]}}],"collection":[{"href":"https:\/\/www.notibras.com\/site\/wp-json\/wp\/v2\/posts"}],"about":[{"href":"https:\/\/www.notibras.com\/site\/wp-json\/wp\/v2\/types\/post"}],"author":[{"embeddable":true,"href":"https:\/\/www.notibras.com\/site\/wp-json\/wp\/v2\/users\/2"}],"replies":[{"embeddable":true,"href":"https:\/\/www.notibras.com\/site\/wp-json\/wp\/v2\/comments?post=307588"}],"version-history":[{"count":1,"href":"https:\/\/www.notibras.com\/site\/wp-json\/wp\/v2\/posts\/307588\/revisions"}],"predecessor-version":[{"id":307590,"href":"https:\/\/www.notibras.com\/site\/wp-json\/wp\/v2\/posts\/307588\/revisions\/307590"}],"wp:featuredmedia":[{"embeddable":true,"href":"https:\/\/www.notibras.com\/site\/wp-json\/wp\/v2\/media\/307589"}],"wp:attachment":[{"href":"https:\/\/www.notibras.com\/site\/wp-json\/wp\/v2\/media?parent=307588"}],"wp:term":[{"taxonomy":"category","embeddable":true,"href":"https:\/\/www.notibras.com\/site\/wp-json\/wp\/v2\/categories?post=307588"},{"taxonomy":"post_tag","embeddable":true,"href":"https:\/\/www.notibras.com\/site\/wp-json\/wp\/v2\/tags?post=307588"}],"curies":[{"name":"wp","href":"https:\/\/api.w.org\/{rel}","templated":true}]}}