{"id":307594,"date":"2023-06-25T00:00:09","date_gmt":"2023-06-25T03:00:09","guid":{"rendered":"https:\/\/www.notibras.com\/site\/?p=307594"},"modified":"2023-06-25T10:22:20","modified_gmt":"2023-06-25T13:22:20","slug":"mutirao-de-renegociacao-de-dividas-sera-na-segunda-quinzena","status":"publish","type":"post","link":"https:\/\/www.notibras.com\/site\/mutirao-de-renegociacao-de-dividas-sera-na-segunda-quinzena\/","title":{"rendered":"Mutir\u00e3o de renegocia\u00e7\u00e3o de d\u00edvidas ser\u00e1 na segunda quinzena"},"content":{"rendered":"<p>A Secretaria Nacional do Consumidor (Senacon), do Minist\u00e9rio da Justi\u00e7a e Seguran\u00e7a P\u00fablica, realizar\u00e1, na segunda quinzena de julho, o mutir\u00e3o nacional de renegocia\u00e7\u00e3o de d\u00edvidas para o pagamento de d\u00e9bitos de consumo. O an\u00fancio foi feito pelo ministro da Justi\u00e7a e Seguran\u00e7a P\u00fablica, Fl\u00e1vio Dino.<\/p>\n<p>Este ser\u00e1 o primeiro dos mutir\u00f5es que dever\u00e3o ser peri\u00f3dicos, conforme previsto no decreto 11.567, assinado pelo presidente Luiz In\u00e1cio Lula da Silva, na segunda-feira (19). O decreto elevou o valor do m\u00ednimo da renda mensal existencial de R$ 303 para R$ 600 para superendividados, que s\u00e3o pessoas que n\u00e3o conseguem pagar suas d\u00edvidas e manter o m\u00ednimo para sobreviver.<\/p>\n<p>O objetivo da medida \u00e9 proteger esses consumidores superendividados para que n\u00e3o ocorra o comprometimento do m\u00ednimo necess\u00e1rio para o pagamento de despesas b\u00e1sicas, como \u00e1gua e luz.<\/p>\n<p><strong>Efeito positivo<\/strong><br \/>\nFl\u00e1vio Dino acredita que o decreto ter\u00e1 efeito positivo. \u201cCom base no novo decreto editado pelo presidente Lula, achamos que o interesse dos superendividados em procurar os Procons e justi\u00e7a vai ampliado\u201d, afirmou. O Procon \u00e9 um \u00f3rg\u00e3o p\u00fablico de defesa do consumidor, que integra um dos eixos do Sistema Nacional de Defesa Consumidor.<\/p>\n<p>O ministro destacou, ainda, que as empresas credoras devem participar de mutir\u00f5es de renegocia\u00e7\u00e3o de d\u00edvidas organizados pela Senacon.<\/p>\n<p>\u201cA participa\u00e7\u00e3o dos credores \u00e9 obrigat\u00f3ria. N\u00e3o \u00e9 uma possibilidade, \u00e9 uma obriga\u00e7\u00e3o. Os credores, uma vez convocados pela justi\u00e7a ou pelo Procon, s\u00e3o obrigados a participar, sob pena de haver um arbitramento desse novo plano de pagamento, sempre preservando o m\u00ednimo existencial, que antes era de R$ 303 e, agora, \u00e9 de R$ 600, melhorando, assim, a prote\u00e7\u00e3o aos direitos b\u00e1sicos dos cidad\u00e3os\u201d, explicou.<\/p>\n","protected":false},"excerpt":{"rendered":"<p>A Secretaria Nacional do Consumidor (Senacon), do Minist\u00e9rio da Justi\u00e7a e Seguran\u00e7a P\u00fablica, realizar\u00e1, na segunda quinzena de julho, o mutir\u00e3o nacional de renegocia\u00e7\u00e3o de d\u00edvidas para o pagamento de d\u00e9bitos de consumo. O an\u00fancio foi feito pelo ministro da Justi\u00e7a e Seguran\u00e7a P\u00fablica, Fl\u00e1vio Dino. Este ser\u00e1 o primeiro dos mutir\u00f5es que dever\u00e3o ser [&hellip;]<\/p>\n","protected":false},"author":2,"featured_media":307595,"comment_status":"closed","ping_status":"closed","sticky":false,"template":"","format":"standard","meta":{"_acf_changed":false,"footnotes":""},"categories":[161],"tags":[],"class_list":["post-307594","post","type-post","status-publish","format-standard","has-post-thumbnail","hentry","category-quadradinho-em-foco"],"acf":[],"yoast_head":"<!-- This site is optimized with the Yoast SEO plugin v27.2 - https:\/\/yoast.com\/product\/yoast-seo-wordpress\/ -->\n<title>Mutir\u00e3o de renegocia\u00e7\u00e3o de d\u00edvidas ser\u00e1 na segunda quinzena - Notibras<\/title>\n<meta name=\"robots\" content=\"index, follow, max-snippet:-1, max-image-preview:large, max-video-preview:-1\" \/>\n<link rel=\"canonical\" href=\"https:\/\/www.notibras.com\/site\/mutirao-de-renegociacao-de-dividas-sera-na-segunda-quinzena\/\" \/>\n<meta property=\"og:locale\" content=\"pt_BR\" \/>\n<meta property=\"og:type\" content=\"article\" \/>\n<meta property=\"og:title\" content=\"Mutir\u00e3o de renegocia\u00e7\u00e3o de d\u00edvidas ser\u00e1 na segunda quinzena - Notibras\" \/>\n<meta property=\"og:description\" content=\"A Secretaria Nacional do Consumidor (Senacon), do Minist\u00e9rio da Justi\u00e7a e Seguran\u00e7a P\u00fablica, realizar\u00e1, na segunda quinzena de julho, o mutir\u00e3o nacional de renegocia\u00e7\u00e3o de d\u00edvidas para o pagamento de d\u00e9bitos de consumo. O an\u00fancio foi feito pelo ministro da Justi\u00e7a e Seguran\u00e7a P\u00fablica, Fl\u00e1vio Dino. Este ser\u00e1 o primeiro dos mutir\u00f5es que dever\u00e3o ser [&hellip;]\" \/>\n<meta property=\"og:url\" content=\"https:\/\/www.notibras.com\/site\/mutirao-de-renegociacao-de-dividas-sera-na-segunda-quinzena\/\" \/>\n<meta property=\"og:site_name\" content=\"Notibras\" \/>\n<meta property=\"article:publisher\" content=\"https:\/\/www.facebook.com\/notibras\/\" \/>\n<meta property=\"article:published_time\" content=\"2023-06-25T03:00:09+00:00\" \/>\n<meta property=\"article:modified_time\" content=\"2023-06-25T13:22:20+00:00\" \/>\n<meta property=\"og:image\" content=\"https:\/\/www.notibras.com\/site\/wp-content\/uploads\/2023\/06\/real_moeda_dinheiro_mcajr_2904223667-5.jpg\" \/>\n\t<meta property=\"og:image:width\" content=\"1170\" \/>\n\t<meta property=\"og:image:height\" content=\"700\" \/>\n\t<meta property=\"og:image:type\" content=\"image\/jpeg\" \/>\n<meta name=\"author\" content=\"Reda\u00e7\u00e3o\" \/>\n<meta name=\"twitter:card\" content=\"summary_large_image\" \/>\n<meta name=\"twitter:creator\" content=\"@Notibras\" \/>\n<meta name=\"twitter:site\" content=\"@Notibras\" \/>\n<meta name=\"twitter:label1\" content=\"Escrito por\" \/>\n\t<meta name=\"twitter:data1\" content=\"Reda\u00e7\u00e3o\" \/>\n\t<meta name=\"twitter:label2\" content=\"Est. tempo de leitura\" \/>\n\t<meta name=\"twitter:data2\" content=\"2 minutos\" \/>\n<script type=\"application\/ld+json\" class=\"yoast-schema-graph\">{\"@context\":\"https:\/\/schema.org\",\"@graph\":[{\"@type\":\"Article\",\"@id\":\"https:\/\/www.notibras.com\/site\/mutirao-de-renegociacao-de-dividas-sera-na-segunda-quinzena\/#article\",\"isPartOf\":{\"@id\":\"https:\/\/www.notibras.com\/site\/mutirao-de-renegociacao-de-dividas-sera-na-segunda-quinzena\/\"},\"author\":{\"name\":\"Reda\u00e7\u00e3o\",\"@id\":\"https:\/\/www.notibras.com\/site\/#\/schema\/person\/36ab0979449956132d3e5b517ea76ac8\"},\"headline\":\"Mutir\u00e3o de renegocia\u00e7\u00e3o de d\u00edvidas ser\u00e1 na segunda quinzena\",\"datePublished\":\"2023-06-25T03:00:09+00:00\",\"dateModified\":\"2023-06-25T13:22:20+00:00\",\"mainEntityOfPage\":{\"@id\":\"https:\/\/www.notibras.com\/site\/mutirao-de-renegociacao-de-dividas-sera-na-segunda-quinzena\/\"},\"wordCount\":317,\"publisher\":{\"@id\":\"https:\/\/www.notibras.com\/site\/#organization\"},\"image\":{\"@id\":\"https:\/\/www.notibras.com\/site\/mutirao-de-renegociacao-de-dividas-sera-na-segunda-quinzena\/#primaryimage\"},\"thumbnailUrl\":\"https:\/\/www.notibras.com\/site\/wp-content\/uploads\/2023\/06\/real_moeda_dinheiro_mcajr_2904223667-5.jpg\",\"articleSection\":[\"Quadradinho em Foco\"],\"inLanguage\":\"pt-BR\"},{\"@type\":\"WebPage\",\"@id\":\"https:\/\/www.notibras.com\/site\/mutirao-de-renegociacao-de-dividas-sera-na-segunda-quinzena\/\",\"url\":\"https:\/\/www.notibras.com\/site\/mutirao-de-renegociacao-de-dividas-sera-na-segunda-quinzena\/\",\"name\":\"Mutir\u00e3o de renegocia\u00e7\u00e3o de d\u00edvidas ser\u00e1 na segunda quinzena - Notibras\",\"isPartOf\":{\"@id\":\"https:\/\/www.notibras.com\/site\/#website\"},\"primaryImageOfPage\":{\"@id\":\"https:\/\/www.notibras.com\/site\/mutirao-de-renegociacao-de-dividas-sera-na-segunda-quinzena\/#primaryimage\"},\"image\":{\"@id\":\"https:\/\/www.notibras.com\/site\/mutirao-de-renegociacao-de-dividas-sera-na-segunda-quinzena\/#primaryimage\"},\"thumbnailUrl\":\"https:\/\/www.notibras.com\/site\/wp-content\/uploads\/2023\/06\/real_moeda_dinheiro_mcajr_2904223667-5.jpg\",\"datePublished\":\"2023-06-25T03:00:09+00:00\",\"dateModified\":\"2023-06-25T13:22:20+00:00\",\"breadcrumb\":{\"@id\":\"https:\/\/www.notibras.com\/site\/mutirao-de-renegociacao-de-dividas-sera-na-segunda-quinzena\/#breadcrumb\"},\"inLanguage\":\"pt-BR\",\"potentialAction\":[{\"@type\":\"ReadAction\",\"target\":[\"https:\/\/www.notibras.com\/site\/mutirao-de-renegociacao-de-dividas-sera-na-segunda-quinzena\/\"]}]},{\"@type\":\"ImageObject\",\"inLanguage\":\"pt-BR\",\"@id\":\"https:\/\/www.notibras.com\/site\/mutirao-de-renegociacao-de-dividas-sera-na-segunda-quinzena\/#primaryimage\",\"url\":\"https:\/\/www.notibras.com\/site\/wp-content\/uploads\/2023\/06\/real_moeda_dinheiro_mcajr_2904223667-5.jpg\",\"contentUrl\":\"https:\/\/www.notibras.com\/site\/wp-content\/uploads\/2023\/06\/real_moeda_dinheiro_mcajr_2904223667-5.jpg\",\"width\":1170,\"height\":700,\"caption\":\"Real Moeda brasileira\"},{\"@type\":\"BreadcrumbList\",\"@id\":\"https:\/\/www.notibras.com\/site\/mutirao-de-renegociacao-de-dividas-sera-na-segunda-quinzena\/#breadcrumb\",\"itemListElement\":[{\"@type\":\"ListItem\",\"position\":1,\"name\":\"In\u00edcio\",\"item\":\"https:\/\/www.notibras.com\/site\/\"},{\"@type\":\"ListItem\",\"position\":2,\"name\":\"Mutir\u00e3o de renegocia\u00e7\u00e3o de d\u00edvidas ser\u00e1 na segunda quinzena\"}]},{\"@type\":\"WebSite\",\"@id\":\"https:\/\/www.notibras.com\/site\/#website\",\"url\":\"https:\/\/www.notibras.com\/site\/\",\"name\":\"Notibras\",\"description\":\"Not\u00edcias de Bras\u00edlia, do Brasil e do Mundo\",\"publisher\":{\"@id\":\"https:\/\/www.notibras.com\/site\/#organization\"},\"potentialAction\":[{\"@type\":\"SearchAction\",\"target\":{\"@type\":\"EntryPoint\",\"urlTemplate\":\"https:\/\/www.notibras.com\/site\/?s={search_term_string}\"},\"query-input\":{\"@type\":\"PropertyValueSpecification\",\"valueRequired\":true,\"valueName\":\"search_term_string\"}}],\"inLanguage\":\"pt-BR\"},{\"@type\":\"Organization\",\"@id\":\"https:\/\/www.notibras.com\/site\/#organization\",\"name\":\"Grupo Notibras de Comunica\u00e7\u00e3o\",\"url\":\"https:\/\/www.notibras.com\/site\/\",\"logo\":{\"@type\":\"ImageObject\",\"inLanguage\":\"pt-BR\",\"@id\":\"https:\/\/www.notibras.com\/site\/#\/schema\/logo\/image\/\",\"url\":\"https:\/\/www.notibras.com\/site\/wp-content\/uploads\/2023\/01\/notibras23.png\",\"contentUrl\":\"https:\/\/www.notibras.com\/site\/wp-content\/uploads\/2023\/01\/notibras23.png\",\"width\":350,\"height\":87,\"caption\":\"Grupo Notibras de Comunica\u00e7\u00e3o\"},\"image\":{\"@id\":\"https:\/\/www.notibras.com\/site\/#\/schema\/logo\/image\/\"},\"sameAs\":[\"https:\/\/www.facebook.com\/notibras\/\",\"https:\/\/x.com\/Notibras\",\"https:\/\/www.instagram.com\/notibras\/\"]},{\"@type\":\"Person\",\"@id\":\"https:\/\/www.notibras.com\/site\/#\/schema\/person\/36ab0979449956132d3e5b517ea76ac8\",\"name\":\"Reda\u00e7\u00e3o\",\"image\":{\"@type\":\"ImageObject\",\"inLanguage\":\"pt-BR\",\"@id\":\"https:\/\/secure.gravatar.com\/avatar\/e0a867bdedb85fd243eadf09663511f96fc81e0720a4a42581f334ad4303aa6b?s=96&d=mm&r=g\",\"url\":\"https:\/\/secure.gravatar.com\/avatar\/e0a867bdedb85fd243eadf09663511f96fc81e0720a4a42581f334ad4303aa6b?s=96&d=mm&r=g\",\"contentUrl\":\"https:\/\/secure.gravatar.com\/avatar\/e0a867bdedb85fd243eadf09663511f96fc81e0720a4a42581f334ad4303aa6b?s=96&d=mm&r=g\",\"caption\":\"Reda\u00e7\u00e3o\"}}]}<\/script>\n<!-- \/ Yoast SEO plugin. -->","yoast_head_json":{"title":"Mutir\u00e3o de renegocia\u00e7\u00e3o de d\u00edvidas ser\u00e1 na segunda quinzena - Notibras","robots":{"index":"index","follow":"follow","max-snippet":"max-snippet:-1","max-image-preview":"max-image-preview:large","max-video-preview":"max-video-preview:-1"},"canonical":"https:\/\/www.notibras.com\/site\/mutirao-de-renegociacao-de-dividas-sera-na-segunda-quinzena\/","og_locale":"pt_BR","og_type":"article","og_title":"Mutir\u00e3o de renegocia\u00e7\u00e3o de d\u00edvidas ser\u00e1 na segunda quinzena - Notibras","og_description":"A Secretaria Nacional do Consumidor (Senacon), do Minist\u00e9rio da Justi\u00e7a e Seguran\u00e7a P\u00fablica, realizar\u00e1, na segunda quinzena de julho, o mutir\u00e3o nacional de renegocia\u00e7\u00e3o de d\u00edvidas para o pagamento de d\u00e9bitos de consumo. O an\u00fancio foi feito pelo ministro da Justi\u00e7a e Seguran\u00e7a P\u00fablica, Fl\u00e1vio Dino. Este ser\u00e1 o primeiro dos mutir\u00f5es que dever\u00e3o ser [&hellip;]","og_url":"https:\/\/www.notibras.com\/site\/mutirao-de-renegociacao-de-dividas-sera-na-segunda-quinzena\/","og_site_name":"Notibras","article_publisher":"https:\/\/www.facebook.com\/notibras\/","article_published_time":"2023-06-25T03:00:09+00:00","article_modified_time":"2023-06-25T13:22:20+00:00","og_image":[{"width":1170,"height":700,"url":"https:\/\/www.notibras.com\/site\/wp-content\/uploads\/2023\/06\/real_moeda_dinheiro_mcajr_2904223667-5.jpg","type":"image\/jpeg"}],"author":"Reda\u00e7\u00e3o","twitter_card":"summary_large_image","twitter_creator":"@Notibras","twitter_site":"@Notibras","twitter_misc":{"Escrito por":"Reda\u00e7\u00e3o","Est. tempo de leitura":"2 minutos"},"schema":{"@context":"https:\/\/schema.org","@graph":[{"@type":"Article","@id":"https:\/\/www.notibras.com\/site\/mutirao-de-renegociacao-de-dividas-sera-na-segunda-quinzena\/#article","isPartOf":{"@id":"https:\/\/www.notibras.com\/site\/mutirao-de-renegociacao-de-dividas-sera-na-segunda-quinzena\/"},"author":{"name":"Reda\u00e7\u00e3o","@id":"https:\/\/www.notibras.com\/site\/#\/schema\/person\/36ab0979449956132d3e5b517ea76ac8"},"headline":"Mutir\u00e3o de renegocia\u00e7\u00e3o de d\u00edvidas ser\u00e1 na segunda quinzena","datePublished":"2023-06-25T03:00:09+00:00","dateModified":"2023-06-25T13:22:20+00:00","mainEntityOfPage":{"@id":"https:\/\/www.notibras.com\/site\/mutirao-de-renegociacao-de-dividas-sera-na-segunda-quinzena\/"},"wordCount":317,"publisher":{"@id":"https:\/\/www.notibras.com\/site\/#organization"},"image":{"@id":"https:\/\/www.notibras.com\/site\/mutirao-de-renegociacao-de-dividas-sera-na-segunda-quinzena\/#primaryimage"},"thumbnailUrl":"https:\/\/www.notibras.com\/site\/wp-content\/uploads\/2023\/06\/real_moeda_dinheiro_mcajr_2904223667-5.jpg","articleSection":["Quadradinho em Foco"],"inLanguage":"pt-BR"},{"@type":"WebPage","@id":"https:\/\/www.notibras.com\/site\/mutirao-de-renegociacao-de-dividas-sera-na-segunda-quinzena\/","url":"https:\/\/www.notibras.com\/site\/mutirao-de-renegociacao-de-dividas-sera-na-segunda-quinzena\/","name":"Mutir\u00e3o de renegocia\u00e7\u00e3o de d\u00edvidas ser\u00e1 na segunda quinzena - Notibras","isPartOf":{"@id":"https:\/\/www.notibras.com\/site\/#website"},"primaryImageOfPage":{"@id":"https:\/\/www.notibras.com\/site\/mutirao-de-renegociacao-de-dividas-sera-na-segunda-quinzena\/#primaryimage"},"image":{"@id":"https:\/\/www.notibras.com\/site\/mutirao-de-renegociacao-de-dividas-sera-na-segunda-quinzena\/#primaryimage"},"thumbnailUrl":"https:\/\/www.notibras.com\/site\/wp-content\/uploads\/2023\/06\/real_moeda_dinheiro_mcajr_2904223667-5.jpg","datePublished":"2023-06-25T03:00:09+00:00","dateModified":"2023-06-25T13:22:20+00:00","breadcrumb":{"@id":"https:\/\/www.notibras.com\/site\/mutirao-de-renegociacao-de-dividas-sera-na-segunda-quinzena\/#breadcrumb"},"inLanguage":"pt-BR","potentialAction":[{"@type":"ReadAction","target":["https:\/\/www.notibras.com\/site\/mutirao-de-renegociacao-de-dividas-sera-na-segunda-quinzena\/"]}]},{"@type":"ImageObject","inLanguage":"pt-BR","@id":"https:\/\/www.notibras.com\/site\/mutirao-de-renegociacao-de-dividas-sera-na-segunda-quinzena\/#primaryimage","url":"https:\/\/www.notibras.com\/site\/wp-content\/uploads\/2023\/06\/real_moeda_dinheiro_mcajr_2904223667-5.jpg","contentUrl":"https:\/\/www.notibras.com\/site\/wp-content\/uploads\/2023\/06\/real_moeda_dinheiro_mcajr_2904223667-5.jpg","width":1170,"height":700,"caption":"Real Moeda brasileira"},{"@type":"BreadcrumbList","@id":"https:\/\/www.notibras.com\/site\/mutirao-de-renegociacao-de-dividas-sera-na-segunda-quinzena\/#breadcrumb","itemListElement":[{"@type":"ListItem","position":1,"name":"In\u00edcio","item":"https:\/\/www.notibras.com\/site\/"},{"@type":"ListItem","position":2,"name":"Mutir\u00e3o de renegocia\u00e7\u00e3o de d\u00edvidas ser\u00e1 na segunda quinzena"}]},{"@type":"WebSite","@id":"https:\/\/www.notibras.com\/site\/#website","url":"https:\/\/www.notibras.com\/site\/","name":"Notibras","description":"Not\u00edcias de Bras\u00edlia, do Brasil e do Mundo","publisher":{"@id":"https:\/\/www.notibras.com\/site\/#organization"},"potentialAction":[{"@type":"SearchAction","target":{"@type":"EntryPoint","urlTemplate":"https:\/\/www.notibras.com\/site\/?s={search_term_string}"},"query-input":{"@type":"PropertyValueSpecification","valueRequired":true,"valueName":"search_term_string"}}],"inLanguage":"pt-BR"},{"@type":"Organization","@id":"https:\/\/www.notibras.com\/site\/#organization","name":"Grupo Notibras de Comunica\u00e7\u00e3o","url":"https:\/\/www.notibras.com\/site\/","logo":{"@type":"ImageObject","inLanguage":"pt-BR","@id":"https:\/\/www.notibras.com\/site\/#\/schema\/logo\/image\/","url":"https:\/\/www.notibras.com\/site\/wp-content\/uploads\/2023\/01\/notibras23.png","contentUrl":"https:\/\/www.notibras.com\/site\/wp-content\/uploads\/2023\/01\/notibras23.png","width":350,"height":87,"caption":"Grupo Notibras de Comunica\u00e7\u00e3o"},"image":{"@id":"https:\/\/www.notibras.com\/site\/#\/schema\/logo\/image\/"},"sameAs":["https:\/\/www.facebook.com\/notibras\/","https:\/\/x.com\/Notibras","https:\/\/www.instagram.com\/notibras\/"]},{"@type":"Person","@id":"https:\/\/www.notibras.com\/site\/#\/schema\/person\/36ab0979449956132d3e5b517ea76ac8","name":"Reda\u00e7\u00e3o","image":{"@type":"ImageObject","inLanguage":"pt-BR","@id":"https:\/\/secure.gravatar.com\/avatar\/e0a867bdedb85fd243eadf09663511f96fc81e0720a4a42581f334ad4303aa6b?s=96&d=mm&r=g","url":"https:\/\/secure.gravatar.com\/avatar\/e0a867bdedb85fd243eadf09663511f96fc81e0720a4a42581f334ad4303aa6b?s=96&d=mm&r=g","contentUrl":"https:\/\/secure.gravatar.com\/avatar\/e0a867bdedb85fd243eadf09663511f96fc81e0720a4a42581f334ad4303aa6b?s=96&d=mm&r=g","caption":"Reda\u00e7\u00e3o"}}]}},"amp_enabled":true,"_links":{"self":[{"href":"https:\/\/www.notibras.com\/site\/wp-json\/wp\/v2\/posts\/307594","targetHints":{"allow":["GET"]}}],"collection":[{"href":"https:\/\/www.notibras.com\/site\/wp-json\/wp\/v2\/posts"}],"about":[{"href":"https:\/\/www.notibras.com\/site\/wp-json\/wp\/v2\/types\/post"}],"author":[{"embeddable":true,"href":"https:\/\/www.notibras.com\/site\/wp-json\/wp\/v2\/users\/2"}],"replies":[{"embeddable":true,"href":"https:\/\/www.notibras.com\/site\/wp-json\/wp\/v2\/comments?post=307594"}],"version-history":[{"count":1,"href":"https:\/\/www.notibras.com\/site\/wp-json\/wp\/v2\/posts\/307594\/revisions"}],"predecessor-version":[{"id":307596,"href":"https:\/\/www.notibras.com\/site\/wp-json\/wp\/v2\/posts\/307594\/revisions\/307596"}],"wp:featuredmedia":[{"embeddable":true,"href":"https:\/\/www.notibras.com\/site\/wp-json\/wp\/v2\/media\/307595"}],"wp:attachment":[{"href":"https:\/\/www.notibras.com\/site\/wp-json\/wp\/v2\/media?parent=307594"}],"wp:term":[{"taxonomy":"category","embeddable":true,"href":"https:\/\/www.notibras.com\/site\/wp-json\/wp\/v2\/categories?post=307594"},{"taxonomy":"post_tag","embeddable":true,"href":"https:\/\/www.notibras.com\/site\/wp-json\/wp\/v2\/tags?post=307594"}],"curies":[{"name":"wp","href":"https:\/\/api.w.org\/{rel}","templated":true}]}}