{"id":307601,"date":"2023-06-25T16:48:35","date_gmt":"2023-06-25T19:48:35","guid":{"rendered":"https:\/\/www.notibras.com\/site\/?p=307601"},"modified":"2023-06-25T16:48:35","modified_gmt":"2023-06-25T19:48:35","slug":"ninho-da-classe-media-alta-aguas-claras-ganha-novo-edificio","status":"publish","type":"post","link":"https:\/\/www.notibras.com\/site\/ninho-da-classe-media-alta-aguas-claras-ganha-novo-edificio\/","title":{"rendered":"&#8216;Ninho&#8217; da classe m\u00e9dia alta, \u00c1guas Claras ganha novo edif\u00edcio"},"content":{"rendered":"<p>Detentora do t\u00edtulo de &#8216;ninho&#8217; da classe m\u00e9dia alta, \u00c1guas Claras acaba de fazer jus \u00e0 condi\u00e7\u00e3o de administra\u00e7\u00e3o regional diferenciada, com a inaugura\u00e7\u00e3o de mais um bloco de apart5amentos Top 10. Trata-se do Residencial Dalmo Rebello, entregue pela PaulOOctavio Empreendimentos. O novo edif\u00edcio homenageia engenheiro pioneiro, que trabalhou na Novacap, CEB e nas secretarias de Obras e de Transporte<\/p>\n<p>A solenidade de entrega do pr\u00e9dio contou com a presen\u00e7a de familiares e amigos do homenageado, compradores e interessados em im\u00f3veis no local, al\u00e9m do administrador regional da RA M\u00e1rio Furtado.<\/p>\n<p>O edif\u00edcio tem apartamentos de 2 e 3 quartos, todos com varanda gourmet, e metragens que variam de 62m\u00b2 a 74m\u00b2, al\u00e9m de coberturas lineares de 131m\u00b2 a 140m\u00b2, com spa, churrasqueiras, jardim, bancada com pia no terra\u00e7o, forno de pizza, entre outros detalhes.<\/p>\n<p>Erguido perto da Esta\u00e7\u00e3o de Metr\u00f4 Arniqueiras e do Parque Ecol\u00f3gico da cidade, o pr\u00e9dio disp\u00f5e de \u00e1rea de lazer completa e tem projeto da Gomes Figueiredo Arquitetura, que privilegiou a beleza e o luxo sem perder a funcionalidade, j\u00e1 que os apartamentos contam detalhes como passa-prato nas varandas, infraestrutura para lava-lou\u00e7as e ar-condicionado e medi\u00e7\u00e3o individual de \u00e1gua, energia e g\u00e1s.<\/p>\n<p>Na entrega do edif\u00edcio, o empres\u00e1rio Paulo Oct\u00e1vio agradeceu o trabalho do pessoal envolvido na constru\u00e7\u00e3o e rememorou a trajet\u00f3ria de Dalmo Rebello, classificando-o como um homem fundamental para a consolida\u00e7\u00e3o de Bras\u00edlia. \u201cHoje \u00e9 um dia especial, porque a PaulOOctavio tem feito homenagens a pessoas que ajudaram a desenvolver Bras\u00edlia. Homenageamos todos os her\u00f3is. Come\u00e7amos por Juscelino Kubitschek e, hoje, estamos homenageando o Dalmo\u201d, destacou, lembrando os grandes feitos do engenheiro na consolida\u00e7\u00e3o da Capital.<\/p>\n<p>\u201cDalmo tamb\u00e9m era mineiro, mas brasiliense de cora\u00e7\u00e3o. Chegou a Bras\u00edlia em 1964, trazendo na bagagem o diploma de engenheiro. Ingressou no departamento de For\u00e7a e Luz da Novacap e depois atuou na CEB, ocupando v\u00e1rios cargos, entre eles o de diretor de Distribui\u00e7\u00e3o de Energia El\u00e9trica para o Plano Piloto. Esteve tamb\u00e9m em cargos nas Secretarias de Obras e de Transportes, buscando solu\u00e7\u00f5es de tr\u00e2nsito\u201d, lembrou, citando o sistema bin\u00e1rio das avenidas W4 e W5 e a m\u00e3o dupla no viaduto L2, entre v\u00e1rias obras.<\/p>\n<p>Paulo Oct\u00e1vio tamb\u00e9m destacou que o GDF j\u00e1 havia homenageado Dalmo Rebello, batizando com seu nome o t\u00fanel de entrada e sa\u00edda do Aeroporto JK. \u201cO que \u00e9 justo, pois o Dalmo vai estar marcado no viaduto e agora no pr\u00e9dio, pois sempre foi atento \u00e0s quest\u00f5es da cidade. Enfim, ele participou de muitas obras aqui em Bras\u00edlia, pois era um homem de esp\u00edrito p\u00fablico em busca de solu\u00e7\u00f5es para a nossa qualidade de vida, seja na \u00e1rea energ\u00e9tica, seja na vi\u00e1ria. Dalmo, dedicou-se a Bras\u00edlia por 55 anos, demonstrando seu pioneirismo e engajamento com a cidade\u201d, concluiu.<\/p>\n<p>Escolhido para falar em nome da fam\u00edlia, o engenheiro Dalmo Rebello J\u00fanior, filho do homenageado, disse que o pai fez um trabalho incans\u00e1vel por Bras\u00edlia. E comentou que o pr\u00e9dio foi, de fato, a primeira homenagem. \u201cPaulo, o nome dele est\u00e1 l\u00e1 no t\u00fanel do aeroporto, mas foi colocado depois. A primeira homenagem foi a sua. Ent\u00e3o, \u00e9 motivo de muito orgulho ver o nome do meu pai aqui nesse pr\u00e9dio. Realmente \u00e9 muito gratificante essa ideia do Paulo de homenagear as pessoas que vieram para Bras\u00edlia, os candangos. Que vieram ajudar a construir essa cidade maravilhosa\u201d, agradeceu.<\/p>\n<p>\u201cAlgumas obras que o Paulo nominou aqui e que ele idealizou, isso foi feito de forma desprendida, an\u00f4nima. Ele queria fazer para poder ajudar toda popula\u00e7\u00e3o de Bras\u00edlia a ter uma vida melhor. Ent\u00e3o, queria agradecer a homenagem e dizer que minha m\u00e3e, Marlene Gissoni, tamb\u00e9m \u00e9 uma das propriet\u00e1rias aqui, um pr\u00e9dio maravilhoso\u201d, finalizou.<\/p>\n","protected":false},"excerpt":{"rendered":"<p>Detentora do t\u00edtulo de &#8216;ninho&#8217; da classe m\u00e9dia alta, \u00c1guas Claras acaba de fazer jus \u00e0 condi\u00e7\u00e3o de administra\u00e7\u00e3o regional diferenciada, com a inaugura\u00e7\u00e3o de mais um bloco de apart5amentos Top 10. Trata-se do Residencial Dalmo Rebello, entregue pela PaulOOctavio Empreendimentos. O novo edif\u00edcio homenageia engenheiro pioneiro, que trabalhou na Novacap, CEB e nas secretarias [&hellip;]<\/p>\n","protected":false},"author":2,"featured_media":307602,"comment_status":"closed","ping_status":"closed","sticky":false,"template":"","format":"standard","meta":{"_acf_changed":false,"footnotes":""},"categories":[161],"tags":[],"class_list":["post-307601","post","type-post","status-publish","format-standard","has-post-thumbnail","hentry","category-quadradinho-em-foco"],"acf":[],"yoast_head":"<!-- This site is optimized with the Yoast SEO plugin v27.2 - https:\/\/yoast.com\/product\/yoast-seo-wordpress\/ -->\n<title>&#039;Ninho&#039; da classe m\u00e9dia alta, \u00c1guas Claras ganha novo edif\u00edcio - Notibras<\/title>\n<meta name=\"robots\" content=\"index, follow, max-snippet:-1, max-image-preview:large, max-video-preview:-1\" \/>\n<link rel=\"canonical\" href=\"https:\/\/www.notibras.com\/site\/ninho-da-classe-media-alta-aguas-claras-ganha-novo-edificio\/\" \/>\n<meta property=\"og:locale\" content=\"pt_BR\" \/>\n<meta property=\"og:type\" content=\"article\" \/>\n<meta property=\"og:title\" content=\"&#039;Ninho&#039; da classe m\u00e9dia alta, \u00c1guas Claras ganha novo edif\u00edcio - Notibras\" \/>\n<meta property=\"og:description\" content=\"Detentora do t\u00edtulo de &#8216;ninho&#8217; da classe m\u00e9dia alta, \u00c1guas Claras acaba de fazer jus \u00e0 condi\u00e7\u00e3o de administra\u00e7\u00e3o regional diferenciada, com a inaugura\u00e7\u00e3o de mais um bloco de apart5amentos Top 10. Trata-se do Residencial Dalmo Rebello, entregue pela PaulOOctavio Empreendimentos. O novo edif\u00edcio homenageia engenheiro pioneiro, que trabalhou na Novacap, CEB e nas secretarias [&hellip;]\" \/>\n<meta property=\"og:url\" content=\"https:\/\/www.notibras.com\/site\/ninho-da-classe-media-alta-aguas-claras-ganha-novo-edificio\/\" \/>\n<meta property=\"og:site_name\" content=\"Notibras\" \/>\n<meta property=\"article:publisher\" content=\"https:\/\/www.facebook.com\/notibras\/\" \/>\n<meta property=\"article:published_time\" content=\"2023-06-25T19:48:35+00:00\" \/>\n<meta property=\"og:image\" content=\"https:\/\/www.notibras.com\/site\/wp-content\/uploads\/2023\/06\/b406e8b9-ded4-44e2-9540-c97a4abbd315.jpg\" \/>\n\t<meta property=\"og:image:width\" content=\"1600\" \/>\n\t<meta property=\"og:image:height\" content=\"1066\" \/>\n\t<meta property=\"og:image:type\" content=\"image\/jpeg\" \/>\n<meta name=\"author\" content=\"Reda\u00e7\u00e3o\" \/>\n<meta name=\"twitter:card\" content=\"summary_large_image\" \/>\n<meta name=\"twitter:creator\" content=\"@Notibras\" \/>\n<meta name=\"twitter:site\" content=\"@Notibras\" \/>\n<meta name=\"twitter:label1\" content=\"Escrito por\" \/>\n\t<meta name=\"twitter:data1\" content=\"Reda\u00e7\u00e3o\" \/>\n\t<meta name=\"twitter:label2\" content=\"Est. tempo de leitura\" \/>\n\t<meta name=\"twitter:data2\" content=\"4 minutos\" \/>\n<script type=\"application\/ld+json\" class=\"yoast-schema-graph\">{\"@context\":\"https:\/\/schema.org\",\"@graph\":[{\"@type\":\"Article\",\"@id\":\"https:\/\/www.notibras.com\/site\/ninho-da-classe-media-alta-aguas-claras-ganha-novo-edificio\/#article\",\"isPartOf\":{\"@id\":\"https:\/\/www.notibras.com\/site\/ninho-da-classe-media-alta-aguas-claras-ganha-novo-edificio\/\"},\"author\":{\"name\":\"Reda\u00e7\u00e3o\",\"@id\":\"https:\/\/www.notibras.com\/site\/#\/schema\/person\/36ab0979449956132d3e5b517ea76ac8\"},\"headline\":\"&#8216;Ninho&#8217; da classe m\u00e9dia alta, \u00c1guas Claras ganha novo edif\u00edcio\",\"datePublished\":\"2023-06-25T19:48:35+00:00\",\"mainEntityOfPage\":{\"@id\":\"https:\/\/www.notibras.com\/site\/ninho-da-classe-media-alta-aguas-claras-ganha-novo-edificio\/\"},\"wordCount\":687,\"publisher\":{\"@id\":\"https:\/\/www.notibras.com\/site\/#organization\"},\"image\":{\"@id\":\"https:\/\/www.notibras.com\/site\/ninho-da-classe-media-alta-aguas-claras-ganha-novo-edificio\/#primaryimage\"},\"thumbnailUrl\":\"https:\/\/www.notibras.com\/site\/wp-content\/uploads\/2023\/06\/b406e8b9-ded4-44e2-9540-c97a4abbd315.jpg\",\"articleSection\":[\"Quadradinho em Foco\"],\"inLanguage\":\"pt-BR\"},{\"@type\":\"WebPage\",\"@id\":\"https:\/\/www.notibras.com\/site\/ninho-da-classe-media-alta-aguas-claras-ganha-novo-edificio\/\",\"url\":\"https:\/\/www.notibras.com\/site\/ninho-da-classe-media-alta-aguas-claras-ganha-novo-edificio\/\",\"name\":\"'Ninho' da classe m\u00e9dia alta, \u00c1guas Claras ganha novo edif\u00edcio - Notibras\",\"isPartOf\":{\"@id\":\"https:\/\/www.notibras.com\/site\/#website\"},\"primaryImageOfPage\":{\"@id\":\"https:\/\/www.notibras.com\/site\/ninho-da-classe-media-alta-aguas-claras-ganha-novo-edificio\/#primaryimage\"},\"image\":{\"@id\":\"https:\/\/www.notibras.com\/site\/ninho-da-classe-media-alta-aguas-claras-ganha-novo-edificio\/#primaryimage\"},\"thumbnailUrl\":\"https:\/\/www.notibras.com\/site\/wp-content\/uploads\/2023\/06\/b406e8b9-ded4-44e2-9540-c97a4abbd315.jpg\",\"datePublished\":\"2023-06-25T19:48:35+00:00\",\"breadcrumb\":{\"@id\":\"https:\/\/www.notibras.com\/site\/ninho-da-classe-media-alta-aguas-claras-ganha-novo-edificio\/#breadcrumb\"},\"inLanguage\":\"pt-BR\",\"potentialAction\":[{\"@type\":\"ReadAction\",\"target\":[\"https:\/\/www.notibras.com\/site\/ninho-da-classe-media-alta-aguas-claras-ganha-novo-edificio\/\"]}]},{\"@type\":\"ImageObject\",\"inLanguage\":\"pt-BR\",\"@id\":\"https:\/\/www.notibras.com\/site\/ninho-da-classe-media-alta-aguas-claras-ganha-novo-edificio\/#primaryimage\",\"url\":\"https:\/\/www.notibras.com\/site\/wp-content\/uploads\/2023\/06\/b406e8b9-ded4-44e2-9540-c97a4abbd315.jpg\",\"contentUrl\":\"https:\/\/www.notibras.com\/site\/wp-content\/uploads\/2023\/06\/b406e8b9-ded4-44e2-9540-c97a4abbd315.jpg\",\"width\":1600,\"height\":1066},{\"@type\":\"BreadcrumbList\",\"@id\":\"https:\/\/www.notibras.com\/site\/ninho-da-classe-media-alta-aguas-claras-ganha-novo-edificio\/#breadcrumb\",\"itemListElement\":[{\"@type\":\"ListItem\",\"position\":1,\"name\":\"In\u00edcio\",\"item\":\"https:\/\/www.notibras.com\/site\/\"},{\"@type\":\"ListItem\",\"position\":2,\"name\":\"&#8216;Ninho&#8217; da classe m\u00e9dia alta, \u00c1guas Claras ganha novo edif\u00edcio\"}]},{\"@type\":\"WebSite\",\"@id\":\"https:\/\/www.notibras.com\/site\/#website\",\"url\":\"https:\/\/www.notibras.com\/site\/\",\"name\":\"Notibras\",\"description\":\"Not\u00edcias de Bras\u00edlia, do Brasil e do Mundo\",\"publisher\":{\"@id\":\"https:\/\/www.notibras.com\/site\/#organization\"},\"potentialAction\":[{\"@type\":\"SearchAction\",\"target\":{\"@type\":\"EntryPoint\",\"urlTemplate\":\"https:\/\/www.notibras.com\/site\/?s={search_term_string}\"},\"query-input\":{\"@type\":\"PropertyValueSpecification\",\"valueRequired\":true,\"valueName\":\"search_term_string\"}}],\"inLanguage\":\"pt-BR\"},{\"@type\":\"Organization\",\"@id\":\"https:\/\/www.notibras.com\/site\/#organization\",\"name\":\"Grupo Notibras de Comunica\u00e7\u00e3o\",\"url\":\"https:\/\/www.notibras.com\/site\/\",\"logo\":{\"@type\":\"ImageObject\",\"inLanguage\":\"pt-BR\",\"@id\":\"https:\/\/www.notibras.com\/site\/#\/schema\/logo\/image\/\",\"url\":\"https:\/\/www.notibras.com\/site\/wp-content\/uploads\/2023\/01\/notibras23.png\",\"contentUrl\":\"https:\/\/www.notibras.com\/site\/wp-content\/uploads\/2023\/01\/notibras23.png\",\"width\":350,\"height\":87,\"caption\":\"Grupo Notibras de Comunica\u00e7\u00e3o\"},\"image\":{\"@id\":\"https:\/\/www.notibras.com\/site\/#\/schema\/logo\/image\/\"},\"sameAs\":[\"https:\/\/www.facebook.com\/notibras\/\",\"https:\/\/x.com\/Notibras\",\"https:\/\/www.instagram.com\/notibras\/\"]},{\"@type\":\"Person\",\"@id\":\"https:\/\/www.notibras.com\/site\/#\/schema\/person\/36ab0979449956132d3e5b517ea76ac8\",\"name\":\"Reda\u00e7\u00e3o\",\"image\":{\"@type\":\"ImageObject\",\"inLanguage\":\"pt-BR\",\"@id\":\"https:\/\/secure.gravatar.com\/avatar\/e0a867bdedb85fd243eadf09663511f96fc81e0720a4a42581f334ad4303aa6b?s=96&d=mm&r=g\",\"url\":\"https:\/\/secure.gravatar.com\/avatar\/e0a867bdedb85fd243eadf09663511f96fc81e0720a4a42581f334ad4303aa6b?s=96&d=mm&r=g\",\"contentUrl\":\"https:\/\/secure.gravatar.com\/avatar\/e0a867bdedb85fd243eadf09663511f96fc81e0720a4a42581f334ad4303aa6b?s=96&d=mm&r=g\",\"caption\":\"Reda\u00e7\u00e3o\"}}]}<\/script>\n<!-- \/ Yoast SEO plugin. -->","yoast_head_json":{"title":"'Ninho' da classe m\u00e9dia alta, \u00c1guas Claras ganha novo edif\u00edcio - Notibras","robots":{"index":"index","follow":"follow","max-snippet":"max-snippet:-1","max-image-preview":"max-image-preview:large","max-video-preview":"max-video-preview:-1"},"canonical":"https:\/\/www.notibras.com\/site\/ninho-da-classe-media-alta-aguas-claras-ganha-novo-edificio\/","og_locale":"pt_BR","og_type":"article","og_title":"'Ninho' da classe m\u00e9dia alta, \u00c1guas Claras ganha novo edif\u00edcio - Notibras","og_description":"Detentora do t\u00edtulo de &#8216;ninho&#8217; da classe m\u00e9dia alta, \u00c1guas Claras acaba de fazer jus \u00e0 condi\u00e7\u00e3o de administra\u00e7\u00e3o regional diferenciada, com a inaugura\u00e7\u00e3o de mais um bloco de apart5amentos Top 10. Trata-se do Residencial Dalmo Rebello, entregue pela PaulOOctavio Empreendimentos. O novo edif\u00edcio homenageia engenheiro pioneiro, que trabalhou na Novacap, CEB e nas secretarias [&hellip;]","og_url":"https:\/\/www.notibras.com\/site\/ninho-da-classe-media-alta-aguas-claras-ganha-novo-edificio\/","og_site_name":"Notibras","article_publisher":"https:\/\/www.facebook.com\/notibras\/","article_published_time":"2023-06-25T19:48:35+00:00","og_image":[{"width":1600,"height":1066,"url":"https:\/\/www.notibras.com\/site\/wp-content\/uploads\/2023\/06\/b406e8b9-ded4-44e2-9540-c97a4abbd315.jpg","type":"image\/jpeg"}],"author":"Reda\u00e7\u00e3o","twitter_card":"summary_large_image","twitter_creator":"@Notibras","twitter_site":"@Notibras","twitter_misc":{"Escrito por":"Reda\u00e7\u00e3o","Est. tempo de leitura":"4 minutos"},"schema":{"@context":"https:\/\/schema.org","@graph":[{"@type":"Article","@id":"https:\/\/www.notibras.com\/site\/ninho-da-classe-media-alta-aguas-claras-ganha-novo-edificio\/#article","isPartOf":{"@id":"https:\/\/www.notibras.com\/site\/ninho-da-classe-media-alta-aguas-claras-ganha-novo-edificio\/"},"author":{"name":"Reda\u00e7\u00e3o","@id":"https:\/\/www.notibras.com\/site\/#\/schema\/person\/36ab0979449956132d3e5b517ea76ac8"},"headline":"&#8216;Ninho&#8217; da classe m\u00e9dia alta, \u00c1guas Claras ganha novo edif\u00edcio","datePublished":"2023-06-25T19:48:35+00:00","mainEntityOfPage":{"@id":"https:\/\/www.notibras.com\/site\/ninho-da-classe-media-alta-aguas-claras-ganha-novo-edificio\/"},"wordCount":687,"publisher":{"@id":"https:\/\/www.notibras.com\/site\/#organization"},"image":{"@id":"https:\/\/www.notibras.com\/site\/ninho-da-classe-media-alta-aguas-claras-ganha-novo-edificio\/#primaryimage"},"thumbnailUrl":"https:\/\/www.notibras.com\/site\/wp-content\/uploads\/2023\/06\/b406e8b9-ded4-44e2-9540-c97a4abbd315.jpg","articleSection":["Quadradinho em Foco"],"inLanguage":"pt-BR"},{"@type":"WebPage","@id":"https:\/\/www.notibras.com\/site\/ninho-da-classe-media-alta-aguas-claras-ganha-novo-edificio\/","url":"https:\/\/www.notibras.com\/site\/ninho-da-classe-media-alta-aguas-claras-ganha-novo-edificio\/","name":"'Ninho' da classe m\u00e9dia alta, \u00c1guas Claras ganha novo edif\u00edcio - Notibras","isPartOf":{"@id":"https:\/\/www.notibras.com\/site\/#website"},"primaryImageOfPage":{"@id":"https:\/\/www.notibras.com\/site\/ninho-da-classe-media-alta-aguas-claras-ganha-novo-edificio\/#primaryimage"},"image":{"@id":"https:\/\/www.notibras.com\/site\/ninho-da-classe-media-alta-aguas-claras-ganha-novo-edificio\/#primaryimage"},"thumbnailUrl":"https:\/\/www.notibras.com\/site\/wp-content\/uploads\/2023\/06\/b406e8b9-ded4-44e2-9540-c97a4abbd315.jpg","datePublished":"2023-06-25T19:48:35+00:00","breadcrumb":{"@id":"https:\/\/www.notibras.com\/site\/ninho-da-classe-media-alta-aguas-claras-ganha-novo-edificio\/#breadcrumb"},"inLanguage":"pt-BR","potentialAction":[{"@type":"ReadAction","target":["https:\/\/www.notibras.com\/site\/ninho-da-classe-media-alta-aguas-claras-ganha-novo-edificio\/"]}]},{"@type":"ImageObject","inLanguage":"pt-BR","@id":"https:\/\/www.notibras.com\/site\/ninho-da-classe-media-alta-aguas-claras-ganha-novo-edificio\/#primaryimage","url":"https:\/\/www.notibras.com\/site\/wp-content\/uploads\/2023\/06\/b406e8b9-ded4-44e2-9540-c97a4abbd315.jpg","contentUrl":"https:\/\/www.notibras.com\/site\/wp-content\/uploads\/2023\/06\/b406e8b9-ded4-44e2-9540-c97a4abbd315.jpg","width":1600,"height":1066},{"@type":"BreadcrumbList","@id":"https:\/\/www.notibras.com\/site\/ninho-da-classe-media-alta-aguas-claras-ganha-novo-edificio\/#breadcrumb","itemListElement":[{"@type":"ListItem","position":1,"name":"In\u00edcio","item":"https:\/\/www.notibras.com\/site\/"},{"@type":"ListItem","position":2,"name":"&#8216;Ninho&#8217; da classe m\u00e9dia alta, \u00c1guas Claras ganha novo edif\u00edcio"}]},{"@type":"WebSite","@id":"https:\/\/www.notibras.com\/site\/#website","url":"https:\/\/www.notibras.com\/site\/","name":"Notibras","description":"Not\u00edcias de Bras\u00edlia, do Brasil e do Mundo","publisher":{"@id":"https:\/\/www.notibras.com\/site\/#organization"},"potentialAction":[{"@type":"SearchAction","target":{"@type":"EntryPoint","urlTemplate":"https:\/\/www.notibras.com\/site\/?s={search_term_string}"},"query-input":{"@type":"PropertyValueSpecification","valueRequired":true,"valueName":"search_term_string"}}],"inLanguage":"pt-BR"},{"@type":"Organization","@id":"https:\/\/www.notibras.com\/site\/#organization","name":"Grupo Notibras de Comunica\u00e7\u00e3o","url":"https:\/\/www.notibras.com\/site\/","logo":{"@type":"ImageObject","inLanguage":"pt-BR","@id":"https:\/\/www.notibras.com\/site\/#\/schema\/logo\/image\/","url":"https:\/\/www.notibras.com\/site\/wp-content\/uploads\/2023\/01\/notibras23.png","contentUrl":"https:\/\/www.notibras.com\/site\/wp-content\/uploads\/2023\/01\/notibras23.png","width":350,"height":87,"caption":"Grupo Notibras de Comunica\u00e7\u00e3o"},"image":{"@id":"https:\/\/www.notibras.com\/site\/#\/schema\/logo\/image\/"},"sameAs":["https:\/\/www.facebook.com\/notibras\/","https:\/\/x.com\/Notibras","https:\/\/www.instagram.com\/notibras\/"]},{"@type":"Person","@id":"https:\/\/www.notibras.com\/site\/#\/schema\/person\/36ab0979449956132d3e5b517ea76ac8","name":"Reda\u00e7\u00e3o","image":{"@type":"ImageObject","inLanguage":"pt-BR","@id":"https:\/\/secure.gravatar.com\/avatar\/e0a867bdedb85fd243eadf09663511f96fc81e0720a4a42581f334ad4303aa6b?s=96&d=mm&r=g","url":"https:\/\/secure.gravatar.com\/avatar\/e0a867bdedb85fd243eadf09663511f96fc81e0720a4a42581f334ad4303aa6b?s=96&d=mm&r=g","contentUrl":"https:\/\/secure.gravatar.com\/avatar\/e0a867bdedb85fd243eadf09663511f96fc81e0720a4a42581f334ad4303aa6b?s=96&d=mm&r=g","caption":"Reda\u00e7\u00e3o"}}]}},"amp_enabled":true,"_links":{"self":[{"href":"https:\/\/www.notibras.com\/site\/wp-json\/wp\/v2\/posts\/307601","targetHints":{"allow":["GET"]}}],"collection":[{"href":"https:\/\/www.notibras.com\/site\/wp-json\/wp\/v2\/posts"}],"about":[{"href":"https:\/\/www.notibras.com\/site\/wp-json\/wp\/v2\/types\/post"}],"author":[{"embeddable":true,"href":"https:\/\/www.notibras.com\/site\/wp-json\/wp\/v2\/users\/2"}],"replies":[{"embeddable":true,"href":"https:\/\/www.notibras.com\/site\/wp-json\/wp\/v2\/comments?post=307601"}],"version-history":[{"count":1,"href":"https:\/\/www.notibras.com\/site\/wp-json\/wp\/v2\/posts\/307601\/revisions"}],"predecessor-version":[{"id":307603,"href":"https:\/\/www.notibras.com\/site\/wp-json\/wp\/v2\/posts\/307601\/revisions\/307603"}],"wp:featuredmedia":[{"embeddable":true,"href":"https:\/\/www.notibras.com\/site\/wp-json\/wp\/v2\/media\/307602"}],"wp:attachment":[{"href":"https:\/\/www.notibras.com\/site\/wp-json\/wp\/v2\/media?parent=307601"}],"wp:term":[{"taxonomy":"category","embeddable":true,"href":"https:\/\/www.notibras.com\/site\/wp-json\/wp\/v2\/categories?post=307601"},{"taxonomy":"post_tag","embeddable":true,"href":"https:\/\/www.notibras.com\/site\/wp-json\/wp\/v2\/tags?post=307601"}],"curies":[{"name":"wp","href":"https:\/\/api.w.org\/{rel}","templated":true}]}}