{"id":307604,"date":"2023-06-25T15:50:36","date_gmt":"2023-06-25T18:50:36","guid":{"rendered":"https:\/\/www.notibras.com\/site\/?p=307604"},"modified":"2023-06-25T16:54:47","modified_gmt":"2023-06-25T19:54:47","slug":"produtores-aprendem-a-fazer-reservatorio-em-ferro-e-cimento","status":"publish","type":"post","link":"https:\/\/www.notibras.com\/site\/produtores-aprendem-a-fazer-reservatorio-em-ferro-e-cimento\/","title":{"rendered":"Produtores aprendem a fazer reservat\u00f3rio em ferro e cimento"},"content":{"rendered":"<p>Quinze produtores rurais do Assentamento Pinheiral, na Aguilhada, regi\u00e3o de S\u00e3o Sebasti\u00e3o, conclu\u00edram o curso de Produ\u00e7\u00e3o de Reservat\u00f3rio em Ferro Solo Cimento, promovido pela Emater-DF em parceria com o Servi\u00e7o Nacional de Aprendizagem Rural (Senar). As pr\u00e1ticas do curso foram fundamentadas na din\u00e2mica das comunidades rurais sustent\u00e1veis.<\/p>\n<p>T\u00e9cnica permite produ\u00e7\u00e3o ativa tanto durante a seca quanto durante as chuvas | Foto: Divulga\u00e7\u00e3o\/Emater-DF<br \/>\nNo caso desse assentamento, a previs\u00e3o \u00e9 abastecer a irriga\u00e7\u00e3o da propriedade por um per\u00edodo de seis a sete meses, explicou o extensionista da Emater-DF Jos\u00e9 Gon\u00e7alves. \u201cA constru\u00e7\u00e3o desses reservat\u00f3rios come\u00e7ou h\u00e1 alguns anos\u201d, conta.<\/p>\n<p>\u201cEscolhemos um local na propriedade que fique perto da casa e da cisterna; assim, \u00e9 poss\u00edvel fazer capta\u00e7\u00e3o da \u00e1gua da chuva e da cisterna tamb\u00e9m. Nosso objetivo \u00e9 oferecer uma forma de o produtor come\u00e7ar a produzir algumas coisas at\u00e9 em n\u00edvel comercial na \u00e9poca da chuva, e na seca poder formar uma horta para consumo familiar\u201d.<\/p>\n<p><strong>Sem impacto ambiental<\/strong><br \/>\nInstrutor do curso, o professor Arnaldo Ribeiro Cerqueira Lima afirma que essa tecnologia permite construir reservat\u00f3rios de \u00e1gua da chuva, c\u00fapulas, domos e at\u00e9 bancos em aeroportos. \u201cA t\u00e9cnica \u00e9 amplamente usada, tem v\u00e1rias utilidades e consiste na aplica\u00e7\u00e3o da areia, do cimento e de telas de ferro numa espessura de 2 cm para paredes delgadas ou pain\u00e9is delgados, que significam paredes finas e de alta resist\u00eancia; do ponto de vista t\u00e9cnico, resiste a 30 MegaPascal (MPa), ou seja, a uma press\u00e3o de 305,9100 kgf\/cm\u00b2\u201d, explica.<\/p>\n<p>A capacidade do reservat\u00f3rio \u00e9 de 12 mil litros, ou seja, suporta at\u00e9 12 toneladas de press\u00e3o da \u00e1gua. \u00c9 constru\u00eddo em cima do solo, n\u00e3o causando impacto ao meio ambiente \u2013 assim, dispensa autoriza\u00e7\u00e3o dos \u00f3rg\u00e3os ambientais. Segundo Jos\u00e9 Gon\u00e7alves, a tecnologia \u00e9 simples e insere o produtor em um modelo sustent\u00e1vel.<\/p>\n<p><strong>Produ\u00e7\u00e3o rural<\/strong><br \/>\n\u201cIsso representa uma grande obra, porque vai me servir em grandes coisas, como guardar a \u00e1gua que estava faltando, e agora acredito vou ter \u00e1gua por muito tempo\u201d, comentou o produtor rural Antonio Pereira Rodrigues, que instalou em sua propriedade o primeiro reservat\u00f3rio com a tecnologia em ferro solo cimento do Assentamento Pinheiral. Antonio mora no local h\u00e1 11 anos e produz feij\u00e3o, milho, arroz, mandioca e frut\u00edferas.<\/p>\n<p>\u201cEsse curso \u00e9 uma surpresa, e quero fazer o que aprendi na minha propriedade para ter \u00e1gua sempre e n\u00e3o faltar mais \u2013 s\u00f3 assim vamos aumentar nossa planta\u00e7\u00e3o\u201d, comentou a aluna Rosimeire Gon\u00e7alves da Silva, que mora com a m\u00e3e em uma propriedade de dois hectares onde cria galinhas e produz milho e quiabo.<\/p>\n<p>No Assentamento 1\u00ba de Julho, tamb\u00e9m em S\u00e3o Sebasti\u00e3o, foi feita uma esp\u00e9cie de cons\u00f3rcio envolvendo dez produtores rurais, que a cada m\u00eas reuniam em cotas individuais o valor de R$ 2,2 mil para a constru\u00e7\u00e3o de uma unidade do reservat\u00f3rio de ferro solo cimento em uma propriedade sorteada. Ao fim de dez meses, todos os produtores estavam com seus reservat\u00f3rios constru\u00eddos. Esse modelo ser\u00e1 aplicado no Assentamento Pinheiral para beneficiar os participantes do curso.<\/p>\n<p>Em agosto, a Emater-DF promover\u00e1 o semin\u00e1rio Comunidade Sustent\u00e1veis de S\u00e3o Sebasti\u00e3o, durante o qual ser\u00e3o tratadas propostas sobre a sustentabilidade da regi\u00e3o. O curso \u00e9 a uma das iniciativas que visam colocar S\u00e3o Sebasti\u00e3o como a cidade mais sustent\u00e1vel do DF, fazendo com que cada comunidade rural adote uma ou mais pr\u00e1ticas sustent\u00e1veis, como a constru\u00e7\u00e3o do reservat\u00f3rio ferro solo cimento, reservat\u00f3rio lonado, agrofloresta, produ\u00e7\u00e3o org\u00e2nica, produ\u00e7\u00e3o de \u00f3leos essenciais, produ\u00e7\u00e3o de ervas medicinais e plantas comest\u00edveis n\u00e3o convencionais (Pancs) e horta comunit\u00e1ria. A cidade j\u00e1 acolhe a Horta Girassol e o Centro de Pr\u00e1ticas Sustent\u00e1veis, que contam com a assist\u00eancia t\u00e9cnica da Emater-DF.<\/p>\n","protected":false},"excerpt":{"rendered":"<p>Quinze produtores rurais do Assentamento Pinheiral, na Aguilhada, regi\u00e3o de S\u00e3o Sebasti\u00e3o, conclu\u00edram o curso de Produ\u00e7\u00e3o de Reservat\u00f3rio em Ferro Solo Cimento, promovido pela Emater-DF em parceria com o Servi\u00e7o Nacional de Aprendizagem Rural (Senar). As pr\u00e1ticas do curso foram fundamentadas na din\u00e2mica das comunidades rurais sustent\u00e1veis. T\u00e9cnica permite produ\u00e7\u00e3o ativa tanto durante a [&hellip;]<\/p>\n","protected":false},"author":2,"featured_media":307605,"comment_status":"closed","ping_status":"closed","sticky":false,"template":"","format":"standard","meta":{"_acf_changed":false,"footnotes":""},"categories":[161],"tags":[],"class_list":["post-307604","post","type-post","status-publish","format-standard","has-post-thumbnail","hentry","category-quadradinho-em-foco"],"acf":[],"yoast_head":"<!-- This site is optimized with the Yoast SEO plugin v27.2 - https:\/\/yoast.com\/product\/yoast-seo-wordpress\/ -->\n<title>Produtores aprendem a fazer reservat\u00f3rio em ferro e cimento - Notibras<\/title>\n<meta name=\"robots\" content=\"index, follow, max-snippet:-1, max-image-preview:large, max-video-preview:-1\" \/>\n<link rel=\"canonical\" href=\"https:\/\/www.notibras.com\/site\/produtores-aprendem-a-fazer-reservatorio-em-ferro-e-cimento\/\" \/>\n<meta property=\"og:locale\" content=\"pt_BR\" \/>\n<meta property=\"og:type\" content=\"article\" \/>\n<meta property=\"og:title\" content=\"Produtores aprendem a fazer reservat\u00f3rio em ferro e cimento - Notibras\" \/>\n<meta property=\"og:description\" content=\"Quinze produtores rurais do Assentamento Pinheiral, na Aguilhada, regi\u00e3o de S\u00e3o Sebasti\u00e3o, conclu\u00edram o curso de Produ\u00e7\u00e3o de Reservat\u00f3rio em Ferro Solo Cimento, promovido pela Emater-DF em parceria com o Servi\u00e7o Nacional de Aprendizagem Rural (Senar). As pr\u00e1ticas do curso foram fundamentadas na din\u00e2mica das comunidades rurais sustent\u00e1veis. T\u00e9cnica permite produ\u00e7\u00e3o ativa tanto durante a [&hellip;]\" \/>\n<meta property=\"og:url\" content=\"https:\/\/www.notibras.com\/site\/produtores-aprendem-a-fazer-reservatorio-em-ferro-e-cimento\/\" \/>\n<meta property=\"og:site_name\" content=\"Notibras\" \/>\n<meta property=\"article:publisher\" content=\"https:\/\/www.facebook.com\/notibras\/\" \/>\n<meta property=\"article:published_time\" content=\"2023-06-25T18:50:36+00:00\" \/>\n<meta property=\"article:modified_time\" content=\"2023-06-25T19:54:47+00:00\" \/>\n<meta property=\"og:image\" content=\"https:\/\/www.notibras.com\/site\/wp-content\/uploads\/2023\/06\/ferro.cimento.jpg\" \/>\n\t<meta property=\"og:image:width\" content=\"750\" \/>\n\t<meta property=\"og:image:height\" content=\"420\" \/>\n\t<meta property=\"og:image:type\" content=\"image\/jpeg\" \/>\n<meta name=\"author\" content=\"Reda\u00e7\u00e3o\" \/>\n<meta name=\"twitter:card\" content=\"summary_large_image\" \/>\n<meta name=\"twitter:creator\" content=\"@Notibras\" \/>\n<meta name=\"twitter:site\" content=\"@Notibras\" \/>\n<meta name=\"twitter:label1\" content=\"Escrito por\" \/>\n\t<meta name=\"twitter:data1\" content=\"Reda\u00e7\u00e3o\" \/>\n\t<meta name=\"twitter:label2\" content=\"Est. tempo de leitura\" \/>\n\t<meta name=\"twitter:data2\" content=\"4 minutos\" \/>\n<script type=\"application\/ld+json\" class=\"yoast-schema-graph\">{\"@context\":\"https:\/\/schema.org\",\"@graph\":[{\"@type\":\"Article\",\"@id\":\"https:\/\/www.notibras.com\/site\/produtores-aprendem-a-fazer-reservatorio-em-ferro-e-cimento\/#article\",\"isPartOf\":{\"@id\":\"https:\/\/www.notibras.com\/site\/produtores-aprendem-a-fazer-reservatorio-em-ferro-e-cimento\/\"},\"author\":{\"name\":\"Reda\u00e7\u00e3o\",\"@id\":\"https:\/\/www.notibras.com\/site\/#\/schema\/person\/36ab0979449956132d3e5b517ea76ac8\"},\"headline\":\"Produtores aprendem a fazer reservat\u00f3rio em ferro e cimento\",\"datePublished\":\"2023-06-25T18:50:36+00:00\",\"dateModified\":\"2023-06-25T19:54:47+00:00\",\"mainEntityOfPage\":{\"@id\":\"https:\/\/www.notibras.com\/site\/produtores-aprendem-a-fazer-reservatorio-em-ferro-e-cimento\/\"},\"wordCount\":681,\"publisher\":{\"@id\":\"https:\/\/www.notibras.com\/site\/#organization\"},\"image\":{\"@id\":\"https:\/\/www.notibras.com\/site\/produtores-aprendem-a-fazer-reservatorio-em-ferro-e-cimento\/#primaryimage\"},\"thumbnailUrl\":\"https:\/\/www.notibras.com\/site\/wp-content\/uploads\/2023\/06\/ferro.cimento.jpg\",\"articleSection\":[\"Quadradinho em Foco\"],\"inLanguage\":\"pt-BR\"},{\"@type\":\"WebPage\",\"@id\":\"https:\/\/www.notibras.com\/site\/produtores-aprendem-a-fazer-reservatorio-em-ferro-e-cimento\/\",\"url\":\"https:\/\/www.notibras.com\/site\/produtores-aprendem-a-fazer-reservatorio-em-ferro-e-cimento\/\",\"name\":\"Produtores aprendem a fazer reservat\u00f3rio em ferro e cimento - Notibras\",\"isPartOf\":{\"@id\":\"https:\/\/www.notibras.com\/site\/#website\"},\"primaryImageOfPage\":{\"@id\":\"https:\/\/www.notibras.com\/site\/produtores-aprendem-a-fazer-reservatorio-em-ferro-e-cimento\/#primaryimage\"},\"image\":{\"@id\":\"https:\/\/www.notibras.com\/site\/produtores-aprendem-a-fazer-reservatorio-em-ferro-e-cimento\/#primaryimage\"},\"thumbnailUrl\":\"https:\/\/www.notibras.com\/site\/wp-content\/uploads\/2023\/06\/ferro.cimento.jpg\",\"datePublished\":\"2023-06-25T18:50:36+00:00\",\"dateModified\":\"2023-06-25T19:54:47+00:00\",\"breadcrumb\":{\"@id\":\"https:\/\/www.notibras.com\/site\/produtores-aprendem-a-fazer-reservatorio-em-ferro-e-cimento\/#breadcrumb\"},\"inLanguage\":\"pt-BR\",\"potentialAction\":[{\"@type\":\"ReadAction\",\"target\":[\"https:\/\/www.notibras.com\/site\/produtores-aprendem-a-fazer-reservatorio-em-ferro-e-cimento\/\"]}]},{\"@type\":\"ImageObject\",\"inLanguage\":\"pt-BR\",\"@id\":\"https:\/\/www.notibras.com\/site\/produtores-aprendem-a-fazer-reservatorio-em-ferro-e-cimento\/#primaryimage\",\"url\":\"https:\/\/www.notibras.com\/site\/wp-content\/uploads\/2023\/06\/ferro.cimento.jpg\",\"contentUrl\":\"https:\/\/www.notibras.com\/site\/wp-content\/uploads\/2023\/06\/ferro.cimento.jpg\",\"width\":750,\"height\":420},{\"@type\":\"BreadcrumbList\",\"@id\":\"https:\/\/www.notibras.com\/site\/produtores-aprendem-a-fazer-reservatorio-em-ferro-e-cimento\/#breadcrumb\",\"itemListElement\":[{\"@type\":\"ListItem\",\"position\":1,\"name\":\"In\u00edcio\",\"item\":\"https:\/\/www.notibras.com\/site\/\"},{\"@type\":\"ListItem\",\"position\":2,\"name\":\"Produtores aprendem a fazer reservat\u00f3rio em ferro e cimento\"}]},{\"@type\":\"WebSite\",\"@id\":\"https:\/\/www.notibras.com\/site\/#website\",\"url\":\"https:\/\/www.notibras.com\/site\/\",\"name\":\"Notibras\",\"description\":\"Not\u00edcias de Bras\u00edlia, do Brasil e do Mundo\",\"publisher\":{\"@id\":\"https:\/\/www.notibras.com\/site\/#organization\"},\"potentialAction\":[{\"@type\":\"SearchAction\",\"target\":{\"@type\":\"EntryPoint\",\"urlTemplate\":\"https:\/\/www.notibras.com\/site\/?s={search_term_string}\"},\"query-input\":{\"@type\":\"PropertyValueSpecification\",\"valueRequired\":true,\"valueName\":\"search_term_string\"}}],\"inLanguage\":\"pt-BR\"},{\"@type\":\"Organization\",\"@id\":\"https:\/\/www.notibras.com\/site\/#organization\",\"name\":\"Grupo Notibras de Comunica\u00e7\u00e3o\",\"url\":\"https:\/\/www.notibras.com\/site\/\",\"logo\":{\"@type\":\"ImageObject\",\"inLanguage\":\"pt-BR\",\"@id\":\"https:\/\/www.notibras.com\/site\/#\/schema\/logo\/image\/\",\"url\":\"https:\/\/www.notibras.com\/site\/wp-content\/uploads\/2023\/01\/notibras23.png\",\"contentUrl\":\"https:\/\/www.notibras.com\/site\/wp-content\/uploads\/2023\/01\/notibras23.png\",\"width\":350,\"height\":87,\"caption\":\"Grupo Notibras de Comunica\u00e7\u00e3o\"},\"image\":{\"@id\":\"https:\/\/www.notibras.com\/site\/#\/schema\/logo\/image\/\"},\"sameAs\":[\"https:\/\/www.facebook.com\/notibras\/\",\"https:\/\/x.com\/Notibras\",\"https:\/\/www.instagram.com\/notibras\/\"]},{\"@type\":\"Person\",\"@id\":\"https:\/\/www.notibras.com\/site\/#\/schema\/person\/36ab0979449956132d3e5b517ea76ac8\",\"name\":\"Reda\u00e7\u00e3o\",\"image\":{\"@type\":\"ImageObject\",\"inLanguage\":\"pt-BR\",\"@id\":\"https:\/\/secure.gravatar.com\/avatar\/e0a867bdedb85fd243eadf09663511f96fc81e0720a4a42581f334ad4303aa6b?s=96&d=mm&r=g\",\"url\":\"https:\/\/secure.gravatar.com\/avatar\/e0a867bdedb85fd243eadf09663511f96fc81e0720a4a42581f334ad4303aa6b?s=96&d=mm&r=g\",\"contentUrl\":\"https:\/\/secure.gravatar.com\/avatar\/e0a867bdedb85fd243eadf09663511f96fc81e0720a4a42581f334ad4303aa6b?s=96&d=mm&r=g\",\"caption\":\"Reda\u00e7\u00e3o\"}}]}<\/script>\n<!-- \/ Yoast SEO plugin. -->","yoast_head_json":{"title":"Produtores aprendem a fazer reservat\u00f3rio em ferro e cimento - Notibras","robots":{"index":"index","follow":"follow","max-snippet":"max-snippet:-1","max-image-preview":"max-image-preview:large","max-video-preview":"max-video-preview:-1"},"canonical":"https:\/\/www.notibras.com\/site\/produtores-aprendem-a-fazer-reservatorio-em-ferro-e-cimento\/","og_locale":"pt_BR","og_type":"article","og_title":"Produtores aprendem a fazer reservat\u00f3rio em ferro e cimento - Notibras","og_description":"Quinze produtores rurais do Assentamento Pinheiral, na Aguilhada, regi\u00e3o de S\u00e3o Sebasti\u00e3o, conclu\u00edram o curso de Produ\u00e7\u00e3o de Reservat\u00f3rio em Ferro Solo Cimento, promovido pela Emater-DF em parceria com o Servi\u00e7o Nacional de Aprendizagem Rural (Senar). As pr\u00e1ticas do curso foram fundamentadas na din\u00e2mica das comunidades rurais sustent\u00e1veis. T\u00e9cnica permite produ\u00e7\u00e3o ativa tanto durante a [&hellip;]","og_url":"https:\/\/www.notibras.com\/site\/produtores-aprendem-a-fazer-reservatorio-em-ferro-e-cimento\/","og_site_name":"Notibras","article_publisher":"https:\/\/www.facebook.com\/notibras\/","article_published_time":"2023-06-25T18:50:36+00:00","article_modified_time":"2023-06-25T19:54:47+00:00","og_image":[{"width":750,"height":420,"url":"https:\/\/www.notibras.com\/site\/wp-content\/uploads\/2023\/06\/ferro.cimento.jpg","type":"image\/jpeg"}],"author":"Reda\u00e7\u00e3o","twitter_card":"summary_large_image","twitter_creator":"@Notibras","twitter_site":"@Notibras","twitter_misc":{"Escrito por":"Reda\u00e7\u00e3o","Est. tempo de leitura":"4 minutos"},"schema":{"@context":"https:\/\/schema.org","@graph":[{"@type":"Article","@id":"https:\/\/www.notibras.com\/site\/produtores-aprendem-a-fazer-reservatorio-em-ferro-e-cimento\/#article","isPartOf":{"@id":"https:\/\/www.notibras.com\/site\/produtores-aprendem-a-fazer-reservatorio-em-ferro-e-cimento\/"},"author":{"name":"Reda\u00e7\u00e3o","@id":"https:\/\/www.notibras.com\/site\/#\/schema\/person\/36ab0979449956132d3e5b517ea76ac8"},"headline":"Produtores aprendem a fazer reservat\u00f3rio em ferro e cimento","datePublished":"2023-06-25T18:50:36+00:00","dateModified":"2023-06-25T19:54:47+00:00","mainEntityOfPage":{"@id":"https:\/\/www.notibras.com\/site\/produtores-aprendem-a-fazer-reservatorio-em-ferro-e-cimento\/"},"wordCount":681,"publisher":{"@id":"https:\/\/www.notibras.com\/site\/#organization"},"image":{"@id":"https:\/\/www.notibras.com\/site\/produtores-aprendem-a-fazer-reservatorio-em-ferro-e-cimento\/#primaryimage"},"thumbnailUrl":"https:\/\/www.notibras.com\/site\/wp-content\/uploads\/2023\/06\/ferro.cimento.jpg","articleSection":["Quadradinho em Foco"],"inLanguage":"pt-BR"},{"@type":"WebPage","@id":"https:\/\/www.notibras.com\/site\/produtores-aprendem-a-fazer-reservatorio-em-ferro-e-cimento\/","url":"https:\/\/www.notibras.com\/site\/produtores-aprendem-a-fazer-reservatorio-em-ferro-e-cimento\/","name":"Produtores aprendem a fazer reservat\u00f3rio em ferro e cimento - Notibras","isPartOf":{"@id":"https:\/\/www.notibras.com\/site\/#website"},"primaryImageOfPage":{"@id":"https:\/\/www.notibras.com\/site\/produtores-aprendem-a-fazer-reservatorio-em-ferro-e-cimento\/#primaryimage"},"image":{"@id":"https:\/\/www.notibras.com\/site\/produtores-aprendem-a-fazer-reservatorio-em-ferro-e-cimento\/#primaryimage"},"thumbnailUrl":"https:\/\/www.notibras.com\/site\/wp-content\/uploads\/2023\/06\/ferro.cimento.jpg","datePublished":"2023-06-25T18:50:36+00:00","dateModified":"2023-06-25T19:54:47+00:00","breadcrumb":{"@id":"https:\/\/www.notibras.com\/site\/produtores-aprendem-a-fazer-reservatorio-em-ferro-e-cimento\/#breadcrumb"},"inLanguage":"pt-BR","potentialAction":[{"@type":"ReadAction","target":["https:\/\/www.notibras.com\/site\/produtores-aprendem-a-fazer-reservatorio-em-ferro-e-cimento\/"]}]},{"@type":"ImageObject","inLanguage":"pt-BR","@id":"https:\/\/www.notibras.com\/site\/produtores-aprendem-a-fazer-reservatorio-em-ferro-e-cimento\/#primaryimage","url":"https:\/\/www.notibras.com\/site\/wp-content\/uploads\/2023\/06\/ferro.cimento.jpg","contentUrl":"https:\/\/www.notibras.com\/site\/wp-content\/uploads\/2023\/06\/ferro.cimento.jpg","width":750,"height":420},{"@type":"BreadcrumbList","@id":"https:\/\/www.notibras.com\/site\/produtores-aprendem-a-fazer-reservatorio-em-ferro-e-cimento\/#breadcrumb","itemListElement":[{"@type":"ListItem","position":1,"name":"In\u00edcio","item":"https:\/\/www.notibras.com\/site\/"},{"@type":"ListItem","position":2,"name":"Produtores aprendem a fazer reservat\u00f3rio em ferro e cimento"}]},{"@type":"WebSite","@id":"https:\/\/www.notibras.com\/site\/#website","url":"https:\/\/www.notibras.com\/site\/","name":"Notibras","description":"Not\u00edcias de Bras\u00edlia, do Brasil e do Mundo","publisher":{"@id":"https:\/\/www.notibras.com\/site\/#organization"},"potentialAction":[{"@type":"SearchAction","target":{"@type":"EntryPoint","urlTemplate":"https:\/\/www.notibras.com\/site\/?s={search_term_string}"},"query-input":{"@type":"PropertyValueSpecification","valueRequired":true,"valueName":"search_term_string"}}],"inLanguage":"pt-BR"},{"@type":"Organization","@id":"https:\/\/www.notibras.com\/site\/#organization","name":"Grupo Notibras de Comunica\u00e7\u00e3o","url":"https:\/\/www.notibras.com\/site\/","logo":{"@type":"ImageObject","inLanguage":"pt-BR","@id":"https:\/\/www.notibras.com\/site\/#\/schema\/logo\/image\/","url":"https:\/\/www.notibras.com\/site\/wp-content\/uploads\/2023\/01\/notibras23.png","contentUrl":"https:\/\/www.notibras.com\/site\/wp-content\/uploads\/2023\/01\/notibras23.png","width":350,"height":87,"caption":"Grupo Notibras de Comunica\u00e7\u00e3o"},"image":{"@id":"https:\/\/www.notibras.com\/site\/#\/schema\/logo\/image\/"},"sameAs":["https:\/\/www.facebook.com\/notibras\/","https:\/\/x.com\/Notibras","https:\/\/www.instagram.com\/notibras\/"]},{"@type":"Person","@id":"https:\/\/www.notibras.com\/site\/#\/schema\/person\/36ab0979449956132d3e5b517ea76ac8","name":"Reda\u00e7\u00e3o","image":{"@type":"ImageObject","inLanguage":"pt-BR","@id":"https:\/\/secure.gravatar.com\/avatar\/e0a867bdedb85fd243eadf09663511f96fc81e0720a4a42581f334ad4303aa6b?s=96&d=mm&r=g","url":"https:\/\/secure.gravatar.com\/avatar\/e0a867bdedb85fd243eadf09663511f96fc81e0720a4a42581f334ad4303aa6b?s=96&d=mm&r=g","contentUrl":"https:\/\/secure.gravatar.com\/avatar\/e0a867bdedb85fd243eadf09663511f96fc81e0720a4a42581f334ad4303aa6b?s=96&d=mm&r=g","caption":"Reda\u00e7\u00e3o"}}]}},"amp_enabled":true,"_links":{"self":[{"href":"https:\/\/www.notibras.com\/site\/wp-json\/wp\/v2\/posts\/307604","targetHints":{"allow":["GET"]}}],"collection":[{"href":"https:\/\/www.notibras.com\/site\/wp-json\/wp\/v2\/posts"}],"about":[{"href":"https:\/\/www.notibras.com\/site\/wp-json\/wp\/v2\/types\/post"}],"author":[{"embeddable":true,"href":"https:\/\/www.notibras.com\/site\/wp-json\/wp\/v2\/users\/2"}],"replies":[{"embeddable":true,"href":"https:\/\/www.notibras.com\/site\/wp-json\/wp\/v2\/comments?post=307604"}],"version-history":[{"count":1,"href":"https:\/\/www.notibras.com\/site\/wp-json\/wp\/v2\/posts\/307604\/revisions"}],"predecessor-version":[{"id":307606,"href":"https:\/\/www.notibras.com\/site\/wp-json\/wp\/v2\/posts\/307604\/revisions\/307606"}],"wp:featuredmedia":[{"embeddable":true,"href":"https:\/\/www.notibras.com\/site\/wp-json\/wp\/v2\/media\/307605"}],"wp:attachment":[{"href":"https:\/\/www.notibras.com\/site\/wp-json\/wp\/v2\/media?parent=307604"}],"wp:term":[{"taxonomy":"category","embeddable":true,"href":"https:\/\/www.notibras.com\/site\/wp-json\/wp\/v2\/categories?post=307604"},{"taxonomy":"post_tag","embeddable":true,"href":"https:\/\/www.notibras.com\/site\/wp-json\/wp\/v2\/tags?post=307604"}],"curies":[{"name":"wp","href":"https:\/\/api.w.org\/{rel}","templated":true}]}}