{"id":307619,"date":"2023-06-26T07:10:11","date_gmt":"2023-06-26T10:10:11","guid":{"rendered":"https:\/\/www.notibras.com\/site\/?p=307619"},"modified":"2023-06-26T07:47:58","modified_gmt":"2023-06-26T10:47:58","slug":"reajustes-das-mensalidades-deixam-estudantes-sem-opcao","status":"publish","type":"post","link":"https:\/\/www.notibras.com\/site\/reajustes-das-mensalidades-deixam-estudantes-sem-opcao\/","title":{"rendered":"Reajustes das mensalidades deixam estudantes sem op\u00e7\u00e3o"},"content":{"rendered":"<p>Os recentes reajustes das mensalidades do ensino superior podem deixar v\u00e1rios estudantes de fora da faculdade, por n\u00e3o terem condi\u00e7\u00f5es de pagar, de acordo com estudo feito pela Quero Educa\u00e7\u00e3o. O levantamento mostra que enquanto os futuros alunos buscam mensalidades de cerca de R$ 500, a m\u00e9dia cobrada pelas institui\u00e7\u00f5es \u00e9 R$ 722. Isso faz com que 68% daqueles que est\u00e3o em busca de uma forma\u00e7\u00e3o superior n\u00e3o encontrem op\u00e7\u00f5es vi\u00e1veis.<\/p>\n<p>O levantamento foi realizado a partir das buscas feitas na plataforma Quero Bolsa, um dos bra\u00e7os da Quero Educa\u00e7\u00e3o. Pela plataforma, estudantes podem obter bolsas de estudos de 5% a 80% de desconto em institui\u00e7\u00f5es privadas. Hoje, as bolsas ofertadas cobrem, de acordo com a Quero, 10% das matr\u00edculas nas faculdades. Mais de 1,3 mil institui\u00e7\u00f5es ofertam bolsas de estudo pela plataforma.<\/p>\n<p>Segundo a Quero Educa\u00e7\u00e3o, no in\u00edcio deste ano as maiores institui\u00e7\u00f5es do mercado praticavam, na plataforma, um pre\u00e7o m\u00e9dio nas mensalidades de R$ 530, enquanto os alunos buscavam cursos com pre\u00e7o m\u00e9dio de R$ 526. Ao longo do ano, em meio \u00e0 queda no poder de compra, os estudantes passaram a buscar gradua\u00e7\u00f5es presenciais com um pre\u00e7o m\u00e9dio de R$ 495, enquanto o valor m\u00e9dio das mensalidades ofertadas na plataforma foi elevado para R$ 722, representando um aumento de 45% em rela\u00e7\u00e3o a faixa buscada pelos alunos.<\/p>\n<p>Se antes as institui\u00e7\u00f5es atendiam a 63% dos estudantes que buscavam vagas, agora essa porcentagem caiu para 32%. \u201cN\u00e3o houve aumento do poder de compra dos alunos, eles n\u00e3o podem pagar esse pre\u00e7o. \u00c9 isso que a gente vem alertando. Est\u00e1 ficando muita gente de fora. E o fato \u00e9 que as institui\u00e7\u00f5es n\u00e3o v\u00e3o conseguir encher as suas salas\u201d, alerta o diretor da Quero Educa\u00e7\u00e3o, Marcelo Lima.<\/p>\n<p>Para Lima os descontos nas mensalidades e as bolsas de estudos s\u00e3o mais vantajosas que os financiamentos, pois podem garantir a forma\u00e7\u00e3o dos alunos sem que eles fiquem endividados quando deixam a universidade. &#8220;\u00c9 uma grande oportunidade para as faculdades que quiserem trabalhar nesse mercado num pre\u00e7o mais acess\u00edvel para os alunos. \u00c9 uma oportunidade para elas encherem suas salas, porque \u00e9 muito melhor ter uma sala cheia de alunos pagando R$ 500 do que ter uma sala pela metade, conseguindo captar aqueles alunos que est\u00e3o dispostos a pagar R$ 720&#8221;.<\/p>\n<p><strong>Reajustes necess\u00e1rios<\/strong><br \/>\nEntidades representativas do ensino superior reconhecem a dificuldade dos estudantes em pagar as mensalidades, mas ressaltam que os reajustes s\u00e3o necess\u00e1rios, uma vez que muitas das institui\u00e7\u00f5es, durante a pandemia, n\u00e3o aumentaram as mensalidades. \u201cO pre\u00e7o \u00e9 formado com base no custo. Houve, pela infla\u00e7\u00e3o, aumento real de custos nas universidades, aumento de luz, aluguel, corre\u00e7\u00e3o de sal\u00e1rios\u201d, argumenta o diretor presidente da Associa\u00e7\u00e3o Brasileira de Mantenedoras de Ensino Superior (ABMES), Celso Niskier. De acordo com ele, cerca da metade das vagas ofertadas pelas institui\u00e7\u00f5es n\u00e3o s\u00e3o preenchidas.<\/p>\n<p>Segundo o diretor executivo do Semesp, que tamb\u00e9m representa as mantenedoras de ensino superior do Brasil, Rodrigo Capelato, cerca de 30% a 35% dos estudantes t\u00eam atualmente algum desconto ou bolsa. \u201cEm 2023, houve pequena recupera\u00e7\u00e3o do setor, mas sempre com muito desconto, precisando ajustar valores porque o poder aquisitivo ainda est\u00e1 muito baixo e as fam\u00edlias est\u00e3o muito endividadas\u201d, disse.<\/p>\n<p>Capelato ressalta que n\u00e3o \u00e9 poss\u00edvel oferecer descontos a todos os estudantes. \u201cO valor m\u00e9dio das mensalidades \u00e9 R$ 800 a R$ 1,5 mil. Sen\u00e3o, n\u00e3o pagamos os custos, principalmente no ensino presencial\u201d.<\/p>\n<p>Ambos defendem o Fundo de Financiamento Estudantil (Fies) como forma de manter os alunos e garantir a forma\u00e7\u00e3o, j\u00e1 que mesmo com bolsas, eles n\u00e3o t\u00eam condi\u00e7\u00f5es de pagar at\u00e9 o final do curso. Atualmente, o setor privado concentra 77% das matr\u00edculas do ensino superior brasileiro, de acordo com o \u00faltimo Censo da Educa\u00e7\u00e3o Superior. \u201cA gente precisa de uma forma de ingressar via setor privado, sen\u00e3o n\u00e3o consegue dar cobertura. E a melhor forma \u00e9 ampliar o financiamento estudantil\u201d, defende Capelato.<\/p>\n<p>\u201cAs pessoas que buscam ensino superior carecem de financiamento estudantil, um novo Fies at\u00e9 para retomar o car\u00e1ter social que defendemos, como era da origem. No Brasil, se n\u00e3o tiver financiamento com esse car\u00e1ter, vai ter mais gente precisando fazer curso superior e n\u00e3o conseguindo\u201d, defende Niskier.<\/p>\n<p><strong>Qualidade<\/strong><br \/>\nPara os estudantes, \u00e9 importante que o ensino ofertado seja de qualidade, o que muitas vezes n\u00e3o tem ocorrido, de acordo com a coordenadora de Comunica\u00e7\u00e3o da Uni\u00e3o Nacional dos Estudantes (Une), Manuella Silva.<\/p>\n<p>\u201cA gente precisa, nesse momento, para al\u00e9m de garantir que estudantes tenham acesso ao ensino superior, garantir a qualidade do ensino superior. O que n\u00f3s vemos \u00e9 o lucro acima da qualidade\u201d, disse.<\/p>\n<p>Segundo Manuella, a UNE recebe reclama\u00e7\u00f5es de estudantes que acabam tendo aulas gravadas h\u00e1 muitos anos, j\u00e1 desatualizadas, que n\u00e3o tem laborat\u00f3rios para pr\u00e1ticas, entre outras reclama\u00e7\u00f5es.<\/p>\n<p>Sobre os reajustes, a estudante ressalta que os aumentos est\u00e3o recaindo n\u00e3o apenas para os estudantes que est\u00e3o ingressando na universidade, mas para aqueles que j\u00e1 est\u00e3o matriculados e que acabam n\u00e3o tendo condi\u00e7\u00f5es para se manter estudando.<\/p>\n<p>De acordo com Manuella, a UNE defende, al\u00e9m de um Fies que consiga assegurar que os estudantes concluam os cursos, uma garantia de emprego, para que possam, assim que formados, quitar suas d\u00edvidas com o programa.<\/p>\n<p>\u201cA gente defende o Fies, mas defende que ele consiga garantir o pleno emprego, para que os estudantes consigam ter acesso ao mercado de trabalho. O Fies \u00e9 importante para garantir entrada na universidade, mas que seja um Fies que os estudantes consigam entrar, permanecer e concluir um curso com qualidade, que n\u00e3o o deixem pela metade\u201d, defende.<\/p>\n<p><strong>Fies<\/strong><br \/>\nAtualmente, o Fies est\u00e1 sendo discutido em um grupo de trabalho criado pelo Minist\u00e9rio da Educa\u00e7\u00e3o. As discuss\u00f5es, em tese, terminam em setembro. A Portaria 390, que oficializou o grupo de trabalho, foi publicada no Di\u00e1rio Oficial da Uni\u00e3o (DOU) no dia 8 de mar\u00e7o, com a finalidade de promover estudos t\u00e9cnicos relacionados ao Fundo, como diagn\u00f3sticos sobre a situa\u00e7\u00e3o atual do Fies, a reavalia\u00e7\u00e3o do limite de financiamento e a desburocratiza\u00e7\u00e3o do programa.<\/p>\n<p>Criado em 1999, o Fies oferece financiamento a estudantes de baixa renda em institui\u00e7\u00f5es particulares de ensino a condi\u00e7\u00f5es mais favor\u00e1veis que as de mercado. O programa, que chegou a firmar, em 2014, mais de 732 mil contratos, sofreu, desde 2015, uma s\u00e9rie de mudan\u00e7as e enxugamentos. Em 2019, foram cerca de 67 mil ingressantes no ensino superior pelo Fies.<\/p>\n<p>Um dos principais motivos para as mudan\u00e7as nas regras do Fies, de acordo com gest\u00f5es anteriores do Minist\u00e9rio da Educa\u00e7\u00e3o, foi a alta inadimpl\u00eancia, ou seja, estudantes que contratam o financiamento e n\u00e3o quitam as d\u00edvidas ap\u00f3s formados. O percentual de inadimpl\u00eancia registrado pelo programa chegou a atingir mais de 40%, de acordo com dados do minist\u00e9rio, de 2018.<\/p>\n","protected":false},"excerpt":{"rendered":"<p>Os recentes reajustes das mensalidades do ensino superior podem deixar v\u00e1rios estudantes de fora da faculdade, por n\u00e3o terem condi\u00e7\u00f5es de pagar, de acordo com estudo feito pela Quero Educa\u00e7\u00e3o. O levantamento mostra que enquanto os futuros alunos buscam mensalidades de cerca de R$ 500, a m\u00e9dia cobrada pelas institui\u00e7\u00f5es \u00e9 R$ 722. Isso faz [&hellip;]<\/p>\n","protected":false},"author":2,"featured_media":307620,"comment_status":"closed","ping_status":"closed","sticky":false,"template":"","format":"standard","meta":{"_acf_changed":false,"footnotes":""},"categories":[161],"tags":[95],"class_list":["post-307619","post","type-post","status-publish","format-standard","has-post-thumbnail","hentry","category-quadradinho-em-foco","tag-capa"],"acf":[],"yoast_head":"<!-- This site is optimized with the Yoast SEO plugin v27.2 - https:\/\/yoast.com\/product\/yoast-seo-wordpress\/ -->\n<title>Reajustes das mensalidades deixam estudantes sem op\u00e7\u00e3o - Notibras<\/title>\n<meta name=\"robots\" content=\"index, follow, max-snippet:-1, max-image-preview:large, max-video-preview:-1\" \/>\n<link rel=\"canonical\" href=\"https:\/\/www.notibras.com\/site\/reajustes-das-mensalidades-deixam-estudantes-sem-opcao\/\" \/>\n<meta property=\"og:locale\" content=\"pt_BR\" \/>\n<meta property=\"og:type\" content=\"article\" \/>\n<meta property=\"og:title\" content=\"Reajustes das mensalidades deixam estudantes sem op\u00e7\u00e3o - Notibras\" \/>\n<meta property=\"og:description\" content=\"Os recentes reajustes das mensalidades do ensino superior podem deixar v\u00e1rios estudantes de fora da faculdade, por n\u00e3o terem condi\u00e7\u00f5es de pagar, de acordo com estudo feito pela Quero Educa\u00e7\u00e3o. O levantamento mostra que enquanto os futuros alunos buscam mensalidades de cerca de R$ 500, a m\u00e9dia cobrada pelas institui\u00e7\u00f5es \u00e9 R$ 722. Isso faz [&hellip;]\" \/>\n<meta property=\"og:url\" content=\"https:\/\/www.notibras.com\/site\/reajustes-das-mensalidades-deixam-estudantes-sem-opcao\/\" \/>\n<meta property=\"og:site_name\" content=\"Notibras\" \/>\n<meta property=\"article:publisher\" content=\"https:\/\/www.facebook.com\/notibras\/\" \/>\n<meta property=\"article:published_time\" content=\"2023-06-26T10:10:11+00:00\" \/>\n<meta property=\"article:modified_time\" content=\"2023-06-26T10:47:58+00:00\" \/>\n<meta property=\"og:image\" content=\"https:\/\/www.notibras.com\/site\/wp-content\/uploads\/2023\/06\/escolacara.jpg\" \/>\n\t<meta property=\"og:image:width\" content=\"1170\" \/>\n\t<meta property=\"og:image:height\" content=\"700\" \/>\n\t<meta property=\"og:image:type\" content=\"image\/jpeg\" \/>\n<meta name=\"author\" content=\"Reda\u00e7\u00e3o\" \/>\n<meta name=\"twitter:card\" content=\"summary_large_image\" \/>\n<meta name=\"twitter:creator\" content=\"@Notibras\" \/>\n<meta name=\"twitter:site\" content=\"@Notibras\" \/>\n<meta name=\"twitter:label1\" content=\"Escrito por\" \/>\n\t<meta name=\"twitter:data1\" content=\"Reda\u00e7\u00e3o\" \/>\n\t<meta name=\"twitter:label2\" content=\"Est. tempo de leitura\" \/>\n\t<meta name=\"twitter:data2\" content=\"7 minutos\" \/>\n<script type=\"application\/ld+json\" class=\"yoast-schema-graph\">{\"@context\":\"https:\/\/schema.org\",\"@graph\":[{\"@type\":\"Article\",\"@id\":\"https:\/\/www.notibras.com\/site\/reajustes-das-mensalidades-deixam-estudantes-sem-opcao\/#article\",\"isPartOf\":{\"@id\":\"https:\/\/www.notibras.com\/site\/reajustes-das-mensalidades-deixam-estudantes-sem-opcao\/\"},\"author\":{\"name\":\"Reda\u00e7\u00e3o\",\"@id\":\"https:\/\/www.notibras.com\/site\/#\/schema\/person\/36ab0979449956132d3e5b517ea76ac8\"},\"headline\":\"Reajustes das mensalidades deixam estudantes sem op\u00e7\u00e3o\",\"datePublished\":\"2023-06-26T10:10:11+00:00\",\"dateModified\":\"2023-06-26T10:47:58+00:00\",\"mainEntityOfPage\":{\"@id\":\"https:\/\/www.notibras.com\/site\/reajustes-das-mensalidades-deixam-estudantes-sem-opcao\/\"},\"wordCount\":1196,\"publisher\":{\"@id\":\"https:\/\/www.notibras.com\/site\/#organization\"},\"image\":{\"@id\":\"https:\/\/www.notibras.com\/site\/reajustes-das-mensalidades-deixam-estudantes-sem-opcao\/#primaryimage\"},\"thumbnailUrl\":\"https:\/\/www.notibras.com\/site\/wp-content\/uploads\/2023\/06\/escolacara.jpg\",\"keywords\":[\"capa\"],\"articleSection\":[\"Quadradinho em Foco\"],\"inLanguage\":\"pt-BR\"},{\"@type\":\"WebPage\",\"@id\":\"https:\/\/www.notibras.com\/site\/reajustes-das-mensalidades-deixam-estudantes-sem-opcao\/\",\"url\":\"https:\/\/www.notibras.com\/site\/reajustes-das-mensalidades-deixam-estudantes-sem-opcao\/\",\"name\":\"Reajustes das mensalidades deixam estudantes sem op\u00e7\u00e3o - Notibras\",\"isPartOf\":{\"@id\":\"https:\/\/www.notibras.com\/site\/#website\"},\"primaryImageOfPage\":{\"@id\":\"https:\/\/www.notibras.com\/site\/reajustes-das-mensalidades-deixam-estudantes-sem-opcao\/#primaryimage\"},\"image\":{\"@id\":\"https:\/\/www.notibras.com\/site\/reajustes-das-mensalidades-deixam-estudantes-sem-opcao\/#primaryimage\"},\"thumbnailUrl\":\"https:\/\/www.notibras.com\/site\/wp-content\/uploads\/2023\/06\/escolacara.jpg\",\"datePublished\":\"2023-06-26T10:10:11+00:00\",\"dateModified\":\"2023-06-26T10:47:58+00:00\",\"breadcrumb\":{\"@id\":\"https:\/\/www.notibras.com\/site\/reajustes-das-mensalidades-deixam-estudantes-sem-opcao\/#breadcrumb\"},\"inLanguage\":\"pt-BR\",\"potentialAction\":[{\"@type\":\"ReadAction\",\"target\":[\"https:\/\/www.notibras.com\/site\/reajustes-das-mensalidades-deixam-estudantes-sem-opcao\/\"]}]},{\"@type\":\"ImageObject\",\"inLanguage\":\"pt-BR\",\"@id\":\"https:\/\/www.notibras.com\/site\/reajustes-das-mensalidades-deixam-estudantes-sem-opcao\/#primaryimage\",\"url\":\"https:\/\/www.notibras.com\/site\/wp-content\/uploads\/2023\/06\/escolacara.jpg\",\"contentUrl\":\"https:\/\/www.notibras.com\/site\/wp-content\/uploads\/2023\/06\/escolacara.jpg\",\"width\":1170,\"height\":700,\"caption\":\"Participantes do Exame Nacional do Ensino M\u00e9dio (Enem) 2021 fazem, neste domingo (28), segundo dia de avalia\u00e7\u00e3o, provas de matem\u00e1tica e de ci\u00eancia da natureza.\"},{\"@type\":\"BreadcrumbList\",\"@id\":\"https:\/\/www.notibras.com\/site\/reajustes-das-mensalidades-deixam-estudantes-sem-opcao\/#breadcrumb\",\"itemListElement\":[{\"@type\":\"ListItem\",\"position\":1,\"name\":\"In\u00edcio\",\"item\":\"https:\/\/www.notibras.com\/site\/\"},{\"@type\":\"ListItem\",\"position\":2,\"name\":\"Reajustes das mensalidades deixam estudantes sem op\u00e7\u00e3o\"}]},{\"@type\":\"WebSite\",\"@id\":\"https:\/\/www.notibras.com\/site\/#website\",\"url\":\"https:\/\/www.notibras.com\/site\/\",\"name\":\"Notibras\",\"description\":\"Not\u00edcias de Bras\u00edlia, do Brasil e do Mundo\",\"publisher\":{\"@id\":\"https:\/\/www.notibras.com\/site\/#organization\"},\"potentialAction\":[{\"@type\":\"SearchAction\",\"target\":{\"@type\":\"EntryPoint\",\"urlTemplate\":\"https:\/\/www.notibras.com\/site\/?s={search_term_string}\"},\"query-input\":{\"@type\":\"PropertyValueSpecification\",\"valueRequired\":true,\"valueName\":\"search_term_string\"}}],\"inLanguage\":\"pt-BR\"},{\"@type\":\"Organization\",\"@id\":\"https:\/\/www.notibras.com\/site\/#organization\",\"name\":\"Grupo Notibras de Comunica\u00e7\u00e3o\",\"url\":\"https:\/\/www.notibras.com\/site\/\",\"logo\":{\"@type\":\"ImageObject\",\"inLanguage\":\"pt-BR\",\"@id\":\"https:\/\/www.notibras.com\/site\/#\/schema\/logo\/image\/\",\"url\":\"https:\/\/www.notibras.com\/site\/wp-content\/uploads\/2023\/01\/notibras23.png\",\"contentUrl\":\"https:\/\/www.notibras.com\/site\/wp-content\/uploads\/2023\/01\/notibras23.png\",\"width\":350,\"height\":87,\"caption\":\"Grupo Notibras de Comunica\u00e7\u00e3o\"},\"image\":{\"@id\":\"https:\/\/www.notibras.com\/site\/#\/schema\/logo\/image\/\"},\"sameAs\":[\"https:\/\/www.facebook.com\/notibras\/\",\"https:\/\/x.com\/Notibras\",\"https:\/\/www.instagram.com\/notibras\/\"]},{\"@type\":\"Person\",\"@id\":\"https:\/\/www.notibras.com\/site\/#\/schema\/person\/36ab0979449956132d3e5b517ea76ac8\",\"name\":\"Reda\u00e7\u00e3o\",\"image\":{\"@type\":\"ImageObject\",\"inLanguage\":\"pt-BR\",\"@id\":\"https:\/\/secure.gravatar.com\/avatar\/e0a867bdedb85fd243eadf09663511f96fc81e0720a4a42581f334ad4303aa6b?s=96&d=mm&r=g\",\"url\":\"https:\/\/secure.gravatar.com\/avatar\/e0a867bdedb85fd243eadf09663511f96fc81e0720a4a42581f334ad4303aa6b?s=96&d=mm&r=g\",\"contentUrl\":\"https:\/\/secure.gravatar.com\/avatar\/e0a867bdedb85fd243eadf09663511f96fc81e0720a4a42581f334ad4303aa6b?s=96&d=mm&r=g\",\"caption\":\"Reda\u00e7\u00e3o\"}}]}<\/script>\n<!-- \/ Yoast SEO plugin. -->","yoast_head_json":{"title":"Reajustes das mensalidades deixam estudantes sem op\u00e7\u00e3o - Notibras","robots":{"index":"index","follow":"follow","max-snippet":"max-snippet:-1","max-image-preview":"max-image-preview:large","max-video-preview":"max-video-preview:-1"},"canonical":"https:\/\/www.notibras.com\/site\/reajustes-das-mensalidades-deixam-estudantes-sem-opcao\/","og_locale":"pt_BR","og_type":"article","og_title":"Reajustes das mensalidades deixam estudantes sem op\u00e7\u00e3o - Notibras","og_description":"Os recentes reajustes das mensalidades do ensino superior podem deixar v\u00e1rios estudantes de fora da faculdade, por n\u00e3o terem condi\u00e7\u00f5es de pagar, de acordo com estudo feito pela Quero Educa\u00e7\u00e3o. O levantamento mostra que enquanto os futuros alunos buscam mensalidades de cerca de R$ 500, a m\u00e9dia cobrada pelas institui\u00e7\u00f5es \u00e9 R$ 722. Isso faz [&hellip;]","og_url":"https:\/\/www.notibras.com\/site\/reajustes-das-mensalidades-deixam-estudantes-sem-opcao\/","og_site_name":"Notibras","article_publisher":"https:\/\/www.facebook.com\/notibras\/","article_published_time":"2023-06-26T10:10:11+00:00","article_modified_time":"2023-06-26T10:47:58+00:00","og_image":[{"width":1170,"height":700,"url":"https:\/\/www.notibras.com\/site\/wp-content\/uploads\/2023\/06\/escolacara.jpg","type":"image\/jpeg"}],"author":"Reda\u00e7\u00e3o","twitter_card":"summary_large_image","twitter_creator":"@Notibras","twitter_site":"@Notibras","twitter_misc":{"Escrito por":"Reda\u00e7\u00e3o","Est. tempo de leitura":"7 minutos"},"schema":{"@context":"https:\/\/schema.org","@graph":[{"@type":"Article","@id":"https:\/\/www.notibras.com\/site\/reajustes-das-mensalidades-deixam-estudantes-sem-opcao\/#article","isPartOf":{"@id":"https:\/\/www.notibras.com\/site\/reajustes-das-mensalidades-deixam-estudantes-sem-opcao\/"},"author":{"name":"Reda\u00e7\u00e3o","@id":"https:\/\/www.notibras.com\/site\/#\/schema\/person\/36ab0979449956132d3e5b517ea76ac8"},"headline":"Reajustes das mensalidades deixam estudantes sem op\u00e7\u00e3o","datePublished":"2023-06-26T10:10:11+00:00","dateModified":"2023-06-26T10:47:58+00:00","mainEntityOfPage":{"@id":"https:\/\/www.notibras.com\/site\/reajustes-das-mensalidades-deixam-estudantes-sem-opcao\/"},"wordCount":1196,"publisher":{"@id":"https:\/\/www.notibras.com\/site\/#organization"},"image":{"@id":"https:\/\/www.notibras.com\/site\/reajustes-das-mensalidades-deixam-estudantes-sem-opcao\/#primaryimage"},"thumbnailUrl":"https:\/\/www.notibras.com\/site\/wp-content\/uploads\/2023\/06\/escolacara.jpg","keywords":["capa"],"articleSection":["Quadradinho em Foco"],"inLanguage":"pt-BR"},{"@type":"WebPage","@id":"https:\/\/www.notibras.com\/site\/reajustes-das-mensalidades-deixam-estudantes-sem-opcao\/","url":"https:\/\/www.notibras.com\/site\/reajustes-das-mensalidades-deixam-estudantes-sem-opcao\/","name":"Reajustes das mensalidades deixam estudantes sem op\u00e7\u00e3o - Notibras","isPartOf":{"@id":"https:\/\/www.notibras.com\/site\/#website"},"primaryImageOfPage":{"@id":"https:\/\/www.notibras.com\/site\/reajustes-das-mensalidades-deixam-estudantes-sem-opcao\/#primaryimage"},"image":{"@id":"https:\/\/www.notibras.com\/site\/reajustes-das-mensalidades-deixam-estudantes-sem-opcao\/#primaryimage"},"thumbnailUrl":"https:\/\/www.notibras.com\/site\/wp-content\/uploads\/2023\/06\/escolacara.jpg","datePublished":"2023-06-26T10:10:11+00:00","dateModified":"2023-06-26T10:47:58+00:00","breadcrumb":{"@id":"https:\/\/www.notibras.com\/site\/reajustes-das-mensalidades-deixam-estudantes-sem-opcao\/#breadcrumb"},"inLanguage":"pt-BR","potentialAction":[{"@type":"ReadAction","target":["https:\/\/www.notibras.com\/site\/reajustes-das-mensalidades-deixam-estudantes-sem-opcao\/"]}]},{"@type":"ImageObject","inLanguage":"pt-BR","@id":"https:\/\/www.notibras.com\/site\/reajustes-das-mensalidades-deixam-estudantes-sem-opcao\/#primaryimage","url":"https:\/\/www.notibras.com\/site\/wp-content\/uploads\/2023\/06\/escolacara.jpg","contentUrl":"https:\/\/www.notibras.com\/site\/wp-content\/uploads\/2023\/06\/escolacara.jpg","width":1170,"height":700,"caption":"Participantes do Exame Nacional do Ensino M\u00e9dio (Enem) 2021 fazem, neste domingo (28), segundo dia de avalia\u00e7\u00e3o, provas de matem\u00e1tica e de ci\u00eancia da natureza."},{"@type":"BreadcrumbList","@id":"https:\/\/www.notibras.com\/site\/reajustes-das-mensalidades-deixam-estudantes-sem-opcao\/#breadcrumb","itemListElement":[{"@type":"ListItem","position":1,"name":"In\u00edcio","item":"https:\/\/www.notibras.com\/site\/"},{"@type":"ListItem","position":2,"name":"Reajustes das mensalidades deixam estudantes sem op\u00e7\u00e3o"}]},{"@type":"WebSite","@id":"https:\/\/www.notibras.com\/site\/#website","url":"https:\/\/www.notibras.com\/site\/","name":"Notibras","description":"Not\u00edcias de Bras\u00edlia, do Brasil e do Mundo","publisher":{"@id":"https:\/\/www.notibras.com\/site\/#organization"},"potentialAction":[{"@type":"SearchAction","target":{"@type":"EntryPoint","urlTemplate":"https:\/\/www.notibras.com\/site\/?s={search_term_string}"},"query-input":{"@type":"PropertyValueSpecification","valueRequired":true,"valueName":"search_term_string"}}],"inLanguage":"pt-BR"},{"@type":"Organization","@id":"https:\/\/www.notibras.com\/site\/#organization","name":"Grupo Notibras de Comunica\u00e7\u00e3o","url":"https:\/\/www.notibras.com\/site\/","logo":{"@type":"ImageObject","inLanguage":"pt-BR","@id":"https:\/\/www.notibras.com\/site\/#\/schema\/logo\/image\/","url":"https:\/\/www.notibras.com\/site\/wp-content\/uploads\/2023\/01\/notibras23.png","contentUrl":"https:\/\/www.notibras.com\/site\/wp-content\/uploads\/2023\/01\/notibras23.png","width":350,"height":87,"caption":"Grupo Notibras de Comunica\u00e7\u00e3o"},"image":{"@id":"https:\/\/www.notibras.com\/site\/#\/schema\/logo\/image\/"},"sameAs":["https:\/\/www.facebook.com\/notibras\/","https:\/\/x.com\/Notibras","https:\/\/www.instagram.com\/notibras\/"]},{"@type":"Person","@id":"https:\/\/www.notibras.com\/site\/#\/schema\/person\/36ab0979449956132d3e5b517ea76ac8","name":"Reda\u00e7\u00e3o","image":{"@type":"ImageObject","inLanguage":"pt-BR","@id":"https:\/\/secure.gravatar.com\/avatar\/e0a867bdedb85fd243eadf09663511f96fc81e0720a4a42581f334ad4303aa6b?s=96&d=mm&r=g","url":"https:\/\/secure.gravatar.com\/avatar\/e0a867bdedb85fd243eadf09663511f96fc81e0720a4a42581f334ad4303aa6b?s=96&d=mm&r=g","contentUrl":"https:\/\/secure.gravatar.com\/avatar\/e0a867bdedb85fd243eadf09663511f96fc81e0720a4a42581f334ad4303aa6b?s=96&d=mm&r=g","caption":"Reda\u00e7\u00e3o"}}]}},"amp_enabled":true,"_links":{"self":[{"href":"https:\/\/www.notibras.com\/site\/wp-json\/wp\/v2\/posts\/307619","targetHints":{"allow":["GET"]}}],"collection":[{"href":"https:\/\/www.notibras.com\/site\/wp-json\/wp\/v2\/posts"}],"about":[{"href":"https:\/\/www.notibras.com\/site\/wp-json\/wp\/v2\/types\/post"}],"author":[{"embeddable":true,"href":"https:\/\/www.notibras.com\/site\/wp-json\/wp\/v2\/users\/2"}],"replies":[{"embeddable":true,"href":"https:\/\/www.notibras.com\/site\/wp-json\/wp\/v2\/comments?post=307619"}],"version-history":[{"count":1,"href":"https:\/\/www.notibras.com\/site\/wp-json\/wp\/v2\/posts\/307619\/revisions"}],"predecessor-version":[{"id":307621,"href":"https:\/\/www.notibras.com\/site\/wp-json\/wp\/v2\/posts\/307619\/revisions\/307621"}],"wp:featuredmedia":[{"embeddable":true,"href":"https:\/\/www.notibras.com\/site\/wp-json\/wp\/v2\/media\/307620"}],"wp:attachment":[{"href":"https:\/\/www.notibras.com\/site\/wp-json\/wp\/v2\/media?parent=307619"}],"wp:term":[{"taxonomy":"category","embeddable":true,"href":"https:\/\/www.notibras.com\/site\/wp-json\/wp\/v2\/categories?post=307619"},{"taxonomy":"post_tag","embeddable":true,"href":"https:\/\/www.notibras.com\/site\/wp-json\/wp\/v2\/tags?post=307619"}],"curies":[{"name":"wp","href":"https:\/\/api.w.org\/{rel}","templated":true}]}}