{"id":307650,"date":"2023-06-26T11:20:39","date_gmt":"2023-06-26T14:20:39","guid":{"rendered":"https:\/\/www.notibras.com\/site\/?p=307650"},"modified":"2023-06-26T11:42:42","modified_gmt":"2023-06-26T14:42:42","slug":"mulheres-cientistas-lancam-campanha-assediozero","status":"publish","type":"post","link":"https:\/\/www.notibras.com\/site\/mulheres-cientistas-lancam-campanha-assediozero\/","title":{"rendered":"Mulheres Cientistas lan\u00e7am campanha #Ass\u00e9dioZero"},"content":{"rendered":"<p>A Rede Brasileira de Mulheres Cientistas (RBMC) lan\u00e7a nesta semana a campanha nacional #Ass\u00e9dioZero, com o objetivo de estimular o debate sobre a cultura do ass\u00e9dio que atinge mulheres nos espa\u00e7os acad\u00eamicos. Entre as atividades programadas, a organiza\u00e7\u00e3o realizar\u00e1 uma s\u00e9rie de lives com pesquisadoras convidadas para abordar o tema sob diferentes perspectivas.<\/p>\n<p>A primeira live da campanha #Ass\u00e9dioZero ocorre nesta ter\u00e7a-feira (27), \u00e0s 19h30, com transmiss\u00e3o no perfil oficial da RBMC no Instagram. As pesquisadoras Valeska Zanello, da Universidade de de Bras\u00edlia (UnB) e Helo\u00edsa Buarque de Almeida, da Universidade de S\u00e3o Paulo (USP) v\u00e3o dialogar sobre o tema Pelo fim da cultura do ass\u00e9dio no ambiente acad\u00eamico, com media\u00e7\u00e3o de Patr\u00edcia Valim, da Universidade Federal da Bahia (UFBA).<\/p>\n<p>A RBMC realizar\u00e1 uma s\u00e9rie de lives mensais para abordar o tema do ass\u00e9dio nas universidades a partir de diferentes enfoques, como a rela\u00e7\u00e3o entre racismo e sexismo no ass\u00e9dio contra mulheres negras, as formas de acolhimento, os espa\u00e7os de den\u00fancia, os desafios jur\u00eddicos e as iniciativas bem-sucedidas de combate ao problema.<\/p>\n<p>A a\u00e7\u00e3o \u00e9 resultado do trabalho coletivo da rede, impulsionada pela den\u00fancia das pesquisadoras Lieselotte Viaene, Catarina Laranjeiro e Miye Nadya Tom, no texto As paredes falavam quando ningu\u00e9m falava &#8211; Notas autoetnogr\u00e1ficas sobre o controle do poder sexual na academia de vanguarda, publicado em colet\u00e2nea, em mar\u00e7o deste ano. A entidade prop\u00f5e que a campanha seja uma forma de acolhimento \u00e0s professoras, estudantes, t\u00e9cnicas administrativas e profissionais terceirizadas que sofrem ass\u00e9dio.<\/p>\n<p>Segundo a rede, dados de pesquisas sobre o tema demonstram a recorr\u00eancia alarmante do ass\u00e9dio no ambiente acad\u00eamico e a falta de mecanismos dentro destes espa\u00e7os para coibir a pr\u00e1tica, o que afeta profundamente a vida das mulheres.<\/p>\n<p>Em pesquisa realizada pelo Data Popular e Instituto Avon, em 2015, com 1.823 universit\u00e1rios, 67% das estudantes afirmaram ter sofrido viol\u00eancia sexual, psicol\u00f3gica, moral ou f\u00edsica praticada por um homem em institui\u00e7\u00f5es de ensino superior.<\/p>\n<p><strong>Sobre a RBMC<\/strong><br \/>\nA Rede Brasileira de Mulheres Cientistas nasceu em 23 de abril de 2021, com a proposta de desenvolver estrat\u00e9gias de a\u00e7\u00e3o no contexto da pandemia de covid-19. Cerca de 4 mil pesquisadoras de todas as regi\u00f5es do Brasil assinaram a Carta em defesa da Rede. Em dois anos de atua\u00e7\u00e3o, a RBMC vem promovendo debates a partir da perspectiva de g\u00eanero e de ra\u00e7a, desenvolvendo projetos e articulando parcerias para contribuir na constru\u00e7\u00e3o de uma sociedade equitativa.<\/p>\n","protected":false},"excerpt":{"rendered":"<p>A Rede Brasileira de Mulheres Cientistas (RBMC) lan\u00e7a nesta semana a campanha nacional #Ass\u00e9dioZero, com o objetivo de estimular o debate sobre a cultura do ass\u00e9dio que atinge mulheres nos espa\u00e7os acad\u00eamicos. Entre as atividades programadas, a organiza\u00e7\u00e3o realizar\u00e1 uma s\u00e9rie de lives com pesquisadoras convidadas para abordar o tema sob diferentes perspectivas. A primeira [&hellip;]<\/p>\n","protected":false},"author":2,"featured_media":307651,"comment_status":"closed","ping_status":"closed","sticky":false,"template":"","format":"standard","meta":{"_acf_changed":false,"footnotes":""},"categories":[161],"tags":[95],"class_list":["post-307650","post","type-post","status-publish","format-standard","has-post-thumbnail","hentry","category-quadradinho-em-foco","tag-capa"],"acf":[],"yoast_head":"<!-- This site is optimized with the Yoast SEO plugin v27.2 - https:\/\/yoast.com\/product\/yoast-seo-wordpress\/ -->\n<title>Mulheres Cientistas lan\u00e7am campanha #Ass\u00e9dioZero - Notibras<\/title>\n<meta name=\"robots\" content=\"index, follow, max-snippet:-1, max-image-preview:large, max-video-preview:-1\" \/>\n<link rel=\"canonical\" href=\"https:\/\/www.notibras.com\/site\/mulheres-cientistas-lancam-campanha-assediozero\/\" \/>\n<meta property=\"og:locale\" content=\"pt_BR\" \/>\n<meta property=\"og:type\" content=\"article\" \/>\n<meta property=\"og:title\" content=\"Mulheres Cientistas lan\u00e7am campanha #Ass\u00e9dioZero - Notibras\" \/>\n<meta property=\"og:description\" content=\"A Rede Brasileira de Mulheres Cientistas (RBMC) lan\u00e7a nesta semana a campanha nacional #Ass\u00e9dioZero, com o objetivo de estimular o debate sobre a cultura do ass\u00e9dio que atinge mulheres nos espa\u00e7os acad\u00eamicos. Entre as atividades programadas, a organiza\u00e7\u00e3o realizar\u00e1 uma s\u00e9rie de lives com pesquisadoras convidadas para abordar o tema sob diferentes perspectivas. A primeira [&hellip;]\" \/>\n<meta property=\"og:url\" content=\"https:\/\/www.notibras.com\/site\/mulheres-cientistas-lancam-campanha-assediozero\/\" \/>\n<meta property=\"og:site_name\" content=\"Notibras\" \/>\n<meta property=\"article:publisher\" content=\"https:\/\/www.facebook.com\/notibras\/\" \/>\n<meta property=\"article:published_time\" content=\"2023-06-26T14:20:39+00:00\" \/>\n<meta property=\"article:modified_time\" content=\"2023-06-26T14:42:42+00:00\" \/>\n<meta property=\"og:image\" content=\"https:\/\/www.notibras.com\/site\/wp-content\/uploads\/2023\/06\/unb2-2.jpg\" \/>\n\t<meta property=\"og:image:width\" content=\"1170\" \/>\n\t<meta property=\"og:image:height\" content=\"700\" \/>\n\t<meta property=\"og:image:type\" content=\"image\/jpeg\" \/>\n<meta name=\"author\" content=\"Reda\u00e7\u00e3o\" \/>\n<meta name=\"twitter:card\" content=\"summary_large_image\" \/>\n<meta name=\"twitter:creator\" content=\"@Notibras\" \/>\n<meta name=\"twitter:site\" content=\"@Notibras\" \/>\n<meta name=\"twitter:label1\" content=\"Escrito por\" \/>\n\t<meta name=\"twitter:data1\" content=\"Reda\u00e7\u00e3o\" \/>\n\t<meta name=\"twitter:label2\" content=\"Est. tempo de leitura\" \/>\n\t<meta name=\"twitter:data2\" content=\"3 minutos\" \/>\n<script type=\"application\/ld+json\" class=\"yoast-schema-graph\">{\"@context\":\"https:\/\/schema.org\",\"@graph\":[{\"@type\":\"Article\",\"@id\":\"https:\/\/www.notibras.com\/site\/mulheres-cientistas-lancam-campanha-assediozero\/#article\",\"isPartOf\":{\"@id\":\"https:\/\/www.notibras.com\/site\/mulheres-cientistas-lancam-campanha-assediozero\/\"},\"author\":{\"name\":\"Reda\u00e7\u00e3o\",\"@id\":\"https:\/\/www.notibras.com\/site\/#\/schema\/person\/36ab0979449956132d3e5b517ea76ac8\"},\"headline\":\"Mulheres Cientistas lan\u00e7am campanha #Ass\u00e9dioZero\",\"datePublished\":\"2023-06-26T14:20:39+00:00\",\"dateModified\":\"2023-06-26T14:42:42+00:00\",\"mainEntityOfPage\":{\"@id\":\"https:\/\/www.notibras.com\/site\/mulheres-cientistas-lancam-campanha-assediozero\/\"},\"wordCount\":447,\"publisher\":{\"@id\":\"https:\/\/www.notibras.com\/site\/#organization\"},\"image\":{\"@id\":\"https:\/\/www.notibras.com\/site\/mulheres-cientistas-lancam-campanha-assediozero\/#primaryimage\"},\"thumbnailUrl\":\"https:\/\/www.notibras.com\/site\/wp-content\/uploads\/2023\/06\/unb2-2.jpg\",\"keywords\":[\"capa\"],\"articleSection\":[\"Quadradinho em Foco\"],\"inLanguage\":\"pt-BR\"},{\"@type\":\"WebPage\",\"@id\":\"https:\/\/www.notibras.com\/site\/mulheres-cientistas-lancam-campanha-assediozero\/\",\"url\":\"https:\/\/www.notibras.com\/site\/mulheres-cientistas-lancam-campanha-assediozero\/\",\"name\":\"Mulheres Cientistas lan\u00e7am campanha #Ass\u00e9dioZero - Notibras\",\"isPartOf\":{\"@id\":\"https:\/\/www.notibras.com\/site\/#website\"},\"primaryImageOfPage\":{\"@id\":\"https:\/\/www.notibras.com\/site\/mulheres-cientistas-lancam-campanha-assediozero\/#primaryimage\"},\"image\":{\"@id\":\"https:\/\/www.notibras.com\/site\/mulheres-cientistas-lancam-campanha-assediozero\/#primaryimage\"},\"thumbnailUrl\":\"https:\/\/www.notibras.com\/site\/wp-content\/uploads\/2023\/06\/unb2-2.jpg\",\"datePublished\":\"2023-06-26T14:20:39+00:00\",\"dateModified\":\"2023-06-26T14:42:42+00:00\",\"breadcrumb\":{\"@id\":\"https:\/\/www.notibras.com\/site\/mulheres-cientistas-lancam-campanha-assediozero\/#breadcrumb\"},\"inLanguage\":\"pt-BR\",\"potentialAction\":[{\"@type\":\"ReadAction\",\"target\":[\"https:\/\/www.notibras.com\/site\/mulheres-cientistas-lancam-campanha-assediozero\/\"]}]},{\"@type\":\"ImageObject\",\"inLanguage\":\"pt-BR\",\"@id\":\"https:\/\/www.notibras.com\/site\/mulheres-cientistas-lancam-campanha-assediozero\/#primaryimage\",\"url\":\"https:\/\/www.notibras.com\/site\/wp-content\/uploads\/2023\/06\/unb2-2.jpg\",\"contentUrl\":\"https:\/\/www.notibras.com\/site\/wp-content\/uploads\/2023\/06\/unb2-2.jpg\",\"width\":1170,\"height\":700},{\"@type\":\"BreadcrumbList\",\"@id\":\"https:\/\/www.notibras.com\/site\/mulheres-cientistas-lancam-campanha-assediozero\/#breadcrumb\",\"itemListElement\":[{\"@type\":\"ListItem\",\"position\":1,\"name\":\"In\u00edcio\",\"item\":\"https:\/\/www.notibras.com\/site\/\"},{\"@type\":\"ListItem\",\"position\":2,\"name\":\"Mulheres Cientistas lan\u00e7am campanha #Ass\u00e9dioZero\"}]},{\"@type\":\"WebSite\",\"@id\":\"https:\/\/www.notibras.com\/site\/#website\",\"url\":\"https:\/\/www.notibras.com\/site\/\",\"name\":\"Notibras\",\"description\":\"Not\u00edcias de Bras\u00edlia, do Brasil e do Mundo\",\"publisher\":{\"@id\":\"https:\/\/www.notibras.com\/site\/#organization\"},\"potentialAction\":[{\"@type\":\"SearchAction\",\"target\":{\"@type\":\"EntryPoint\",\"urlTemplate\":\"https:\/\/www.notibras.com\/site\/?s={search_term_string}\"},\"query-input\":{\"@type\":\"PropertyValueSpecification\",\"valueRequired\":true,\"valueName\":\"search_term_string\"}}],\"inLanguage\":\"pt-BR\"},{\"@type\":\"Organization\",\"@id\":\"https:\/\/www.notibras.com\/site\/#organization\",\"name\":\"Grupo Notibras de Comunica\u00e7\u00e3o\",\"url\":\"https:\/\/www.notibras.com\/site\/\",\"logo\":{\"@type\":\"ImageObject\",\"inLanguage\":\"pt-BR\",\"@id\":\"https:\/\/www.notibras.com\/site\/#\/schema\/logo\/image\/\",\"url\":\"https:\/\/www.notibras.com\/site\/wp-content\/uploads\/2023\/01\/notibras23.png\",\"contentUrl\":\"https:\/\/www.notibras.com\/site\/wp-content\/uploads\/2023\/01\/notibras23.png\",\"width\":350,\"height\":87,\"caption\":\"Grupo Notibras de Comunica\u00e7\u00e3o\"},\"image\":{\"@id\":\"https:\/\/www.notibras.com\/site\/#\/schema\/logo\/image\/\"},\"sameAs\":[\"https:\/\/www.facebook.com\/notibras\/\",\"https:\/\/x.com\/Notibras\",\"https:\/\/www.instagram.com\/notibras\/\"]},{\"@type\":\"Person\",\"@id\":\"https:\/\/www.notibras.com\/site\/#\/schema\/person\/36ab0979449956132d3e5b517ea76ac8\",\"name\":\"Reda\u00e7\u00e3o\",\"image\":{\"@type\":\"ImageObject\",\"inLanguage\":\"pt-BR\",\"@id\":\"https:\/\/secure.gravatar.com\/avatar\/e0a867bdedb85fd243eadf09663511f96fc81e0720a4a42581f334ad4303aa6b?s=96&d=mm&r=g\",\"url\":\"https:\/\/secure.gravatar.com\/avatar\/e0a867bdedb85fd243eadf09663511f96fc81e0720a4a42581f334ad4303aa6b?s=96&d=mm&r=g\",\"contentUrl\":\"https:\/\/secure.gravatar.com\/avatar\/e0a867bdedb85fd243eadf09663511f96fc81e0720a4a42581f334ad4303aa6b?s=96&d=mm&r=g\",\"caption\":\"Reda\u00e7\u00e3o\"}}]}<\/script>\n<!-- \/ Yoast SEO plugin. -->","yoast_head_json":{"title":"Mulheres Cientistas lan\u00e7am campanha #Ass\u00e9dioZero - Notibras","robots":{"index":"index","follow":"follow","max-snippet":"max-snippet:-1","max-image-preview":"max-image-preview:large","max-video-preview":"max-video-preview:-1"},"canonical":"https:\/\/www.notibras.com\/site\/mulheres-cientistas-lancam-campanha-assediozero\/","og_locale":"pt_BR","og_type":"article","og_title":"Mulheres Cientistas lan\u00e7am campanha #Ass\u00e9dioZero - Notibras","og_description":"A Rede Brasileira de Mulheres Cientistas (RBMC) lan\u00e7a nesta semana a campanha nacional #Ass\u00e9dioZero, com o objetivo de estimular o debate sobre a cultura do ass\u00e9dio que atinge mulheres nos espa\u00e7os acad\u00eamicos. Entre as atividades programadas, a organiza\u00e7\u00e3o realizar\u00e1 uma s\u00e9rie de lives com pesquisadoras convidadas para abordar o tema sob diferentes perspectivas. A primeira [&hellip;]","og_url":"https:\/\/www.notibras.com\/site\/mulheres-cientistas-lancam-campanha-assediozero\/","og_site_name":"Notibras","article_publisher":"https:\/\/www.facebook.com\/notibras\/","article_published_time":"2023-06-26T14:20:39+00:00","article_modified_time":"2023-06-26T14:42:42+00:00","og_image":[{"width":1170,"height":700,"url":"https:\/\/www.notibras.com\/site\/wp-content\/uploads\/2023\/06\/unb2-2.jpg","type":"image\/jpeg"}],"author":"Reda\u00e7\u00e3o","twitter_card":"summary_large_image","twitter_creator":"@Notibras","twitter_site":"@Notibras","twitter_misc":{"Escrito por":"Reda\u00e7\u00e3o","Est. tempo de leitura":"3 minutos"},"schema":{"@context":"https:\/\/schema.org","@graph":[{"@type":"Article","@id":"https:\/\/www.notibras.com\/site\/mulheres-cientistas-lancam-campanha-assediozero\/#article","isPartOf":{"@id":"https:\/\/www.notibras.com\/site\/mulheres-cientistas-lancam-campanha-assediozero\/"},"author":{"name":"Reda\u00e7\u00e3o","@id":"https:\/\/www.notibras.com\/site\/#\/schema\/person\/36ab0979449956132d3e5b517ea76ac8"},"headline":"Mulheres Cientistas lan\u00e7am campanha #Ass\u00e9dioZero","datePublished":"2023-06-26T14:20:39+00:00","dateModified":"2023-06-26T14:42:42+00:00","mainEntityOfPage":{"@id":"https:\/\/www.notibras.com\/site\/mulheres-cientistas-lancam-campanha-assediozero\/"},"wordCount":447,"publisher":{"@id":"https:\/\/www.notibras.com\/site\/#organization"},"image":{"@id":"https:\/\/www.notibras.com\/site\/mulheres-cientistas-lancam-campanha-assediozero\/#primaryimage"},"thumbnailUrl":"https:\/\/www.notibras.com\/site\/wp-content\/uploads\/2023\/06\/unb2-2.jpg","keywords":["capa"],"articleSection":["Quadradinho em Foco"],"inLanguage":"pt-BR"},{"@type":"WebPage","@id":"https:\/\/www.notibras.com\/site\/mulheres-cientistas-lancam-campanha-assediozero\/","url":"https:\/\/www.notibras.com\/site\/mulheres-cientistas-lancam-campanha-assediozero\/","name":"Mulheres Cientistas lan\u00e7am campanha #Ass\u00e9dioZero - Notibras","isPartOf":{"@id":"https:\/\/www.notibras.com\/site\/#website"},"primaryImageOfPage":{"@id":"https:\/\/www.notibras.com\/site\/mulheres-cientistas-lancam-campanha-assediozero\/#primaryimage"},"image":{"@id":"https:\/\/www.notibras.com\/site\/mulheres-cientistas-lancam-campanha-assediozero\/#primaryimage"},"thumbnailUrl":"https:\/\/www.notibras.com\/site\/wp-content\/uploads\/2023\/06\/unb2-2.jpg","datePublished":"2023-06-26T14:20:39+00:00","dateModified":"2023-06-26T14:42:42+00:00","breadcrumb":{"@id":"https:\/\/www.notibras.com\/site\/mulheres-cientistas-lancam-campanha-assediozero\/#breadcrumb"},"inLanguage":"pt-BR","potentialAction":[{"@type":"ReadAction","target":["https:\/\/www.notibras.com\/site\/mulheres-cientistas-lancam-campanha-assediozero\/"]}]},{"@type":"ImageObject","inLanguage":"pt-BR","@id":"https:\/\/www.notibras.com\/site\/mulheres-cientistas-lancam-campanha-assediozero\/#primaryimage","url":"https:\/\/www.notibras.com\/site\/wp-content\/uploads\/2023\/06\/unb2-2.jpg","contentUrl":"https:\/\/www.notibras.com\/site\/wp-content\/uploads\/2023\/06\/unb2-2.jpg","width":1170,"height":700},{"@type":"BreadcrumbList","@id":"https:\/\/www.notibras.com\/site\/mulheres-cientistas-lancam-campanha-assediozero\/#breadcrumb","itemListElement":[{"@type":"ListItem","position":1,"name":"In\u00edcio","item":"https:\/\/www.notibras.com\/site\/"},{"@type":"ListItem","position":2,"name":"Mulheres Cientistas lan\u00e7am campanha #Ass\u00e9dioZero"}]},{"@type":"WebSite","@id":"https:\/\/www.notibras.com\/site\/#website","url":"https:\/\/www.notibras.com\/site\/","name":"Notibras","description":"Not\u00edcias de Bras\u00edlia, do Brasil e do Mundo","publisher":{"@id":"https:\/\/www.notibras.com\/site\/#organization"},"potentialAction":[{"@type":"SearchAction","target":{"@type":"EntryPoint","urlTemplate":"https:\/\/www.notibras.com\/site\/?s={search_term_string}"},"query-input":{"@type":"PropertyValueSpecification","valueRequired":true,"valueName":"search_term_string"}}],"inLanguage":"pt-BR"},{"@type":"Organization","@id":"https:\/\/www.notibras.com\/site\/#organization","name":"Grupo Notibras de Comunica\u00e7\u00e3o","url":"https:\/\/www.notibras.com\/site\/","logo":{"@type":"ImageObject","inLanguage":"pt-BR","@id":"https:\/\/www.notibras.com\/site\/#\/schema\/logo\/image\/","url":"https:\/\/www.notibras.com\/site\/wp-content\/uploads\/2023\/01\/notibras23.png","contentUrl":"https:\/\/www.notibras.com\/site\/wp-content\/uploads\/2023\/01\/notibras23.png","width":350,"height":87,"caption":"Grupo Notibras de Comunica\u00e7\u00e3o"},"image":{"@id":"https:\/\/www.notibras.com\/site\/#\/schema\/logo\/image\/"},"sameAs":["https:\/\/www.facebook.com\/notibras\/","https:\/\/x.com\/Notibras","https:\/\/www.instagram.com\/notibras\/"]},{"@type":"Person","@id":"https:\/\/www.notibras.com\/site\/#\/schema\/person\/36ab0979449956132d3e5b517ea76ac8","name":"Reda\u00e7\u00e3o","image":{"@type":"ImageObject","inLanguage":"pt-BR","@id":"https:\/\/secure.gravatar.com\/avatar\/e0a867bdedb85fd243eadf09663511f96fc81e0720a4a42581f334ad4303aa6b?s=96&d=mm&r=g","url":"https:\/\/secure.gravatar.com\/avatar\/e0a867bdedb85fd243eadf09663511f96fc81e0720a4a42581f334ad4303aa6b?s=96&d=mm&r=g","contentUrl":"https:\/\/secure.gravatar.com\/avatar\/e0a867bdedb85fd243eadf09663511f96fc81e0720a4a42581f334ad4303aa6b?s=96&d=mm&r=g","caption":"Reda\u00e7\u00e3o"}}]}},"amp_enabled":true,"_links":{"self":[{"href":"https:\/\/www.notibras.com\/site\/wp-json\/wp\/v2\/posts\/307650","targetHints":{"allow":["GET"]}}],"collection":[{"href":"https:\/\/www.notibras.com\/site\/wp-json\/wp\/v2\/posts"}],"about":[{"href":"https:\/\/www.notibras.com\/site\/wp-json\/wp\/v2\/types\/post"}],"author":[{"embeddable":true,"href":"https:\/\/www.notibras.com\/site\/wp-json\/wp\/v2\/users\/2"}],"replies":[{"embeddable":true,"href":"https:\/\/www.notibras.com\/site\/wp-json\/wp\/v2\/comments?post=307650"}],"version-history":[{"count":1,"href":"https:\/\/www.notibras.com\/site\/wp-json\/wp\/v2\/posts\/307650\/revisions"}],"predecessor-version":[{"id":307652,"href":"https:\/\/www.notibras.com\/site\/wp-json\/wp\/v2\/posts\/307650\/revisions\/307652"}],"wp:featuredmedia":[{"embeddable":true,"href":"https:\/\/www.notibras.com\/site\/wp-json\/wp\/v2\/media\/307651"}],"wp:attachment":[{"href":"https:\/\/www.notibras.com\/site\/wp-json\/wp\/v2\/media?parent=307650"}],"wp:term":[{"taxonomy":"category","embeddable":true,"href":"https:\/\/www.notibras.com\/site\/wp-json\/wp\/v2\/categories?post=307650"},{"taxonomy":"post_tag","embeddable":true,"href":"https:\/\/www.notibras.com\/site\/wp-json\/wp\/v2\/tags?post=307650"}],"curies":[{"name":"wp","href":"https:\/\/api.w.org\/{rel}","templated":true}]}}