{"id":307714,"date":"2023-06-27T00:17:52","date_gmt":"2023-06-27T03:17:52","guid":{"rendered":"https:\/\/www.notibras.com\/site\/?p=307714"},"modified":"2023-06-27T07:20:23","modified_gmt":"2023-06-27T10:20:23","slug":"bagagens-de-voos-internacionais-serao-fotografadas","status":"publish","type":"post","link":"https:\/\/www.notibras.com\/site\/bagagens-de-voos-internacionais-serao-fotografadas\/","title":{"rendered":"Bagagens de voos internacionais ser\u00e3o fotografadas"},"content":{"rendered":"<p>Uma das medidas para aumentar a seguran\u00e7a nos aeroportos do pa\u00eds, e que integra plano anunciado pelo governo federal, \u00e9 fotografar as bagagens dos passageiros com destino ao exterior.<\/p>\n<p>Em entrevista ao programa <em>A Voz do Brasil<\/em>, da Empresa Brasil de Comunica\u00e7\u00e3o (EBC), o ministro de Portos e Aeroportos, M\u00e1rcio Fran\u00e7a, informou que o passageiro ter\u00e1 acesso a foto posteriormente.<\/p>\n<p>\u201cA gente quer que as c\u00e2meras [instaladas nos aeroportos] fotografem cada uma das bagagens das pessoas antes delas embarcarem. Conforme est\u00e3o no voo, [elas] v\u00e3o receber uma mensagem de whatsapp [com imagem] da mala dela fotografada, o que depois pode ser usado para comprovar com qual mala ela estava\u201d, explicou.<\/p>\n<p>Outras medidas do plano s\u00e3o instala\u00e7\u00e3o de raio-x e scanners corporais, c\u00e2meras na \u00e1rea de check-in, uso de detectores de l\u00edquidos e explosivos e restri\u00e7\u00e3o ao uso de celular pelos funcion\u00e1rios em alguns locais dos terminais. \u201cParte do pessoal do crime organizado faz chantagem com aquelas pessoas [que trabalham em \u00e1reas internas dos aeroportos]. Sem celular, ficam sem esse contato\u201d, disse.<\/p>\n<p>As medidas ser\u00e3o implementadas, inicialmente, no Aeroporto de Guarulhos, o maior do pa\u00eds. O investimento previsto \u00e9 de R$ 40 milh\u00f5es. Em uma segunda fase, conforme o ministro, as a\u00e7\u00f5es ser\u00e3o levadas a outros aeroportos com voos para o exterior e, em seguida, a todos os terminais do pa\u00eds.<\/p>\n<p><strong>Passagens a R$ 200<\/strong><br \/>\nFran\u00e7a detalhou como funcionar\u00e1 o programa Voa Brasil, que vai ofertar passagens ao pre\u00e7o \u00fanico de R$ 200 e deve entrar em vigor em agosto.<\/p>\n<p>De acordo com o ministro, o governo ir\u00e1 criar um aplicativo em que o interessado dever\u00e1 cadastrar o CPF. O cidad\u00e3o n\u00e3o poder\u00e1 ter viajado de avi\u00e3o nos \u00faltimos doze meses.<\/p>\n<p>Cada pessoa ter\u00e1 direito a quatro passagens, cada uma a R$ 200, por ano.<\/p>\n<p>Fran\u00e7a explicou que as passagens ser\u00e3o vendidas para assentos que hoje ficam ociosos nos voos. Nos meses de mar\u00e7o a novembro, estima-se que aproximadamente 21% dos assentos n\u00e3o s\u00e3o ocupados, informou o ministro.<\/p>\n<p>\u201cN\u00f3s voamos um ter\u00e7o do que os colombianos e chilenos voam, precisamos alcan\u00e7\u00e1-los. Para isso, o voo a R$ 200 vai proporcionar a voc\u00ea e sua fam\u00edlia a se programar para viajar uma vez por ano\u201d, afirmou.<\/p>\n<p>O ministro informou ainda que est\u00e1 em negocia\u00e7\u00e3o a vinda de empresas \u00e1ereas low cost para operar no Brasil. Essas companhias t\u00eam tarifas mais baixas, por n\u00e3o oferecerem alguns servi\u00e7os em compara\u00e7\u00e3o a outras do setor.<\/p>\n","protected":false},"excerpt":{"rendered":"<p>Uma das medidas para aumentar a seguran\u00e7a nos aeroportos do pa\u00eds, e que integra plano anunciado pelo governo federal, \u00e9 fotografar as bagagens dos passageiros com destino ao exterior. Em entrevista ao programa A Voz do Brasil, da Empresa Brasil de Comunica\u00e7\u00e3o (EBC), o ministro de Portos e Aeroportos, M\u00e1rcio Fran\u00e7a, informou que o passageiro [&hellip;]<\/p>\n","protected":false},"author":2,"featured_media":304909,"comment_status":"closed","ping_status":"closed","sticky":false,"template":"","format":"standard","meta":{"_acf_changed":false,"footnotes":""},"categories":[161],"tags":[],"class_list":["post-307714","post","type-post","status-publish","format-standard","has-post-thumbnail","hentry","category-quadradinho-em-foco"],"acf":[],"yoast_head":"<!-- This site is optimized with the Yoast SEO plugin v27.2 - https:\/\/yoast.com\/product\/yoast-seo-wordpress\/ -->\n<title>Bagagens de voos internacionais ser\u00e3o fotografadas - Notibras<\/title>\n<meta name=\"robots\" content=\"index, follow, max-snippet:-1, max-image-preview:large, max-video-preview:-1\" \/>\n<link rel=\"canonical\" href=\"https:\/\/www.notibras.com\/site\/bagagens-de-voos-internacionais-serao-fotografadas\/\" \/>\n<meta property=\"og:locale\" content=\"pt_BR\" \/>\n<meta property=\"og:type\" content=\"article\" \/>\n<meta property=\"og:title\" content=\"Bagagens de voos internacionais ser\u00e3o fotografadas - Notibras\" \/>\n<meta property=\"og:description\" content=\"Uma das medidas para aumentar a seguran\u00e7a nos aeroportos do pa\u00eds, e que integra plano anunciado pelo governo federal, \u00e9 fotografar as bagagens dos passageiros com destino ao exterior. Em entrevista ao programa A Voz do Brasil, da Empresa Brasil de Comunica\u00e7\u00e3o (EBC), o ministro de Portos e Aeroportos, M\u00e1rcio Fran\u00e7a, informou que o passageiro [&hellip;]\" \/>\n<meta property=\"og:url\" content=\"https:\/\/www.notibras.com\/site\/bagagens-de-voos-internacionais-serao-fotografadas\/\" \/>\n<meta property=\"og:site_name\" content=\"Notibras\" \/>\n<meta property=\"article:publisher\" content=\"https:\/\/www.facebook.com\/notibras\/\" \/>\n<meta property=\"article:published_time\" content=\"2023-06-27T03:17:52+00:00\" \/>\n<meta property=\"article:modified_time\" content=\"2023-06-27T10:20:23+00:00\" \/>\n<meta property=\"og:image\" content=\"https:\/\/www.notibras.com\/site\/wp-content\/uploads\/2023\/05\/mg_7433.jpg\" \/>\n\t<meta property=\"og:image:width\" content=\"1170\" \/>\n\t<meta property=\"og:image:height\" content=\"700\" \/>\n\t<meta property=\"og:image:type\" content=\"image\/jpeg\" \/>\n<meta name=\"author\" content=\"Reda\u00e7\u00e3o\" \/>\n<meta name=\"twitter:card\" content=\"summary_large_image\" \/>\n<meta name=\"twitter:creator\" content=\"@Notibras\" \/>\n<meta name=\"twitter:site\" content=\"@Notibras\" \/>\n<meta name=\"twitter:label1\" content=\"Escrito por\" \/>\n\t<meta name=\"twitter:data1\" content=\"Reda\u00e7\u00e3o\" \/>\n\t<meta name=\"twitter:label2\" content=\"Est. tempo de leitura\" \/>\n\t<meta name=\"twitter:data2\" content=\"3 minutos\" \/>\n<script type=\"application\/ld+json\" class=\"yoast-schema-graph\">{\"@context\":\"https:\/\/schema.org\",\"@graph\":[{\"@type\":\"Article\",\"@id\":\"https:\/\/www.notibras.com\/site\/bagagens-de-voos-internacionais-serao-fotografadas\/#article\",\"isPartOf\":{\"@id\":\"https:\/\/www.notibras.com\/site\/bagagens-de-voos-internacionais-serao-fotografadas\/\"},\"author\":{\"name\":\"Reda\u00e7\u00e3o\",\"@id\":\"https:\/\/www.notibras.com\/site\/#\/schema\/person\/36ab0979449956132d3e5b517ea76ac8\"},\"headline\":\"Bagagens de voos internacionais ser\u00e3o fotografadas\",\"datePublished\":\"2023-06-27T03:17:52+00:00\",\"dateModified\":\"2023-06-27T10:20:23+00:00\",\"mainEntityOfPage\":{\"@id\":\"https:\/\/www.notibras.com\/site\/bagagens-de-voos-internacionais-serao-fotografadas\/\"},\"wordCount\":438,\"publisher\":{\"@id\":\"https:\/\/www.notibras.com\/site\/#organization\"},\"image\":{\"@id\":\"https:\/\/www.notibras.com\/site\/bagagens-de-voos-internacionais-serao-fotografadas\/#primaryimage\"},\"thumbnailUrl\":\"https:\/\/www.notibras.com\/site\/wp-content\/uploads\/2023\/05\/mg_7433.jpg\",\"articleSection\":[\"Quadradinho em Foco\"],\"inLanguage\":\"pt-BR\"},{\"@type\":\"WebPage\",\"@id\":\"https:\/\/www.notibras.com\/site\/bagagens-de-voos-internacionais-serao-fotografadas\/\",\"url\":\"https:\/\/www.notibras.com\/site\/bagagens-de-voos-internacionais-serao-fotografadas\/\",\"name\":\"Bagagens de voos internacionais ser\u00e3o fotografadas - Notibras\",\"isPartOf\":{\"@id\":\"https:\/\/www.notibras.com\/site\/#website\"},\"primaryImageOfPage\":{\"@id\":\"https:\/\/www.notibras.com\/site\/bagagens-de-voos-internacionais-serao-fotografadas\/#primaryimage\"},\"image\":{\"@id\":\"https:\/\/www.notibras.com\/site\/bagagens-de-voos-internacionais-serao-fotografadas\/#primaryimage\"},\"thumbnailUrl\":\"https:\/\/www.notibras.com\/site\/wp-content\/uploads\/2023\/05\/mg_7433.jpg\",\"datePublished\":\"2023-06-27T03:17:52+00:00\",\"dateModified\":\"2023-06-27T10:20:23+00:00\",\"breadcrumb\":{\"@id\":\"https:\/\/www.notibras.com\/site\/bagagens-de-voos-internacionais-serao-fotografadas\/#breadcrumb\"},\"inLanguage\":\"pt-BR\",\"potentialAction\":[{\"@type\":\"ReadAction\",\"target\":[\"https:\/\/www.notibras.com\/site\/bagagens-de-voos-internacionais-serao-fotografadas\/\"]}]},{\"@type\":\"ImageObject\",\"inLanguage\":\"pt-BR\",\"@id\":\"https:\/\/www.notibras.com\/site\/bagagens-de-voos-internacionais-serao-fotografadas\/#primaryimage\",\"url\":\"https:\/\/www.notibras.com\/site\/wp-content\/uploads\/2023\/05\/mg_7433.jpg\",\"contentUrl\":\"https:\/\/www.notibras.com\/site\/wp-content\/uploads\/2023\/05\/mg_7433.jpg\",\"width\":1170,\"height\":700,\"caption\":\"Movimento de aeronaves no Aeroporto Santos Dumont.\"},{\"@type\":\"BreadcrumbList\",\"@id\":\"https:\/\/www.notibras.com\/site\/bagagens-de-voos-internacionais-serao-fotografadas\/#breadcrumb\",\"itemListElement\":[{\"@type\":\"ListItem\",\"position\":1,\"name\":\"In\u00edcio\",\"item\":\"https:\/\/www.notibras.com\/site\/\"},{\"@type\":\"ListItem\",\"position\":2,\"name\":\"Bagagens de voos internacionais ser\u00e3o fotografadas\"}]},{\"@type\":\"WebSite\",\"@id\":\"https:\/\/www.notibras.com\/site\/#website\",\"url\":\"https:\/\/www.notibras.com\/site\/\",\"name\":\"Notibras\",\"description\":\"Not\u00edcias de Bras\u00edlia, do Brasil e do Mundo\",\"publisher\":{\"@id\":\"https:\/\/www.notibras.com\/site\/#organization\"},\"potentialAction\":[{\"@type\":\"SearchAction\",\"target\":{\"@type\":\"EntryPoint\",\"urlTemplate\":\"https:\/\/www.notibras.com\/site\/?s={search_term_string}\"},\"query-input\":{\"@type\":\"PropertyValueSpecification\",\"valueRequired\":true,\"valueName\":\"search_term_string\"}}],\"inLanguage\":\"pt-BR\"},{\"@type\":\"Organization\",\"@id\":\"https:\/\/www.notibras.com\/site\/#organization\",\"name\":\"Grupo Notibras de Comunica\u00e7\u00e3o\",\"url\":\"https:\/\/www.notibras.com\/site\/\",\"logo\":{\"@type\":\"ImageObject\",\"inLanguage\":\"pt-BR\",\"@id\":\"https:\/\/www.notibras.com\/site\/#\/schema\/logo\/image\/\",\"url\":\"https:\/\/www.notibras.com\/site\/wp-content\/uploads\/2023\/01\/notibras23.png\",\"contentUrl\":\"https:\/\/www.notibras.com\/site\/wp-content\/uploads\/2023\/01\/notibras23.png\",\"width\":350,\"height\":87,\"caption\":\"Grupo Notibras de Comunica\u00e7\u00e3o\"},\"image\":{\"@id\":\"https:\/\/www.notibras.com\/site\/#\/schema\/logo\/image\/\"},\"sameAs\":[\"https:\/\/www.facebook.com\/notibras\/\",\"https:\/\/x.com\/Notibras\",\"https:\/\/www.instagram.com\/notibras\/\"]},{\"@type\":\"Person\",\"@id\":\"https:\/\/www.notibras.com\/site\/#\/schema\/person\/36ab0979449956132d3e5b517ea76ac8\",\"name\":\"Reda\u00e7\u00e3o\",\"image\":{\"@type\":\"ImageObject\",\"inLanguage\":\"pt-BR\",\"@id\":\"https:\/\/secure.gravatar.com\/avatar\/e0a867bdedb85fd243eadf09663511f96fc81e0720a4a42581f334ad4303aa6b?s=96&d=mm&r=g\",\"url\":\"https:\/\/secure.gravatar.com\/avatar\/e0a867bdedb85fd243eadf09663511f96fc81e0720a4a42581f334ad4303aa6b?s=96&d=mm&r=g\",\"contentUrl\":\"https:\/\/secure.gravatar.com\/avatar\/e0a867bdedb85fd243eadf09663511f96fc81e0720a4a42581f334ad4303aa6b?s=96&d=mm&r=g\",\"caption\":\"Reda\u00e7\u00e3o\"}}]}<\/script>\n<!-- \/ Yoast SEO plugin. -->","yoast_head_json":{"title":"Bagagens de voos internacionais ser\u00e3o fotografadas - Notibras","robots":{"index":"index","follow":"follow","max-snippet":"max-snippet:-1","max-image-preview":"max-image-preview:large","max-video-preview":"max-video-preview:-1"},"canonical":"https:\/\/www.notibras.com\/site\/bagagens-de-voos-internacionais-serao-fotografadas\/","og_locale":"pt_BR","og_type":"article","og_title":"Bagagens de voos internacionais ser\u00e3o fotografadas - Notibras","og_description":"Uma das medidas para aumentar a seguran\u00e7a nos aeroportos do pa\u00eds, e que integra plano anunciado pelo governo federal, \u00e9 fotografar as bagagens dos passageiros com destino ao exterior. Em entrevista ao programa A Voz do Brasil, da Empresa Brasil de Comunica\u00e7\u00e3o (EBC), o ministro de Portos e Aeroportos, M\u00e1rcio Fran\u00e7a, informou que o passageiro [&hellip;]","og_url":"https:\/\/www.notibras.com\/site\/bagagens-de-voos-internacionais-serao-fotografadas\/","og_site_name":"Notibras","article_publisher":"https:\/\/www.facebook.com\/notibras\/","article_published_time":"2023-06-27T03:17:52+00:00","article_modified_time":"2023-06-27T10:20:23+00:00","og_image":[{"width":1170,"height":700,"url":"https:\/\/www.notibras.com\/site\/wp-content\/uploads\/2023\/05\/mg_7433.jpg","type":"image\/jpeg"}],"author":"Reda\u00e7\u00e3o","twitter_card":"summary_large_image","twitter_creator":"@Notibras","twitter_site":"@Notibras","twitter_misc":{"Escrito por":"Reda\u00e7\u00e3o","Est. tempo de leitura":"3 minutos"},"schema":{"@context":"https:\/\/schema.org","@graph":[{"@type":"Article","@id":"https:\/\/www.notibras.com\/site\/bagagens-de-voos-internacionais-serao-fotografadas\/#article","isPartOf":{"@id":"https:\/\/www.notibras.com\/site\/bagagens-de-voos-internacionais-serao-fotografadas\/"},"author":{"name":"Reda\u00e7\u00e3o","@id":"https:\/\/www.notibras.com\/site\/#\/schema\/person\/36ab0979449956132d3e5b517ea76ac8"},"headline":"Bagagens de voos internacionais ser\u00e3o fotografadas","datePublished":"2023-06-27T03:17:52+00:00","dateModified":"2023-06-27T10:20:23+00:00","mainEntityOfPage":{"@id":"https:\/\/www.notibras.com\/site\/bagagens-de-voos-internacionais-serao-fotografadas\/"},"wordCount":438,"publisher":{"@id":"https:\/\/www.notibras.com\/site\/#organization"},"image":{"@id":"https:\/\/www.notibras.com\/site\/bagagens-de-voos-internacionais-serao-fotografadas\/#primaryimage"},"thumbnailUrl":"https:\/\/www.notibras.com\/site\/wp-content\/uploads\/2023\/05\/mg_7433.jpg","articleSection":["Quadradinho em Foco"],"inLanguage":"pt-BR"},{"@type":"WebPage","@id":"https:\/\/www.notibras.com\/site\/bagagens-de-voos-internacionais-serao-fotografadas\/","url":"https:\/\/www.notibras.com\/site\/bagagens-de-voos-internacionais-serao-fotografadas\/","name":"Bagagens de voos internacionais ser\u00e3o fotografadas - Notibras","isPartOf":{"@id":"https:\/\/www.notibras.com\/site\/#website"},"primaryImageOfPage":{"@id":"https:\/\/www.notibras.com\/site\/bagagens-de-voos-internacionais-serao-fotografadas\/#primaryimage"},"image":{"@id":"https:\/\/www.notibras.com\/site\/bagagens-de-voos-internacionais-serao-fotografadas\/#primaryimage"},"thumbnailUrl":"https:\/\/www.notibras.com\/site\/wp-content\/uploads\/2023\/05\/mg_7433.jpg","datePublished":"2023-06-27T03:17:52+00:00","dateModified":"2023-06-27T10:20:23+00:00","breadcrumb":{"@id":"https:\/\/www.notibras.com\/site\/bagagens-de-voos-internacionais-serao-fotografadas\/#breadcrumb"},"inLanguage":"pt-BR","potentialAction":[{"@type":"ReadAction","target":["https:\/\/www.notibras.com\/site\/bagagens-de-voos-internacionais-serao-fotografadas\/"]}]},{"@type":"ImageObject","inLanguage":"pt-BR","@id":"https:\/\/www.notibras.com\/site\/bagagens-de-voos-internacionais-serao-fotografadas\/#primaryimage","url":"https:\/\/www.notibras.com\/site\/wp-content\/uploads\/2023\/05\/mg_7433.jpg","contentUrl":"https:\/\/www.notibras.com\/site\/wp-content\/uploads\/2023\/05\/mg_7433.jpg","width":1170,"height":700,"caption":"Movimento de aeronaves no Aeroporto Santos Dumont."},{"@type":"BreadcrumbList","@id":"https:\/\/www.notibras.com\/site\/bagagens-de-voos-internacionais-serao-fotografadas\/#breadcrumb","itemListElement":[{"@type":"ListItem","position":1,"name":"In\u00edcio","item":"https:\/\/www.notibras.com\/site\/"},{"@type":"ListItem","position":2,"name":"Bagagens de voos internacionais ser\u00e3o fotografadas"}]},{"@type":"WebSite","@id":"https:\/\/www.notibras.com\/site\/#website","url":"https:\/\/www.notibras.com\/site\/","name":"Notibras","description":"Not\u00edcias de Bras\u00edlia, do Brasil e do Mundo","publisher":{"@id":"https:\/\/www.notibras.com\/site\/#organization"},"potentialAction":[{"@type":"SearchAction","target":{"@type":"EntryPoint","urlTemplate":"https:\/\/www.notibras.com\/site\/?s={search_term_string}"},"query-input":{"@type":"PropertyValueSpecification","valueRequired":true,"valueName":"search_term_string"}}],"inLanguage":"pt-BR"},{"@type":"Organization","@id":"https:\/\/www.notibras.com\/site\/#organization","name":"Grupo Notibras de Comunica\u00e7\u00e3o","url":"https:\/\/www.notibras.com\/site\/","logo":{"@type":"ImageObject","inLanguage":"pt-BR","@id":"https:\/\/www.notibras.com\/site\/#\/schema\/logo\/image\/","url":"https:\/\/www.notibras.com\/site\/wp-content\/uploads\/2023\/01\/notibras23.png","contentUrl":"https:\/\/www.notibras.com\/site\/wp-content\/uploads\/2023\/01\/notibras23.png","width":350,"height":87,"caption":"Grupo Notibras de Comunica\u00e7\u00e3o"},"image":{"@id":"https:\/\/www.notibras.com\/site\/#\/schema\/logo\/image\/"},"sameAs":["https:\/\/www.facebook.com\/notibras\/","https:\/\/x.com\/Notibras","https:\/\/www.instagram.com\/notibras\/"]},{"@type":"Person","@id":"https:\/\/www.notibras.com\/site\/#\/schema\/person\/36ab0979449956132d3e5b517ea76ac8","name":"Reda\u00e7\u00e3o","image":{"@type":"ImageObject","inLanguage":"pt-BR","@id":"https:\/\/secure.gravatar.com\/avatar\/e0a867bdedb85fd243eadf09663511f96fc81e0720a4a42581f334ad4303aa6b?s=96&d=mm&r=g","url":"https:\/\/secure.gravatar.com\/avatar\/e0a867bdedb85fd243eadf09663511f96fc81e0720a4a42581f334ad4303aa6b?s=96&d=mm&r=g","contentUrl":"https:\/\/secure.gravatar.com\/avatar\/e0a867bdedb85fd243eadf09663511f96fc81e0720a4a42581f334ad4303aa6b?s=96&d=mm&r=g","caption":"Reda\u00e7\u00e3o"}}]}},"amp_enabled":true,"_links":{"self":[{"href":"https:\/\/www.notibras.com\/site\/wp-json\/wp\/v2\/posts\/307714","targetHints":{"allow":["GET"]}}],"collection":[{"href":"https:\/\/www.notibras.com\/site\/wp-json\/wp\/v2\/posts"}],"about":[{"href":"https:\/\/www.notibras.com\/site\/wp-json\/wp\/v2\/types\/post"}],"author":[{"embeddable":true,"href":"https:\/\/www.notibras.com\/site\/wp-json\/wp\/v2\/users\/2"}],"replies":[{"embeddable":true,"href":"https:\/\/www.notibras.com\/site\/wp-json\/wp\/v2\/comments?post=307714"}],"version-history":[{"count":1,"href":"https:\/\/www.notibras.com\/site\/wp-json\/wp\/v2\/posts\/307714\/revisions"}],"predecessor-version":[{"id":307715,"href":"https:\/\/www.notibras.com\/site\/wp-json\/wp\/v2\/posts\/307714\/revisions\/307715"}],"wp:featuredmedia":[{"embeddable":true,"href":"https:\/\/www.notibras.com\/site\/wp-json\/wp\/v2\/media\/304909"}],"wp:attachment":[{"href":"https:\/\/www.notibras.com\/site\/wp-json\/wp\/v2\/media?parent=307714"}],"wp:term":[{"taxonomy":"category","embeddable":true,"href":"https:\/\/www.notibras.com\/site\/wp-json\/wp\/v2\/categories?post=307714"},{"taxonomy":"post_tag","embeddable":true,"href":"https:\/\/www.notibras.com\/site\/wp-json\/wp\/v2\/tags?post=307714"}],"curies":[{"name":"wp","href":"https:\/\/api.w.org\/{rel}","templated":true}]}}