{"id":307767,"date":"2023-06-28T05:40:16","date_gmt":"2023-06-28T08:40:16","guid":{"rendered":"https:\/\/www.notibras.com\/site\/?p=307767"},"modified":"2023-06-28T05:35:58","modified_gmt":"2023-06-28T08:35:58","slug":"saude-publica-tem-quadro-de-asco-nojo-sordidez-e-torpeza","status":"publish","type":"post","link":"https:\/\/www.notibras.com\/site\/saude-publica-tem-quadro-de-asco-nojo-sordidez-e-torpeza\/","title":{"rendered":"Sa\u00fade p\u00fablica tem quadro de asco, nojo, sordidez e torpeza"},"content":{"rendered":"<p>De ruim a pior, a rede de sa\u00fade p\u00fablica de Bras\u00edlia tem de tudo, muito, revela auditoria feita pelo Tribunal de Contas do Distrito Federal. O quadro \u00e9 de caos: cerca de 21 mil 500 pacientes est\u00e3o aguardando por endoscopias digestivas altas (EDAs) e baixas (EDBs), sem qualquer perspectiva de atendimento. E aproximadamente cinco mil est\u00e3o na fila de espera h\u00e1 mais de dois anos.<\/p>\n<p>O levantamento do Tribunal de Contas, que est\u00e1 fiscalizando a presta\u00e7\u00e3o de servi\u00e7os de endoscopia pelo governo de Ibaneis Rocha (MDB) apresenta uma situa\u00e7\u00e3o tr\u00e1gica. Segundo os auditores, a oferta \u00e9 insuficiente para atender a demanda. Esses exames s\u00e3o fundamentais para detec\u00e7\u00e3o de altera\u00e7\u00f5es e doen\u00e7as em \u00f3rg\u00e3os como o es\u00f4fago, o est\u00f4mago, o duodeno e o intestino.<\/p>\n<p>Na ter\u00e7a-feira, 27 os auditores visitaram o Hospital de Base para verificar o servi\u00e7o prestado pela unidade de sa\u00fade. A inspe\u00e7\u00e3o faz parte de uma auditoria operacional realizada pelo Tribunal tanto na Secretaria de Estado de Sa\u00fade (SES\/DF) quanto no Instituto de Gest\u00e3o Estrat\u00e9gica de Sa\u00fade (IGES).<\/p>\n<p>O Conselheiro Renato Rainha, que \u00e9 relator do processo, acompanhou a visita e destacou a gravidade da situa\u00e7\u00e3o. &#8220;N\u00f3s estamos na capital federal. N\u00e3o h\u00e1 nada que justifique isto: um exame de endoscopia demorar dois anos. Isso \u00e9 inaceit\u00e1vel! \u00c9 um exame simples, que n\u00e3o \u00e9 caro e que se, realizado a tempo, pode prevenir a evolu\u00e7\u00e3o de doen\u00e7as grav\u00edssimas&#8221;, destacou. O sentimento geral \u00e9 de uma situa\u00e7\u00e3o nauseabunda.<\/p>\n<p>Entre os problemas apontados pelo corpo t\u00e9cnico do TCDF para o crescimento significativo na fila de espera est\u00e3o o d\u00e9ficit na oferta de profissionais capacitados; a falta de equipamentos necess\u00e1rios; a aus\u00eancia de salas aptas; al\u00e9m da falta de medicamentos e insumos para realizar os exames endosc\u00f3picos no Distrito Federal.<\/p>\n<p>E a perspectiva \u00e9 que essa fila cres\u00e7a ainda mais. Isso porque existe um alto percentual de exames agendados e n\u00e3o realizados. &#8220;N\u00e3o h\u00e1 uma orienta\u00e7\u00e3o correta sobre os exames. Muito pacientes chegam aqui e n\u00e3o podem fazer a endoscopia porque n\u00e3o fizeram o preparo adequado e h\u00e1 um desperd\u00edcio&#8221;, aponta o relator do processo.<\/p>\n<p>Para se ter uma ideia, apura\u00e7\u00e3o feita pelo corpo t\u00e9cnico do TCDF revela que, de janeiro a novembro de 2022, foram agendadas 7.102 Endoscopias Digestivas Altas. No entanto, apenas 4.028 exames foram realizados: 56,7% do previsto.<\/p>\n<p>O mesmo ocorreu com as Endoscopias Digestivas Baixas, que s\u00e3o conhecidas como colonoscopias. Houve um aumento de mais de 65% da demanda reprimida, passando de 3.090 pedidos por m\u00eas em janeiro de 2022 para 5.108 em novembro do ano passado. No entanto, nesse per\u00edodo, foram agendados apenas 6.220 exames. E mais: desses, apenas 2.911 foram realizados, o que representa 46,8% das marca\u00e7\u00f5es feitas.<\/p>\n<p>O corpo t\u00e9cnico do TCDF apontou sobrecarga nos hospitais da rede p\u00fablica de sa\u00fade do DF que ofertam esse tipo de exame e ressaltou que a morosidade na realiza\u00e7\u00e3o das endoscopias pode implicar em piora significativa na situa\u00e7\u00e3o de sa\u00fade do paciente. O relat\u00f3rio produzido pelos auditores do Tribunal tamb\u00e9m sinaliza o aumento de a\u00e7\u00f5es judiciais contra a Secretaria de Sa\u00fade pleiteando exames de endoscopia.<\/p>\n<p>A auditoria tamb\u00e9m verificou que outros dois exames n\u00e3o s\u00e3o regulados: endoscopia respirat\u00f3ria, que permite a visualiza\u00e7\u00e3o das vias a\u00e9reas (fossas nasais, nasofaringe, laringe, traqueia e br\u00f4nquios) e ecoendoscopia, uma avalia\u00e7\u00e3o ultrassonogr\u00e1fica do es\u00f4fago, do est\u00f4mago e do duodeno ou de estruturas adjacentes, muito usada para detec\u00e7\u00e3o de tumores. A regula\u00e7\u00e3o \u00e9 concilia\u00e7\u00e3o entre a avalia\u00e7\u00e3o da urg\u00eancia e das vagas dispon\u00edveis. \u00c9, por meio dela, que \u00e9 poss\u00edvel obter informa\u00e7\u00f5es sobre o gerenciamento dos servi\u00e7os e priorizar os pacientes mais graves.<\/p>\n<p>Al\u00e9m disso, a Secretaria de Sa\u00fade n\u00e3o disp\u00f5e de sistema de informa\u00e7\u00f5es gerenciais confi\u00e1vel em rela\u00e7\u00e3o aos servi\u00e7os de endoscopia. Nenhum dos sistemas utilizados para registrar os dados sobre endoscopia \u00e9 capaz de emitir relat\u00f3rios gerenciais de forma fidedigna, completa e unificada com todas as informa\u00e7\u00f5es de oferta e demanda de exames de endoscopia.<\/p>\n<p><strong>Falta manuten\u00e7\u00e3o<\/strong><br \/>\nA auditoria na gest\u00e3o dos servi\u00e7os endosc\u00f3picos compreende todos os hospitais da rede p\u00fablica que realizam o procedimento. Al\u00e9m do HBDF, foram visitados os Hospitais Regionais da Asa Norte (HRAN); de Ceil\u00e2ndia (HRC); Gama (HRG); Sobradinho (HRS); Taguatinga (HRT).<\/p>\n<p>A fiscaliza\u00e7\u00e3o apontou que, no \u00e2mbito do IGES, os equipamentos utilizados em exames de endoscopia n\u00e3o t\u00eam contratos de manuten\u00e7\u00e3o eficazes, o que compromete a presta\u00e7\u00e3o do servi\u00e7o p\u00fablico. J\u00e1 no restante da rede, n\u00e3o h\u00e1 contrato de manuten\u00e7\u00e3o vigente.<\/p>\n<p>Gestores do HRT, HRS, HRC e HRG informaram que utilizam verbas do Programa de Descentraliza\u00e7\u00e3o Progressiva de A\u00e7\u00f5es de Sa\u00fade \u2013 PDPAS para consertar alguns dos equipamentos quebrados.<\/p>\n","protected":false},"excerpt":{"rendered":"<p>De ruim a pior, a rede de sa\u00fade p\u00fablica de Bras\u00edlia tem de tudo, muito, revela auditoria feita pelo Tribunal de Contas do Distrito Federal. O quadro \u00e9 de caos: cerca de 21 mil 500 pacientes est\u00e3o aguardando por endoscopias digestivas altas (EDAs) e baixas (EDBs), sem qualquer perspectiva de atendimento. E aproximadamente cinco mil [&hellip;]<\/p>\n","protected":false},"author":2,"featured_media":307768,"comment_status":"closed","ping_status":"closed","sticky":false,"template":"","format":"standard","meta":{"_acf_changed":false,"footnotes":""},"categories":[161],"tags":[95],"class_list":["post-307767","post","type-post","status-publish","format-standard","has-post-thumbnail","hentry","category-quadradinho-em-foco","tag-capa"],"acf":[],"yoast_head":"<!-- This site is optimized with the Yoast SEO plugin v27.2 - https:\/\/yoast.com\/product\/yoast-seo-wordpress\/ -->\n<title>Sa\u00fade p\u00fablica tem quadro de asco, nojo, sordidez e torpeza - Notibras<\/title>\n<meta name=\"robots\" content=\"index, follow, max-snippet:-1, max-image-preview:large, max-video-preview:-1\" \/>\n<link rel=\"canonical\" href=\"https:\/\/www.notibras.com\/site\/saude-publica-tem-quadro-de-asco-nojo-sordidez-e-torpeza\/\" \/>\n<meta property=\"og:locale\" content=\"pt_BR\" \/>\n<meta property=\"og:type\" content=\"article\" \/>\n<meta property=\"og:title\" content=\"Sa\u00fade p\u00fablica tem quadro de asco, nojo, sordidez e torpeza - Notibras\" \/>\n<meta property=\"og:description\" content=\"De ruim a pior, a rede de sa\u00fade p\u00fablica de Bras\u00edlia tem de tudo, muito, revela auditoria feita pelo Tribunal de Contas do Distrito Federal. O quadro \u00e9 de caos: cerca de 21 mil 500 pacientes est\u00e3o aguardando por endoscopias digestivas altas (EDAs) e baixas (EDBs), sem qualquer perspectiva de atendimento. E aproximadamente cinco mil [&hellip;]\" \/>\n<meta property=\"og:url\" content=\"https:\/\/www.notibras.com\/site\/saude-publica-tem-quadro-de-asco-nojo-sordidez-e-torpeza\/\" \/>\n<meta property=\"og:site_name\" content=\"Notibras\" \/>\n<meta property=\"article:publisher\" content=\"https:\/\/www.facebook.com\/notibras\/\" \/>\n<meta property=\"article:published_time\" content=\"2023-06-28T08:40:16+00:00\" \/>\n<meta property=\"og:image\" content=\"https:\/\/www.notibras.com\/site\/wp-content\/uploads\/2023\/06\/hospital_das_clinicas_sp_030820185202.jpg\" \/>\n\t<meta property=\"og:image:width\" content=\"770\" \/>\n\t<meta property=\"og:image:height\" content=\"513\" \/>\n\t<meta property=\"og:image:type\" content=\"image\/jpeg\" \/>\n<meta name=\"author\" content=\"Reda\u00e7\u00e3o\" \/>\n<meta name=\"twitter:card\" content=\"summary_large_image\" \/>\n<meta name=\"twitter:creator\" content=\"@Notibras\" \/>\n<meta name=\"twitter:site\" content=\"@Notibras\" \/>\n<meta name=\"twitter:label1\" content=\"Escrito por\" \/>\n\t<meta name=\"twitter:data1\" content=\"Reda\u00e7\u00e3o\" \/>\n\t<meta name=\"twitter:label2\" content=\"Est. tempo de leitura\" \/>\n\t<meta name=\"twitter:data2\" content=\"5 minutos\" \/>\n<script type=\"application\/ld+json\" class=\"yoast-schema-graph\">{\"@context\":\"https:\/\/schema.org\",\"@graph\":[{\"@type\":\"Article\",\"@id\":\"https:\/\/www.notibras.com\/site\/saude-publica-tem-quadro-de-asco-nojo-sordidez-e-torpeza\/#article\",\"isPartOf\":{\"@id\":\"https:\/\/www.notibras.com\/site\/saude-publica-tem-quadro-de-asco-nojo-sordidez-e-torpeza\/\"},\"author\":{\"name\":\"Reda\u00e7\u00e3o\",\"@id\":\"https:\/\/www.notibras.com\/site\/#\/schema\/person\/36ab0979449956132d3e5b517ea76ac8\"},\"headline\":\"Sa\u00fade p\u00fablica tem quadro de asco, nojo, sordidez e torpeza\",\"datePublished\":\"2023-06-28T08:40:16+00:00\",\"mainEntityOfPage\":{\"@id\":\"https:\/\/www.notibras.com\/site\/saude-publica-tem-quadro-de-asco-nojo-sordidez-e-torpeza\/\"},\"wordCount\":851,\"publisher\":{\"@id\":\"https:\/\/www.notibras.com\/site\/#organization\"},\"image\":{\"@id\":\"https:\/\/www.notibras.com\/site\/saude-publica-tem-quadro-de-asco-nojo-sordidez-e-torpeza\/#primaryimage\"},\"thumbnailUrl\":\"https:\/\/www.notibras.com\/site\/wp-content\/uploads\/2023\/06\/hospital_das_clinicas_sp_030820185202.jpg\",\"keywords\":[\"capa\"],\"articleSection\":[\"Quadradinho em Foco\"],\"inLanguage\":\"pt-BR\"},{\"@type\":\"WebPage\",\"@id\":\"https:\/\/www.notibras.com\/site\/saude-publica-tem-quadro-de-asco-nojo-sordidez-e-torpeza\/\",\"url\":\"https:\/\/www.notibras.com\/site\/saude-publica-tem-quadro-de-asco-nojo-sordidez-e-torpeza\/\",\"name\":\"Sa\u00fade p\u00fablica tem quadro de asco, nojo, sordidez e torpeza - Notibras\",\"isPartOf\":{\"@id\":\"https:\/\/www.notibras.com\/site\/#website\"},\"primaryImageOfPage\":{\"@id\":\"https:\/\/www.notibras.com\/site\/saude-publica-tem-quadro-de-asco-nojo-sordidez-e-torpeza\/#primaryimage\"},\"image\":{\"@id\":\"https:\/\/www.notibras.com\/site\/saude-publica-tem-quadro-de-asco-nojo-sordidez-e-torpeza\/#primaryimage\"},\"thumbnailUrl\":\"https:\/\/www.notibras.com\/site\/wp-content\/uploads\/2023\/06\/hospital_das_clinicas_sp_030820185202.jpg\",\"datePublished\":\"2023-06-28T08:40:16+00:00\",\"breadcrumb\":{\"@id\":\"https:\/\/www.notibras.com\/site\/saude-publica-tem-quadro-de-asco-nojo-sordidez-e-torpeza\/#breadcrumb\"},\"inLanguage\":\"pt-BR\",\"potentialAction\":[{\"@type\":\"ReadAction\",\"target\":[\"https:\/\/www.notibras.com\/site\/saude-publica-tem-quadro-de-asco-nojo-sordidez-e-torpeza\/\"]}]},{\"@type\":\"ImageObject\",\"inLanguage\":\"pt-BR\",\"@id\":\"https:\/\/www.notibras.com\/site\/saude-publica-tem-quadro-de-asco-nojo-sordidez-e-torpeza\/#primaryimage\",\"url\":\"https:\/\/www.notibras.com\/site\/wp-content\/uploads\/2023\/06\/hospital_das_clinicas_sp_030820185202.jpg\",\"contentUrl\":\"https:\/\/www.notibras.com\/site\/wp-content\/uploads\/2023\/06\/hospital_das_clinicas_sp_030820185202.jpg\",\"width\":770,\"height\":513,\"caption\":\"Hospital das Cl\u00ednicas -Fotos gerais e equipamento especial\"},{\"@type\":\"BreadcrumbList\",\"@id\":\"https:\/\/www.notibras.com\/site\/saude-publica-tem-quadro-de-asco-nojo-sordidez-e-torpeza\/#breadcrumb\",\"itemListElement\":[{\"@type\":\"ListItem\",\"position\":1,\"name\":\"In\u00edcio\",\"item\":\"https:\/\/www.notibras.com\/site\/\"},{\"@type\":\"ListItem\",\"position\":2,\"name\":\"Sa\u00fade p\u00fablica tem quadro de asco, nojo, sordidez e torpeza\"}]},{\"@type\":\"WebSite\",\"@id\":\"https:\/\/www.notibras.com\/site\/#website\",\"url\":\"https:\/\/www.notibras.com\/site\/\",\"name\":\"Notibras\",\"description\":\"Not\u00edcias de Bras\u00edlia, do Brasil e do Mundo\",\"publisher\":{\"@id\":\"https:\/\/www.notibras.com\/site\/#organization\"},\"potentialAction\":[{\"@type\":\"SearchAction\",\"target\":{\"@type\":\"EntryPoint\",\"urlTemplate\":\"https:\/\/www.notibras.com\/site\/?s={search_term_string}\"},\"query-input\":{\"@type\":\"PropertyValueSpecification\",\"valueRequired\":true,\"valueName\":\"search_term_string\"}}],\"inLanguage\":\"pt-BR\"},{\"@type\":\"Organization\",\"@id\":\"https:\/\/www.notibras.com\/site\/#organization\",\"name\":\"Grupo Notibras de Comunica\u00e7\u00e3o\",\"url\":\"https:\/\/www.notibras.com\/site\/\",\"logo\":{\"@type\":\"ImageObject\",\"inLanguage\":\"pt-BR\",\"@id\":\"https:\/\/www.notibras.com\/site\/#\/schema\/logo\/image\/\",\"url\":\"https:\/\/www.notibras.com\/site\/wp-content\/uploads\/2023\/01\/notibras23.png\",\"contentUrl\":\"https:\/\/www.notibras.com\/site\/wp-content\/uploads\/2023\/01\/notibras23.png\",\"width\":350,\"height\":87,\"caption\":\"Grupo Notibras de Comunica\u00e7\u00e3o\"},\"image\":{\"@id\":\"https:\/\/www.notibras.com\/site\/#\/schema\/logo\/image\/\"},\"sameAs\":[\"https:\/\/www.facebook.com\/notibras\/\",\"https:\/\/x.com\/Notibras\",\"https:\/\/www.instagram.com\/notibras\/\"]},{\"@type\":\"Person\",\"@id\":\"https:\/\/www.notibras.com\/site\/#\/schema\/person\/36ab0979449956132d3e5b517ea76ac8\",\"name\":\"Reda\u00e7\u00e3o\",\"image\":{\"@type\":\"ImageObject\",\"inLanguage\":\"pt-BR\",\"@id\":\"https:\/\/secure.gravatar.com\/avatar\/e0a867bdedb85fd243eadf09663511f96fc81e0720a4a42581f334ad4303aa6b?s=96&d=mm&r=g\",\"url\":\"https:\/\/secure.gravatar.com\/avatar\/e0a867bdedb85fd243eadf09663511f96fc81e0720a4a42581f334ad4303aa6b?s=96&d=mm&r=g\",\"contentUrl\":\"https:\/\/secure.gravatar.com\/avatar\/e0a867bdedb85fd243eadf09663511f96fc81e0720a4a42581f334ad4303aa6b?s=96&d=mm&r=g\",\"caption\":\"Reda\u00e7\u00e3o\"}}]}<\/script>\n<!-- \/ Yoast SEO plugin. -->","yoast_head_json":{"title":"Sa\u00fade p\u00fablica tem quadro de asco, nojo, sordidez e torpeza - Notibras","robots":{"index":"index","follow":"follow","max-snippet":"max-snippet:-1","max-image-preview":"max-image-preview:large","max-video-preview":"max-video-preview:-1"},"canonical":"https:\/\/www.notibras.com\/site\/saude-publica-tem-quadro-de-asco-nojo-sordidez-e-torpeza\/","og_locale":"pt_BR","og_type":"article","og_title":"Sa\u00fade p\u00fablica tem quadro de asco, nojo, sordidez e torpeza - Notibras","og_description":"De ruim a pior, a rede de sa\u00fade p\u00fablica de Bras\u00edlia tem de tudo, muito, revela auditoria feita pelo Tribunal de Contas do Distrito Federal. O quadro \u00e9 de caos: cerca de 21 mil 500 pacientes est\u00e3o aguardando por endoscopias digestivas altas (EDAs) e baixas (EDBs), sem qualquer perspectiva de atendimento. E aproximadamente cinco mil [&hellip;]","og_url":"https:\/\/www.notibras.com\/site\/saude-publica-tem-quadro-de-asco-nojo-sordidez-e-torpeza\/","og_site_name":"Notibras","article_publisher":"https:\/\/www.facebook.com\/notibras\/","article_published_time":"2023-06-28T08:40:16+00:00","og_image":[{"width":770,"height":513,"url":"https:\/\/www.notibras.com\/site\/wp-content\/uploads\/2023\/06\/hospital_das_clinicas_sp_030820185202.jpg","type":"image\/jpeg"}],"author":"Reda\u00e7\u00e3o","twitter_card":"summary_large_image","twitter_creator":"@Notibras","twitter_site":"@Notibras","twitter_misc":{"Escrito por":"Reda\u00e7\u00e3o","Est. tempo de leitura":"5 minutos"},"schema":{"@context":"https:\/\/schema.org","@graph":[{"@type":"Article","@id":"https:\/\/www.notibras.com\/site\/saude-publica-tem-quadro-de-asco-nojo-sordidez-e-torpeza\/#article","isPartOf":{"@id":"https:\/\/www.notibras.com\/site\/saude-publica-tem-quadro-de-asco-nojo-sordidez-e-torpeza\/"},"author":{"name":"Reda\u00e7\u00e3o","@id":"https:\/\/www.notibras.com\/site\/#\/schema\/person\/36ab0979449956132d3e5b517ea76ac8"},"headline":"Sa\u00fade p\u00fablica tem quadro de asco, nojo, sordidez e torpeza","datePublished":"2023-06-28T08:40:16+00:00","mainEntityOfPage":{"@id":"https:\/\/www.notibras.com\/site\/saude-publica-tem-quadro-de-asco-nojo-sordidez-e-torpeza\/"},"wordCount":851,"publisher":{"@id":"https:\/\/www.notibras.com\/site\/#organization"},"image":{"@id":"https:\/\/www.notibras.com\/site\/saude-publica-tem-quadro-de-asco-nojo-sordidez-e-torpeza\/#primaryimage"},"thumbnailUrl":"https:\/\/www.notibras.com\/site\/wp-content\/uploads\/2023\/06\/hospital_das_clinicas_sp_030820185202.jpg","keywords":["capa"],"articleSection":["Quadradinho em Foco"],"inLanguage":"pt-BR"},{"@type":"WebPage","@id":"https:\/\/www.notibras.com\/site\/saude-publica-tem-quadro-de-asco-nojo-sordidez-e-torpeza\/","url":"https:\/\/www.notibras.com\/site\/saude-publica-tem-quadro-de-asco-nojo-sordidez-e-torpeza\/","name":"Sa\u00fade p\u00fablica tem quadro de asco, nojo, sordidez e torpeza - Notibras","isPartOf":{"@id":"https:\/\/www.notibras.com\/site\/#website"},"primaryImageOfPage":{"@id":"https:\/\/www.notibras.com\/site\/saude-publica-tem-quadro-de-asco-nojo-sordidez-e-torpeza\/#primaryimage"},"image":{"@id":"https:\/\/www.notibras.com\/site\/saude-publica-tem-quadro-de-asco-nojo-sordidez-e-torpeza\/#primaryimage"},"thumbnailUrl":"https:\/\/www.notibras.com\/site\/wp-content\/uploads\/2023\/06\/hospital_das_clinicas_sp_030820185202.jpg","datePublished":"2023-06-28T08:40:16+00:00","breadcrumb":{"@id":"https:\/\/www.notibras.com\/site\/saude-publica-tem-quadro-de-asco-nojo-sordidez-e-torpeza\/#breadcrumb"},"inLanguage":"pt-BR","potentialAction":[{"@type":"ReadAction","target":["https:\/\/www.notibras.com\/site\/saude-publica-tem-quadro-de-asco-nojo-sordidez-e-torpeza\/"]}]},{"@type":"ImageObject","inLanguage":"pt-BR","@id":"https:\/\/www.notibras.com\/site\/saude-publica-tem-quadro-de-asco-nojo-sordidez-e-torpeza\/#primaryimage","url":"https:\/\/www.notibras.com\/site\/wp-content\/uploads\/2023\/06\/hospital_das_clinicas_sp_030820185202.jpg","contentUrl":"https:\/\/www.notibras.com\/site\/wp-content\/uploads\/2023\/06\/hospital_das_clinicas_sp_030820185202.jpg","width":770,"height":513,"caption":"Hospital das Cl\u00ednicas -Fotos gerais e equipamento especial"},{"@type":"BreadcrumbList","@id":"https:\/\/www.notibras.com\/site\/saude-publica-tem-quadro-de-asco-nojo-sordidez-e-torpeza\/#breadcrumb","itemListElement":[{"@type":"ListItem","position":1,"name":"In\u00edcio","item":"https:\/\/www.notibras.com\/site\/"},{"@type":"ListItem","position":2,"name":"Sa\u00fade p\u00fablica tem quadro de asco, nojo, sordidez e torpeza"}]},{"@type":"WebSite","@id":"https:\/\/www.notibras.com\/site\/#website","url":"https:\/\/www.notibras.com\/site\/","name":"Notibras","description":"Not\u00edcias de Bras\u00edlia, do Brasil e do Mundo","publisher":{"@id":"https:\/\/www.notibras.com\/site\/#organization"},"potentialAction":[{"@type":"SearchAction","target":{"@type":"EntryPoint","urlTemplate":"https:\/\/www.notibras.com\/site\/?s={search_term_string}"},"query-input":{"@type":"PropertyValueSpecification","valueRequired":true,"valueName":"search_term_string"}}],"inLanguage":"pt-BR"},{"@type":"Organization","@id":"https:\/\/www.notibras.com\/site\/#organization","name":"Grupo Notibras de Comunica\u00e7\u00e3o","url":"https:\/\/www.notibras.com\/site\/","logo":{"@type":"ImageObject","inLanguage":"pt-BR","@id":"https:\/\/www.notibras.com\/site\/#\/schema\/logo\/image\/","url":"https:\/\/www.notibras.com\/site\/wp-content\/uploads\/2023\/01\/notibras23.png","contentUrl":"https:\/\/www.notibras.com\/site\/wp-content\/uploads\/2023\/01\/notibras23.png","width":350,"height":87,"caption":"Grupo Notibras de Comunica\u00e7\u00e3o"},"image":{"@id":"https:\/\/www.notibras.com\/site\/#\/schema\/logo\/image\/"},"sameAs":["https:\/\/www.facebook.com\/notibras\/","https:\/\/x.com\/Notibras","https:\/\/www.instagram.com\/notibras\/"]},{"@type":"Person","@id":"https:\/\/www.notibras.com\/site\/#\/schema\/person\/36ab0979449956132d3e5b517ea76ac8","name":"Reda\u00e7\u00e3o","image":{"@type":"ImageObject","inLanguage":"pt-BR","@id":"https:\/\/secure.gravatar.com\/avatar\/e0a867bdedb85fd243eadf09663511f96fc81e0720a4a42581f334ad4303aa6b?s=96&d=mm&r=g","url":"https:\/\/secure.gravatar.com\/avatar\/e0a867bdedb85fd243eadf09663511f96fc81e0720a4a42581f334ad4303aa6b?s=96&d=mm&r=g","contentUrl":"https:\/\/secure.gravatar.com\/avatar\/e0a867bdedb85fd243eadf09663511f96fc81e0720a4a42581f334ad4303aa6b?s=96&d=mm&r=g","caption":"Reda\u00e7\u00e3o"}}]}},"amp_enabled":true,"_links":{"self":[{"href":"https:\/\/www.notibras.com\/site\/wp-json\/wp\/v2\/posts\/307767","targetHints":{"allow":["GET"]}}],"collection":[{"href":"https:\/\/www.notibras.com\/site\/wp-json\/wp\/v2\/posts"}],"about":[{"href":"https:\/\/www.notibras.com\/site\/wp-json\/wp\/v2\/types\/post"}],"author":[{"embeddable":true,"href":"https:\/\/www.notibras.com\/site\/wp-json\/wp\/v2\/users\/2"}],"replies":[{"embeddable":true,"href":"https:\/\/www.notibras.com\/site\/wp-json\/wp\/v2\/comments?post=307767"}],"version-history":[{"count":2,"href":"https:\/\/www.notibras.com\/site\/wp-json\/wp\/v2\/posts\/307767\/revisions"}],"predecessor-version":[{"id":307770,"href":"https:\/\/www.notibras.com\/site\/wp-json\/wp\/v2\/posts\/307767\/revisions\/307770"}],"wp:featuredmedia":[{"embeddable":true,"href":"https:\/\/www.notibras.com\/site\/wp-json\/wp\/v2\/media\/307768"}],"wp:attachment":[{"href":"https:\/\/www.notibras.com\/site\/wp-json\/wp\/v2\/media?parent=307767"}],"wp:term":[{"taxonomy":"category","embeddable":true,"href":"https:\/\/www.notibras.com\/site\/wp-json\/wp\/v2\/categories?post=307767"},{"taxonomy":"post_tag","embeddable":true,"href":"https:\/\/www.notibras.com\/site\/wp-json\/wp\/v2\/tags?post=307767"}],"curies":[{"name":"wp","href":"https:\/\/api.w.org\/{rel}","templated":true}]}}